{"id":1250120,"date":"2016-01-23T07:13:38","date_gmt":"2016-01-23T04:13:38","guid":{"rendered":"https:\/\/analyse.optim.biz\/?p=1250120"},"modified":"2016-01-23T07:13:38","modified_gmt":"2016-01-23T04:13:38","slug":"moda-facebook-ul-si-nevasta-ziarul-de-vaslui","status":"publish","type":"post","link":"https:\/\/analyse.optim.biz\/?p=1250120","title":{"rendered":"Moda, facebook-ul \u015fi nevasta &#8211; Ziarul de Vaslui"},"content":{"rendered":"<div class=\"entry-content clearfix\">\n<p>Cum v\u0103zui c\u0103 e la mod\u0103<br \/>\nS\u0103-\u0163i pui poze pe facebook,<br \/>\n\u00centr-o zi, st\u00e2nd pe comod\u0103,<br \/>\nC\u00e2nd credeam c\u0103-s sigur cuc<\/p>\n<div class=\"text_exposed_show\">\n<p>M-am uitat bine-n oglind\u0103<br \/>\nMu\u015fchii mi i-am \u00eencordat<br \/>\nAm z\u00e2mbit suav spre grind\u0103<br \/>\nCa un domn adev\u0103rat!<\/p>\n<p>Mi-am f\u0103cut poze\u2026 s\u0103 fie!<br \/>\nFa\u0163\u0103, spate \u015fi profil<br \/>\n\u00cens\u0103, din buc\u0103t\u0103rie,<br \/>\nNevasta tiptil-tiptil<\/p>\n<p>A venit ca f\u0103r\u0103 fr\u00e2n\u0103<br \/>\n\u2013 Nu \u015ftia ce am p\u0103\u0163it \u2013<br \/>\nDar cu o tigaie-n m\u00e2n\u0103!<br \/>\nDe facebook m-a lecuit.<\/p>\n<p>\u015ei atuncea mi-am jurat<br \/>\nC-o s\u0103-i iau de ziua ei<br \/>\nDin banii ce-am adunat<br \/>\nO zgard\u0103 cu clopo\u0163ei\u2026<\/p>\n<p>(Poezele bucluca\u015fe \u2013 Alina Tanas\u0103)<\/p>\n<\/div>\n<aside class=\"mashsb-container mashsb-main \">\n<div class=\"mashsb-box\">\n<div class=\"mashsb-count mash-medium\">\n<div class=\"counts mashsbcount\">11<\/div>\n<p><span class=\"mashsb-sharetext\">SHARES<\/span><\/div>\n<div class=\"mashsb-buttons\"><a class=\"mashicon-facebook mash-medium mashsb-noshadow\" href=\"https:\/\/www.facebook.com\/sharer.php?u=https%3A%2F%2Fwww.ziaruldevaslui.ro%2Fmoda-facebook-ul-si-nevasta%2F\" target=\"_top\" rel=\"nofollow\"><span class=\"text\">Share\u00a0pe\u00a0facebook<\/span><\/a><a class=\"mashicon-twitter mash-medium mashsb-noshadow\" href=\"https:\/\/twitter.com\/intent\/tweet?text=Moda%2C%20facebook-ul%20%C5%9Fi%20nevasta&amp;url=https:\/\/www.ziaruldevaslui.ro\/?p=1898\" target=\"_top\" rel=\"nofollow\"><span class=\"text\">Share\u00a0pe\u00a0twitter<\/span><\/a><\/div>\n<\/div>\n<\/aside>\n<\/div>\n<div class=\"entry-content\">\n<p>Ini\u021bial am crezut c\u0103 Ionel Sandu s-a apucat de Stand Up Comedy. Cu afacerile nu st\u0103 extraordinar, cu politica nici<\/p>\n<\/div>\n<p> Source URL: https:\/\/www.ziaruldevaslui.ro\/moda-facebook-ul-si-nevasta\/<\/p>\n","protected":false},"excerpt":{"rendered":"<p>Cum v\u0103zui c\u0103 e la mod\u0103 S\u0103-\u0163i pui poze pe facebook, \u00centr-o zi, st\u00e2nd pe comod\u0103, C\u00e2nd credeam c\u0103-s sigur cuc M-am uitat bine-n oglind\u0103 Mu\u015fchii mi i-am \u00eencordat Am z\u00e2mbit suav spre grind\u0103 Ca un domn adev\u0103rat! Mi-am f\u0103cut poze\u2026 s\u0103 fie! Fa\u0163\u0103, spate \u015fi profil \u00cens\u0103, din buc\u0103t\u0103rie, Nevasta tiptil-tiptil A venit ca [&hellip;]<\/p>\n","protected":false},"author":1,"featured_media":0,"comment_status":"open","ping_status":"","sticky":false,"template":"","format":"standard","meta":{"footnotes":""},"categories":[89],"tags":[218],"class_list":["post-1250120","post","type-post","status-publish","format-standard","hentry","category-romania","tag-ziaruldevaslui-ro"],"_links":{"self":[{"href":"https:\/\/analyse.optim.biz\/index.php?rest_route=\/wp\/v2\/posts\/1250120","targetHints":{"allow":["GET"]}}],"collection":[{"href":"https:\/\/analyse.optim.biz\/index.php?rest_route=\/wp\/v2\/posts"}],"about":[{"href":"https:\/\/analyse.optim.biz\/index.php?rest_route=\/wp\/v2\/types\/post"}],"author":[{"embeddable":true,"href":"https:\/\/analyse.optim.biz\/index.php?rest_route=\/wp\/v2\/users\/1"}],"replies":[{"embeddable":true,"href":"https:\/\/analyse.optim.biz\/index.php?rest_route=%2Fwp%2Fv2%2Fcomments&post=1250120"}],"version-history":[{"count":0,"href":"https:\/\/analyse.optim.biz\/index.php?rest_route=\/wp\/v2\/posts\/1250120\/revisions"}],"wp:attachment":[{"href":"https:\/\/analyse.optim.biz\/index.php?rest_route=%2Fwp%2Fv2%2Fmedia&parent=1250120"}],"wp:term":[{"taxonomy":"category","embeddable":true,"href":"https:\/\/analyse.optim.biz\/index.php?rest_route=%2Fwp%2Fv2%2Fcategories&post=1250120"},{"taxonomy":"post_tag","embeddable":true,"href":"https:\/\/analyse.optim.biz\/index.php?rest_route=%2Fwp%2Fv2%2Ftags&post=1250120"}],"curies":[{"name":"wp","href":"https:\/\/api.w.org\/{rel}","templated":true}]}}