{"id":1249870,"date":"2016-09-26T12:03:18","date_gmt":"2016-09-26T09:03:18","guid":{"rendered":"https:\/\/analyse.optim.biz\/?p=1249870"},"modified":"2016-09-26T12:03:18","modified_gmt":"2016-09-26T09:03:18","slug":"ultima-ora-distractis-anuleaza-spectacolul-de-la-festivalul-umorului-dupa-decesul-lui-ioan-gyuri-pascu-ziarul-de-vaslui","status":"publish","type":"post","link":"https:\/\/analyse.optim.biz\/?p=1249870","title":{"rendered":"ULTIMA OR\u0102: \u201cDistractis\u201d anuleaz\u0103 spectacolul de la Festivalul Umorului, dup\u0103 decesul lui Ioan Gyuri Pascu &#8211; Ziarul de Vaslui"},"content":{"rendered":"<div class=\"entry-content clearfix\">\n<p><strong>Spectacolul Grupului \u201dDistractis\u201d, programat pe 8 octombrie la Festivalul de Umor \u201dConstantin T\u0103nase\u201d de la Vaslui, a fost anulat, luni, de c\u0103tre organizatori, dup\u0103 decesul artistului Ioan Gyuri Pascu. Organizatorii au spus c\u0103 membrii grupului, inclusiv Ioan Gyuri Pascu, s-au reunit, duminic\u0103 sear\u0103, pentru a stabili \u201dultimele coordonate\u201d pentru spectacolul de la Vaslui.<\/strong><strong>Decesul nea\u015fteptat al actorului i-a \u015focat pe colegii s\u0103i. \u201cAm vorbit cu cei de la \u201cDistractis\u201d. Decesul colegului \u015fi prietenului Ioan Gyuri Pascu i-a zguduit pe to\u0163i. Ace\u015ftia ne-au spus ca nu vor fi \u00een stare s\u0103 joace \u00eentr-un festival de umor dup\u0103 asemenea eveniment, astfel \u00eenc\u00e2t spectacolul \u201cR\u00e2de \u015fi nu cerceta\u201d, \u00a0programat a fi sus\u0163inut de \u201cDistracts\u201d s\u00eemb\u0103t\u0103, 8 decembrie, se anuleaz\u0103. \u00a0Cei care au achizi\u0163ionat bilete vor putea viziona \u00een ziua respectiv\u0103 doar spectacolul Teatrului Na\u0163ional \u201cMihai Eminescu\u201d Chi\u015fin\u0103u, sau vor putea returna biletele, \u00een acela\u015fi loc \u00een care le-au achizi\u0163ionat\u201d, a precizat Lucian Onciu, directorul Centrului Jude\u0163ean pentru Conservarea \u015fi Promovarea Culturii Tradi\u0163ionale Vaslui. <\/strong><\/p>\n<aside class=\"mashsb-container mashsb-main \">\n<div class=\"mashsb-box\">\n<div class=\"mashsb-count mash-medium\">\n<div class=\"counts mashsbcount\">94<\/div>\n<p><span class=\"mashsb-sharetext\">SHARES<\/span><\/div>\n<div class=\"mashsb-buttons\"><a class=\"mashicon-facebook mash-medium mashsb-noshadow\" href=\"https:\/\/www.facebook.com\/sharer.php?u=https%3A%2F%2Fwww.ziaruldevaslui.ro%2Fultima-ora-distractis-anuleaza-spectacolul-de-la-festivalul-umorului-dupa-decesul-lui-ioan-gyuri-pascu%2F\" target=\"_top\" rel=\"nofollow\"><span class=\"text\">Share\u00a0pe\u00a0facebook<\/span><\/a><a class=\"mashicon-twitter mash-medium mashsb-noshadow\" href=\"https:\/\/twitter.com\/intent\/tweet?text=ULTIMA%20%20OR%C4%82%3A%20%20%22Distractis%22%20anuleaz%C4%83%20spectacolul%20de%20la%20Festivalul%20Umorului%2C%20dup%C4%83%20decesul%20lui%20Ioan%20Gyuri%20Pascu&amp;url=https:\/\/www.ziaruldevaslui.ro\/?p=8774\" target=\"_top\" rel=\"nofollow\"><span class=\"text\">Share\u00a0pe\u00a0twitter<\/span><\/a><\/div>\n<\/div>\n<\/aside>\n<\/div>\n<div class=\"entry-content\">\n<p>Ini\u021bial am crezut c\u0103 Ionel Sandu s-a apucat de Stand Up Comedy. Cu afacerile nu st\u0103 extraordinar, cu politica nici<\/p>\n<\/div>\n<p> Source URL: https:\/\/www.ziaruldevaslui.ro\/ultima-ora-distractis-anuleaza-spectacolul-de-la-festivalul-umorului-dupa-decesul-lui-ioan-gyuri-pascu\/<\/p>\n","protected":false},"excerpt":{"rendered":"<p>Spectacolul Grupului \u201dDistractis\u201d, programat pe 8 octombrie la Festivalul de Umor \u201dConstantin T\u0103nase\u201d de la Vaslui, a fost anulat, luni, de c\u0103tre organizatori, dup\u0103 decesul artistului Ioan Gyuri Pascu. Organizatorii au spus c\u0103 membrii grupului, inclusiv Ioan Gyuri Pascu, s-au reunit, duminic\u0103 sear\u0103, pentru a stabili \u201dultimele coordonate\u201d pentru spectacolul de la Vaslui.Decesul nea\u015fteptat al [&hellip;]<\/p>\n","protected":false},"author":1,"featured_media":0,"comment_status":"open","ping_status":"","sticky":false,"template":"","format":"standard","meta":{"footnotes":""},"categories":[89],"tags":[218],"class_list":["post-1249870","post","type-post","status-publish","format-standard","hentry","category-romania","tag-ziaruldevaslui-ro"],"_links":{"self":[{"href":"https:\/\/analyse.optim.biz\/index.php?rest_route=\/wp\/v2\/posts\/1249870","targetHints":{"allow":["GET"]}}],"collection":[{"href":"https:\/\/analyse.optim.biz\/index.php?rest_route=\/wp\/v2\/posts"}],"about":[{"href":"https:\/\/analyse.optim.biz\/index.php?rest_route=\/wp\/v2\/types\/post"}],"author":[{"embeddable":true,"href":"https:\/\/analyse.optim.biz\/index.php?rest_route=\/wp\/v2\/users\/1"}],"replies":[{"embeddable":true,"href":"https:\/\/analyse.optim.biz\/index.php?rest_route=%2Fwp%2Fv2%2Fcomments&post=1249870"}],"version-history":[{"count":0,"href":"https:\/\/analyse.optim.biz\/index.php?rest_route=\/wp\/v2\/posts\/1249870\/revisions"}],"wp:attachment":[{"href":"https:\/\/analyse.optim.biz\/index.php?rest_route=%2Fwp%2Fv2%2Fmedia&parent=1249870"}],"wp:term":[{"taxonomy":"category","embeddable":true,"href":"https:\/\/analyse.optim.biz\/index.php?rest_route=%2Fwp%2Fv2%2Fcategories&post=1249870"},{"taxonomy":"post_tag","embeddable":true,"href":"https:\/\/analyse.optim.biz\/index.php?rest_route=%2Fwp%2Fv2%2Ftags&post=1249870"}],"curies":[{"name":"wp","href":"https:\/\/api.w.org\/{rel}","templated":true}]}}