{"id":1248741,"date":"2017-12-07T18:33:50","date_gmt":"2017-12-07T15:33:50","guid":{"rendered":"https:\/\/analyse.optim.biz\/?p=1248741"},"modified":"2017-12-07T18:33:50","modified_gmt":"2017-12-07T15:33:50","slug":"pentru-surasul-unui-copil-ziarul-de-vaslui","status":"publish","type":"post","link":"https:\/\/analyse.optim.biz\/?p=1248741","title":{"rendered":"\u201dPentru sur\u00e2sul unui copil\u201d &#8211; Ziarul de Vaslui"},"content":{"rendered":"<div class=\"entry-content clearfix\">\n<p>Miercuri, 6 decembrie, 36 de pre\u0219colari\u00a0 de la Gr\u0103dini\u021ba cu PN Sole\u0219ti au a\u0219teptat, cu emo\u021bie, invita\u021bi.<\/p>\n<p>A fost vorba de partenerii din cadrul Proiectului SNAC, \u201dPentru sur\u00e2sul unui copil!\u201d, derulat de Gr\u0103dini\u021ba cu PP nr. 3 \u0219i de Gr\u0103dini\u021ba nr. 12 \u00a0Vaslui, \u00een parteneriat cu Gr\u0103dini\u021ba cu PP nr 19 Vaslui \u0219i Gr\u0103dini\u021ba cu PN Sole\u0219ti. \u00a0Ace\u0219tia nu au venit cu m\u00e2na goal\u0103, ci cu zeci de pachete cu juc\u0103rii, recuzite, dulciuri, h\u0103inu\u021be.<\/p>\n<p>La r\u00e2ndul lor, copiii celor dou\u0103 grupe de la Sole\u0219ti i-au r\u0103spl\u0103tit pe oaspe\u021bi cu un program artistic \u0219i cu mici obiecte decorative specifice sezonului,\u00a0 realizate de ei, \u00eempreun\u0103 cu educatoarele.<\/p>\n<p>\u201d\u0218tim c\u0103 to\u021bi copii \u00ee\u0219i lustruiesc din timp ghetu\u021bele, \u00a0\u00een a\u0219treptarea lui Mo\u0219 Nicolae. Iar dac\u0103 unora Mo\u0219ul a reu\u0219it s\u0103 le pun\u0103 \u00een timpul nop\u021bii cadourile preg\u0103tite, pentru al\u021bi copii are nevoie de ajutoare.\u00a0 Anul acesta ne-am propus s\u0103 fim noi ajutoarele Mo\u0219ului, pentru copiii de la Sole\u0219ti.<\/p>\n<p>Ac\u021biunea de ast\u0103zi, intitulat\u0103 generic \u201dPentru sur\u00e2sul t\u0103u copile, un dar de la Mo\u0219 Nicolae\u2026\u201d face parte din Programul strategiei na\u0163ionale\u00a0 de ac\u0163iune comunitar\u0103\u201cPentru sur\u00e2sul unui copil\u2026\u201d, care \u00a0ne responsabilizeaz\u0103 \u015fi ne determin\u0103 s\u0103 antren\u0103m pe cei din jurul nostru s\u0103 fie\u00a0 buni, presupune \u00eencurajarea pre\u015fcolarilor \u00een a fi genero\u015fi.\u00a0\u00a0 Din p\u0103cate, exist\u0103 \u00een jurul nostru copii care nu se pot bucura pe deplin de via\u0163\u0103. \u015ei ne-am g\u00e2ndit a\u015fa: \u00een primul r\u00e2nd, pre\u015fcolarii no\u015ftri trebuie s\u0103 acorde aten\u0163ie acestor copii, s\u0103 le spun\u0103 o vorb\u0103 bun\u0103 \u015fi apoi s\u0103 le ofere c\u00e2te ceva, dac\u0103 doresc. \u015ei ce poate fi mai \u00een\u0103l\u0163\u0103tor dec\u00e2t generozitatea, altruismul \u015fi iubirea fa\u0163\u0103 de semeni? \u015ei ce poate fi mai minunat dec\u00e2t faptul c\u0103, atunci c\u00e2nd \u0163i-e greu, cineva se g\u00e2nde\u015fte la tine?\u00a0 Pre\u015fcolarii nostri au \u00een\u0163eles c\u0103 gestul lor poate aduce bucurie\u2026\u201d, a spus\u00a0 <strong>prof. Daniela Iftimie Atofanei<\/strong>, unul din cei doi coordonatori ai proiectului, al\u0103turi de <strong>prof. Alina Borza.<\/strong><\/p>\n<p>Impresionate de frumuse\u021bea \u0219i inocen\u021ba copiilor de la Sole\u0219ti au fost \u0219i cele dou\u0103 educatoare, <strong>prof Dorinela Turbatu-Balan \u0219i prof. Delia Manolache, de la grupa mic\u0103, a \u201dFlutura\u0219ilor\u201d, de la Gr\u0103dini\u021ba nr. 19 Vaslui,<\/strong> partener\u0103 \u00een proiect. \u00a0\u201dAm \u00eent\u00e2lnit la Sole\u0219ti copii minuna\u021bi, iar bucuria cu care au primit darurile noastre este un motiv puternic pentru a continua proiectele de acest gen. La Sole\u0219ti ne-am propus s\u0103 ne \u00eentoarcem \u0219i \u00een prim\u0103var\u0103, cu un num\u0103r mai mare de copii, oferindu-le tuturor posibilitatea s\u0103 socializeze, s\u0103 observe \u00eemprejurimile \u0219i s\u0103 afle lucruri noi legate de aceste locuri minunate, \u00eenc\u0103rcate de istorie\u201d, \u00a0a spus <strong>prof. \u00a0Dorinela Turbatu-Balan.<\/strong><\/p>\n<p>\u201dNu putem dec\u00e2t s\u0103 le mul\u021bumim partenerilor no\u0219tri din proiect. Pentru cei mai mul\u021bi dintre copiii de la Sole\u0219ti , darurile primite ast\u0103zi sunt singurele cadouri adev\u0103rate pe care le primesc de S\u0103rb\u0103tori. Le mul\u021bumim tuturor celor care au f\u0103cut efortul de a aduce bucurie \u00een sufletele micu\u021be ale acestor copii\u201d, a spus <strong>Crengu\u021ba Cre\u021bu, educatoare la Gr\u0103dini\u021ba Sole\u0219ti.<\/strong><\/p>\n<div id=\"gallery-1\" class=\"gallery galleryid-16903 gallery-columns-4 gallery-size-colormag-featured-image\">\n<figure class=\"gallery-item\">\n<div class=\"gallery-icon landscape\"><a href=\"http:\/\/www.ziaruldevaslui.ro\/wp-content\/uploads\/2017\/12\/parteneriat-gradinite-3.jpg\" title data-rl_title class=\"rl-gallery-link\" data-rl_caption data-rel=\"lightbox-gallery-1\"><img decoding=\"async\" width=\"800\" height=\"445\" src=\"http:\/\/www.ziaruldevaslui.ro\/wp-content\/uploads\/2017\/12\/parteneriat-gradinite-3-800x445.jpg\" class=\"attachment-colormag-featured-image size-colormag-featured-image\" alt loading=\"lazy\"><\/a><\/div>\n<\/figure>\n<figure class=\"gallery-item\">\n<div class=\"gallery-icon landscape\"><a href=\"http:\/\/www.ziaruldevaslui.ro\/wp-content\/uploads\/2017\/12\/DSC_0801.jpg\" title data-rl_title class=\"rl-gallery-link\" data-rl_caption data-rel=\"lightbox-gallery-1\"><img decoding=\"async\" width=\"800\" height=\"445\" src=\"http:\/\/www.ziaruldevaslui.ro\/wp-content\/uploads\/2017\/12\/DSC_0801-800x445.jpg\" class=\"attachment-colormag-featured-image size-colormag-featured-image\" alt loading=\"lazy\"><\/a><\/div>\n<\/figure>\n<figure class=\"gallery-item\">\n<div class=\"gallery-icon landscape\"><a href=\"http:\/\/www.ziaruldevaslui.ro\/wp-content\/uploads\/2017\/12\/thumbnail-1.jpg\" title data-rl_title class=\"rl-gallery-link\" data-rl_caption data-rel=\"lightbox-gallery-1\"><img decoding=\"async\" width=\"720\" height=\"445\" src=\"http:\/\/www.ziaruldevaslui.ro\/wp-content\/uploads\/2017\/12\/thumbnail-1-720x445.jpg\" class=\"attachment-colormag-featured-image size-colormag-featured-image\" alt loading=\"lazy\"><\/a><\/div>\n<\/figure>\n<figure class=\"gallery-item\">\n<div class=\"gallery-icon portrait\"><a href=\"http:\/\/www.ziaruldevaslui.ro\/wp-content\/uploads\/2017\/12\/thumbnail.jpg\" title data-rl_title class=\"rl-gallery-link\" data-rl_caption data-rel=\"lightbox-gallery-1\"><img decoding=\"async\" width=\"720\" height=\"445\" src=\"http:\/\/www.ziaruldevaslui.ro\/wp-content\/uploads\/2017\/12\/thumbnail-720x445.jpg\" class=\"attachment-colormag-featured-image size-colormag-featured-image\" alt loading=\"lazy\"><\/a><\/div>\n<\/figure>\n<figure class=\"gallery-item\">\n<div class=\"gallery-icon landscape\"><a href=\"http:\/\/www.ziaruldevaslui.ro\/wp-content\/uploads\/2017\/12\/parteneriat-gradinite-4.jpg\" title data-rl_title class=\"rl-gallery-link\" data-rl_caption data-rel=\"lightbox-gallery-1\"><img decoding=\"async\" width=\"800\" height=\"445\" src=\"http:\/\/www.ziaruldevaslui.ro\/wp-content\/uploads\/2017\/12\/parteneriat-gradinite-4-800x445.jpg\" class=\"attachment-colormag-featured-image size-colormag-featured-image\" alt loading=\"lazy\"><\/a><\/div>\n<\/figure>\n<figure class=\"gallery-item\">\n<div class=\"gallery-icon landscape\"><a href=\"http:\/\/www.ziaruldevaslui.ro\/wp-content\/uploads\/2017\/12\/DSC_0811.jpg\" title data-rl_title class=\"rl-gallery-link\" data-rl_caption data-rel=\"lightbox-gallery-1\"><img decoding=\"async\" width=\"800\" height=\"445\" src=\"http:\/\/www.ziaruldevaslui.ro\/wp-content\/uploads\/2017\/12\/DSC_0811-800x445.jpg\" class=\"attachment-colormag-featured-image size-colormag-featured-image\" alt loading=\"lazy\"><\/a><\/div>\n<\/figure>\n<figure class=\"gallery-item\">\n<div class=\"gallery-icon landscape\"><a href=\"http:\/\/www.ziaruldevaslui.ro\/wp-content\/uploads\/2017\/12\/DSC_0833.jpg\" title data-rl_title class=\"rl-gallery-link\" data-rl_caption data-rel=\"lightbox-gallery-1\"><img decoding=\"async\" width=\"800\" height=\"445\" src=\"http:\/\/www.ziaruldevaslui.ro\/wp-content\/uploads\/2017\/12\/DSC_0833-800x445.jpg\" class=\"attachment-colormag-featured-image size-colormag-featured-image\" alt loading=\"lazy\"><\/a><\/div>\n<\/figure>\n<figure class=\"gallery-item\">\n<div class=\"gallery-icon landscape\"><a href=\"http:\/\/www.ziaruldevaslui.ro\/wp-content\/uploads\/2017\/12\/poza.jpg\" title data-rl_title class=\"rl-gallery-link\" data-rl_caption data-rel=\"lightbox-gallery-1\"><img decoding=\"async\" width=\"720\" height=\"426\" src=\"http:\/\/www.ziaruldevaslui.ro\/wp-content\/uploads\/2017\/12\/poza.jpg\" class=\"attachment-colormag-featured-image size-colormag-featured-image\" alt loading=\"lazy\"><\/a><\/div>\n<\/figure>\n<figure class=\"gallery-item\">\n<div class=\"gallery-icon landscape\"><a href=\"http:\/\/www.ziaruldevaslui.ro\/wp-content\/uploads\/2017\/12\/DSC_0850.jpg\" title data-rl_title class=\"rl-gallery-link\" data-rl_caption data-rel=\"lightbox-gallery-1\"><img decoding=\"async\" width=\"800\" height=\"445\" src=\"http:\/\/www.ziaruldevaslui.ro\/wp-content\/uploads\/2017\/12\/DSC_0850-800x445.jpg\" class=\"attachment-colormag-featured-image size-colormag-featured-image\" alt loading=\"lazy\"><\/a><\/div>\n<\/figure>\n<figure class=\"gallery-item\">\n<div class=\"gallery-icon landscape\"><a href=\"http:\/\/www.ziaruldevaslui.ro\/wp-content\/uploads\/2017\/12\/24824635_1015274408604237_318163825_n.jpg\" title data-rl_title class=\"rl-gallery-link\" data-rl_caption data-rel=\"lightbox-gallery-1\"><img decoding=\"async\" width=\"375\" height=\"280\" src=\"http:\/\/www.ziaruldevaslui.ro\/wp-content\/uploads\/2017\/12\/24824635_1015274408604237_318163825_n.jpg\" class=\"attachment-colormag-featured-image size-colormag-featured-image\" alt loading=\"lazy\"><\/a><\/div>\n<\/figure>\n<figure class=\"gallery-item\">\n<div class=\"gallery-icon landscape\"><a href=\"http:\/\/www.ziaruldevaslui.ro\/wp-content\/uploads\/2017\/12\/parteneriat-gradinite-6.jpg\" title data-rl_title class=\"rl-gallery-link\" data-rl_caption data-rel=\"lightbox-gallery-1\"><img decoding=\"async\" width=\"800\" height=\"445\" src=\"http:\/\/www.ziaruldevaslui.ro\/wp-content\/uploads\/2017\/12\/parteneriat-gradinite-6-800x445.jpg\" class=\"attachment-colormag-featured-image size-colormag-featured-image\" alt loading=\"lazy\"><\/a><\/div>\n<\/figure>\n<\/div>\n<p><strong>\u00a0\u00a0\u00a0\u00a0\u00a0\u00a0\u00a0\u00a0\u00a0\u00a0\u00a0\u00a0\u00a0\u00a0\u00a0\u00a0\u00a0\u00a0\u00a0\u00a0\u00a0\u00a0\u00a0\u00a0\u00a0\u00a0\u00a0\u00a0\u00a0\u00a0\u00a0\u00a0\u00a0\u00a0\u00a0\u00a0\u00a0<\/strong><\/p>\n<aside class=\"mashsb-container mashsb-main \">\n<div class=\"mashsb-box\">\n<div class=\"mashsb-count mash-medium\">\n<div class=\"counts mashsbcount\">11<\/div>\n<p><span class=\"mashsb-sharetext\">SHARES<\/span><\/div>\n<div class=\"mashsb-buttons\"><a class=\"mashicon-facebook mash-medium mashsb-noshadow\" href=\"https:\/\/www.facebook.com\/sharer.php?u=http%3A%2F%2Fwww.ziaruldevaslui.ro%2Fpentru-surasul-unui-copil%2F\" target=\"_top\" rel=\"nofollow\"><span class=\"text\">Share\u00a0pe\u00a0facebook<\/span><\/a><a class=\"mashicon-twitter mash-medium mashsb-noshadow\" href=\"https:\/\/twitter.com\/intent\/tweet?text=%22Pentru%20sur%C3%A2sul%20unui%20copil%22&amp;url=http:\/\/www.ziaruldevaslui.ro\/?p=16903\" target=\"_top\" rel=\"nofollow\"><span class=\"text\">Share\u00a0pe\u00a0twitter<\/span><\/a><\/div>\n<\/div>\n<\/aside>\n<\/div>\n<div class=\"entry-content\">\n<p>Ini\u021bial am crezut c\u0103 Ionel Sandu s-a apucat de Stand Up Comedy. Cu afacerile nu st\u0103 extraordinar, cu politica nici<\/p>\n<\/div>\n<p> Source URL: http:\/\/www.ziaruldevaslui.ro\/pentru-surasul-unui-copil\/<\/p>\n","protected":false},"excerpt":{"rendered":"<p>Miercuri, 6 decembrie, 36 de pre\u0219colari\u00a0 de la Gr\u0103dini\u021ba cu PN Sole\u0219ti au a\u0219teptat, cu emo\u021bie, invita\u021bi. A fost vorba de partenerii din cadrul Proiectului SNAC, \u201dPentru sur\u00e2sul unui copil!\u201d, derulat de Gr\u0103dini\u021ba cu PP nr. 3 \u0219i de Gr\u0103dini\u021ba nr. 12 \u00a0Vaslui, \u00een parteneriat cu Gr\u0103dini\u021ba cu PP nr 19 Vaslui \u0219i Gr\u0103dini\u021ba cu [&hellip;]<\/p>\n","protected":false},"author":1,"featured_media":0,"comment_status":"open","ping_status":"","sticky":false,"template":"","format":"standard","meta":{"footnotes":""},"categories":[89],"tags":[218],"class_list":["post-1248741","post","type-post","status-publish","format-standard","hentry","category-romania","tag-ziaruldevaslui-ro"],"_links":{"self":[{"href":"https:\/\/analyse.optim.biz\/index.php?rest_route=\/wp\/v2\/posts\/1248741","targetHints":{"allow":["GET"]}}],"collection":[{"href":"https:\/\/analyse.optim.biz\/index.php?rest_route=\/wp\/v2\/posts"}],"about":[{"href":"https:\/\/analyse.optim.biz\/index.php?rest_route=\/wp\/v2\/types\/post"}],"author":[{"embeddable":true,"href":"https:\/\/analyse.optim.biz\/index.php?rest_route=\/wp\/v2\/users\/1"}],"replies":[{"embeddable":true,"href":"https:\/\/analyse.optim.biz\/index.php?rest_route=%2Fwp%2Fv2%2Fcomments&post=1248741"}],"version-history":[{"count":0,"href":"https:\/\/analyse.optim.biz\/index.php?rest_route=\/wp\/v2\/posts\/1248741\/revisions"}],"wp:attachment":[{"href":"https:\/\/analyse.optim.biz\/index.php?rest_route=%2Fwp%2Fv2%2Fmedia&parent=1248741"}],"wp:term":[{"taxonomy":"category","embeddable":true,"href":"https:\/\/analyse.optim.biz\/index.php?rest_route=%2Fwp%2Fv2%2Fcategories&post=1248741"},{"taxonomy":"post_tag","embeddable":true,"href":"https:\/\/analyse.optim.biz\/index.php?rest_route=%2Fwp%2Fv2%2Ftags&post=1248741"}],"curies":[{"name":"wp","href":"https:\/\/api.w.org\/{rel}","templated":true}]}}