{"id":1248737,"date":"2015-01-09T00:00:35","date_gmt":"2015-01-08T21:00:35","guid":{"rendered":"https:\/\/analyse.optim.biz\/?p=1248737"},"modified":"2015-01-09T00:00:35","modified_gmt":"2015-01-08T21:00:35","slug":"sub-conducerea-profesorului-marius-margarit-nationala-de-cadete-lupta-la-europenele-din-turcia","status":"publish","type":"post","link":"https:\/\/analyse.optim.biz\/?p=1248737","title":{"rendered":"Sub conducerea profesorului Marius M\u0103rg\u0103rit,\u00a0Na\u0163ionala de cadete lupt\u0103 la Europenele din Turcia"},"content":{"rendered":"<article id=\"53149\" class=\"post-53149 post type-post status-publish format-standard has-post-thumbnail hentry category-volei\">\n<header class=\"post-header\">\n<ul class=\"breadcrumbs\">\n<li><a href=\"https:\/\/www.curierul.ro\">Home<\/a><\/li>\n<li class=\"breadcrumbs-active .category-volei\"><a href=\"https:\/\/www.curierul.ro\/index.php?cat=59\">Volei<\/a><\/li>\n<li class=\"breadcrumbs-active .category-volei\">Sub conducerea profesorului Marius M\u0103rg\u0103rit,\u00a0Na\u0163ionala de cadete lupt\u0103 la Europenele din Turcia<\/li>\n<\/ul>\n<div class=\"featured-photo\"><img loading=\"lazy\" decoding=\"async\" width=\"4928\" height=\"3264\" src=\"https:\/\/i0.wp.com\/www.curierul.ro\/wp-content\/uploads\/2015\/01\/volei.jpg?fit=300%2C199&amp;ssl=1\" class=\"attachment-single size-single wp-post-image\" alt><\/div>\n<h1 class=\"headline\">Sub conducerea profesorului Marius M\u0103rg\u0103rit,\u00a0Na\u0163ionala de cadete lupt\u0103 la Europenele din Turcia<\/h1>\n<p class=\"byline\">\n\t\tScris de<a href=\"https:\/\/www.curierul.ro\/author\/sebic\/\">Sebastian Iulian Circiu<\/a>, \t\t9 ianuarie 2015\t\t\t\t<\/p>\n<hr>\n<\/header>\n<p>La finele lunii decembrie, juc\u0103toarele lotului na\u0163ional de cadete au disputat \u00een sala \u201eCapela\u201d din R\u00e2mnic mai multe meciurile amicale. Marius M\u0103rg\u0103rit, antrenorul lotului na\u0163ional de volei cadete, a afirmat c\u0103 scopul partidelor l-a reprezentat verificarea celor 16 sportive aflate la Rm. V\u00e2lcea \u00eenainte de Europenele care au loc la Ankara, \u00een perioada 8 \u2013 12 ianuarie 2015. Ast\u0103zi, lotul na\u0163ional de cadete se afl\u0103 deja la Ankara, unde va evolua \u00eentr-o grup\u0103 dificil\u0103, din care face parte inclusiv echipa na\u0163ional\u0103 a Turciei, una dintre cele mai puternice forma\u0163ii la acest nivel. \u201eScopul nostru la aceast\u0103 competi\u0163ie este s\u0103 ne calific\u0103m \u00een turneul final. Chiar dac\u0103 vom juca \u00eentr-o grup\u0103 grea, vom face tot posibilul pentru a ne \u00eendeplini obiectivul\u201d, a declarat Marius M\u0103rg\u0103rit.<\/p>\n<div class=\"sharedaddy sd-sharing-enabled\">\n<div class=\"robots-nocontent sd-block sd-social sd-social-official sd-sharing\">\n<h3 class=\"sd-title\">Distribuie pe:<\/h3>\n<div class=\"sd-content\">\n<ul>\n<li class=\"share-facebook\">\n<li class=\"share-twitter\"><a href=\"https:\/\/twitter.com\/share\" class=\"twitter-share-button\" data-url=\"https:\/\/www.curierul.ro\/sub-conducerea-profesorului-marius-margarit-nationala-de-cadete-lupta-la-europenele-din-turcia\/\" data-text=\"Sub conducerea profesorului Marius M\u0103rg\u0103rit,\u00a0Na\u0163ionala de cadete lupt\u0103 la Europenele din Turcia\" data-via=\"curierulvl\">Tweet<\/a><\/li>\n<li class=\"share-jetpack-whatsapp\"><a rel=\"nofollow noopener noreferrer\" data-shared=\"sharing-whatsapp-53149\" class=\"share-jetpack-whatsapp sd-button\" href=\"https:\/\/www.curierul.ro\/sub-conducerea-profesorului-marius-margarit-nationala-de-cadete-lupta-la-europenele-din-turcia\/?share=jetpack-whatsapp\" target=\"_blank\" aria-labelledby=\"sharing-whatsapp-53149\"><span id=\"sharing-whatsapp-53149\" hidden>D\u0103 clic pentru partajare pe WhatsApp(Se deschide \u00eentr-o fereastr\u0103 nou\u0103)<\/span><span>WhatsApp<\/span><\/a><\/li>\n<li><a href=\"https:\/\/www.curierul.ro\/sub-conducerea-profesorului-marius-margarit-nationala-de-cadete-lupta-la-europenele-din-turcia\/\" class=\"sharing-anchor sd-button share-more\"><span>Mai mult<\/span><\/a><\/li>\n<li class=\"share-end\"><\/ul>\n<div class=\"sharing-hidden\">\n<div class=\"inner\">\n<ul>\n<li class=\"share-email\"><a rel=\"nofollow noopener noreferrer\" data-shared=\"sharing-email-53149\" class=\"share-email sd-button\" href=\"mailto:?subject=%5BArticol%20partajat%5D%20Sub%20conducerea%20profesorului%20Marius%20M%C4%83rg%C4%83rit%2C%C2%A0Na%C5%A3ionala%20de%20cadete%20lupt%C4%83%20la%20Europenele%20din%20Turcia&amp;body=https%3A%2F%2Fwww.curierul.ro%2Fsub-conducerea-profesorului-marius-margarit-nationala-de-cadete-lupta-la-europenele-din-turcia%2F&amp;share=email\" target=\"_blank\" aria-labelledby=\"sharing-email-53149\" data-email-share-error-title=\"\u021ai-ai configurat emailul?\" data-email-share-error-text=\"Dac\u0103 ai probleme la partajarea prin email, probabil nu ai configurat emailul pentru navigator. Poate trebuie s\u0103 creezi singur un email nou.\" data-email-share-nonce=\"156106611e\" data-email-share-track-url=\"https:\/\/www.curierul.ro\/sub-conducerea-profesorului-marius-margarit-nationala-de-cadete-lupta-la-europenele-din-turcia\/?share=email\"><span id=\"sharing-email-53149\" hidden>D\u0103 clic pentru a trimite o leg\u0103tur\u0103 prin email unui prieten(Se deschide \u00eentr-o fereastr\u0103 nou\u0103)<\/span><span>Email<\/span><\/a><\/li>\n<li class=\"share-print\"><a rel=\"nofollow noopener noreferrer\" data-shared=\"sharing-print-53149\" class=\"share-print sd-button\" href=\"https:\/\/www.curierul.ro\/sub-conducerea-profesorului-marius-margarit-nationala-de-cadete-lupta-la-europenele-din-turcia\/#print?share=print\" target=\"_blank\" aria-labelledby=\"sharing-print-53149\"><span id=\"sharing-print-53149\" hidden>D\u0103 clic pentru a imprima(Se deschide \u00eentr-o fereastr\u0103 nou\u0103)<\/span><span>Imprimare<\/span><\/a><\/li>\n<li class=\"share-end\"><\/ul>\n<\/div>\n<\/div>\n<\/div>\n<\/div>\n<\/div>\n<div id=\"jp-relatedposts\" class=\"jp-relatedposts\">\n<h3 class=\"jp-relatedposts-headline\"><em>Similare<\/em><\/h3>\n<\/div>\n<footer class=\"post-footer\">\n<div class=\"post-navigation clearfix\">\n<div class=\"previous-post\">\n<div class=\"featured-photo\"><img loading=\"lazy\" decoding=\"async\" width=\"2592\" height=\"1944\" src=\"https:\/\/i0.wp.com\/www.curierul.ro\/wp-content\/uploads\/2014\/11\/COADA-PENSIONARI.jpg?fit=300%2C225&amp;ssl=1\" class=\"attachment-post-thumbnail size-post-thumbnail wp-post-image\" alt><\/div>\n<p class=\"paginate-title\">\u00ab\u00ab <a href=\"https:\/\/www.curierul.ro\/inceput-de-an-imprumuturi-de-supravietuire-printre-pensionari\/\" rel=\"prev\">\u00cenceput de an, \u00eemprumuturi de supravie\u021buire printre pensionari<\/a><\/p>\n<\/div>\n<div class=\"next-post\">\n<div class=\"featured-photo\"><img decoding=\"async\" width=\"912\" height=\"729\" src=\"https:\/\/i0.wp.com\/www.curierul.ro\/wp-content\/uploads\/2014\/09\/ion_tanasoiu.jpg?fit=300%2C239&amp;ssl=1\" class=\"attachment-post-thumbnail size-post-thumbnail wp-post-image\" alt loading=\"lazy\"><\/div>\n<p class=\"paginate-title\"><a href=\"https:\/\/www.curierul.ro\/decembrie-2014-sase-accidente-cu-incapacitate-temporara-de-munca\/\" rel=\"next\">Decembrie 2014:\u00a0\u0218ase accidente cu incapacitate temporar\u0103 de munc\u0103<\/a> \u00bb\u00bb<\/p>\n<\/div>\n<\/div>\n<div id=\"comments\" class=\"comments-area\">\n<div id=\"respond\" class=\"comment-respond\">\n<h3 id=\"reply-title\" class=\"comment-reply-title\">Po\u021bi comenta aici<small><a rel=\"nofollow\" id=\"cancel-comment-reply-link\" href=\"https:\/\/www.curierul.ro\/sub-conducerea-profesorului-marius-margarit-nationala-de-cadete-lupta-la-europenele-din-turcia\/#respond\">Anuleaz\u0103 r\u0103spunsul<\/a><\/small><\/h3>\n<\/div>\n<p class=\"akismet_comment_form_privacy_notice\">Acest site folose\u0219te Akismet pentru a reduce spamul. <a href=\"https:\/\/akismet.com\/privacy\/\" target=\"_blank\" rel=\"nofollow noopener\">Afl\u0103 cum sunt procesate datele comentariilor tale<\/a>.<\/p>\n<\/div>\n<section class=\"latest-category clearfix\">\n<h2 class=\"title\">More Stories From Volei<\/h2>\n<div class=\"stories-container\">\n<article id=\"related-195702\" class=\"story post-195702 post type-post status-publish format-standard has-post-thumbnail hentry category-sport category-volei\">\n<div class=\"photo\"><img decoding=\"async\" width=\"735\" height=\"440\" src=\"https:\/\/i0.wp.com\/www.curierul.ro\/wp-content\/uploads\/2025\/11\/IMG-20251130-WA0006-scaled.jpg?fit=300%2C225&amp;ssl=1\" class=\"attachment-giornalismo-single size-giornalismo-single wp-post-image\" alt loading=\"lazy\"><\/div>\n<p class=\"headline\"><a href=\"https:\/\/www.curierul.ro\/voleiul-feminin-revine-la-valcea-dupa-20-de-anisi-revine-cu-rezultate\/\">Voleiul feminin revine la V\u00e2lcea dup\u0103 20 de ani\u2026\u0219i revine cu rezultate!<\/a><\/p>\n<\/article>\n<article id=\"related-189549\" class=\"story post-189549 post type-post status-publish format-standard has-post-thumbnail hentry category-sport category-volei tag-cj-valcea tag-cs-valcea-1924\">\n<div class=\"photo\"><img decoding=\"async\" width=\"735\" height=\"440\" src=\"https:\/\/i0.wp.com\/www.curierul.ro\/wp-content\/uploads\/2024\/08\/IMG-20240819-WA0025.jpg?fit=300%2C169&amp;ssl=1\" class=\"attachment-giornalismo-single size-giornalismo-single wp-post-image\" alt loading=\"lazy\"><\/div>\n<p class=\"headline\"><a href=\"https:\/\/www.curierul.ro\/capitala-voleiului-masculin-revine-la-valcea\/\">Capitala voleiului masculin revine la V\u00e2lcea!<\/a><\/p>\n<\/article>\n<article id=\"related-186757\" class=\"story post-186757 post type-post status-publish format-standard has-post-thumbnail hentry category-headlines category-sport category-volei tag-govora tag-panathinaikos-atena tag-ruxi-dumitrescu tag-volei-2\">\n<div class=\"photo\"><img decoding=\"async\" width=\"592\" height=\"440\" src=\"https:\/\/i0.wp.com\/www.curierul.ro\/wp-content\/uploads\/2024\/03\/RD-Pana.jpg?fit=300%2C300&amp;ssl=1\" class=\"attachment-giornalismo-single size-giornalismo-single wp-post-image\" alt loading=\"lazy\"><\/div>\n<p class=\"headline\"><a href=\"https:\/\/www.curierul.ro\/ruxi-dumitrescu-capitanul-iconic-al-lui-panathinaikos-a-fost-inmormantata-acum-cateva-ore-la-govora\/\">Ruxi Dumitrescu, C\u0103pitanul iconic al lui Panathinaikos, a fost \u00eenmorm\u00e2ntat\u0103 acum c\u00e2teva ore la Govora<\/a><\/p>\n<\/article>\n<\/div>\n<\/section>\n<section class=\"author-bio clearfix\">\n<div class=\"mug-shot\"><img decoding=\"async\" alt src=\"https:\/\/secure.gravatar.com\/avatar\/d3eddb44d0e7ebda1794bba6d73d167c36a114a59adf2a08f685935548807398?s=96&amp;d=mm&amp;r=g\" class=\"avatar avatar-96 photo\" height=\"96\" width=\"96\" loading=\"lazy\"><\/div>\n<div class=\"author-info\">\n<p class=\"title\">About Sebastian Iulian Circiu, <\/p>\n<div class=\"author-social-area\"><a href=\"mailto:sebastiancirciu@curierul.ro\"><span class=\"fal fa-envelope\"><span class=\"screen-reader-text\">Email the Author<\/span><\/span><\/a><\/div>\n<\/div>\n<\/section>\n<\/footer>\n<\/article>\n<article id=\"related-195702\" class=\"story post-195702 post type-post status-publish format-standard has-post-thumbnail hentry category-sport category-volei\">\n<div class=\"photo\"><img decoding=\"async\" width=\"735\" height=\"440\" src=\"https:\/\/i0.wp.com\/www.curierul.ro\/wp-content\/uploads\/2025\/11\/IMG-20251130-WA0006-scaled.jpg?fit=300%2C225&amp;ssl=1\" class=\"attachment-giornalismo-single size-giornalismo-single wp-post-image\" alt loading=\"lazy\"><\/div>\n<p class=\"headline\"><a href=\"https:\/\/www.curierul.ro\/voleiul-feminin-revine-la-valcea-dupa-20-de-anisi-revine-cu-rezultate\/\">Voleiul feminin revine la V\u00e2lcea dup\u0103 20 de ani\u2026\u0219i revine cu rezultate!<\/a><\/p>\n<\/article>\n<article id=\"related-189549\" class=\"story post-189549 post type-post status-publish format-standard has-post-thumbnail hentry category-sport category-volei tag-cj-valcea tag-cs-valcea-1924\">\n<div class=\"photo\"><img decoding=\"async\" width=\"735\" height=\"440\" src=\"https:\/\/i0.wp.com\/www.curierul.ro\/wp-content\/uploads\/2024\/08\/IMG-20240819-WA0025.jpg?fit=300%2C169&amp;ssl=1\" class=\"attachment-giornalismo-single size-giornalismo-single wp-post-image\" alt loading=\"lazy\"><\/div>\n<p class=\"headline\"><a href=\"https:\/\/www.curierul.ro\/capitala-voleiului-masculin-revine-la-valcea\/\">Capitala voleiului masculin revine la V\u00e2lcea!<\/a><\/p>\n<\/article>\n<article id=\"related-186757\" class=\"story post-186757 post type-post status-publish format-standard has-post-thumbnail hentry category-headlines category-sport category-volei tag-govora tag-panathinaikos-atena tag-ruxi-dumitrescu tag-volei-2\">\n<div class=\"photo\"><img decoding=\"async\" width=\"592\" height=\"440\" src=\"https:\/\/i0.wp.com\/www.curierul.ro\/wp-content\/uploads\/2024\/03\/RD-Pana.jpg?fit=300%2C300&amp;ssl=1\" class=\"attachment-giornalismo-single size-giornalismo-single wp-post-image\" alt loading=\"lazy\"><\/div>\n<p class=\"headline\"><a href=\"https:\/\/www.curierul.ro\/ruxi-dumitrescu-capitanul-iconic-al-lui-panathinaikos-a-fost-inmormantata-acum-cateva-ore-la-govora\/\">Ruxi Dumitrescu, C\u0103pitanul iconic al lui Panathinaikos, a fost \u00eenmorm\u00e2ntat\u0103 acum c\u00e2teva ore la Govora<\/a><\/p>\n<\/article>\n<p> Source URL: https:\/\/www.curierul.ro\/sub-conducerea-profesorului-marius-margarit-nationala-de-cadete-lupta-la-europenele-din-turcia\/<\/p>\n","protected":false},"excerpt":{"rendered":"<p>Home Volei Sub conducerea profesorului Marius M\u0103rg\u0103rit,\u00a0Na\u0163ionala de cadete lupt\u0103 la Europenele din Turcia Sub conducerea profesorului Marius M\u0103rg\u0103rit,\u00a0Na\u0163ionala de cadete lupt\u0103 la Europenele din Turcia Scris deSebastian Iulian Circiu, 9 ianuarie 2015 La finele lunii decembrie, juc\u0103toarele lotului na\u0163ional de cadete au disputat \u00een sala \u201eCapela\u201d din R\u00e2mnic mai multe meciurile amicale. Marius M\u0103rg\u0103rit, [&hellip;]<\/p>\n","protected":false},"author":1,"featured_media":0,"comment_status":"open","ping_status":"","sticky":false,"template":"","format":"standard","meta":{"footnotes":""},"categories":[89],"tags":[213],"class_list":["post-1248737","post","type-post","status-publish","format-standard","hentry","category-romania","tag-curierul-ro"],"_links":{"self":[{"href":"https:\/\/analyse.optim.biz\/index.php?rest_route=\/wp\/v2\/posts\/1248737","targetHints":{"allow":["GET"]}}],"collection":[{"href":"https:\/\/analyse.optim.biz\/index.php?rest_route=\/wp\/v2\/posts"}],"about":[{"href":"https:\/\/analyse.optim.biz\/index.php?rest_route=\/wp\/v2\/types\/post"}],"author":[{"embeddable":true,"href":"https:\/\/analyse.optim.biz\/index.php?rest_route=\/wp\/v2\/users\/1"}],"replies":[{"embeddable":true,"href":"https:\/\/analyse.optim.biz\/index.php?rest_route=%2Fwp%2Fv2%2Fcomments&post=1248737"}],"version-history":[{"count":0,"href":"https:\/\/analyse.optim.biz\/index.php?rest_route=\/wp\/v2\/posts\/1248737\/revisions"}],"wp:attachment":[{"href":"https:\/\/analyse.optim.biz\/index.php?rest_route=%2Fwp%2Fv2%2Fmedia&parent=1248737"}],"wp:term":[{"taxonomy":"category","embeddable":true,"href":"https:\/\/analyse.optim.biz\/index.php?rest_route=%2Fwp%2Fv2%2Fcategories&post=1248737"},{"taxonomy":"post_tag","embeddable":true,"href":"https:\/\/analyse.optim.biz\/index.php?rest_route=%2Fwp%2Fv2%2Ftags&post=1248737"}],"curies":[{"name":"wp","href":"https:\/\/api.w.org\/{rel}","templated":true}]}}