{"id":1248734,"date":"2016-04-06T07:53:22","date_gmt":"2016-04-06T04:53:22","guid":{"rendered":"https:\/\/analyse.optim.biz\/?p=1248734"},"modified":"2016-04-06T07:53:22","modified_gmt":"2016-04-06T04:53:22","slug":"voleibalistele-de-la-cnmb-s-au-calificat-la-faza-pe-tara-a-onss","status":"publish","type":"post","link":"https:\/\/analyse.optim.biz\/?p=1248734","title":{"rendered":"Voleibalistele de la CNMB s-au calificat la faza pe \u021bar\u0103 a ONS\u0218"},"content":{"rendered":"<article id=\"71833\" class=\"post-71833 post type-post status-publish format-standard has-post-thumbnail hentry category-volei tag-cnmb-ramnicu-valcea tag-faza-finala-onss tag-iustin-croitoru-isj-valcea tag-marius-margarit tag-onss-volei-feminin\">\n<header class=\"post-header\">\n<ul class=\"breadcrumbs\">\n<li><a href=\"https:\/\/www.curierul.ro\">Home<\/a><\/li>\n<li class=\"breadcrumbs-active .category-volei\"><a href=\"https:\/\/www.curierul.ro\/index.php?cat=59\">Volei<\/a><\/li>\n<li class=\"breadcrumbs-active .category-volei\">Voleibalistele de la CNMB s-au calificat la faza pe \u021bar\u0103 a ONS\u0218<\/li>\n<\/ul>\n<div class=\"featured-photo\"><img loading=\"lazy\" decoding=\"async\" width=\"1000\" height=\"643\" src=\"https:\/\/i0.wp.com\/www.curierul.ro\/wp-content\/uploads\/2016\/04\/VOLEI.jpg?fit=300%2C193&amp;ssl=1\" class=\"attachment-single size-single wp-post-image\" alt><\/div>\n<h1 class=\"headline\">Voleibalistele de la CNMB s-au calificat la faza pe \u021bar\u0103 a ONS\u0218<\/h1>\n<p class=\"byline\">\n\t\tScris de<a href=\"https:\/\/www.curierul.ro\/author\/valim\/\">Valentin<\/a>, \t\t6 aprilie 2016\t\t\t\t<\/p>\n<hr>\n<\/header>\n<p>Zilele trecute, \u00een Sala \u201eCapela\u201d a Colegiului Na\u021bional \u201eMircea cel B\u0103tr\u00e2n\u201d din R\u00e2mnicu V\u00e2lcea s-a desf\u0103\u0219urat faza zonal\u0103 de volei feminin din cadrul Olimpiadei Na\u021bionale a Sportului \u0218colar (licee). Juc\u0103toarele gazd\u0103 de la CNMB, preg\u0103tite de profesorii Nicoleta \u0219i Marius M\u0103rg\u0103rit au avut evolu\u021bii foarte bune. Acestea au reu\u0219it s\u0103 c\u00e2\u0219tige competi\u021bia \u0219i s-au calificat la <strong>faz\u0103 pe \u021bar\u0103 a ONS\u0218<\/strong> de volei feminin. \u00centrecerea final\u0103 se va desf\u0103\u0219ura la T\u00e2rgu Mure\u0219, \u00een perioada 5-8 martie. Informa\u021biile ne-au fost furnizate de Iustin Croitoru, inspector de specialitate din cadrul I\u0218J V\u00e2lcea.<\/p>\n<div class=\"sharedaddy sd-sharing-enabled\">\n<div class=\"robots-nocontent sd-block sd-social sd-social-official sd-sharing\">\n<h3 class=\"sd-title\">Distribuie pe:<\/h3>\n<div class=\"sd-content\">\n<ul>\n<li class=\"share-facebook\">\n<li class=\"share-twitter\"><a href=\"https:\/\/twitter.com\/share\" class=\"twitter-share-button\" data-url=\"https:\/\/www.curierul.ro\/voleibalistele-de-la-cnmb-s-a-calificat-la-faza-pe-tara-a-onss\/\" data-text=\"Voleibalistele de la CNMB s-au calificat la faza pe \u021bar\u0103 a ONS\u0218\" data-via=\"curierulvl\">Tweet<\/a><\/li>\n<li class=\"share-jetpack-whatsapp\"><a rel=\"nofollow noopener noreferrer\" data-shared=\"sharing-whatsapp-71833\" class=\"share-jetpack-whatsapp sd-button\" href=\"https:\/\/www.curierul.ro\/voleibalistele-de-la-cnmb-s-a-calificat-la-faza-pe-tara-a-onss\/?share=jetpack-whatsapp\" target=\"_blank\" aria-labelledby=\"sharing-whatsapp-71833\"><span id=\"sharing-whatsapp-71833\" hidden>D\u0103 clic pentru partajare pe WhatsApp(Se deschide \u00eentr-o fereastr\u0103 nou\u0103)<\/span><span>WhatsApp<\/span><\/a><\/li>\n<li><a href=\"https:\/\/www.curierul.ro\/voleibalistele-de-la-cnmb-s-a-calificat-la-faza-pe-tara-a-onss\/\" class=\"sharing-anchor sd-button share-more\"><span>Mai mult<\/span><\/a><\/li>\n<li class=\"share-end\"><\/ul>\n<div class=\"sharing-hidden\">\n<div class=\"inner\">\n<ul>\n<li class=\"share-email\"><a rel=\"nofollow noopener noreferrer\" data-shared=\"sharing-email-71833\" class=\"share-email sd-button\" href=\"mailto:?subject=%5BArticol%20partajat%5D%20Voleibalistele%20de%20la%20CNMB%20s-au%20calificat%20la%20faza%20pe%20%C8%9Bar%C4%83%20a%20ONS%C8%98&amp;body=https%3A%2F%2Fwww.curierul.ro%2Fvoleibalistele-de-la-cnmb-s-a-calificat-la-faza-pe-tara-a-onss%2F&amp;share=email\" target=\"_blank\" aria-labelledby=\"sharing-email-71833\" data-email-share-error-title=\"\u021ai-ai configurat emailul?\" data-email-share-error-text=\"Dac\u0103 ai probleme la partajarea prin email, probabil nu ai configurat emailul pentru navigator. Poate trebuie s\u0103 creezi singur un email nou.\" data-email-share-nonce=\"85600bda88\" data-email-share-track-url=\"https:\/\/www.curierul.ro\/voleibalistele-de-la-cnmb-s-a-calificat-la-faza-pe-tara-a-onss\/?share=email\"><span id=\"sharing-email-71833\" hidden>D\u0103 clic pentru a trimite o leg\u0103tur\u0103 prin email unui prieten(Se deschide \u00eentr-o fereastr\u0103 nou\u0103)<\/span><span>Email<\/span><\/a><\/li>\n<li class=\"share-print\"><a rel=\"nofollow noopener noreferrer\" data-shared=\"sharing-print-71833\" class=\"share-print sd-button\" href=\"https:\/\/www.curierul.ro\/voleibalistele-de-la-cnmb-s-a-calificat-la-faza-pe-tara-a-onss\/#print?share=print\" target=\"_blank\" aria-labelledby=\"sharing-print-71833\"><span id=\"sharing-print-71833\" hidden>D\u0103 clic pentru a imprima(Se deschide \u00eentr-o fereastr\u0103 nou\u0103)<\/span><span>Imprimare<\/span><\/a><\/li>\n<li class=\"share-end\"><\/ul>\n<\/div>\n<\/div>\n<\/div>\n<\/div>\n<\/div>\n<div id=\"jp-relatedposts\" class=\"jp-relatedposts\">\n<h3 class=\"jp-relatedposts-headline\"><em>Similare<\/em><\/h3>\n<\/div>\n<footer class=\"post-footer\">\n<p class=\"tags\"><strong>Tags: <\/strong><a href=\"https:\/\/www.curierul.ro\/tag\/cnmb-ramnicu-valcea\/\" rel=\"tag\">CNMB R\u00e2mnicu V\u00e2lcea<\/a>, <a href=\"https:\/\/www.curierul.ro\/tag\/faza-finala-onss\/\" rel=\"tag\">faza final\u0103 ONS\u0218<\/a>, <a href=\"https:\/\/www.curierul.ro\/tag\/iustin-croitoru-isj-valcea\/\" rel=\"tag\">Iustin Croitoru ISJ V\u00e2lcea<\/a>, <a href=\"https:\/\/www.curierul.ro\/tag\/marius-margarit\/\" rel=\"tag\">Marius M\u0103rg\u0103rit<\/a>, <a href=\"https:\/\/www.curierul.ro\/tag\/onss-volei-feminin\/\" rel=\"tag\">ONS\u0218 volei feminin<\/a><\/p>\n<div class=\"post-navigation clearfix\">\n<div class=\"previous-post\">\n<div class=\"featured-photo\"><img loading=\"lazy\" decoding=\"async\" width=\"960\" height=\"637\" src=\"https:\/\/i0.wp.com\/www.curierul.ro\/wp-content\/uploads\/2016\/02\/Biblioteca_Nou.jpg?fit=300%2C199&amp;ssl=1\" class=\"attachment-post-thumbnail size-post-thumbnail wp-post-image\" alt><\/div>\n<p class=\"paginate-title\">\u00ab\u00ab <a href=\"https:\/\/www.curierul.ro\/invitatie-la-cultura-pe-esplanada-bibliotecii-judetene\/\" rel=\"prev\">Invita\u021bie la cultur\u0103,\u00a0pe esplanada Bibliotecii Jude\u021bene<\/a><\/p>\n<\/div>\n<div class=\"next-post\">\n<div class=\"featured-photo\"><img decoding=\"async\" width=\"300\" height=\"185\" src=\"https:\/\/i0.wp.com\/www.curierul.ro\/wp-content\/uploads\/2016\/04\/DULCEA.jpg?fit=300%2C185&amp;ssl=1\" class=\"attachment-post-thumbnail size-post-thumbnail wp-post-image\" alt loading=\"lazy\"><\/div>\n<p class=\"paginate-title\"><a href=\"https:\/\/www.curierul.ro\/csm-si-a-gasit-antrenor\/\" rel=\"next\">CSM \u0219i-a g\u0103sit antrenor<\/a> \u00bb\u00bb<\/p>\n<\/div>\n<\/div>\n<section class=\"related-stories\">\n<h2>Related Stories<\/h2>\n<div class=\"stories-container\">\n<article id=\"latest-185112\" class=\"story post-185112 post type-post status-publish format-standard has-post-thumbnail hentry category-eveniment-social category-invatamant category-politie category-social tag-admitere tag-cnmb-ramnicu-valcea tag-concurs tag-ipj-valcea tag-politisti-2\">\n<div class=\"photo\"><img decoding=\"async\" width=\"735\" height=\"440\" src=\"https:\/\/i0.wp.com\/www.curierul.ro\/wp-content\/uploads\/2020\/06\/MIRCEA-STATUIE.jpg?fit=300%2C210&amp;ssl=1\" class=\"attachment-giornalismo-single size-giornalismo-single wp-post-image\" alt loading=\"lazy\"><\/div>\n<p class=\"headline\"><a href=\"https:\/\/www.curierul.ro\/politistii-au-incercat-sa-ii-convinga-pe-mircisti-sa-le-fure-meseria\/\">POLI\u021aI\u0218TII au \u00eencercat s\u0103 \u00eei conving\u0103 pe mirci\u0219ti s\u0103 le \u201efure meseria\u201d<\/a><\/p>\n<\/article>\n<article id=\"latest-183901\" class=\"story post-183901 post type-post status-publish format-standard has-post-thumbnail hentry category-eveniment-social category-impact category-invatamant category-social tag-alba-iulia tag-cnmb-ramnicu-valcea tag-colegiul-national-militar tag-emilia-stelea tag-sef-de-promotie\">\n<div class=\"photo\"><img decoding=\"async\" width=\"678\" height=\"381\" src=\"https:\/\/i0.wp.com\/www.curierul.ro\/wp-content\/uploads\/2023\/07\/EMILIA-STELEA.jpg?fit=300%2C169&amp;ssl=1\" class=\"attachment-giornalismo-single size-giornalismo-single wp-post-image\" alt loading=\"lazy\"><\/div>\n<p class=\"headline\"><a href=\"https:\/\/www.curierul.ro\/valceanca-emila-stelea-sef-de-promotie-la-colegiul-national-militar-din-alba-iulia\/\">V\u00c2LCEANCA EMILA STELEA, \u0219ef de promo\u021bie la Colegiul Na\u021bional Militar din Alba Iulia<\/a><\/p>\n<\/article>\n<article id=\"latest-180047\" class=\"story post-180047 post type-post status-publish format-standard has-post-thumbnail hentry category-actualitate category-economie category-politica tag-cnmb-ramnicu-valcea tag-deces tag-gheorghe-mateescu tag-in-memoriam tag-necrolog\">\n<div class=\"photo\"><img decoding=\"async\" width=\"735\" height=\"440\" src=\"https:\/\/i0.wp.com\/www.curierul.ro\/wp-content\/uploads\/2022\/12\/RAMNIC-CENTRU.jpg?fit=300%2C181&amp;ssl=1\" class=\"attachment-giornalismo-single size-giornalismo-single wp-post-image\" alt loading=\"lazy\"><\/div>\n<p class=\"headline\"><a href=\"https:\/\/www.curierul.ro\/ramnicenii-mai-au-la-dispozitie-o-saptamana-in-care-pot-sa-trimita-propuneri-pentru-proiectul-de-buget-local-2023\/\">R\u00c2MNICENII MAI AU LA DISPOZI\u021aIE O S\u0102PT\u0102M\u00c2N\u0102 \u00een care pot s\u0103 trimit\u0103 propuneri pentru Proiectul de buget local 2023<\/a><\/p>\n<\/article>\n<\/div>\n<\/section>\n<section class=\"latest-category clearfix\">\n<h2 class=\"title\">More Stories From Volei<\/h2>\n<div class=\"stories-container\">\n<article id=\"related-195702\" class=\"story post-195702 post type-post status-publish format-standard has-post-thumbnail hentry category-sport category-volei\">\n<div class=\"photo\"><img decoding=\"async\" width=\"735\" height=\"440\" src=\"https:\/\/i0.wp.com\/www.curierul.ro\/wp-content\/uploads\/2025\/11\/IMG-20251130-WA0006-scaled.jpg?fit=300%2C225&amp;ssl=1\" class=\"attachment-giornalismo-single size-giornalismo-single wp-post-image\" alt loading=\"lazy\"><\/div>\n<p class=\"headline\"><a href=\"https:\/\/www.curierul.ro\/voleiul-feminin-revine-la-valcea-dupa-20-de-anisi-revine-cu-rezultate\/\">Voleiul feminin revine la V\u00e2lcea dup\u0103 20 de ani\u2026\u0219i revine cu rezultate!<\/a><\/p>\n<\/article>\n<article id=\"related-189549\" class=\"story post-189549 post type-post status-publish format-standard has-post-thumbnail hentry category-sport category-volei tag-cj-valcea tag-cs-valcea-1924\">\n<div class=\"photo\"><img decoding=\"async\" width=\"735\" height=\"440\" src=\"https:\/\/i0.wp.com\/www.curierul.ro\/wp-content\/uploads\/2024\/08\/IMG-20240819-WA0025.jpg?fit=300%2C169&amp;ssl=1\" class=\"attachment-giornalismo-single size-giornalismo-single wp-post-image\" alt loading=\"lazy\"><\/div>\n<p class=\"headline\"><a href=\"https:\/\/www.curierul.ro\/capitala-voleiului-masculin-revine-la-valcea\/\">Capitala voleiului masculin revine la V\u00e2lcea!<\/a><\/p>\n<\/article>\n<article id=\"related-186757\" class=\"story post-186757 post type-post status-publish format-standard has-post-thumbnail hentry category-headlines category-sport category-volei tag-govora tag-panathinaikos-atena tag-ruxi-dumitrescu tag-volei-2\">\n<div class=\"photo\"><img decoding=\"async\" width=\"592\" height=\"440\" src=\"https:\/\/i0.wp.com\/www.curierul.ro\/wp-content\/uploads\/2024\/03\/RD-Pana.jpg?fit=300%2C300&amp;ssl=1\" class=\"attachment-giornalismo-single size-giornalismo-single wp-post-image\" alt loading=\"lazy\"><\/div>\n<p class=\"headline\"><a href=\"https:\/\/www.curierul.ro\/ruxi-dumitrescu-capitanul-iconic-al-lui-panathinaikos-a-fost-inmormantata-acum-cateva-ore-la-govora\/\">Ruxi Dumitrescu, C\u0103pitanul iconic al lui Panathinaikos, a fost \u00eenmorm\u00e2ntat\u0103 acum c\u00e2teva ore la Govora<\/a><\/p>\n<\/article>\n<\/div>\n<\/section>\n<section class=\"author-bio clearfix\">\n<div class=\"mug-shot\"><img decoding=\"async\" alt src=\"https:\/\/secure.gravatar.com\/avatar\/b50529fae6e43fb78b11aa5bc5c6b59210d5867ee55398f95223c6fc97e64b52?s=96&amp;d=mm&amp;r=g\" class=\"avatar avatar-96 photo\" height=\"96\" width=\"96\" loading=\"lazy\"><\/div>\n<div class=\"author-info\">\n<p class=\"title\">About Valentin, <\/p>\n<div class=\"author-social-area\"><a href=\"mailto:valentinmateescu@curierul.ro\"><span class=\"fal fa-envelope\"><span class=\"screen-reader-text\">Email the Author<\/span><\/span><\/a><\/div>\n<\/div>\n<\/section>\n<\/footer>\n<\/article>\n<article id=\"latest-185112\" class=\"story post-185112 post type-post status-publish format-standard has-post-thumbnail hentry category-eveniment-social category-invatamant category-politie category-social tag-admitere tag-cnmb-ramnicu-valcea tag-concurs tag-ipj-valcea tag-politisti-2\">\n<div class=\"photo\"><img decoding=\"async\" width=\"735\" height=\"440\" src=\"https:\/\/i0.wp.com\/www.curierul.ro\/wp-content\/uploads\/2020\/06\/MIRCEA-STATUIE.jpg?fit=300%2C210&amp;ssl=1\" class=\"attachment-giornalismo-single size-giornalismo-single wp-post-image\" alt loading=\"lazy\"><\/div>\n<p class=\"headline\"><a href=\"https:\/\/www.curierul.ro\/politistii-au-incercat-sa-ii-convinga-pe-mircisti-sa-le-fure-meseria\/\">POLI\u021aI\u0218TII au \u00eencercat s\u0103 \u00eei conving\u0103 pe mirci\u0219ti s\u0103 le \u201efure meseria\u201d<\/a><\/p>\n<\/article>\n<article id=\"latest-183901\" class=\"story post-183901 post type-post status-publish format-standard has-post-thumbnail hentry category-eveniment-social category-impact category-invatamant category-social tag-alba-iulia tag-cnmb-ramnicu-valcea tag-colegiul-national-militar tag-emilia-stelea tag-sef-de-promotie\">\n<div class=\"photo\"><img decoding=\"async\" width=\"678\" height=\"381\" src=\"https:\/\/i0.wp.com\/www.curierul.ro\/wp-content\/uploads\/2023\/07\/EMILIA-STELEA.jpg?fit=300%2C169&amp;ssl=1\" class=\"attachment-giornalismo-single size-giornalismo-single wp-post-image\" alt loading=\"lazy\"><\/div>\n<p class=\"headline\"><a href=\"https:\/\/www.curierul.ro\/valceanca-emila-stelea-sef-de-promotie-la-colegiul-national-militar-din-alba-iulia\/\">V\u00c2LCEANCA EMILA STELEA, \u0219ef de promo\u021bie la Colegiul Na\u021bional Militar din Alba Iulia<\/a><\/p>\n<\/article>\n<article id=\"latest-180047\" class=\"story post-180047 post type-post status-publish format-standard has-post-thumbnail hentry category-actualitate category-economie category-politica tag-cnmb-ramnicu-valcea tag-deces tag-gheorghe-mateescu tag-in-memoriam tag-necrolog\">\n<div class=\"photo\"><img decoding=\"async\" width=\"735\" height=\"440\" src=\"https:\/\/i0.wp.com\/www.curierul.ro\/wp-content\/uploads\/2022\/12\/RAMNIC-CENTRU.jpg?fit=300%2C181&amp;ssl=1\" class=\"attachment-giornalismo-single size-giornalismo-single wp-post-image\" alt loading=\"lazy\"><\/div>\n<p class=\"headline\"><a href=\"https:\/\/www.curierul.ro\/ramnicenii-mai-au-la-dispozitie-o-saptamana-in-care-pot-sa-trimita-propuneri-pentru-proiectul-de-buget-local-2023\/\">R\u00c2MNICENII MAI AU LA DISPOZI\u021aIE O S\u0102PT\u0102M\u00c2N\u0102 \u00een care pot s\u0103 trimit\u0103 propuneri pentru Proiectul de buget local 2023<\/a><\/p>\n<\/article>\n<article id=\"related-195702\" class=\"story post-195702 post type-post status-publish format-standard has-post-thumbnail hentry category-sport category-volei\">\n<div class=\"photo\"><img decoding=\"async\" width=\"735\" height=\"440\" src=\"https:\/\/i0.wp.com\/www.curierul.ro\/wp-content\/uploads\/2025\/11\/IMG-20251130-WA0006-scaled.jpg?fit=300%2C225&amp;ssl=1\" class=\"attachment-giornalismo-single size-giornalismo-single wp-post-image\" alt loading=\"lazy\"><\/div>\n<p class=\"headline\"><a href=\"https:\/\/www.curierul.ro\/voleiul-feminin-revine-la-valcea-dupa-20-de-anisi-revine-cu-rezultate\/\">Voleiul feminin revine la V\u00e2lcea dup\u0103 20 de ani\u2026\u0219i revine cu rezultate!<\/a><\/p>\n<\/article>\n<article id=\"related-189549\" class=\"story post-189549 post type-post status-publish format-standard has-post-thumbnail hentry category-sport category-volei tag-cj-valcea tag-cs-valcea-1924\">\n<div class=\"photo\"><img decoding=\"async\" width=\"735\" height=\"440\" src=\"https:\/\/i0.wp.com\/www.curierul.ro\/wp-content\/uploads\/2024\/08\/IMG-20240819-WA0025.jpg?fit=300%2C169&amp;ssl=1\" class=\"attachment-giornalismo-single size-giornalismo-single wp-post-image\" alt loading=\"lazy\"><\/div>\n<p class=\"headline\"><a href=\"https:\/\/www.curierul.ro\/capitala-voleiului-masculin-revine-la-valcea\/\">Capitala voleiului masculin revine la V\u00e2lcea!<\/a><\/p>\n<\/article>\n<article id=\"related-186757\" class=\"story post-186757 post type-post status-publish format-standard has-post-thumbnail hentry category-headlines category-sport category-volei tag-govora tag-panathinaikos-atena tag-ruxi-dumitrescu tag-volei-2\">\n<div class=\"photo\"><img decoding=\"async\" width=\"592\" height=\"440\" src=\"https:\/\/i0.wp.com\/www.curierul.ro\/wp-content\/uploads\/2024\/03\/RD-Pana.jpg?fit=300%2C300&amp;ssl=1\" class=\"attachment-giornalismo-single size-giornalismo-single wp-post-image\" alt loading=\"lazy\"><\/div>\n<p class=\"headline\"><a href=\"https:\/\/www.curierul.ro\/ruxi-dumitrescu-capitanul-iconic-al-lui-panathinaikos-a-fost-inmormantata-acum-cateva-ore-la-govora\/\">Ruxi Dumitrescu, C\u0103pitanul iconic al lui Panathinaikos, a fost \u00eenmorm\u00e2ntat\u0103 acum c\u00e2teva ore la Govora<\/a><\/p>\n<\/article>\n<p> Source URL: https:\/\/www.curierul.ro\/voleibalistele-de-la-cnmb-s-a-calificat-la-faza-pe-tara-a-onss\/<\/p>\n","protected":false},"excerpt":{"rendered":"<p>Home Volei Voleibalistele de la CNMB s-au calificat la faza pe \u021bar\u0103 a ONS\u0218 Voleibalistele de la CNMB s-au calificat la faza pe \u021bar\u0103 a ONS\u0218 Scris deValentin, 6 aprilie 2016 Zilele trecute, \u00een Sala \u201eCapela\u201d a Colegiului Na\u021bional \u201eMircea cel B\u0103tr\u00e2n\u201d din R\u00e2mnicu V\u00e2lcea s-a desf\u0103\u0219urat faza zonal\u0103 de volei feminin din cadrul Olimpiadei [&hellip;]<\/p>\n","protected":false},"author":1,"featured_media":0,"comment_status":"open","ping_status":"","sticky":false,"template":"","format":"standard","meta":{"footnotes":""},"categories":[89],"tags":[213],"class_list":["post-1248734","post","type-post","status-publish","format-standard","hentry","category-romania","tag-curierul-ro"],"_links":{"self":[{"href":"https:\/\/analyse.optim.biz\/index.php?rest_route=\/wp\/v2\/posts\/1248734","targetHints":{"allow":["GET"]}}],"collection":[{"href":"https:\/\/analyse.optim.biz\/index.php?rest_route=\/wp\/v2\/posts"}],"about":[{"href":"https:\/\/analyse.optim.biz\/index.php?rest_route=\/wp\/v2\/types\/post"}],"author":[{"embeddable":true,"href":"https:\/\/analyse.optim.biz\/index.php?rest_route=\/wp\/v2\/users\/1"}],"replies":[{"embeddable":true,"href":"https:\/\/analyse.optim.biz\/index.php?rest_route=%2Fwp%2Fv2%2Fcomments&post=1248734"}],"version-history":[{"count":0,"href":"https:\/\/analyse.optim.biz\/index.php?rest_route=\/wp\/v2\/posts\/1248734\/revisions"}],"wp:attachment":[{"href":"https:\/\/analyse.optim.biz\/index.php?rest_route=%2Fwp%2Fv2%2Fmedia&parent=1248734"}],"wp:term":[{"taxonomy":"category","embeddable":true,"href":"https:\/\/analyse.optim.biz\/index.php?rest_route=%2Fwp%2Fv2%2Fcategories&post=1248734"},{"taxonomy":"post_tag","embeddable":true,"href":"https:\/\/analyse.optim.biz\/index.php?rest_route=%2Fwp%2Fv2%2Ftags&post=1248734"}],"curies":[{"name":"wp","href":"https:\/\/api.w.org\/{rel}","templated":true}]}}