{"id":1247923,"date":"2014-10-16T04:00:18","date_gmt":"2014-10-16T01:00:18","guid":{"rendered":"https:\/\/analyse.optim.biz\/?p=1247923"},"modified":"2014-10-16T04:00:18","modified_gmt":"2014-10-16T01:00:18","slug":"luptatorii-de-la-css-ramnicu-valcea-printre-cei-mai-buni-din-tara","status":"publish","type":"post","link":"https:\/\/analyse.optim.biz\/?p=1247923","title":{"rendered":"Lupt\u0103torii de la CS\u0218 R\u00e2mnicu V\u00e2lcea, printre cei mai buni din \u021bar\u0103"},"content":{"rendered":"<article id=\"50226\" class=\"post-50226 post type-post status-publish format-standard has-post-thumbnail hentry category-lupte-greco-romane tag-cornel-lupu tag-css-ramnicu-valcea tag-ilie-lupu tag-lupte-greco-romane-2 tag-nicolae-bugheanu\">\n<header class=\"post-header\">\n<ul class=\"breadcrumbs\">\n<li><a href=\"https:\/\/www.curierul.ro\">Home<\/a><\/li>\n<li class=\"breadcrumbs-active .category-lupte-greco-romane\"><a href=\"https:\/\/www.curierul.ro\/index.php?cat=62\">Lupte greco-romane<\/a><\/li>\n<li class=\"breadcrumbs-active .category-lupte-greco-romane\">Lupt\u0103torii de la CS\u0218 R\u00e2mnicu V\u00e2lcea, printre cei mai buni din \u021bar\u0103<\/li>\n<\/ul>\n<div class=\"featured-photo\"><img loading=\"lazy\" decoding=\"async\" width=\"3888\" height=\"2592\" src=\"https:\/\/i0.wp.com\/www.curierul.ro\/wp-content\/uploads\/2014\/10\/Ilie_Lupu.jpg?fit=300%2C200&amp;ssl=1\" class=\"attachment-single size-single wp-post-image\" alt><\/div>\n<h1 class=\"headline\">Lupt\u0103torii de la CS\u0218 R\u00e2mnicu V\u00e2lcea, printre cei mai buni din \u021bar\u0103<\/h1>\n<p class=\"byline\">\n\t\tScris de<a href=\"https:\/\/www.curierul.ro\/author\/valim\/\">Valentin<\/a>, \t\t16 octombrie 2014\t\t\t\t<\/p>\n<hr>\n<\/header>\n<p><strong><em>\u2022 elevii profesorilor Ilie \u0219i Cornel Lupu s-au calificat \u00een finale la Cade\u021bi \u0219i Copii<\/em><\/strong><\/p>\n<p><a href=\"https:\/\/i0.wp.com\/curieruldevalcea.ro\/wp-content\/uploads\/2014\/10\/Ilie_Lupu.jpg\"><img loading=\"lazy\" decoding=\"async\" class=\"aligncenter wp-image-50230 size-medium\" src=\"https:\/\/i0.wp.com\/www.curierul.ro\/wp-content\/uploads\/2014\/10\/Ilie_Lupu.jpg?fit=300%2C200&amp;ssl=1\" alt=\"Ilie_Lupu\" width=\"300\" height=\"200\"><\/a><a href=\"https:\/\/i0.wp.com\/curieruldevalcea.ro\/wp-content\/uploads\/2014\/10\/Cornel_Lupu.jpg\"><img decoding=\"async\" loading=\"lazy\" class=\"aligncenter wp-image-50229 size-medium\" src=\"https:\/\/i0.wp.com\/www.curierul.ro\/wp-content\/uploads\/2014\/10\/Cornel_Lupu.jpg?fit=300%2C200&amp;ssl=1\" alt=\"Cornel_Lupu\" width=\"300\" height=\"200\"><\/a>Recent, \u00een jude\u021bul Constan\u021ba, s-a desf\u0103\u0219urat semifinala Campionatului Na\u021bional de cade\u021bi pe echipe. Jude\u021bul nostru a fost reprezentat prin sportivii sec\u021biei Lupte a Clubului Sportiv \u0218colar R\u00e2mnicu V\u00e2lcea, preg\u0103ti\u021bi de profesorii Ilie \u0219i Cornel Lupu. Ace\u0219tia au avut evolu\u021bii foarte bune, reu\u0219ind s\u0103 se califice \u00een finala acestei \u00eentreceri. Conform spuselor directorului prestigioasei institu\u021bii v\u00e2lcene, profesorul Nicolae Bugheanu, ultimul act al CN de cade\u021bi pe echipe se va desf\u0103\u0219ura la Suceava, \u00een zilele de 15 \u0219i 16 noiembrie. De asemenea, week-end-ul trecut, la Timi\u0219oara s-a desf\u0103\u0219urat etapa zonal\u0103 a Campionatului Na\u021bional de Lupte Greco-Romane, rezervat categoriei de v\u00e2rst\u0103 Copii. \u0218i la aceast\u0103 \u00eentrecere, tinerii lupt\u0103tori v\u00e2lceni au avut evolu\u021bii foarte bune, reu\u0219ind s\u0103 se califice in-corpore la faza na\u021bional\u0103. Ultimul act al \u00eentrecerii destinate copiilor se va desf\u0103\u0219ura la T\u00e2rgovi\u0219te, \u00een zilele de 24 \u0219i 25 octombrie. CS\u0218 s-a calificat \u00een faza final\u0103 cu patru sportivi, \u00een acest caz fiind vorba despre Cosmin Iova (categoria 35 kilograme), Denis Aldescu (39 kg), Ciprian Vl\u0103descu (53 kg) \u0219i Gabriel Curtean (60 kg).<br \/>\n\u201eSunt foarte mul\u021bumit de rezultatele sec\u021biei Lupte din cadrul clubului nostru. Acolo se munce\u0219te foarte serios, iar cei doi antrenori au rezultate foarte bune \u00een mod constant. A\u0219a dup\u0103 cum am declarat, m\u0103 a\u0219teptam la aceste rezultate la finalul celor dou\u0103 concursuri despre care discut\u0103m, cel de cade\u021bi, respectiv de copii. Referitor la finala de cade\u021bi pe echipe, care va avea loc la Suceava, pot spune c\u0103 m\u0103 a\u0219tept la medalii. Cunosc preg\u0103tirea foarte bun\u0103 a acestor sportivi \u0219i cred c\u0103 putem atinge obiectivul propus\u201d, ne-a declarat directorul Clubului Sportiv \u0218colar R\u00e2mnicu V\u00e2lcea, profesorul Nicolae Bugheanu.<\/p>\n<div class=\"sharedaddy sd-sharing-enabled\">\n<div class=\"robots-nocontent sd-block sd-social sd-social-official sd-sharing\">\n<h3 class=\"sd-title\">Distribuie pe:<\/h3>\n<div class=\"sd-content\">\n<ul>\n<li class=\"share-facebook\">\n<li class=\"share-twitter\"><a href=\"https:\/\/twitter.com\/share\" class=\"twitter-share-button\" data-url=\"https:\/\/www.curierul.ro\/luptatorii-de-la-css-ramnicu-valcea-printre-cei-mai-buni-din-tara\/\" data-text=\"Lupt\u0103torii de la CS\u0218 R\u00e2mnicu V\u00e2lcea, printre cei mai buni din \u021bar\u0103\" data-via=\"curierulvl\">Tweet<\/a><\/li>\n<li class=\"share-jetpack-whatsapp\"><a rel=\"nofollow noopener noreferrer\" data-shared=\"sharing-whatsapp-50226\" class=\"share-jetpack-whatsapp sd-button\" href=\"https:\/\/www.curierul.ro\/luptatorii-de-la-css-ramnicu-valcea-printre-cei-mai-buni-din-tara\/?share=jetpack-whatsapp\" target=\"_blank\" aria-labelledby=\"sharing-whatsapp-50226\"><span id=\"sharing-whatsapp-50226\" hidden>D\u0103 clic pentru partajare pe WhatsApp(Se deschide \u00eentr-o fereastr\u0103 nou\u0103)<\/span><span>WhatsApp<\/span><\/a><\/li>\n<li><a href=\"https:\/\/www.curierul.ro\/luptatorii-de-la-css-ramnicu-valcea-printre-cei-mai-buni-din-tara\/\" class=\"sharing-anchor sd-button share-more\"><span>Mai mult<\/span><\/a><\/li>\n<li class=\"share-end\"><\/ul>\n<div class=\"sharing-hidden\">\n<div class=\"inner\">\n<ul>\n<li class=\"share-email\"><a rel=\"nofollow noopener noreferrer\" data-shared=\"sharing-email-50226\" class=\"share-email sd-button\" href=\"mailto:?subject=%5BArticol%20partajat%5D%20Lupt%C4%83torii%20de%20la%20CS%C8%98%20R%C3%A2mnicu%20V%C3%A2lcea%2C%20printre%20cei%20mai%20buni%20din%20%C8%9Bar%C4%83&amp;body=https%3A%2F%2Fwww.curierul.ro%2Fluptatorii-de-la-css-ramnicu-valcea-printre-cei-mai-buni-din-tara%2F&amp;share=email\" target=\"_blank\" aria-labelledby=\"sharing-email-50226\" data-email-share-error-title=\"\u021ai-ai configurat emailul?\" data-email-share-error-text=\"Dac\u0103 ai probleme la partajarea prin email, probabil nu ai configurat emailul pentru navigator. Poate trebuie s\u0103 creezi singur un email nou.\" data-email-share-nonce=\"73d193f822\" data-email-share-track-url=\"https:\/\/www.curierul.ro\/luptatorii-de-la-css-ramnicu-valcea-printre-cei-mai-buni-din-tara\/?share=email\"><span id=\"sharing-email-50226\" hidden>D\u0103 clic pentru a trimite o leg\u0103tur\u0103 prin email unui prieten(Se deschide \u00eentr-o fereastr\u0103 nou\u0103)<\/span><span>Email<\/span><\/a><\/li>\n<li class=\"share-print\"><a rel=\"nofollow noopener noreferrer\" data-shared=\"sharing-print-50226\" class=\"share-print sd-button\" href=\"https:\/\/www.curierul.ro\/luptatorii-de-la-css-ramnicu-valcea-printre-cei-mai-buni-din-tara\/#print?share=print\" target=\"_blank\" aria-labelledby=\"sharing-print-50226\"><span id=\"sharing-print-50226\" hidden>D\u0103 clic pentru a imprima(Se deschide \u00eentr-o fereastr\u0103 nou\u0103)<\/span><span>Imprimare<\/span><\/a><\/li>\n<li class=\"share-end\"><\/ul>\n<\/div>\n<\/div>\n<\/div>\n<\/div>\n<\/div>\n<div id=\"jp-relatedposts\" class=\"jp-relatedposts\">\n<h3 class=\"jp-relatedposts-headline\"><em>Similare<\/em><\/h3>\n<\/div>\n<footer class=\"post-footer\">\n<p class=\"tags\"><strong>Tags: <\/strong><a href=\"https:\/\/www.curierul.ro\/tag\/cornel-lupu\/\" rel=\"tag\">Cornel Lupu<\/a>, <a href=\"https:\/\/www.curierul.ro\/tag\/css-ramnicu-valcea\/\" rel=\"tag\">CS\u015e R\u00e2mnicu V\u00e2lcea<\/a>, <a href=\"https:\/\/www.curierul.ro\/tag\/ilie-lupu\/\" rel=\"tag\">Ilie Lupu<\/a>, <a href=\"https:\/\/www.curierul.ro\/tag\/lupte-greco-romane-2\/\" rel=\"tag\">Lupte Greco-Romane<\/a>, <a href=\"https:\/\/www.curierul.ro\/tag\/nicolae-bugheanu\/\" rel=\"tag\">Nicolae Bugheanu<\/a><\/p>\n<div class=\"post-navigation clearfix\">\n<div class=\"previous-post\">\n<p class=\"paginate-title\">\u00ab\u00ab <a href=\"https:\/\/www.curierul.ro\/politistii-locali-au-renuntat-la-proteste\/\" rel=\"prev\">Poli\u021bi\u0219tii locali au renun\u021bat la proteste<\/a><\/p>\n<\/div>\n<div class=\"next-post\">\n<div class=\"featured-photo\"><img decoding=\"async\" width=\"646\" height=\"404\" src=\"https:\/\/i0.wp.com\/www.curierul.ro\/wp-content\/uploads\/2014\/10\/cocos.jpg?fit=300%2C187&amp;ssl=1\" class=\"attachment-post-thumbnail size-post-thumbnail wp-post-image\" alt loading=\"lazy\"><\/div>\n<p class=\"paginate-title\"><a href=\"https:\/\/www.curierul.ro\/problemele-nevazatorilor-pe-masa-vicelui-cocos\/\" rel=\"next\">Problemele nev\u0103z\u0103torilor, pe masa vicelui Coco\u0219<\/a> \u00bb\u00bb<\/p>\n<\/div>\n<\/div>\n<div id=\"comments\" class=\"comments-area\">\n<div id=\"respond\" class=\"comment-respond\">\n<h3 id=\"reply-title\" class=\"comment-reply-title\">Po\u021bi comenta aici<small><a rel=\"nofollow\" id=\"cancel-comment-reply-link\" href=\"https:\/\/www.curierul.ro\/luptatorii-de-la-css-ramnicu-valcea-printre-cei-mai-buni-din-tara\/#respond\">Anuleaz\u0103 r\u0103spunsul<\/a><\/small><\/h3>\n<\/div>\n<p class=\"akismet_comment_form_privacy_notice\">Acest site folose\u0219te Akismet pentru a reduce spamul. <a href=\"https:\/\/akismet.com\/privacy\/\" target=\"_blank\" rel=\"nofollow noopener\">Afl\u0103 cum sunt procesate datele comentariilor tale<\/a>.<\/p>\n<\/div>\n<section class=\"related-stories\">\n<h2>Related Stories<\/h2>\n<div class=\"stories-container\">\n<article id=\"latest-113759\" class=\"story post-113759 post type-post status-publish format-standard has-post-thumbnail hentry category-lupte-greco-romane category-sport tag-campionat-national-scolar tag-cornel-lupu tag-css-ramnicu-valcea tag-ilie-lupu tag-lupte-greco-romane\">\n<div class=\"photo\"><img decoding=\"async\" width=\"615\" height=\"427\" src=\"https:\/\/i0.wp.com\/www.curierul.ro\/wp-content\/uploads\/2019\/04\/CSS-LUPTE.jpg?fit=300%2C208&amp;ssl=1\" class=\"attachment-giornalismo-single size-giornalismo-single wp-post-image\" alt loading=\"lazy\"><\/div>\n<p class=\"headline\"><a href=\"https:\/\/www.curierul.ro\/sapte-sportivi-de-la-css-municipiul-ramnicu-valcea-vor-participa-la-finala-campionatului-national-scolar-de-lupte-greco-romane\/\">\u0218apte sportivi de la CS\u0218 Municipiul R\u00e2mnicu V\u00e2lcea vor participa la finala Campionatului Na\u021bional \u0218colar de lupte greco-romane<\/a><\/p>\n<\/article>\n<article id=\"latest-63815\" class=\"story post-63815 post type-post status-publish format-standard has-post-thumbnail hentry category-lupte-greco-romane tag-cn-juniori-iii tag-cornel-lupu tag-css-ramnicu-valcea tag-ilie-lupu tag-lupte-greco-romane tag-mihai-ionita-antrenor\">\n<div class=\"photo\"><img decoding=\"async\" width=\"470\" height=\"300\" src=\"https:\/\/i0.wp.com\/www.curierul.ro\/wp-content\/uploads\/2015\/10\/Lupte.jpg?fit=300%2C191&amp;ssl=1\" class=\"attachment-giornalismo-single size-giornalismo-single wp-post-image\" alt loading=\"lazy\"><\/div>\n<p class=\"headline\"><a href=\"https:\/\/www.curierul.ro\/opt-sportivi-de-la-css-s-au-calificat-in-finala-cn-de-lupte-greco-romane\/\">Opt sportivi de la CS\u0218 s-au calificat \u00een finala CN de Lupte Greco-Romane<\/a><\/p>\n<\/article>\n<article id=\"latest-57512\" class=\"story post-57512 post type-post status-publish format-standard has-post-thumbnail hentry category-lupte-greco-romane tag-campionat-national tag-cornel-lupu tag-cs-chimia-ramnicu-valcea tag-juniori-i tag-lupte-greco-romane-2\">\n<div class=\"photo\"><img decoding=\"async\" width=\"735\" height=\"440\" src=\"https:\/\/i0.wp.com\/www.curierul.ro\/wp-content\/uploads\/2015\/04\/Lupu.jpg?fit=200%2C300&amp;ssl=1\" class=\"attachment-giornalismo-single size-giornalismo-single wp-post-image\" alt loading=\"lazy\"><\/div>\n<p class=\"headline\"><a href=\"https:\/\/www.curierul.ro\/luptatorii-pregatiti-de-antrenorul-cornel-lupu-participa-la-cn-de-la-craiova\/\">Lupt\u0103torii preg\u0103ti\u021bi de antrenorul Cornel Lupu particip\u0103 la CN de la Craiova<\/a><\/p>\n<\/article>\n<\/div>\n<\/section>\n<section class=\"latest-category clearfix\">\n<h2 class=\"title\">More Stories From Lupte greco-romane<\/h2>\n<div class=\"stories-container\">\n<article id=\"related-194705\" class=\"story post-194705 post type-post status-publish format-standard has-post-thumbnail hentry category-actualitate category-box category-karate category-lupte-greco-romane category-sport tag-bani-putini tag-competitii tag-css-rm-valcea tag-determinare tag-mihai-ionita-2 tag-munca-2 tag-performanta\">\n<div class=\"photo\"><img decoding=\"async\" width=\"470\" height=\"440\" src=\"https:\/\/i0.wp.com\/www.curierul.ro\/wp-content\/uploads\/2025\/09\/Ionita-e1758529566902.jpeg?fit=272%2C300&amp;ssl=1\" class=\"attachment-giornalismo-single size-giornalismo-single wp-post-image\" alt loading=\"lazy\"><\/div>\n<p class=\"headline\"><a href=\"https:\/\/www.curierul.ro\/css-rm-valcea-performanta-cu-bani-putini-dar-cu-determinare-si-multa-munca\/\">CS\u0218 Rm. V\u00e2lcea, performan\u021b\u0103 cu bani pu\u021bini, dar cu determinare \u0219i mult\u0103 munc\u0103<\/a><\/p>\n<\/article>\n<article id=\"related-125924\" class=\"story post-125924 post type-post status-publish format-standard has-post-thumbnail hentry category-alte-sporturi category-atletism category-baschet category-box category-fotbal category-handbal category-lupte-greco-romane category-sport category-tenis category-volei tag-amanare-jocuri-olimpice tag-covid-in-sport tag-epidemie-de-coronavirus tag-evenimente-sportive-amanate tag-jo-2021\">\n<div class=\"photo\"><img decoding=\"async\" width=\"589\" height=\"368\" src=\"https:\/\/i0.wp.com\/www.curierul.ro\/wp-content\/uploads\/2020\/03\/JO-AMANARE.jpg?fit=300%2C187&amp;ssl=1\" class=\"attachment-giornalismo-single size-giornalismo-single wp-post-image\" alt loading=\"lazy\"><\/div>\n<p class=\"headline\"><a href=\"https:\/\/www.curierul.ro\/inca-o-lovitura-dura-pe-care-o-primeste-sportul-mondial-s-a-decis-soarta-jocurilor-olimpice\/\">\u00cenc\u0103 o lovitur\u0103 dur\u0103 pe care o prime\u0219te sportul mondial: s-a decis soarta Jocurilor Olimpice<\/a><\/p>\n<\/article>\n<article id=\"related-123429\" class=\"story post-123429 post type-post status-publish format-standard has-post-thumbnail hentry category-alte-sporturi category-atletism category-baschet category-box category-fotbal category-handbal category-karate category-lupte-greco-romane category-sport category-tenis category-volei tag-cei-mai-buni-sportivi tag-gala-sportului-valcean-2019 tag-handbal-feminin tag-premii tag-scm-ramnicu-valcea\">\n<div class=\"photo\"><img decoding=\"async\" width=\"735\" height=\"440\" src=\"https:\/\/i0.wp.com\/www.curierul.ro\/wp-content\/uploads\/2019\/12\/GALA.jpg?fit=300%2C233&amp;ssl=1\" class=\"attachment-giornalismo-single size-giornalismo-single wp-post-image\" alt loading=\"lazy\"><\/div>\n<p class=\"headline\"><a href=\"https:\/\/www.curierul.ro\/gala-sportului-valcean-si-a-desemnat-laureatii\/\">Gala Sportului V\u00e2lcean \u0219i-a desemnat laurea\u021bii<\/a><\/p>\n<\/article>\n<\/div>\n<\/section>\n<section class=\"author-bio clearfix\">\n<div class=\"mug-shot\"><img decoding=\"async\" alt src=\"https:\/\/secure.gravatar.com\/avatar\/b50529fae6e43fb78b11aa5bc5c6b59210d5867ee55398f95223c6fc97e64b52?s=96&amp;d=mm&amp;r=g\" class=\"avatar avatar-96 photo\" height=\"96\" width=\"96\" loading=\"lazy\"><\/div>\n<div class=\"author-info\">\n<p class=\"title\">About Valentin, <\/p>\n<div class=\"author-social-area\"><a href=\"mailto:valentinmateescu@curierul.ro\"><span class=\"fal fa-envelope\"><span class=\"screen-reader-text\">Email the Author<\/span><\/span><\/a><\/div>\n<\/div>\n<\/section>\n<\/footer>\n<\/article>\n<article id=\"latest-113759\" class=\"story post-113759 post type-post status-publish format-standard has-post-thumbnail hentry category-lupte-greco-romane category-sport tag-campionat-national-scolar tag-cornel-lupu tag-css-ramnicu-valcea tag-ilie-lupu tag-lupte-greco-romane\">\n<div class=\"photo\"><img decoding=\"async\" width=\"615\" height=\"427\" src=\"https:\/\/i0.wp.com\/www.curierul.ro\/wp-content\/uploads\/2019\/04\/CSS-LUPTE.jpg?fit=300%2C208&amp;ssl=1\" class=\"attachment-giornalismo-single size-giornalismo-single wp-post-image\" alt loading=\"lazy\"><\/div>\n<p class=\"headline\"><a href=\"https:\/\/www.curierul.ro\/sapte-sportivi-de-la-css-municipiul-ramnicu-valcea-vor-participa-la-finala-campionatului-national-scolar-de-lupte-greco-romane\/\">\u0218apte sportivi de la CS\u0218 Municipiul R\u00e2mnicu V\u00e2lcea vor participa la finala Campionatului Na\u021bional \u0218colar de lupte greco-romane<\/a><\/p>\n<\/article>\n<article id=\"latest-63815\" class=\"story post-63815 post type-post status-publish format-standard has-post-thumbnail hentry category-lupte-greco-romane tag-cn-juniori-iii tag-cornel-lupu tag-css-ramnicu-valcea tag-ilie-lupu tag-lupte-greco-romane tag-mihai-ionita-antrenor\">\n<div class=\"photo\"><img decoding=\"async\" width=\"470\" height=\"300\" src=\"https:\/\/i0.wp.com\/www.curierul.ro\/wp-content\/uploads\/2015\/10\/Lupte.jpg?fit=300%2C191&amp;ssl=1\" class=\"attachment-giornalismo-single size-giornalismo-single wp-post-image\" alt loading=\"lazy\"><\/div>\n<p class=\"headline\"><a href=\"https:\/\/www.curierul.ro\/opt-sportivi-de-la-css-s-au-calificat-in-finala-cn-de-lupte-greco-romane\/\">Opt sportivi de la CS\u0218 s-au calificat \u00een finala CN de Lupte Greco-Romane<\/a><\/p>\n<\/article>\n<article id=\"latest-57512\" class=\"story post-57512 post type-post status-publish format-standard has-post-thumbnail hentry category-lupte-greco-romane tag-campionat-national tag-cornel-lupu tag-cs-chimia-ramnicu-valcea tag-juniori-i tag-lupte-greco-romane-2\">\n<div class=\"photo\"><img decoding=\"async\" width=\"735\" height=\"440\" src=\"https:\/\/i0.wp.com\/www.curierul.ro\/wp-content\/uploads\/2015\/04\/Lupu.jpg?fit=200%2C300&amp;ssl=1\" class=\"attachment-giornalismo-single size-giornalismo-single wp-post-image\" alt loading=\"lazy\"><\/div>\n<p class=\"headline\"><a href=\"https:\/\/www.curierul.ro\/luptatorii-pregatiti-de-antrenorul-cornel-lupu-participa-la-cn-de-la-craiova\/\">Lupt\u0103torii preg\u0103ti\u021bi de antrenorul Cornel Lupu particip\u0103 la CN de la Craiova<\/a><\/p>\n<\/article>\n<article id=\"related-194705\" class=\"story post-194705 post type-post status-publish format-standard has-post-thumbnail hentry category-actualitate category-box category-karate category-lupte-greco-romane category-sport tag-bani-putini tag-competitii tag-css-rm-valcea tag-determinare tag-mihai-ionita-2 tag-munca-2 tag-performanta\">\n<div class=\"photo\"><img decoding=\"async\" width=\"470\" height=\"440\" src=\"https:\/\/i0.wp.com\/www.curierul.ro\/wp-content\/uploads\/2025\/09\/Ionita-e1758529566902.jpeg?fit=272%2C300&amp;ssl=1\" class=\"attachment-giornalismo-single size-giornalismo-single wp-post-image\" alt loading=\"lazy\"><\/div>\n<p class=\"headline\"><a href=\"https:\/\/www.curierul.ro\/css-rm-valcea-performanta-cu-bani-putini-dar-cu-determinare-si-multa-munca\/\">CS\u0218 Rm. V\u00e2lcea, performan\u021b\u0103 cu bani pu\u021bini, dar cu determinare \u0219i mult\u0103 munc\u0103<\/a><\/p>\n<\/article>\n<article id=\"related-125924\" class=\"story post-125924 post type-post status-publish format-standard has-post-thumbnail hentry category-alte-sporturi category-atletism category-baschet category-box category-fotbal category-handbal category-lupte-greco-romane category-sport category-tenis category-volei tag-amanare-jocuri-olimpice tag-covid-in-sport tag-epidemie-de-coronavirus tag-evenimente-sportive-amanate tag-jo-2021\">\n<div class=\"photo\"><img decoding=\"async\" width=\"589\" height=\"368\" src=\"https:\/\/i0.wp.com\/www.curierul.ro\/wp-content\/uploads\/2020\/03\/JO-AMANARE.jpg?fit=300%2C187&amp;ssl=1\" class=\"attachment-giornalismo-single size-giornalismo-single wp-post-image\" alt loading=\"lazy\"><\/div>\n<p class=\"headline\"><a href=\"https:\/\/www.curierul.ro\/inca-o-lovitura-dura-pe-care-o-primeste-sportul-mondial-s-a-decis-soarta-jocurilor-olimpice\/\">\u00cenc\u0103 o lovitur\u0103 dur\u0103 pe care o prime\u0219te sportul mondial: s-a decis soarta Jocurilor Olimpice<\/a><\/p>\n<\/article>\n<article id=\"related-123429\" class=\"story post-123429 post type-post status-publish format-standard has-post-thumbnail hentry category-alte-sporturi category-atletism category-baschet category-box category-fotbal category-handbal category-karate category-lupte-greco-romane category-sport category-tenis category-volei tag-cei-mai-buni-sportivi tag-gala-sportului-valcean-2019 tag-handbal-feminin tag-premii tag-scm-ramnicu-valcea\">\n<div class=\"photo\"><img decoding=\"async\" width=\"735\" height=\"440\" src=\"https:\/\/i0.wp.com\/www.curierul.ro\/wp-content\/uploads\/2019\/12\/GALA.jpg?fit=300%2C233&amp;ssl=1\" class=\"attachment-giornalismo-single size-giornalismo-single wp-post-image\" alt loading=\"lazy\"><\/div>\n<p class=\"headline\"><a href=\"https:\/\/www.curierul.ro\/gala-sportului-valcean-si-a-desemnat-laureatii\/\">Gala Sportului V\u00e2lcean \u0219i-a desemnat laurea\u021bii<\/a><\/p>\n<\/article>\n<p> Source URL: https:\/\/www.curierul.ro\/luptatorii-de-la-css-ramnicu-valcea-printre-cei-mai-buni-din-tara\/<\/p>\n","protected":false},"excerpt":{"rendered":"<p>Home Lupte greco-romane Lupt\u0103torii de la CS\u0218 R\u00e2mnicu V\u00e2lcea, printre cei mai buni din \u021bar\u0103 Lupt\u0103torii de la CS\u0218 R\u00e2mnicu V\u00e2lcea, printre cei mai buni din \u021bar\u0103 Scris deValentin, 16 octombrie 2014 \u2022 elevii profesorilor Ilie \u0219i Cornel Lupu s-au calificat \u00een finale la Cade\u021bi \u0219i Copii Recent, \u00een jude\u021bul Constan\u021ba, s-a desf\u0103\u0219urat semifinala Campionatului [&hellip;]<\/p>\n","protected":false},"author":1,"featured_media":0,"comment_status":"open","ping_status":"","sticky":false,"template":"","format":"standard","meta":{"footnotes":""},"categories":[89],"tags":[213],"class_list":["post-1247923","post","type-post","status-publish","format-standard","hentry","category-romania","tag-curierul-ro"],"_links":{"self":[{"href":"https:\/\/analyse.optim.biz\/index.php?rest_route=\/wp\/v2\/posts\/1247923","targetHints":{"allow":["GET"]}}],"collection":[{"href":"https:\/\/analyse.optim.biz\/index.php?rest_route=\/wp\/v2\/posts"}],"about":[{"href":"https:\/\/analyse.optim.biz\/index.php?rest_route=\/wp\/v2\/types\/post"}],"author":[{"embeddable":true,"href":"https:\/\/analyse.optim.biz\/index.php?rest_route=\/wp\/v2\/users\/1"}],"replies":[{"embeddable":true,"href":"https:\/\/analyse.optim.biz\/index.php?rest_route=%2Fwp%2Fv2%2Fcomments&post=1247923"}],"version-history":[{"count":0,"href":"https:\/\/analyse.optim.biz\/index.php?rest_route=\/wp\/v2\/posts\/1247923\/revisions"}],"wp:attachment":[{"href":"https:\/\/analyse.optim.biz\/index.php?rest_route=%2Fwp%2Fv2%2Fmedia&parent=1247923"}],"wp:term":[{"taxonomy":"category","embeddable":true,"href":"https:\/\/analyse.optim.biz\/index.php?rest_route=%2Fwp%2Fv2%2Fcategories&post=1247923"},{"taxonomy":"post_tag","embeddable":true,"href":"https:\/\/analyse.optim.biz\/index.php?rest_route=%2Fwp%2Fv2%2Ftags&post=1247923"}],"curies":[{"name":"wp","href":"https:\/\/api.w.org\/{rel}","templated":true}]}}