{"id":1247649,"date":"2015-11-03T00:00:14","date_gmt":"2015-11-02T21:00:14","guid":{"rendered":"https:\/\/analyse.optim.biz\/?p=1247649"},"modified":"2015-11-03T00:00:14","modified_gmt":"2015-11-02T21:00:14","slug":"21-de-medalii-pentru-sectia-de-karate-a-clubului-sportiv-scolar","status":"publish","type":"post","link":"https:\/\/analyse.optim.biz\/?p=1247649","title":{"rendered":"21 de medalii pentru sec\u021bia de Karate a Clubului Sportiv \u0218colar"},"content":{"rendered":"<article id=\"64650\" class=\"post-64650 post type-post status-publish format-standard has-post-thumbnail hentry category-karate\">\n<header class=\"post-header\">\n<ul class=\"breadcrumbs\">\n<li><a href=\"https:\/\/www.curierul.ro\">Home<\/a><\/li>\n<li class=\"breadcrumbs-active .category-karate\"><a href=\"https:\/\/www.curierul.ro\/index.php?cat=61\">Karate<\/a><\/li>\n<li class=\"breadcrumbs-active .category-karate\">21 de medalii pentru sec\u021bia de Karate a Clubului Sportiv \u0218colar<\/li>\n<\/ul>\n<div class=\"featured-photo\"><img loading=\"lazy\" decoding=\"async\" width=\"960\" height=\"717\" src=\"https:\/\/i0.wp.com\/www.curierul.ro\/wp-content\/uploads\/2015\/11\/Karate.jpg?fit=300%2C224&amp;ssl=1\" class=\"attachment-single size-single wp-post-image\" alt><\/div>\n<h1 class=\"headline\">21 de medalii pentru sec\u021bia de Karate a Clubului Sportiv \u0218colar<\/h1>\n<p class=\"byline\">\n\t\tScris de<a href=\"https:\/\/www.curierul.ro\/author\/valim\/\">Valentin<\/a>, \t\t3 noiembrie 2015\t\t\t\t<\/p>\n<hr>\n<\/header>\n<p><strong><em>\u2022 zece dintre acestea au fost de aur<\/em><\/strong><\/p>\n<p>La finalul lunii octombrie, municipiul F\u0103g\u0103ra\u0219 din jude\u021bul Bra\u0219ov a g\u0103zduit o important\u0103 competi\u021bie de karate, destinat\u0103 tuturor categoriilor de v\u00e2rst\u0103. Este vorba despre competi\u021bia Cupa Rom\u00e2niei, versiunea S.K.I., \u00eentrecerea fiind destinat\u0103 copiilor, minicade\u021bilor, cade\u021bilor, juniorilor \u0219i seniorilor. La concurs au fost prezente 13 cluburi din \u00eentreaga \u021bar\u0103, fiind \u00eenscri\u0219i 326 de sportivi. Printre ace\u0219tia s-au num\u0103rat \u0219i 20 de tineri practican\u021bi ai karatelor, legitima\u021bi la Clubul Sportiv \u0218colar Municipiul R\u00e2mnicu V\u00e2lcea. Elevii profesorului Mihai Ioni\u021b\u0103 au avut evolu\u021bii foarte bune pe parcursul desf\u0103\u0219ur\u0103rii competi\u021biei, reu\u0219ind s\u0103 \u00ee\u0219i adjudece nu mai pu\u021bin de 21 de medalii. Dintre acestea, zece au fost de aur, \u0219ase de argint, iar alte cinci de bronz.<br \/>\n\u00cen r\u00e2ndurile urm\u0103toare, red\u0103m lista cu numele sportivilor care s-au f\u0103cut remarca\u021bi la aceast\u0103 edi\u021bie a Cupei Rom\u00e2niei.<br \/>\nMedalii de aur: Andrei Daniel Cruceru \u2013 kata individual juniori \u0219i kumite individual juniori, Elena Andreea T\u00e2rcob \u2013 kumite individual juniori, Alexandru Florin \u0218uiu \u2013 kumite individual cade\u021bi, Diana Teodora Cotescu \u2013 kumite individual cade\u021bi, Andrada Ioana Popescu \u2013 kumite individual minicade\u021bi, Sorana Gabriela Vi\u0219an \u2013 kumite individual copii II \u0219i kata individual copii II, Florin Cristian Nechitescu \u2013 kumite individual copii II \u0219i \u0218tefan Severian Gabriel Fund\u0103tureanu \u2013 kumite individual copii II.<br \/>\nMedalii de argint: Andreea Maria Cojan \u2013 kumite individual juniori, Elena C\u0103t\u0103lina Cump\u0103n\u0103\u0219oiu \u2013 kumite individual cade\u021bi, R\u0103ducu Gabriel Cruceru \u2013 kumite individual cade\u021bi, Romeo Antonio Totelecan \u2013 kumite individual cade\u021bi, Grigoriu \u0218tefan Anton \u2013 kumite individual copii III \u0219i Gabriel Alexandru Tisanu \u2013 kumite individual copii II.<br \/>\nMedalii de bronz: Lauren\u021biu Gabriel Simion \u2013 kumite individual juniori, Bianca Maria Popescu \u2013 individual juniori, Robert Gabriel \u0218erban \u2013 kumite individual cade\u021bi, \u0218tefan Anton Grigoriu \u2013 kata individual copii III \u0219i Florin Cristian Nechitescu \u2013 kata individual copii II.<\/p>\n<div class=\"sharedaddy sd-sharing-enabled\">\n<div class=\"robots-nocontent sd-block sd-social sd-social-official sd-sharing\">\n<h3 class=\"sd-title\">Distribuie pe:<\/h3>\n<div class=\"sd-content\">\n<ul>\n<li class=\"share-facebook\">\n<li class=\"share-twitter\"><a href=\"https:\/\/twitter.com\/share\" class=\"twitter-share-button\" data-url=\"https:\/\/www.curierul.ro\/21-de-medalii-pentru-sectia-de-karate-a-clubului-sportiv-scolar\/\" data-text=\"21 de medalii pentru sec\u021bia de Karate a Clubului Sportiv \u0218colar\" data-via=\"curierulvl\">Tweet<\/a><\/li>\n<li class=\"share-jetpack-whatsapp\"><a rel=\"nofollow noopener noreferrer\" data-shared=\"sharing-whatsapp-64650\" class=\"share-jetpack-whatsapp sd-button\" href=\"https:\/\/www.curierul.ro\/21-de-medalii-pentru-sectia-de-karate-a-clubului-sportiv-scolar\/?share=jetpack-whatsapp\" target=\"_blank\" aria-labelledby=\"sharing-whatsapp-64650\"><span id=\"sharing-whatsapp-64650\" hidden>D\u0103 clic pentru partajare pe WhatsApp(Se deschide \u00eentr-o fereastr\u0103 nou\u0103)<\/span><span>WhatsApp<\/span><\/a><\/li>\n<li><a href=\"https:\/\/www.curierul.ro\/21-de-medalii-pentru-sectia-de-karate-a-clubului-sportiv-scolar\/\" class=\"sharing-anchor sd-button share-more\"><span>Mai mult<\/span><\/a><\/li>\n<li class=\"share-end\"><\/ul>\n<div class=\"sharing-hidden\">\n<div class=\"inner\">\n<ul>\n<li class=\"share-email\"><a rel=\"nofollow noopener noreferrer\" data-shared=\"sharing-email-64650\" class=\"share-email sd-button\" href=\"mailto:?subject=%5BArticol%20partajat%5D%2021%20de%20medalii%20pentru%20sec%C8%9Bia%20de%20Karate%20a%20Clubului%20Sportiv%20%C8%98colar&amp;body=https%3A%2F%2Fwww.curierul.ro%2F21-de-medalii-pentru-sectia-de-karate-a-clubului-sportiv-scolar%2F&amp;share=email\" target=\"_blank\" aria-labelledby=\"sharing-email-64650\" data-email-share-error-title=\"\u021ai-ai configurat emailul?\" data-email-share-error-text=\"Dac\u0103 ai probleme la partajarea prin email, probabil nu ai configurat emailul pentru navigator. Poate trebuie s\u0103 creezi singur un email nou.\" data-email-share-nonce=\"540b2e656c\" data-email-share-track-url=\"https:\/\/www.curierul.ro\/21-de-medalii-pentru-sectia-de-karate-a-clubului-sportiv-scolar\/?share=email\"><span id=\"sharing-email-64650\" hidden>D\u0103 clic pentru a trimite o leg\u0103tur\u0103 prin email unui prieten(Se deschide \u00eentr-o fereastr\u0103 nou\u0103)<\/span><span>Email<\/span><\/a><\/li>\n<li class=\"share-print\"><a rel=\"nofollow noopener noreferrer\" data-shared=\"sharing-print-64650\" class=\"share-print sd-button\" href=\"https:\/\/www.curierul.ro\/21-de-medalii-pentru-sectia-de-karate-a-clubului-sportiv-scolar\/#print?share=print\" target=\"_blank\" aria-labelledby=\"sharing-print-64650\"><span id=\"sharing-print-64650\" hidden>D\u0103 clic pentru a imprima(Se deschide \u00eentr-o fereastr\u0103 nou\u0103)<\/span><span>Imprimare<\/span><\/a><\/li>\n<li class=\"share-end\"><\/ul>\n<\/div>\n<\/div>\n<\/div>\n<\/div>\n<\/div>\n<div id=\"jp-relatedposts\" class=\"jp-relatedposts\">\n<h3 class=\"jp-relatedposts-headline\"><em>Similare<\/em><\/h3>\n<\/div>\n<footer class=\"post-footer\">\n<div class=\"post-navigation clearfix\">\n<div class=\"previous-post\">\n<div class=\"featured-photo\"><img loading=\"lazy\" decoding=\"async\" width=\"3888\" height=\"2592\" src=\"https:\/\/i0.wp.com\/www.curierul.ro\/wp-content\/uploads\/2015\/10\/sedinta_CL.jpg?fit=300%2C200&amp;ssl=1\" class=\"attachment-post-thumbnail size-post-thumbnail wp-post-image\" alt><\/div>\n<p class=\"paginate-title\">\u00ab\u00ab <a href=\"https:\/\/www.curierul.ro\/un-punct-pe-odinea-de-zi-votat\/\" rel=\"prev\">Un punct pe odinea de zi \u2013 votat<\/a><\/p>\n<\/div>\n<div class=\"next-post\">\n<div class=\"featured-photo\"><img decoding=\"async\" width=\"1632\" height=\"1224\" src=\"https:\/\/i0.wp.com\/www.curierul.ro\/wp-content\/uploads\/2015\/11\/lungesti.jpg?fit=300%2C225&amp;ssl=1\" class=\"attachment-post-thumbnail size-post-thumbnail wp-post-image\" alt loading=\"lazy\"><\/div>\n<p class=\"paginate-title\"><a href=\"https:\/\/www.curierul.ro\/consiliul-local-lungesti-este-blocat\/\" rel=\"next\">Consiliul Local Lunge\u015fti este blocat!<\/a> \u00bb\u00bb<\/p>\n<\/div>\n<\/div>\n<div id=\"comments\" class=\"comments-area\">\n<div id=\"respond\" class=\"comment-respond\">\n<h3 id=\"reply-title\" class=\"comment-reply-title\">Po\u021bi comenta aici<small><a rel=\"nofollow\" id=\"cancel-comment-reply-link\" href=\"https:\/\/www.curierul.ro\/21-de-medalii-pentru-sectia-de-karate-a-clubului-sportiv-scolar\/#respond\">Anuleaz\u0103 r\u0103spunsul<\/a><\/small><\/h3>\n<\/div>\n<p class=\"akismet_comment_form_privacy_notice\">Acest site folose\u0219te Akismet pentru a reduce spamul. <a href=\"https:\/\/akismet.com\/privacy\/\" target=\"_blank\" rel=\"nofollow noopener\">Afl\u0103 cum sunt procesate datele comentariilor tale<\/a>.<\/p>\n<\/div>\n<section class=\"latest-category clearfix\">\n<h2 class=\"title\">More Stories From Karate<\/h2>\n<div class=\"stories-container\">\n<article id=\"related-194705\" class=\"story post-194705 post type-post status-publish format-standard has-post-thumbnail hentry category-actualitate category-box category-karate category-lupte-greco-romane category-sport tag-bani-putini tag-competitii tag-css-rm-valcea tag-determinare tag-mihai-ionita-2 tag-munca-2 tag-performanta\">\n<div class=\"photo\"><img decoding=\"async\" width=\"470\" height=\"440\" src=\"https:\/\/i0.wp.com\/www.curierul.ro\/wp-content\/uploads\/2025\/09\/Ionita-e1758529566902.jpeg?fit=272%2C300&amp;ssl=1\" class=\"attachment-giornalismo-single size-giornalismo-single wp-post-image\" alt loading=\"lazy\"><\/div>\n<p class=\"headline\"><a href=\"https:\/\/www.curierul.ro\/css-rm-valcea-performanta-cu-bani-putini-dar-cu-determinare-si-multa-munca\/\">CS\u0218 Rm. V\u00e2lcea, performan\u021b\u0103 cu bani pu\u021bini, dar cu determinare \u0219i mult\u0103 munc\u0103<\/a><\/p>\n<\/article>\n<article id=\"related-192679\" class=\"story post-192679 post type-post status-publish format-standard has-post-thumbnail hentry category-headlines category-karate category-sport tag-campioana-2 tag-kata tag-nationala-2 tag-senioare tag-sorana-visan\">\n<div class=\"photo\"><img decoding=\"async\" width=\"735\" height=\"440\" src=\"https:\/\/i0.wp.com\/www.curierul.ro\/wp-content\/uploads\/2025\/04\/Ionita-1.jpg?fit=300%2C178&amp;ssl=1\" class=\"attachment-giornalismo-single size-giornalismo-single wp-post-image\" alt loading=\"lazy\"><\/div>\n<p class=\"headline\"><a href=\"https:\/\/www.curierul.ro\/sorana-visan-campioana-nationala-la-senioare-kata-individual\/\">V\u00e2lceanca Sorana Vi\u0219an \u2013 campioan\u0103 na\u021bional\u0103 la senioare \u2013 kata individual<\/a><\/p>\n<\/article>\n<article id=\"related-192498\" class=\"story post-192498 post type-post status-publish format-standard has-post-thumbnail hentry category-karate category-sport tag-campionatul-national-de-karate-2 tag-ionita-sport-center tag-medalii tag-shotokan\">\n<div class=\"photo\"><img decoding=\"async\" width=\"600\" height=\"440\" src=\"https:\/\/i0.wp.com\/www.curierul.ro\/wp-content\/uploads\/2025\/03\/Ionita-sport-1.jpg?fit=300%2C225&amp;ssl=1\" class=\"attachment-giornalismo-single size-giornalismo-single wp-post-image\" alt loading=\"lazy\"><\/div>\n<p class=\"headline\"><a href=\"https:\/\/www.curierul.ro\/ionita-sport-center-31-de-medalii-la-campionatul-national-de-karate-shotokan\/\">Ioni\u021b\u0103 Sport Center, 31 de medalii la Campionatul Na\u021bional de Karate Shotokan<\/a><\/p>\n<\/article>\n<\/div>\n<\/section>\n<section class=\"author-bio clearfix\">\n<div class=\"mug-shot\"><img decoding=\"async\" alt src=\"https:\/\/secure.gravatar.com\/avatar\/b50529fae6e43fb78b11aa5bc5c6b59210d5867ee55398f95223c6fc97e64b52?s=96&amp;d=mm&amp;r=g\" class=\"avatar avatar-96 photo\" height=\"96\" width=\"96\" loading=\"lazy\"><\/div>\n<div class=\"author-info\">\n<p class=\"title\">About Valentin, <\/p>\n<div class=\"author-social-area\"><a href=\"mailto:valentinmateescu@curierul.ro\"><span class=\"fal fa-envelope\"><span class=\"screen-reader-text\">Email the Author<\/span><\/span><\/a><\/div>\n<\/div>\n<\/section>\n<\/footer>\n<\/article>\n<article id=\"related-194705\" class=\"story post-194705 post type-post status-publish format-standard has-post-thumbnail hentry category-actualitate category-box category-karate category-lupte-greco-romane category-sport tag-bani-putini tag-competitii tag-css-rm-valcea tag-determinare tag-mihai-ionita-2 tag-munca-2 tag-performanta\">\n<div class=\"photo\"><img decoding=\"async\" width=\"470\" height=\"440\" src=\"https:\/\/i0.wp.com\/www.curierul.ro\/wp-content\/uploads\/2025\/09\/Ionita-e1758529566902.jpeg?fit=272%2C300&amp;ssl=1\" class=\"attachment-giornalismo-single size-giornalismo-single wp-post-image\" alt loading=\"lazy\"><\/div>\n<p class=\"headline\"><a href=\"https:\/\/www.curierul.ro\/css-rm-valcea-performanta-cu-bani-putini-dar-cu-determinare-si-multa-munca\/\">CS\u0218 Rm. V\u00e2lcea, performan\u021b\u0103 cu bani pu\u021bini, dar cu determinare \u0219i mult\u0103 munc\u0103<\/a><\/p>\n<\/article>\n<article id=\"related-192679\" class=\"story post-192679 post type-post status-publish format-standard has-post-thumbnail hentry category-headlines category-karate category-sport tag-campioana-2 tag-kata tag-nationala-2 tag-senioare tag-sorana-visan\">\n<div class=\"photo\"><img decoding=\"async\" width=\"735\" height=\"440\" src=\"https:\/\/i0.wp.com\/www.curierul.ro\/wp-content\/uploads\/2025\/04\/Ionita-1.jpg?fit=300%2C178&amp;ssl=1\" class=\"attachment-giornalismo-single size-giornalismo-single wp-post-image\" alt loading=\"lazy\"><\/div>\n<p class=\"headline\"><a href=\"https:\/\/www.curierul.ro\/sorana-visan-campioana-nationala-la-senioare-kata-individual\/\">V\u00e2lceanca Sorana Vi\u0219an \u2013 campioan\u0103 na\u021bional\u0103 la senioare \u2013 kata individual<\/a><\/p>\n<\/article>\n<article id=\"related-192498\" class=\"story post-192498 post type-post status-publish format-standard has-post-thumbnail hentry category-karate category-sport tag-campionatul-national-de-karate-2 tag-ionita-sport-center tag-medalii tag-shotokan\">\n<div class=\"photo\"><img decoding=\"async\" width=\"600\" height=\"440\" src=\"https:\/\/i0.wp.com\/www.curierul.ro\/wp-content\/uploads\/2025\/03\/Ionita-sport-1.jpg?fit=300%2C225&amp;ssl=1\" class=\"attachment-giornalismo-single size-giornalismo-single wp-post-image\" alt loading=\"lazy\"><\/div>\n<p class=\"headline\"><a href=\"https:\/\/www.curierul.ro\/ionita-sport-center-31-de-medalii-la-campionatul-national-de-karate-shotokan\/\">Ioni\u021b\u0103 Sport Center, 31 de medalii la Campionatul Na\u021bional de Karate Shotokan<\/a><\/p>\n<\/article>\n<p> Source URL: https:\/\/www.curierul.ro\/21-de-medalii-pentru-sectia-de-karate-a-clubului-sportiv-scolar\/<\/p>\n","protected":false},"excerpt":{"rendered":"<p>Home Karate 21 de medalii pentru sec\u021bia de Karate a Clubului Sportiv \u0218colar 21 de medalii pentru sec\u021bia de Karate a Clubului Sportiv \u0218colar Scris deValentin, 3 noiembrie 2015 \u2022 zece dintre acestea au fost de aur La finalul lunii octombrie, municipiul F\u0103g\u0103ra\u0219 din jude\u021bul Bra\u0219ov a g\u0103zduit o important\u0103 competi\u021bie de karate, destinat\u0103 tuturor [&hellip;]<\/p>\n","protected":false},"author":1,"featured_media":0,"comment_status":"open","ping_status":"","sticky":false,"template":"","format":"standard","meta":{"footnotes":""},"categories":[89],"tags":[213],"class_list":["post-1247649","post","type-post","status-publish","format-standard","hentry","category-romania","tag-curierul-ro"],"_links":{"self":[{"href":"https:\/\/analyse.optim.biz\/index.php?rest_route=\/wp\/v2\/posts\/1247649","targetHints":{"allow":["GET"]}}],"collection":[{"href":"https:\/\/analyse.optim.biz\/index.php?rest_route=\/wp\/v2\/posts"}],"about":[{"href":"https:\/\/analyse.optim.biz\/index.php?rest_route=\/wp\/v2\/types\/post"}],"author":[{"embeddable":true,"href":"https:\/\/analyse.optim.biz\/index.php?rest_route=\/wp\/v2\/users\/1"}],"replies":[{"embeddable":true,"href":"https:\/\/analyse.optim.biz\/index.php?rest_route=%2Fwp%2Fv2%2Fcomments&post=1247649"}],"version-history":[{"count":0,"href":"https:\/\/analyse.optim.biz\/index.php?rest_route=\/wp\/v2\/posts\/1247649\/revisions"}],"wp:attachment":[{"href":"https:\/\/analyse.optim.biz\/index.php?rest_route=%2Fwp%2Fv2%2Fmedia&parent=1247649"}],"wp:term":[{"taxonomy":"category","embeddable":true,"href":"https:\/\/analyse.optim.biz\/index.php?rest_route=%2Fwp%2Fv2%2Fcategories&post=1247649"},{"taxonomy":"post_tag","embeddable":true,"href":"https:\/\/analyse.optim.biz\/index.php?rest_route=%2Fwp%2Fv2%2Ftags&post=1247649"}],"curies":[{"name":"wp","href":"https:\/\/api.w.org\/{rel}","templated":true}]}}