{"id":1247643,"date":"2015-11-03T00:00:41","date_gmt":"2015-11-02T21:00:41","guid":{"rendered":"https:\/\/analyse.optim.biz\/?p=1247643"},"modified":"2015-11-03T00:00:41","modified_gmt":"2015-11-02T21:00:41","slug":"sunt-multumit-de-evolutia-sportivilor-nostri","status":"publish","type":"post","link":"https:\/\/analyse.optim.biz\/?p=1247643","title":{"rendered":"\u201eSunt mul\u021bumit de evolu\u021bia sportivilor no\u0219tri\u201d"},"content":{"rendered":"<article id=\"64653\" class=\"post-64653 post type-post status-publish format-standard has-post-thumbnail hentry category-karate tag-css-ramnicu-valcea tag-cupa-romaniei tag-director-mihai-ionita tag-medalii tag-sectia-karate\">\n<header class=\"post-header\">\n<ul class=\"breadcrumbs\">\n<li><a href=\"https:\/\/www.curierul.ro\">Home<\/a><\/li>\n<li class=\"breadcrumbs-active .category-karate\"><a href=\"https:\/\/www.curierul.ro\/index.php?cat=61\">Karate<\/a><\/li>\n<li class=\"breadcrumbs-active .category-karate\">\u201eSunt mul\u021bumit de evolu\u021bia sportivilor no\u0219tri\u201d<\/li>\n<\/ul>\n<div class=\"featured-photo\"><img loading=\"lazy\" decoding=\"async\" width=\"3888\" height=\"2592\" src=\"https:\/\/i0.wp.com\/www.curierul.ro\/wp-content\/uploads\/2015\/11\/Ionita.jpg?fit=300%2C200&amp;ssl=1\" class=\"attachment-single size-single wp-post-image\" alt><\/div>\n<h1 class=\"headline\">\u201eSunt mul\u021bumit de evolu\u021bia sportivilor no\u0219tri\u201d<\/h1>\n<p class=\"byline\">\n\t\tScris de<a href=\"https:\/\/www.curierul.ro\/author\/valim\/\">Valentin<\/a>, \t\t3 noiembrie 2015\t\t\t\t<\/p>\n<hr>\n<\/header>\n<p><strong><em>\u2022 ne-a declarat profesorul Mihai Ioni\u021b\u0103<\/em><\/strong><\/p>\n<p>La finalul concursului de Cupa Rom\u00e2niei, antrenorul sec\u021biei de karate a CS\u0218 R\u00e2mnicu V\u00e2lcea, \u0219i totodat\u0103 directorul acestei institu\u021bii, ne-a oferit c\u00e2teva declara\u021bii. Mihai Ioni\u021b\u0103 a apreciat eforturile depuse de c\u0103tre elevii s\u0103i \u0219i i-a felicitat pe ace\u0219tia pentru medaliile ob\u021binute. \u201eNe-am comportat foarte bine pe parcursul desf\u0103\u0219ur\u0103rii \u00eentrecerii de Cupa Rom\u00e2niei. Pot s\u0103 spun, f\u0103r\u0103 s\u0103 exagerez cu nimic, c\u0103 sunt mul\u021bumit de rezultatele ob\u021binute \u0219i num\u0103rul total al medaliilor. To\u021bi sportivii no\u0219tri \u00eenscri\u0219i \u00een concurs au ar\u0103tat c\u0103 \u00ee\u0219i doresc s\u0103 c\u00e2\u0219tige medalii. Iar pentru aceast\u0103 atitudine nu pot dec\u00e2t s\u0103 \u00eei felicit \u0219i s\u0103 le urez mult succes pe mai departe\u201d, a precizat profesorul Mihai Ioni\u021b\u0103.<\/p>\n<div class=\"sharedaddy sd-sharing-enabled\">\n<div class=\"robots-nocontent sd-block sd-social sd-social-official sd-sharing\">\n<h3 class=\"sd-title\">Distribuie pe:<\/h3>\n<div class=\"sd-content\">\n<ul>\n<li class=\"share-facebook\">\n<li class=\"share-twitter\"><a href=\"https:\/\/twitter.com\/share\" class=\"twitter-share-button\" data-url=\"https:\/\/www.curierul.ro\/sunt-multumit-de-evolutia-sportivilor-nostri\/\" data-text=\"\u201eSunt mul\u021bumit de evolu\u021bia sportivilor no\u0219tri\u201d\" data-via=\"curierulvl\">Tweet<\/a><\/li>\n<li class=\"share-jetpack-whatsapp\"><a rel=\"nofollow noopener noreferrer\" data-shared=\"sharing-whatsapp-64653\" class=\"share-jetpack-whatsapp sd-button\" href=\"https:\/\/www.curierul.ro\/sunt-multumit-de-evolutia-sportivilor-nostri\/?share=jetpack-whatsapp\" target=\"_blank\" aria-labelledby=\"sharing-whatsapp-64653\"><span id=\"sharing-whatsapp-64653\" hidden>D\u0103 clic pentru partajare pe WhatsApp(Se deschide \u00eentr-o fereastr\u0103 nou\u0103)<\/span><span>WhatsApp<\/span><\/a><\/li>\n<li><a href=\"https:\/\/www.curierul.ro\/sunt-multumit-de-evolutia-sportivilor-nostri\/\" class=\"sharing-anchor sd-button share-more\"><span>Mai mult<\/span><\/a><\/li>\n<li class=\"share-end\"><\/ul>\n<div class=\"sharing-hidden\">\n<div class=\"inner\">\n<ul>\n<li class=\"share-email\"><a rel=\"nofollow noopener noreferrer\" data-shared=\"sharing-email-64653\" class=\"share-email sd-button\" href=\"mailto:?subject=%5BArticol%20partajat%5D%20%E2%80%9ESunt%20mul%C8%9Bumit%20de%20evolu%C8%9Bia%20sportivilor%20no%C8%99tri%E2%80%9D&amp;body=https%3A%2F%2Fwww.curierul.ro%2Fsunt-multumit-de-evolutia-sportivilor-nostri%2F&amp;share=email\" target=\"_blank\" aria-labelledby=\"sharing-email-64653\" data-email-share-error-title=\"\u021ai-ai configurat emailul?\" data-email-share-error-text=\"Dac\u0103 ai probleme la partajarea prin email, probabil nu ai configurat emailul pentru navigator. Poate trebuie s\u0103 creezi singur un email nou.\" data-email-share-nonce=\"e3dbc51c01\" data-email-share-track-url=\"https:\/\/www.curierul.ro\/sunt-multumit-de-evolutia-sportivilor-nostri\/?share=email\"><span id=\"sharing-email-64653\" hidden>D\u0103 clic pentru a trimite o leg\u0103tur\u0103 prin email unui prieten(Se deschide \u00eentr-o fereastr\u0103 nou\u0103)<\/span><span>Email<\/span><\/a><\/li>\n<li class=\"share-print\"><a rel=\"nofollow noopener noreferrer\" data-shared=\"sharing-print-64653\" class=\"share-print sd-button\" href=\"https:\/\/www.curierul.ro\/sunt-multumit-de-evolutia-sportivilor-nostri\/#print?share=print\" target=\"_blank\" aria-labelledby=\"sharing-print-64653\"><span id=\"sharing-print-64653\" hidden>D\u0103 clic pentru a imprima(Se deschide \u00eentr-o fereastr\u0103 nou\u0103)<\/span><span>Imprimare<\/span><\/a><\/li>\n<li class=\"share-end\"><\/ul>\n<\/div>\n<\/div>\n<\/div>\n<\/div>\n<\/div>\n<div id=\"jp-relatedposts\" class=\"jp-relatedposts\">\n<h3 class=\"jp-relatedposts-headline\"><em>Similare<\/em><\/h3>\n<\/div>\n<footer class=\"post-footer\">\n<p class=\"tags\"><strong>Tags: <\/strong><a href=\"https:\/\/www.curierul.ro\/tag\/css-ramnicu-valcea\/\" rel=\"tag\">CS\u015e R\u00e2mnicu V\u00e2lcea<\/a>, <a href=\"https:\/\/www.curierul.ro\/tag\/cupa-romaniei\/\" rel=\"tag\">Cupa Rom\u00e2niei<\/a>, <a href=\"https:\/\/www.curierul.ro\/tag\/director-mihai-ionita\/\" rel=\"tag\">director Mihai Ioni\u0163\u0103<\/a>, <a href=\"https:\/\/www.curierul.ro\/tag\/medalii\/\" rel=\"tag\">medalii<\/a>, <a href=\"https:\/\/www.curierul.ro\/tag\/sectia-karate\/\" rel=\"tag\">sec\u0163ia Karate<\/a><\/p>\n<div class=\"post-navigation clearfix\">\n<div class=\"previous-post\">\n<div class=\"featured-photo\"><img loading=\"lazy\" decoding=\"async\" width=\"3888\" height=\"2592\" src=\"https:\/\/i0.wp.com\/www.curierul.ro\/wp-content\/uploads\/2015\/11\/CSM1.jpg?fit=300%2C200&amp;ssl=1\" class=\"attachment-post-thumbnail size-post-thumbnail wp-post-image\" alt><\/div>\n<p class=\"paginate-title\">\u00ab\u00ab <a href=\"https:\/\/www.curierul.ro\/lupta-in-trei-pentru-suprematie-in-seria-vest\/\" rel=\"prev\">Lupt\u0103 \u00een trei pentru suprema\u021bie \u00een Seria Vest<\/a><\/p>\n<\/div>\n<div class=\"next-post\">\n<div class=\"featured-photo\"><img decoding=\"async\" width=\"600\" height=\"444\" src=\"https:\/\/i0.wp.com\/www.curierul.ro\/wp-content\/uploads\/2015\/05\/legume_si_fructe.jpg?fit=300%2C222&amp;ssl=1\" class=\"attachment-post-thumbnail size-post-thumbnail wp-post-image\" alt loading=\"lazy\"><\/div>\n<p class=\"paginate-title\"><a href=\"https:\/\/www.curierul.ro\/sc-mecica-prod-srl-primul-horticultor-al-valcii\/\" rel=\"next\">SC MECICA PROD SRL, primul horticultor al V\u00e2lcii<\/a> \u00bb\u00bb<\/p>\n<\/div>\n<\/div>\n<div id=\"comments\" class=\"comments-area\">\n<div id=\"respond\" class=\"comment-respond\">\n<h3 id=\"reply-title\" class=\"comment-reply-title\">Po\u021bi comenta aici<small><a rel=\"nofollow\" id=\"cancel-comment-reply-link\" href=\"https:\/\/www.curierul.ro\/sunt-multumit-de-evolutia-sportivilor-nostri\/#respond\">Anuleaz\u0103 r\u0103spunsul<\/a><\/small><\/h3>\n<\/div>\n<p class=\"akismet_comment_form_privacy_notice\">Acest site folose\u0219te Akismet pentru a reduce spamul. <a href=\"https:\/\/akismet.com\/privacy\/\" target=\"_blank\" rel=\"nofollow noopener\">Afl\u0103 cum sunt procesate datele comentariilor tale<\/a>.<\/p>\n<\/div>\n<section class=\"related-stories\">\n<h2>Related Stories<\/h2>\n<div class=\"stories-container\">\n<article id=\"latest-125251\" class=\"story post-125251 post type-post status-publish format-standard has-post-thumbnail hentry category-karate category-sport tag-campionat-european-oradea tag-cs-ionita-sport-center tag-css-ramnicu-valcea tag-esku-2020 tag-karateka-valceni\">\n<div class=\"photo\"><img decoding=\"async\" width=\"720\" height=\"440\" src=\"https:\/\/i0.wp.com\/www.curierul.ro\/wp-content\/uploads\/2020\/03\/CSS-KARATE-2020.jpg?fit=300%2C257&amp;ssl=1\" class=\"attachment-giornalismo-single size-giornalismo-single wp-post-image\" alt loading=\"lazy\"><\/div>\n<p class=\"headline\"><a href=\"https:\/\/www.curierul.ro\/la-campionatul-european-de-karate-e-s-k-u-de-la-oradea-sportivii-de-la-css-ramnicu-valcea-au-urcat-de-zece-ori-pe-podium\/\">La Campionatul European de Karate E.S.K.U. de la Oradea, sportivii de la CS\u0218 R\u00e2mnicu V\u00e2lcea au urcat de zece ori pe podium<\/a><\/p>\n<\/article>\n<article id=\"latest-116779\" class=\"story post-116779 post type-post status-publish format-standard has-post-thumbnail hentry category-karate category-sport tag-css-ramnicu-valcea tag-cupa-romaniei-shotokan-2019 tag-karateka-valceni tag-medalii tag-mihai-ionita\">\n<div class=\"photo\"><img decoding=\"async\" width=\"486\" height=\"368\" src=\"https:\/\/i0.wp.com\/www.curierul.ro\/wp-content\/uploads\/2019\/06\/CSS-KARATE.jpg?fit=300%2C227&amp;ssl=1\" class=\"attachment-giornalismo-single size-giornalismo-single wp-post-image\" alt loading=\"lazy\"><\/div>\n<p class=\"headline\"><a href=\"https:\/\/www.curierul.ro\/medalii-peste-medalii-pentru-sportivii-de-la-css\/\">Medalii peste medalii pentru sportivii de la CS\u0218<\/a><\/p>\n<\/article>\n<article id=\"latest-113759\" class=\"story post-113759 post type-post status-publish format-standard has-post-thumbnail hentry category-lupte-greco-romane category-sport tag-campionat-national-scolar tag-cornel-lupu tag-css-ramnicu-valcea tag-ilie-lupu tag-lupte-greco-romane\">\n<div class=\"photo\"><img decoding=\"async\" width=\"615\" height=\"427\" src=\"https:\/\/i0.wp.com\/www.curierul.ro\/wp-content\/uploads\/2019\/04\/CSS-LUPTE.jpg?fit=300%2C208&amp;ssl=1\" class=\"attachment-giornalismo-single size-giornalismo-single wp-post-image\" alt loading=\"lazy\"><\/div>\n<p class=\"headline\"><a href=\"https:\/\/www.curierul.ro\/sapte-sportivi-de-la-css-municipiul-ramnicu-valcea-vor-participa-la-finala-campionatului-national-scolar-de-lupte-greco-romane\/\">\u0218apte sportivi de la CS\u0218 Municipiul R\u00e2mnicu V\u00e2lcea vor participa la finala Campionatului Na\u021bional \u0218colar de lupte greco-romane<\/a><\/p>\n<\/article>\n<\/div>\n<\/section>\n<section class=\"latest-category clearfix\">\n<h2 class=\"title\">More Stories From Karate<\/h2>\n<div class=\"stories-container\">\n<article id=\"related-194705\" class=\"story post-194705 post type-post status-publish format-standard has-post-thumbnail hentry category-actualitate category-box category-karate category-lupte-greco-romane category-sport tag-bani-putini tag-competitii tag-css-rm-valcea tag-determinare tag-mihai-ionita-2 tag-munca-2 tag-performanta\">\n<div class=\"photo\"><img decoding=\"async\" width=\"470\" height=\"440\" src=\"https:\/\/i0.wp.com\/www.curierul.ro\/wp-content\/uploads\/2025\/09\/Ionita-e1758529566902.jpeg?fit=272%2C300&amp;ssl=1\" class=\"attachment-giornalismo-single size-giornalismo-single wp-post-image\" alt loading=\"lazy\"><\/div>\n<p class=\"headline\"><a href=\"https:\/\/www.curierul.ro\/css-rm-valcea-performanta-cu-bani-putini-dar-cu-determinare-si-multa-munca\/\">CS\u0218 Rm. V\u00e2lcea, performan\u021b\u0103 cu bani pu\u021bini, dar cu determinare \u0219i mult\u0103 munc\u0103<\/a><\/p>\n<\/article>\n<article id=\"related-192679\" class=\"story post-192679 post type-post status-publish format-standard has-post-thumbnail hentry category-headlines category-karate category-sport tag-campioana-2 tag-kata tag-nationala-2 tag-senioare tag-sorana-visan\">\n<div class=\"photo\"><img decoding=\"async\" width=\"735\" height=\"440\" src=\"https:\/\/i0.wp.com\/www.curierul.ro\/wp-content\/uploads\/2025\/04\/Ionita-1.jpg?fit=300%2C178&amp;ssl=1\" class=\"attachment-giornalismo-single size-giornalismo-single wp-post-image\" alt loading=\"lazy\"><\/div>\n<p class=\"headline\"><a href=\"https:\/\/www.curierul.ro\/sorana-visan-campioana-nationala-la-senioare-kata-individual\/\">V\u00e2lceanca Sorana Vi\u0219an \u2013 campioan\u0103 na\u021bional\u0103 la senioare \u2013 kata individual<\/a><\/p>\n<\/article>\n<article id=\"related-192498\" class=\"story post-192498 post type-post status-publish format-standard has-post-thumbnail hentry category-karate category-sport tag-campionatul-national-de-karate-2 tag-ionita-sport-center tag-medalii tag-shotokan\">\n<div class=\"photo\"><img decoding=\"async\" width=\"600\" height=\"440\" src=\"https:\/\/i0.wp.com\/www.curierul.ro\/wp-content\/uploads\/2025\/03\/Ionita-sport-1.jpg?fit=300%2C225&amp;ssl=1\" class=\"attachment-giornalismo-single size-giornalismo-single wp-post-image\" alt loading=\"lazy\"><\/div>\n<p class=\"headline\"><a href=\"https:\/\/www.curierul.ro\/ionita-sport-center-31-de-medalii-la-campionatul-national-de-karate-shotokan\/\">Ioni\u021b\u0103 Sport Center, 31 de medalii la Campionatul Na\u021bional de Karate Shotokan<\/a><\/p>\n<\/article>\n<\/div>\n<\/section>\n<section class=\"author-bio clearfix\">\n<div class=\"mug-shot\"><img decoding=\"async\" alt src=\"https:\/\/secure.gravatar.com\/avatar\/b50529fae6e43fb78b11aa5bc5c6b59210d5867ee55398f95223c6fc97e64b52?s=96&amp;d=mm&amp;r=g\" class=\"avatar avatar-96 photo\" height=\"96\" width=\"96\" loading=\"lazy\"><\/div>\n<div class=\"author-info\">\n<p class=\"title\">About Valentin, <\/p>\n<div class=\"author-social-area\"><a href=\"mailto:valentinmateescu@curierul.ro\"><span class=\"fal fa-envelope\"><span class=\"screen-reader-text\">Email the Author<\/span><\/span><\/a><\/div>\n<\/div>\n<\/section>\n<\/footer>\n<\/article>\n<article id=\"latest-125251\" class=\"story post-125251 post type-post status-publish format-standard has-post-thumbnail hentry category-karate category-sport tag-campionat-european-oradea tag-cs-ionita-sport-center tag-css-ramnicu-valcea tag-esku-2020 tag-karateka-valceni\">\n<div class=\"photo\"><img decoding=\"async\" width=\"720\" height=\"440\" src=\"https:\/\/i0.wp.com\/www.curierul.ro\/wp-content\/uploads\/2020\/03\/CSS-KARATE-2020.jpg?fit=300%2C257&amp;ssl=1\" class=\"attachment-giornalismo-single size-giornalismo-single wp-post-image\" alt loading=\"lazy\"><\/div>\n<p class=\"headline\"><a href=\"https:\/\/www.curierul.ro\/la-campionatul-european-de-karate-e-s-k-u-de-la-oradea-sportivii-de-la-css-ramnicu-valcea-au-urcat-de-zece-ori-pe-podium\/\">La Campionatul European de Karate E.S.K.U. de la Oradea, sportivii de la CS\u0218 R\u00e2mnicu V\u00e2lcea au urcat de zece ori pe podium<\/a><\/p>\n<\/article>\n<article id=\"latest-116779\" class=\"story post-116779 post type-post status-publish format-standard has-post-thumbnail hentry category-karate category-sport tag-css-ramnicu-valcea tag-cupa-romaniei-shotokan-2019 tag-karateka-valceni tag-medalii tag-mihai-ionita\">\n<div class=\"photo\"><img decoding=\"async\" width=\"486\" height=\"368\" src=\"https:\/\/i0.wp.com\/www.curierul.ro\/wp-content\/uploads\/2019\/06\/CSS-KARATE.jpg?fit=300%2C227&amp;ssl=1\" class=\"attachment-giornalismo-single size-giornalismo-single wp-post-image\" alt loading=\"lazy\"><\/div>\n<p class=\"headline\"><a href=\"https:\/\/www.curierul.ro\/medalii-peste-medalii-pentru-sportivii-de-la-css\/\">Medalii peste medalii pentru sportivii de la CS\u0218<\/a><\/p>\n<\/article>\n<article id=\"latest-113759\" class=\"story post-113759 post type-post status-publish format-standard has-post-thumbnail hentry category-lupte-greco-romane category-sport tag-campionat-national-scolar tag-cornel-lupu tag-css-ramnicu-valcea tag-ilie-lupu tag-lupte-greco-romane\">\n<div class=\"photo\"><img decoding=\"async\" width=\"615\" height=\"427\" src=\"https:\/\/i0.wp.com\/www.curierul.ro\/wp-content\/uploads\/2019\/04\/CSS-LUPTE.jpg?fit=300%2C208&amp;ssl=1\" class=\"attachment-giornalismo-single size-giornalismo-single wp-post-image\" alt loading=\"lazy\"><\/div>\n<p class=\"headline\"><a href=\"https:\/\/www.curierul.ro\/sapte-sportivi-de-la-css-municipiul-ramnicu-valcea-vor-participa-la-finala-campionatului-national-scolar-de-lupte-greco-romane\/\">\u0218apte sportivi de la CS\u0218 Municipiul R\u00e2mnicu V\u00e2lcea vor participa la finala Campionatului Na\u021bional \u0218colar de lupte greco-romane<\/a><\/p>\n<\/article>\n<article id=\"related-194705\" class=\"story post-194705 post type-post status-publish format-standard has-post-thumbnail hentry category-actualitate category-box category-karate category-lupte-greco-romane category-sport tag-bani-putini tag-competitii tag-css-rm-valcea tag-determinare tag-mihai-ionita-2 tag-munca-2 tag-performanta\">\n<div class=\"photo\"><img decoding=\"async\" width=\"470\" height=\"440\" src=\"https:\/\/i0.wp.com\/www.curierul.ro\/wp-content\/uploads\/2025\/09\/Ionita-e1758529566902.jpeg?fit=272%2C300&amp;ssl=1\" class=\"attachment-giornalismo-single size-giornalismo-single wp-post-image\" alt loading=\"lazy\"><\/div>\n<p class=\"headline\"><a href=\"https:\/\/www.curierul.ro\/css-rm-valcea-performanta-cu-bani-putini-dar-cu-determinare-si-multa-munca\/\">CS\u0218 Rm. V\u00e2lcea, performan\u021b\u0103 cu bani pu\u021bini, dar cu determinare \u0219i mult\u0103 munc\u0103<\/a><\/p>\n<\/article>\n<article id=\"related-192679\" class=\"story post-192679 post type-post status-publish format-standard has-post-thumbnail hentry category-headlines category-karate category-sport tag-campioana-2 tag-kata tag-nationala-2 tag-senioare tag-sorana-visan\">\n<div class=\"photo\"><img decoding=\"async\" width=\"735\" height=\"440\" src=\"https:\/\/i0.wp.com\/www.curierul.ro\/wp-content\/uploads\/2025\/04\/Ionita-1.jpg?fit=300%2C178&amp;ssl=1\" class=\"attachment-giornalismo-single size-giornalismo-single wp-post-image\" alt loading=\"lazy\"><\/div>\n<p class=\"headline\"><a href=\"https:\/\/www.curierul.ro\/sorana-visan-campioana-nationala-la-senioare-kata-individual\/\">V\u00e2lceanca Sorana Vi\u0219an \u2013 campioan\u0103 na\u021bional\u0103 la senioare \u2013 kata individual<\/a><\/p>\n<\/article>\n<article id=\"related-192498\" class=\"story post-192498 post type-post status-publish format-standard has-post-thumbnail hentry category-karate category-sport tag-campionatul-national-de-karate-2 tag-ionita-sport-center tag-medalii tag-shotokan\">\n<div class=\"photo\"><img decoding=\"async\" width=\"600\" height=\"440\" src=\"https:\/\/i0.wp.com\/www.curierul.ro\/wp-content\/uploads\/2025\/03\/Ionita-sport-1.jpg?fit=300%2C225&amp;ssl=1\" class=\"attachment-giornalismo-single size-giornalismo-single wp-post-image\" alt loading=\"lazy\"><\/div>\n<p class=\"headline\"><a href=\"https:\/\/www.curierul.ro\/ionita-sport-center-31-de-medalii-la-campionatul-national-de-karate-shotokan\/\">Ioni\u021b\u0103 Sport Center, 31 de medalii la Campionatul Na\u021bional de Karate Shotokan<\/a><\/p>\n<\/article>\n<p> Source URL: https:\/\/www.curierul.ro\/sunt-multumit-de-evolutia-sportivilor-nostri\/<\/p>\n","protected":false},"excerpt":{"rendered":"<p>Home Karate \u201eSunt mul\u021bumit de evolu\u021bia sportivilor no\u0219tri\u201d \u201eSunt mul\u021bumit de evolu\u021bia sportivilor no\u0219tri\u201d Scris deValentin, 3 noiembrie 2015 \u2022 ne-a declarat profesorul Mihai Ioni\u021b\u0103 La finalul concursului de Cupa Rom\u00e2niei, antrenorul sec\u021biei de karate a CS\u0218 R\u00e2mnicu V\u00e2lcea, \u0219i totodat\u0103 directorul acestei institu\u021bii, ne-a oferit c\u00e2teva declara\u021bii. Mihai Ioni\u021b\u0103 a apreciat eforturile depuse de [&hellip;]<\/p>\n","protected":false},"author":1,"featured_media":0,"comment_status":"open","ping_status":"","sticky":false,"template":"","format":"standard","meta":{"footnotes":""},"categories":[89],"tags":[213],"class_list":["post-1247643","post","type-post","status-publish","format-standard","hentry","category-romania","tag-curierul-ro"],"_links":{"self":[{"href":"https:\/\/analyse.optim.biz\/index.php?rest_route=\/wp\/v2\/posts\/1247643","targetHints":{"allow":["GET"]}}],"collection":[{"href":"https:\/\/analyse.optim.biz\/index.php?rest_route=\/wp\/v2\/posts"}],"about":[{"href":"https:\/\/analyse.optim.biz\/index.php?rest_route=\/wp\/v2\/types\/post"}],"author":[{"embeddable":true,"href":"https:\/\/analyse.optim.biz\/index.php?rest_route=\/wp\/v2\/users\/1"}],"replies":[{"embeddable":true,"href":"https:\/\/analyse.optim.biz\/index.php?rest_route=%2Fwp%2Fv2%2Fcomments&post=1247643"}],"version-history":[{"count":0,"href":"https:\/\/analyse.optim.biz\/index.php?rest_route=\/wp\/v2\/posts\/1247643\/revisions"}],"wp:attachment":[{"href":"https:\/\/analyse.optim.biz\/index.php?rest_route=%2Fwp%2Fv2%2Fmedia&parent=1247643"}],"wp:term":[{"taxonomy":"category","embeddable":true,"href":"https:\/\/analyse.optim.biz\/index.php?rest_route=%2Fwp%2Fv2%2Fcategories&post=1247643"},{"taxonomy":"post_tag","embeddable":true,"href":"https:\/\/analyse.optim.biz\/index.php?rest_route=%2Fwp%2Fv2%2Ftags&post=1247643"}],"curies":[{"name":"wp","href":"https:\/\/api.w.org\/{rel}","templated":true}]}}