{"id":1245103,"date":"2016-01-09T08:58:03","date_gmt":"2016-01-09T05:58:03","guid":{"rendered":"https:\/\/analyse.optim.biz\/?p=1245103"},"modified":"2016-01-09T08:58:03","modified_gmt":"2016-01-09T05:58:03","slug":"pui-de-leu-crescut-in-birou-la-zoo-barlad-ziarul-de-vaslui","status":"publish","type":"post","link":"https:\/\/analyse.optim.biz\/?p=1245103","title":{"rendered":"Pui de leu crescut \u00een birou, la Zoo B\u00e2rlad &#8211; Ziarul de Vaslui"},"content":{"rendered":"<div class=\"entry-content clearfix\">\n<p class=\"articleLead mceAutoSelect\"><strong>Angaja\u021bii Gr\u0103dinii Zoologice din B\u00e2rlad lupt\u0103 de dou\u0103 luni \u0219i jum\u0103tate s\u0103 \u021bin\u0103 \u00een via\u021b\u0103 un pui de leu n\u0103scut \u00een captivitate. Puiul a fost p\u0103r\u0103sit de mam\u0103 imediat dup\u0103 na\u0219tere \u0219i a fost adoptat de angaja\u021bii parcului zoo. St\u0103 \u00eentr-un birou, unde cineva este \u00een permanen\u021b\u0103 cu el ca s\u0103 nu se simt\u0103 abandonat.<\/strong><\/p>\n<p>King Paraschiv s-a n\u0103scut pe 14 octombrie. A fost respins de mam\u0103, a\u0219a c\u0103 angaja\u021bii gr\u0103dinii zoologice au fost nevoi\u021bi s\u0103-l adopte chiar din prima zi de via\u021b\u0103. Responsabil de cre\u0219terea puiului de leu este Adrian, administratorul parcului zoo.\u00a0Felina s-a ata\u0219at deja de b\u0103rbat, mai ales c\u0103 st\u0103 chiar \u00een biroul lui.<\/p>\n<p>\u200e<span lang=\"ro-RO\">\u00cen primele 2 luni, King a fost hr\u0103nit din 3 \u00een 3 ore cu lapte. Acum m\u0103n\u00e2nc\u0103 de doar 2 ori pe zi, mai ales carne, pentru c\u0103 trebuie s\u0103 se obi\u0219nuiasc\u0103 cu regimul carnivor. \u00cen plus, prime\u0219te calciu \u0219i magneziu, ca s\u0103 se dezvolte normal, a\u0219a cum ar fi f\u0103cut-o dac\u0103 ar fi primit lapte matern.<\/span><\/p>\n<p>\u201e<span lang=\"ro-RO\">Acum, c\u00e2t este mic, comportamentul lui va fi oarecum umanizat, el va fi foarte prietenos cu oamenii din jur, dar odat\u0103 cu maturizarea \u00ee\u015fi redob\u00e2nde\u015fte instinctele naturale\u201d,\u00a0<\/span><span lang=\"en-US\">spune\u00a0<\/span><span lang=\"ro-RO\">Gheorghe Solcan, prodecanul Facult\u0103\u0163ii de Medicin\u0103 Veterinar\u0103 Ia\u015fi.<\/span><\/p>\n<p>\u201e\u00cen totalitate probabil niciodat\u0103 nu ne vom desprinde de aceasta prietenie, dar u\u0219or, u\u0219or el trebuie s\u0103 devin\u0103 ceea ce este, regele animalelor\u201d,\u00a0<span lang=\"en-US\">afirm<\/span>\u0103 Adrian C\u0103r\u0103b\u0103\u021b, administrator Gr\u0103dina Zoologic\u0103 B\u00e2rlad.<\/p>\n<p>C\u00e2nd s-a n\u0103scut avea doar 650 de grame, iar acum a ajuns deja la 6 kilograme. \u00cen perioada urm\u0103toare va lua \u0219i mai mult \u00een greutate, spun speciali\u0219tii, iar la maturitate va c\u00e2nt\u0103ri 250 de kilograme. Puiul va putea fi admirat de vizitatori cel mai probabil din prim\u0103var\u0103.<\/p>\n<p><a href=\"http:\/\/&lt;iframe%20src=%22http\/\/www.digi24.ro\/embed\/Stiri\/Digi24\/Actualitate\/Social\/Un+pui+de+leu+respins+de+mama+este+crescut+intr-un+birou+de+la+Z?video=1&amp;width=600&amp;height=400%22%20scrolling=%22no%22%20width=%22600%22%20height=%22400%22%3E%3C\/iframe%3E\"><\/a><\/p>\n<p>Sursa: Digi24<\/p>\n<aside class=\"mashsb-container mashsb-main \">\n<div class=\"mashsb-box\">\n<div class=\"mashsb-count mash-medium\">\n<div class=\"counts mashsbcount\">9<\/div>\n<p><span class=\"mashsb-sharetext\">SHARES<\/span><\/div>\n<div class=\"mashsb-buttons\"><a class=\"mashicon-facebook mash-medium mashsb-noshadow\" href=\"https:\/\/www.facebook.com\/sharer.php?u=https%3A%2F%2Fwww.ziaruldevaslui.ro%2Fpui-de-leu-crescut-in-birou-la-zoo-barlad%2F\" target=\"_top\" rel=\"nofollow\"><span class=\"text\">Share\u00a0pe\u00a0facebook<\/span><\/a><a class=\"mashicon-twitter mash-medium mashsb-noshadow\" href=\"https:\/\/twitter.com\/intent\/tweet?text=Pui%20de%20leu%20crescut%20%C3%AEn%20birou%2C%20la%20Zoo%20B%C3%A2rlad&amp;url=https:\/\/www.ziaruldevaslui.ro\/?p=1540\" target=\"_top\" rel=\"nofollow\"><span class=\"text\">Share\u00a0pe\u00a0twitter<\/span><\/a><\/div>\n<\/div>\n<\/aside>\n<\/div>\n<div class=\"entry-content\">\n<p>Ini\u021bial am crezut c\u0103 Ionel Sandu s-a apucat de Stand Up Comedy. Cu afacerile nu st\u0103 extraordinar, cu politica nici<\/p>\n<\/div>\n<p> Source URL: https:\/\/www.ziaruldevaslui.ro\/pui-de-leu-crescut-in-birou-la-zoo-barlad\/<\/p>\n","protected":false},"excerpt":{"rendered":"<p>Angaja\u021bii Gr\u0103dinii Zoologice din B\u00e2rlad lupt\u0103 de dou\u0103 luni \u0219i jum\u0103tate s\u0103 \u021bin\u0103 \u00een via\u021b\u0103 un pui de leu n\u0103scut \u00een captivitate. Puiul a fost p\u0103r\u0103sit de mam\u0103 imediat dup\u0103 na\u0219tere \u0219i a fost adoptat de angaja\u021bii parcului zoo. St\u0103 \u00eentr-un birou, unde cineva este \u00een permanen\u021b\u0103 cu el ca s\u0103 nu se simt\u0103 abandonat. [&hellip;]<\/p>\n","protected":false},"author":1,"featured_media":0,"comment_status":"open","ping_status":"","sticky":false,"template":"","format":"standard","meta":{"footnotes":""},"categories":[89],"tags":[218],"class_list":["post-1245103","post","type-post","status-publish","format-standard","hentry","category-romania","tag-ziaruldevaslui-ro"],"_links":{"self":[{"href":"https:\/\/analyse.optim.biz\/index.php?rest_route=\/wp\/v2\/posts\/1245103","targetHints":{"allow":["GET"]}}],"collection":[{"href":"https:\/\/analyse.optim.biz\/index.php?rest_route=\/wp\/v2\/posts"}],"about":[{"href":"https:\/\/analyse.optim.biz\/index.php?rest_route=\/wp\/v2\/types\/post"}],"author":[{"embeddable":true,"href":"https:\/\/analyse.optim.biz\/index.php?rest_route=\/wp\/v2\/users\/1"}],"replies":[{"embeddable":true,"href":"https:\/\/analyse.optim.biz\/index.php?rest_route=%2Fwp%2Fv2%2Fcomments&post=1245103"}],"version-history":[{"count":0,"href":"https:\/\/analyse.optim.biz\/index.php?rest_route=\/wp\/v2\/posts\/1245103\/revisions"}],"wp:attachment":[{"href":"https:\/\/analyse.optim.biz\/index.php?rest_route=%2Fwp%2Fv2%2Fmedia&parent=1245103"}],"wp:term":[{"taxonomy":"category","embeddable":true,"href":"https:\/\/analyse.optim.biz\/index.php?rest_route=%2Fwp%2Fv2%2Fcategories&post=1245103"},{"taxonomy":"post_tag","embeddable":true,"href":"https:\/\/analyse.optim.biz\/index.php?rest_route=%2Fwp%2Fv2%2Ftags&post=1245103"}],"curies":[{"name":"wp","href":"https:\/\/api.w.org\/{rel}","templated":true}]}}