{"id":1244776,"date":"2016-05-17T12:28:36","date_gmt":"2016-05-17T09:28:36","guid":{"rendered":"https:\/\/analyse.optim.biz\/?p=1244776"},"modified":"2016-05-17T12:28:36","modified_gmt":"2016-05-17T09:28:36","slug":"atentie-pesta-porcina-africana-la-granita-cu-ucraina-ziarul-de-vaslui","status":"publish","type":"post","link":"https:\/\/analyse.optim.biz\/?p=1244776","title":{"rendered":"Aten\u021bie! Pest\u0103 porcin\u0103 african\u0103 la grani\u0163a cu Ucraina &#8211; Ziarul de Vaslui"},"content":{"rendered":"<div class=\"entry-content clearfix\">\n<p>Pesta porcin\u0103 amenin\u0163\u0103 din nou jude\u0163ele din nord-estul \u0163\u0103rii. Toate t\u00e2rgurile \u015fi expozi\u0163iile de animale din zon\u0103 au fost \u00eenchise pe perioad\u0103 nedeterminat\u0103, iar la frontier\u0103 au fost intensificate controalele.<\/p>\n<p>Un focar de pest\u0103 porcin\u0103 africana la porcii domestici a fost confirmat \u00een Ucraina, \u00eentr-o zon\u0103 foarte apropiat\u0103 de Rom\u00e2nia \u015fi\u00a0 Republica Moldova. Pesta porcin\u0103 african\u0103 este o boal\u0103 viral\u0103, cu evolu\u0163ie rapid\u0103 \u015fi mortalitate de 100% pentru porcii care se \u00eemboln\u0103vesc.<\/p>\n<p>Pentru aceast\u0103 boal\u0103 nu exist\u0103 vaccin, singura cale de a feri animalele fiind respectarea unor m\u0103suri de protec\u0163ie. Pentru a ap\u0103ra porcii de aceast\u0103 boal\u0103, Autoritatea sanitar\u0103 veterinar\u0103 recomand\u0103 fermierilor s\u0103 nu intre cu \u00eenc\u0103l\u0163\u0103mintea \u015fi hainele de\u00a0 pe strad\u0103 \u00een ad\u0103posturile unde cresc porcii.<\/p>\n<p>Animalele trebuie crescute doar \u00een spa\u0163ii \u00eengr\u0103dite, f\u0103r\u0103 posibilitatea de a veni \u00een contact cu porci str\u0103ini, porci mistre\u0163i sau cu al\u0163i proprietari de porci domestici.\u00a0Focare de pest\u0103 porcin\u0103 au mai fost identificate anii trecu\u0163i \u015fi\u00a0 \u00een Italia, Letonia \u015fi Polonia.<\/p>\n<p>\u00a0<\/p>\n<aside class=\"mashsb-container mashsb-main \">\n<div class=\"mashsb-box\">\n<div class=\"mashsb-count mash-medium\">\n<div class=\"counts mashsbcount\">2<\/div>\n<p><span class=\"mashsb-sharetext\">SHARES<\/span><\/div>\n<div class=\"mashsb-buttons\"><a class=\"mashicon-facebook mash-medium mashsb-noshadow\" href=\"https:\/\/www.facebook.com\/sharer.php?u=https%3A%2F%2Fwww.ziaruldevaslui.ro%2Fatentie-pesta-porcina-africana-la-granita-cu-ucraina%2F\" target=\"_top\" rel=\"nofollow\"><span class=\"text\">Share\u00a0pe\u00a0facebook<\/span><\/a><a class=\"mashicon-twitter mash-medium mashsb-noshadow\" href=\"https:\/\/twitter.com\/intent\/tweet?text=Aten%C8%9Bie%21%20Pest%C4%83%20porcin%C4%83%20african%C4%83%20la%20grani%C5%A3a%20cu%20Ucraina&amp;url=https:\/\/www.ziaruldevaslui.ro\/?p=4461\" target=\"_top\" rel=\"nofollow\"><span class=\"text\">Share\u00a0pe\u00a0twitter<\/span><\/a><\/div>\n<\/div>\n<\/aside>\n<\/div>\n<div class=\"entry-content\">\n<p>Ini\u021bial am crezut c\u0103 Ionel Sandu s-a apucat de Stand Up Comedy. Cu afacerile nu st\u0103 extraordinar, cu politica nici<\/p>\n<\/div>\n<p> Source URL: https:\/\/www.ziaruldevaslui.ro\/atentie-pesta-porcina-africana-la-granita-cu-ucraina\/<\/p>\n","protected":false},"excerpt":{"rendered":"<p>Pesta porcin\u0103 amenin\u0163\u0103 din nou jude\u0163ele din nord-estul \u0163\u0103rii. Toate t\u00e2rgurile \u015fi expozi\u0163iile de animale din zon\u0103 au fost \u00eenchise pe perioad\u0103 nedeterminat\u0103, iar la frontier\u0103 au fost intensificate controalele. Un focar de pest\u0103 porcin\u0103 africana la porcii domestici a fost confirmat \u00een Ucraina, \u00eentr-o zon\u0103 foarte apropiat\u0103 de Rom\u00e2nia \u015fi\u00a0 Republica Moldova. Pesta porcin\u0103 [&hellip;]<\/p>\n","protected":false},"author":1,"featured_media":0,"comment_status":"open","ping_status":"","sticky":false,"template":"","format":"standard","meta":{"footnotes":""},"categories":[89],"tags":[218],"class_list":["post-1244776","post","type-post","status-publish","format-standard","hentry","category-romania","tag-ziaruldevaslui-ro"],"_links":{"self":[{"href":"https:\/\/analyse.optim.biz\/index.php?rest_route=\/wp\/v2\/posts\/1244776","targetHints":{"allow":["GET"]}}],"collection":[{"href":"https:\/\/analyse.optim.biz\/index.php?rest_route=\/wp\/v2\/posts"}],"about":[{"href":"https:\/\/analyse.optim.biz\/index.php?rest_route=\/wp\/v2\/types\/post"}],"author":[{"embeddable":true,"href":"https:\/\/analyse.optim.biz\/index.php?rest_route=\/wp\/v2\/users\/1"}],"replies":[{"embeddable":true,"href":"https:\/\/analyse.optim.biz\/index.php?rest_route=%2Fwp%2Fv2%2Fcomments&post=1244776"}],"version-history":[{"count":0,"href":"https:\/\/analyse.optim.biz\/index.php?rest_route=\/wp\/v2\/posts\/1244776\/revisions"}],"wp:attachment":[{"href":"https:\/\/analyse.optim.biz\/index.php?rest_route=%2Fwp%2Fv2%2Fmedia&parent=1244776"}],"wp:term":[{"taxonomy":"category","embeddable":true,"href":"https:\/\/analyse.optim.biz\/index.php?rest_route=%2Fwp%2Fv2%2Fcategories&post=1244776"},{"taxonomy":"post_tag","embeddable":true,"href":"https:\/\/analyse.optim.biz\/index.php?rest_route=%2Fwp%2Fv2%2Ftags&post=1244776"}],"curies":[{"name":"wp","href":"https:\/\/api.w.org\/{rel}","templated":true}]}}