{"id":1244404,"date":"2018-09-23T09:56:55","date_gmt":"2018-09-23T06:56:55","guid":{"rendered":"https:\/\/analyse.optim.biz\/?p=1244404"},"modified":"2018-09-23T09:56:55","modified_gmt":"2018-09-23T06:56:55","slug":"tanarul-boxer-razvan-neagoe-deposedat-de-sansa-de-a-merge-la-europene","status":"publish","type":"post","link":"https:\/\/analyse.optim.biz\/?p=1244404","title":{"rendered":"T\u00e2n\u0103rul boxer R\u0103zvan Neagoe, deposedat de \u0219ansa de a merge la Europene"},"content":{"rendered":"<article id=\"106164\" class=\"post-106164 post type-post status-publish format-standard has-post-thumbnail hentry category-box category-sport\">\n<header class=\"post-header\">\n<ul class=\"breadcrumbs\">\n<li><a href=\"https:\/\/www.curierul.ro\">Home<\/a><\/li>\n<li class=\"breadcrumbs-active .category-box\"><a href=\"https:\/\/www.curierul.ro\/index.php?cat=5\">Box<\/a><\/li>\n<li class=\"breadcrumbs-active .category-box\">T\u00e2n\u0103rul boxer R\u0103zvan Neagoe, deposedat de \u0219ansa de a merge la Europene<\/li>\n<\/ul>\n<div class=\"featured-photo\"><img loading=\"lazy\" decoding=\"async\" width=\"684\" height=\"628\" src=\"https:\/\/i0.wp.com\/www.curierul.ro\/wp-content\/uploads\/2018\/09\/razvan-e1537696598670.jpg?fit=300%2C275&amp;ssl=1\" class=\"attachment-single size-single wp-post-image\" alt><\/div>\n<h1 class=\"headline\">T\u00e2n\u0103rul boxer R\u0103zvan Neagoe, deposedat de \u0219ansa de a merge la Europene<\/h1>\n<p class=\"byline\">\n\t\tScris de<a href=\"https:\/\/www.curierul.ro\/author\/sebic\/\">Sebastian Iulian Circiu<\/a>, \t\t23 septembrie 2018\t\t\t\t<\/p>\n<hr>\n<\/header>\n<p>Pugilistul v\u00e2lcean R\u0103zvan Neagoe a fost extrem de aproape de lotul na\u021bional de box, care va participa, \u00een acest an, la Campionatul European din Rusia. Din p\u0103cate, sistemul bolnav din arbitrajul rom\u00e2nesc i-a t\u0103iat aceast\u0103 \u0219ans\u0103, iar t\u00e2n\u0103rul sportiv v\u00e2lcean s-a v\u0103zut nevoit s\u0103-\u0219i caute dreptatea la Federa\u021bia Rom\u00e2n\u0103 de Box.<br \/>\nIat\u0103 adresa \u00eenaintat\u0103 de acesta: <em>\u201eSubsemnatul Neagoe Dumitru R\u0103zvan, domiciliat \u00een B\u0103ile Ol\u0103ne\u0219ti, jude\u021bul V\u00e2lcea, sportiv legitimat la CS Chimia R\u00e2mnicu V\u00e2lcea, v\u0103 aduc la cuno\u0219tin\u021b\u0103 urm\u0103toarele: \u00een data de 6 septembrie, la Piatra Neam\u021b, s-a desf\u0103\u0219urat Campionatul na\u021bional de box pentru juniori. \u00cen cadrul acestei competi\u021bii, am concurat la categoria 80 kg, iar \u00een meciul \u00eempotriva sportivului Alexandru Macovei de la CSM Bac\u0103u am fost dezavantajat \u00een mod clar de c\u0103tre arbitrul de ring Cobzaru, care m-a avertizat de trei ori, toate aceste avertismente fiind acordate f\u0103r\u0103 motiv. Urmare a acestor avertismente nejustificate, am fost descalificat \u00een repriza a doua, pierz\u00e2nd astfel meciul. Precizez c\u0103 la cel de-al doilea avertisment al arbitrului de ring, supervizorul competitiei s-a ridicat de la masa oficial\u0103 \u0219i i-a cerut acestuia explica\u021bii. \u00cen mod surprinz\u0103tor, arbitrul de ring i-a f\u0103cut semn s\u0103 se a\u0219eze!!!! Dup\u0103 cel de-al doilea avertisment, \u00eentr-un moment \u00een care adversarul era \u00een col\u021bul ringului presat de mine, nemafiind lucid, arbitrul de ring a intervenit, din nou f\u0103r\u0103 un motiv justificat, acord\u00e2ndu-mi al treilea avertisment, \u00eencheindu-se astfel meciul. Ca dovad\u0103 c\u0103 cele ar\u0103tate sunt reale, meciul poate fi vizionat urm\u0103rind link-ul https:\/\/youtu.be\/3TotlxKVe7I. Urmare a acestui meci, pe care l-am pierdut doar din cauza deciziilor p\u0103rtinitoare ale arbitrului de ring, nu voi mai fi inclus \u00een lotul na\u021bional care va participa, \u00een acest an, la Campionatele Europene de box pentru juniori din Sankt Petersburg. Av\u00e2nd \u00een vedere cele de mai sus, v\u0103 solicit urm\u0103toarele: suspendarea arbitrului de ring, ale c\u0103rui decizii au fost total eronate \u00een meciul de la Piatra Neam\u021b; analizarea evolutiei mele \u00een cadrul lotului na\u021bional, precum \u0219i \u00een cadrul Cupei Rom\u00e2niei \u0219i \u00een cadrul Campionatului Na\u021bional, \u00een speran\u021ba c\u0103 voi putea primi \u0219ansa de a participa la Campionatul European de box pentru juniori\u201d<\/em>.<\/p>\n<div class=\"sharedaddy sd-sharing-enabled\">\n<div class=\"robots-nocontent sd-block sd-social sd-social-official sd-sharing\">\n<h3 class=\"sd-title\">Distribuie pe:<\/h3>\n<div class=\"sd-content\">\n<ul>\n<li class=\"share-facebook\">\n<li class=\"share-twitter\"><a href=\"https:\/\/twitter.com\/share\" class=\"twitter-share-button\" data-url=\"https:\/\/www.curierul.ro\/tanarul-boxer-razvan-neagoe-deposedat-de-sansa-de-a-merge-la-europene\/\" data-text=\"T\u00e2n\u0103rul boxer R\u0103zvan Neagoe, deposedat de \u0219ansa de a merge la Europene\" data-via=\"curierulvl\">Tweet<\/a><\/li>\n<li class=\"share-jetpack-whatsapp\"><a rel=\"nofollow noopener noreferrer\" data-shared=\"sharing-whatsapp-106164\" class=\"share-jetpack-whatsapp sd-button\" href=\"https:\/\/www.curierul.ro\/tanarul-boxer-razvan-neagoe-deposedat-de-sansa-de-a-merge-la-europene\/?share=jetpack-whatsapp\" target=\"_blank\" aria-labelledby=\"sharing-whatsapp-106164\"><span id=\"sharing-whatsapp-106164\" hidden>D\u0103 clic pentru partajare pe WhatsApp(Se deschide \u00eentr-o fereastr\u0103 nou\u0103)<\/span><span>WhatsApp<\/span><\/a><\/li>\n<li><a href=\"https:\/\/www.curierul.ro\/tanarul-boxer-razvan-neagoe-deposedat-de-sansa-de-a-merge-la-europene\/\" class=\"sharing-anchor sd-button share-more\"><span>Mai mult<\/span><\/a><\/li>\n<li class=\"share-end\"><\/ul>\n<div class=\"sharing-hidden\">\n<div class=\"inner\">\n<ul>\n<li class=\"share-email\"><a rel=\"nofollow noopener noreferrer\" data-shared=\"sharing-email-106164\" class=\"share-email sd-button\" href=\"mailto:?subject=%5BArticol%20partajat%5D%20T%C3%A2n%C4%83rul%20boxer%20R%C4%83zvan%20Neagoe%2C%20deposedat%20de%20%C8%99ansa%20de%20a%20merge%20la%20Europene&amp;body=https%3A%2F%2Fwww.curierul.ro%2Ftanarul-boxer-razvan-neagoe-deposedat-de-sansa-de-a-merge-la-europene%2F&amp;share=email\" target=\"_blank\" aria-labelledby=\"sharing-email-106164\" data-email-share-error-title=\"\u021ai-ai configurat emailul?\" data-email-share-error-text=\"Dac\u0103 ai probleme la partajarea prin email, probabil nu ai configurat emailul pentru navigator. Poate trebuie s\u0103 creezi singur un email nou.\" data-email-share-nonce=\"6bf6ca132b\" data-email-share-track-url=\"https:\/\/www.curierul.ro\/tanarul-boxer-razvan-neagoe-deposedat-de-sansa-de-a-merge-la-europene\/?share=email\"><span id=\"sharing-email-106164\" hidden>D\u0103 clic pentru a trimite o leg\u0103tur\u0103 prin email unui prieten(Se deschide \u00eentr-o fereastr\u0103 nou\u0103)<\/span><span>Email<\/span><\/a><\/li>\n<li class=\"share-print\"><a rel=\"nofollow noopener noreferrer\" data-shared=\"sharing-print-106164\" class=\"share-print sd-button\" href=\"https:\/\/www.curierul.ro\/tanarul-boxer-razvan-neagoe-deposedat-de-sansa-de-a-merge-la-europene\/#print?share=print\" target=\"_blank\" aria-labelledby=\"sharing-print-106164\"><span id=\"sharing-print-106164\" hidden>D\u0103 clic pentru a imprima(Se deschide \u00eentr-o fereastr\u0103 nou\u0103)<\/span><span>Imprimare<\/span><\/a><\/li>\n<li class=\"share-end\"><\/ul>\n<\/div>\n<\/div>\n<\/div>\n<\/div>\n<\/div>\n<div id=\"jp-relatedposts\" class=\"jp-relatedposts\">\n<h3 class=\"jp-relatedposts-headline\"><em>Similare<\/em><\/h3>\n<\/div>\n<footer class=\"post-footer\">\n<div class=\"post-navigation clearfix\">\n<div class=\"previous-post\">\n<div class=\"featured-photo\"><img loading=\"lazy\" decoding=\"async\" width=\"715\" height=\"540\" src=\"https:\/\/i0.wp.com\/www.curierul.ro\/wp-content\/uploads\/2017\/05\/TRACTOR-e1495788974815.jpg?fit=300%2C227&amp;ssl=1\" class=\"attachment-post-thumbnail size-post-thumbnail wp-post-image\" alt><\/div>\n<p class=\"paginate-title\">\u00ab\u00ab <a href=\"https:\/\/www.curierul.ro\/dotari-noi-la-zatreni\/\" rel=\"prev\">Dot\u0103ri noi la Z\u0103treni<\/a><\/p>\n<\/div>\n<div class=\"next-post\">\n<div class=\"featured-photo\"><img decoding=\"async\" width=\"1113\" height=\"753\" src=\"https:\/\/i0.wp.com\/www.curierul.ro\/wp-content\/uploads\/2018\/09\/SCM-SUPERCUPA-e1539097955527.jpg?fit=300%2C203&amp;ssl=1\" class=\"attachment-post-thumbnail size-post-thumbnail wp-post-image\" alt loading=\"lazy\"><\/div>\n<p class=\"paginate-title\"><a href=\"https:\/\/www.curierul.ro\/csm-bucuresti-si-scm-ramnicu-valcea-impart-fotoliul-de-lider-in-liga-florilor\/\" rel=\"next\">CSM Bucure\u0219ti \u0219i SCM R\u00e2mnicu V\u00e2lcea \u00eempart \u201efotoliul\u201d de lider \u00een Liga Florilor<\/a> \u00bb\u00bb<\/p>\n<\/div>\n<\/div>\n<section class=\"latest-category clearfix\">\n<h2 class=\"title\">More Stories From Box<\/h2>\n<div class=\"stories-container\">\n<article id=\"related-195751\" class=\"story post-195751 post type-post status-publish format-standard has-post-thumbnail hentry category-box category-headlines category-sport\">\n<div class=\"photo\"><img decoding=\"async\" width=\"735\" height=\"440\" src=\"https:\/\/i0.wp.com\/www.curierul.ro\/wp-content\/uploads\/2025\/12\/IMG-20251217-WA0023-1.jpg?fit=300%2C201&amp;ssl=1\" class=\"attachment-giornalismo-single size-giornalismo-single wp-post-image\" alt loading=\"lazy\"><\/div>\n<p class=\"headline\"><a href=\"https:\/\/www.curierul.ro\/andreea-timeea-tapu-a-castigat-medalia-de-argint-la-campionatele-europene-de-box-under-17\/\">ANDREEA TIMEEA \u021aAPU A CASTIGAT MEDALIA DE ARGINT LA CAMPIONATELE EUROPENE DE BOX UNDER 17<\/a><\/p>\n<\/article>\n<article id=\"related-195185\" class=\"story post-195185 post type-post status-publish format-standard has-post-thumbnail hentry category-box category-sport tag-bodescu tag-bubulendra tag-dynamite-fighting-show\">\n<div class=\"photo\"><img decoding=\"async\" width=\"735\" height=\"440\" src=\"https:\/\/i0.wp.com\/www.curierul.ro\/wp-content\/uploads\/2025\/10\/box.jpg?fit=300%2C200&amp;ssl=1\" class=\"attachment-giornalismo-single size-giornalismo-single wp-post-image\" alt loading=\"lazy\"><\/div>\n<p class=\"headline\"><a href=\"https:\/\/www.curierul.ro\/bodescu-versus-bubulendra-3-0-la-dynamite-fighting-show-pitesti\/\">Bodescu versus Bubulendra, 3-0, la Dynamite Fighting Show Pite\u0219ti<\/a><\/p>\n<\/article>\n<article id=\"related-195073\" class=\"story post-195073 post type-post status-publish format-standard has-post-thumbnail hentry category-box category-eveniment-social category-sport tag-bubulendra tag-dynamite-fighting-show tag-gabriel-becali-bodescu tag-kickboxing tag-pitesti-2\">\n<div class=\"photo\"><img decoding=\"async\" width=\"735\" height=\"440\" src=\"https:\/\/i0.wp.com\/www.curierul.ro\/wp-content\/uploads\/2025\/10\/Bodescu-e1760947778111.png?fit=199%2C300&amp;ssl=1\" class=\"attachment-giornalismo-single size-giornalismo-single wp-post-image\" alt loading=\"lazy\"><\/div>\n<p class=\"headline\"><a href=\"https:\/\/www.curierul.ro\/kickboxing-gala-de-exceptia-la-pitesti-valceanul-becali-versus-campionul-mondial-bubulendra\/\">Kickboxing \u2013 gal\u0103 de excep\u021bia la Pite\u0219ti \u2013  V\u00e2lceanul Becali versus campionul mondial Bubulendra<\/a><\/p>\n<\/article>\n<\/div>\n<\/section>\n<section class=\"author-bio clearfix\">\n<div class=\"mug-shot\"><img decoding=\"async\" alt src=\"https:\/\/secure.gravatar.com\/avatar\/d3eddb44d0e7ebda1794bba6d73d167c36a114a59adf2a08f685935548807398?s=96&amp;d=mm&amp;r=g\" class=\"avatar avatar-96 photo\" height=\"96\" width=\"96\" loading=\"lazy\"><\/div>\n<div class=\"author-info\">\n<p class=\"title\">About Sebastian Iulian Circiu, <\/p>\n<div class=\"author-social-area\"><a href=\"mailto:sebastiancirciu@curierul.ro\"><span class=\"fal fa-envelope\"><span class=\"screen-reader-text\">Email the Author<\/span><\/span><\/a><\/div>\n<\/div>\n<\/section>\n<\/footer>\n<\/article>\n<article id=\"related-195751\" class=\"story post-195751 post type-post status-publish format-standard has-post-thumbnail hentry category-box category-headlines category-sport\">\n<div class=\"photo\"><img decoding=\"async\" width=\"735\" height=\"440\" src=\"https:\/\/i0.wp.com\/www.curierul.ro\/wp-content\/uploads\/2025\/12\/IMG-20251217-WA0023-1.jpg?fit=300%2C201&amp;ssl=1\" class=\"attachment-giornalismo-single size-giornalismo-single wp-post-image\" alt loading=\"lazy\"><\/div>\n<p class=\"headline\"><a href=\"https:\/\/www.curierul.ro\/andreea-timeea-tapu-a-castigat-medalia-de-argint-la-campionatele-europene-de-box-under-17\/\">ANDREEA TIMEEA \u021aAPU A CASTIGAT MEDALIA DE ARGINT LA CAMPIONATELE EUROPENE DE BOX UNDER 17<\/a><\/p>\n<\/article>\n<article id=\"related-195185\" class=\"story post-195185 post type-post status-publish format-standard has-post-thumbnail hentry category-box category-sport tag-bodescu tag-bubulendra tag-dynamite-fighting-show\">\n<div class=\"photo\"><img decoding=\"async\" width=\"735\" height=\"440\" src=\"https:\/\/i0.wp.com\/www.curierul.ro\/wp-content\/uploads\/2025\/10\/box.jpg?fit=300%2C200&amp;ssl=1\" class=\"attachment-giornalismo-single size-giornalismo-single wp-post-image\" alt loading=\"lazy\"><\/div>\n<p class=\"headline\"><a href=\"https:\/\/www.curierul.ro\/bodescu-versus-bubulendra-3-0-la-dynamite-fighting-show-pitesti\/\">Bodescu versus Bubulendra, 3-0, la Dynamite Fighting Show Pite\u0219ti<\/a><\/p>\n<\/article>\n<article id=\"related-195073\" class=\"story post-195073 post type-post status-publish format-standard has-post-thumbnail hentry category-box category-eveniment-social category-sport tag-bubulendra tag-dynamite-fighting-show tag-gabriel-becali-bodescu tag-kickboxing tag-pitesti-2\">\n<div class=\"photo\"><img decoding=\"async\" width=\"735\" height=\"440\" src=\"https:\/\/i0.wp.com\/www.curierul.ro\/wp-content\/uploads\/2025\/10\/Bodescu-e1760947778111.png?fit=199%2C300&amp;ssl=1\" class=\"attachment-giornalismo-single size-giornalismo-single wp-post-image\" alt loading=\"lazy\"><\/div>\n<p class=\"headline\"><a href=\"https:\/\/www.curierul.ro\/kickboxing-gala-de-exceptia-la-pitesti-valceanul-becali-versus-campionul-mondial-bubulendra\/\">Kickboxing \u2013 gal\u0103 de excep\u021bia la Pite\u0219ti \u2013  V\u00e2lceanul Becali versus campionul mondial Bubulendra<\/a><\/p>\n<\/article>\n<p> Source URL: https:\/\/www.curierul.ro\/tanarul-boxer-razvan-neagoe-deposedat-de-sansa-de-a-merge-la-europene\/<\/p>\n","protected":false},"excerpt":{"rendered":"<p>Home Box T\u00e2n\u0103rul boxer R\u0103zvan Neagoe, deposedat de \u0219ansa de a merge la Europene T\u00e2n\u0103rul boxer R\u0103zvan Neagoe, deposedat de \u0219ansa de a merge la Europene Scris deSebastian Iulian Circiu, 23 septembrie 2018 Pugilistul v\u00e2lcean R\u0103zvan Neagoe a fost extrem de aproape de lotul na\u021bional de box, care va participa, \u00een acest an, la Campionatul [&hellip;]<\/p>\n","protected":false},"author":1,"featured_media":0,"comment_status":"open","ping_status":"","sticky":false,"template":"","format":"standard","meta":{"footnotes":""},"categories":[89],"tags":[213],"class_list":["post-1244404","post","type-post","status-publish","format-standard","hentry","category-romania","tag-curierul-ro"],"_links":{"self":[{"href":"https:\/\/analyse.optim.biz\/index.php?rest_route=\/wp\/v2\/posts\/1244404","targetHints":{"allow":["GET"]}}],"collection":[{"href":"https:\/\/analyse.optim.biz\/index.php?rest_route=\/wp\/v2\/posts"}],"about":[{"href":"https:\/\/analyse.optim.biz\/index.php?rest_route=\/wp\/v2\/types\/post"}],"author":[{"embeddable":true,"href":"https:\/\/analyse.optim.biz\/index.php?rest_route=\/wp\/v2\/users\/1"}],"replies":[{"embeddable":true,"href":"https:\/\/analyse.optim.biz\/index.php?rest_route=%2Fwp%2Fv2%2Fcomments&post=1244404"}],"version-history":[{"count":0,"href":"https:\/\/analyse.optim.biz\/index.php?rest_route=\/wp\/v2\/posts\/1244404\/revisions"}],"wp:attachment":[{"href":"https:\/\/analyse.optim.biz\/index.php?rest_route=%2Fwp%2Fv2%2Fmedia&parent=1244404"}],"wp:term":[{"taxonomy":"category","embeddable":true,"href":"https:\/\/analyse.optim.biz\/index.php?rest_route=%2Fwp%2Fv2%2Fcategories&post=1244404"},{"taxonomy":"post_tag","embeddable":true,"href":"https:\/\/analyse.optim.biz\/index.php?rest_route=%2Fwp%2Fv2%2Ftags&post=1244404"}],"curies":[{"name":"wp","href":"https:\/\/api.w.org\/{rel}","templated":true}]}}