{"id":1244231,"date":"2015-02-20T15:44:00","date_gmt":"2015-02-20T12:44:00","guid":{"rendered":"https:\/\/analyse.optim.biz\/?p=1244231"},"modified":"2015-02-20T15:44:00","modified_gmt":"2015-02-20T12:44:00","slug":"la-giungla-dei-fondi-cosi-le-universita-si-dividono-tra-a-e-b","status":"publish","type":"post","link":"https:\/\/analyse.optim.biz\/?p=1244231","title":{"rendered":"La giungla dei fondi, cos\u00ec le Universit\u00e0 si dividono tra A e B"},"content":{"rendered":"<article class=\"free-content\" id=\"content\">\n<header>\n<h1 class=\"titolo\">La giungla dei fondi, cos\u00ec le Universit\u00e0 si dividono tra A e B<\/h1>\n<\/header>\n<div class=\"row\">\n<section id=\"main-content\" class=\"col-xs-8\">\n<figure class=\"main-photo\"><img decoding=\"async\" src=\"https:\/\/statics.cedscdn.it\/photos\/MED\/72\/88\/877288_0150220_c9_ateneo062.jpg?webp\" width height alt=\"La giungla dei fondi, cos\u00ec le Universit\u00e0 si dividono tra A e B\" title=\"La giungla dei fondi, cos\u00ec le Universit\u00e0 si dividono tra A e B\"><\/figure>\n<div class=\"info-container-top\">\n<div class=\"row middle-xs\">\n<div class=\"col-xs firma\"><span>di Marco Esposito<\/span><\/div>\n<div class=\"col-xs end-xs\"><span class=\"tempo\">4 Minuti di Lettura<\/span><\/div>\n<\/div>\n<\/div>\n<div class=\"info-container-bottom\">\n<div class=\"row middle-xs\">\n<div class=\"col-xs-8\">\n              venerd\u00ec 20 febbraio 2015, 16:44                            <span class=\"last_agg\"> &#8211; Ultimo aggiornamento:<br \/>\n                  <b>28 gennaio, 15:13<\/b><\/span><\/div>\n<div class=\"col-xs\">\n<div class=\"share_bar_wrapper\">\n<div class=\"share-item share-box\">\n<ul>\n<li class=\"copy\">\n<li class=\"facebook\">\n<li class=\"twitter\">\n<li class=\"mail\">\n<li class=\"whatsapp\"><\/ul>\n<\/div>\n<\/div>\n<\/div>\n<\/div>\n<\/div>\n<div class=\"body-text\">\n<p>        I premi ci sono e sono ricchi: 1,2 miliardi di euro. Ma sulla qualit\u00e0 della valutazione delle universit\u00e0 c\u2019\u00e8 molto da perfezionare. Per esempio chi quest\u2019anno ha ricevuto pi\u00f9 soldi, Siena, \u00e8 appena al 38\u00b0 posto nelle classifiche Anvur. Quindi c\u2019\u00e8 il rischio che invece di incentivare il merito si sta premiando il vantaggio di operare in una zona rispetto a un\u2019altra.<\/p>\n<p>Quest&#8217;anno la premialit\u00e0 vale un miliardo e 200 milioni, ripartiti tra le 56 universit\u00e0 statali italiane, nelle quali studia (in corso) quasi un milione di ragazzi. Una somma che a fine 2014 \u00e8 stata suddivisa in base a sei parametri, per tener conto della qualit\u00e0 della ricerca, delle politiche di reclutamento, del numero di studenti Erasmus in ingresso e in uscita, del tasso di internazionalizzazione misurato dai crediti formativi conseguiti all&#8217;estero degli studenti e dai laureati. Tutti criteri che offrono il fianco a critiche, come spesso accade quando si misura la qualit\u00e0 e non la banale quantit\u00e0. In attesa di perfezionare il sistema, per\u00f2, sono i criteri ufficiali di qualit\u00e0 del sistema universitario italiano, dietro i quali ci sono formule che permettono di individuare gli atenei di serie A e quelli di serie B. Con molte sorprese.<\/p>\n<p>La migliore universit\u00e0 d&#8217;Italia, in base a tali parametri, \u00e8 come detto quella di Siena che ha potuto beneficiare di 26 milioni di premialit\u00e0. Naturalmente la cifra in valore assoluto non \u00e8 di per s\u00e9 significativa, per cui nell&#8217;elaborazione del Mattino la si \u00e8 confrontata con la quota base del Fondo di finanziamento ordinario, che per i 56 atenei vale 4.911 milioni di euro. La premialit\u00e0 media \u00e8 del 24,4% ma per Siena raggiunge la percentuale record del 34,1%. Al capo opposto della classifica c&#8217;\u00e8 Messina, dove la premialit\u00e0 \u00e8 stata appena del 14,4% sempre rispetto alla quota base del Ffo.<\/p>\n<p>Dalla classifica non si pu\u00f2 dire che la dimensione di per s\u00e9 aiuti la performance dell&#8217;ateneo. Tra le prime dieci ci sono colossi come Bologna (55mila studenti) e Padova (41mila) ma anche i microatenei di Foggia e del Molise, i quali sono stati premiati soprattutto per le politiche di reclutamento, cio\u00e8 la capacit\u00e0 di produrre ricerca dei docenti assunti da meno anni. Foggia e Molise tengono alti i vessilli del Sud insieme a Teramo, Sannio, Sassari e Salerno. Quest&#8217;ultima \u00e8 anche l&#8217;unica universit\u00e0 meridionale di serie A che \u00e8 anche di dimensioni discrete, con 20mila studenti, mentre le altre promosse sono tutte piccoline.<\/p>\n<p>Nella parte bassa della classifica ci sono universit\u00e0 piccole un po&#8217; di tutta Italia che non riescono a mantenere standard di qualit\u00e0, almeno cos\u00ec come sono misurati attualmente. Vanno male la Iuav di Venezia, Camerino, Napoli Orientale, Napoli Parthenope e il Politecnico di Bari, tutti con meno di 10mila studenti in corso e performance premiali molto modeste. Tra gli atenei del Nord il peggiore \u00e8 Genova, con un risultato allineato a quello dell&#8217;Universit\u00e0 del Salento e dell&#8217;Orientale. Nelle ultime dieci posizioni si trovano anche i due colossi del Centrosud e cio\u00e8 la Sapienza e la Federico II che insieme superano i 110mila studenti in corso. In base ai punteggi che sono dietro il riparto dei fondi premiali, Sapienza e Federico II non garantiscono performance all&#8217;altezza di atenei di analoghe dimensioni, come Bologna, Padova, Torino. Nel girone delle Universit\u00e0 di serie B si trovano anche la Seconda universit\u00e0 di Napoli, Bari e le tre siciliane di Palermo, Catania e Messina.<\/p>\n<p>La premialit\u00e0, per\u00f2, ha senso se \u00e8 correttamente misurata e pu\u00f2 spingere verso un generale miglioramento dell&#8217;offerta formativa. Ancora \u00e8 troppo presto, forse, per comprendere se il nuovo meccanismo sta spingendo gli ultimi a migliorarsi. Tuttavia ci sono alcune anomalie evidenti. Per esempio la \u00abpi\u00f9 premiata\u00bb universit\u00e0 italiana, Siena, non \u00e8 nella top-20 delle classifiche di qualit\u00e0 dell&#8217;Anvur e anzi \u00e8 appena trentottesima. Anche Udine, Bergamo, Foggia, Molise, Insubria sono nella parte alta per quota di finanziamenti premiali, per\u00f2 non rientrano nella top-20 dell&#8217;Anvur. Trieste \u00e8 a met\u00e0 classifica come premialit\u00e0 eppure \u00e8 negli ultimi dieci posti nella valutazione Anvur. E nelle valutazioni Anvur, che comprendono anche gli atenei privati, la Bocconi varrebbe meno della Piemonte Orientale. Come a dire che ogni classifica segue criteri diversi e pu\u00f2 smentire la precedente ma mentre molte graduatorie portano solo prestigio quella effettuata dal Miur sposta denari freschi.<\/p>\n<p>Anche il fatto che in coda si trovino simultaneamente tutti i grandi atenei delle citt\u00e0 del Sud (Napoli, Bari, Catania, Messina e Palermo) consente di ipotizzare una forma di disagio territoriale piuttosto che una sincronica prova di inefficienza. E anche qui con delle anomalie, la pi\u00f9 sorprendente delle quali riguarda la Sun. Per la premialit\u00e0 ufficiale \u00e8 la peggiore universit\u00e0 della Campania nonch\u00e9 terzultima in Italia, mentre nelle graduatorie dell&#8217;Anvur si piazza alla pari della Cattolica di Milano.<\/p>\n<p>Qualsiasi analista ne dedurrebbe che tali metodologie vadano prese con le molle e utilizzate nel tempo dopo verifiche e approfondimenti. Invece in Italia il meccanismo, per quanto evidentemente imperfetto, ha gi\u00e0 effetti diretti nella ripartizione delle risorse. Con esiti paradossali perch\u00e9 si rischia non di premiare il merito ma la casualit\u00e0 o pi\u00f9 banalmente la territorialit\u00e0. Se infatti per qualche ragione un parametro favorisce determinate aree del Paese al di l\u00e0 dei meriti degli atenei, la premialit\u00e0 invece di incentivare chi si migliora finisce con l&#8217;alimentare le distanze. Gli atenei siciliani, per esempio, sono quelli che ricevono meno fondi, hanno un turnover autorizzato molto basso e stanno anche perdendo rapidamente studenti. Se l&#8217;obiettivo dell&#8217;Italia \u00e8 non offrire a nessun ragazzo corsi universitari di serie B, ci si deve affrettare a trovare un sistema per evitare che alcuni atenei precipitino in serie C.<br \/>\n\u00a0    <\/div>\n<div class=\"wrap-box-end\">\n<div class=\"item-options\">\n<div class=\"share_bar_wrapper\">\n<div class=\"share-item share-box\">\n<ul>\n<li class=\"copy\">\n<li class=\"facebook\">\n<li class=\"twitter\">\n<li class=\"mail\">\n<li class=\"whatsapp\"><\/ul>\n<\/div>\n<\/div>\n<\/div>\n<\/div>\n<aside class=\"area\">&#8216;;<br \/>\n        outbrainEl.insertAdjacentHTML(&#8220;afterBegin&#8221;, AdCodeOutbrain);<\/p>\n<p>        loadScript(&#8216;\/\/widgets.outbrain.com\/outbrain.js&#8217;, function(){<br \/>\n            \/\/ cerco il widget. Necessario se c&#8217;\u00e8 un&#8217;altro widget di Outbrain in pagina (es: inread)<br \/>\n            OBR.extern.researchWidget();<br \/>\n        });<br \/>\n    }<\/p>\n<p>    function AnnunciOutbrain(callback) {<br \/>\n        var outbrainDiv = document.getElementById(&#8216;outbrainWait&#8217;);<br \/>\n        \/\/ Verifica se l&#8217;elemento esiste<br \/>\n        if (outbrainDiv) {<br \/>\n            \/\/ Modifica l&#8217;id dell&#8217;elemento div<br \/>\n            outbrainDiv.id = &#8216;outbrain&#8217;;<br \/>\n        }<\/p>\n<p>                    var load_method = impostazioni_testata.outbrain.load_method || &#8216;first-interaction&#8217;;<\/p>\n<p>        var outbrainEl = document.getElementById(&#8216;outbrain&#8217;);<\/p>\n<p>        CED.log(&#8220;outbrain load_method:&#8221; + load_method);<\/p>\n<p>        if (load_method == &#8216;when-near-viewport&#8217;) {<\/p>\n<p>            \/\/ outbrain parte solo quando scrollando arriva abbastanza vicino alla viewport<br \/>\n            if (typeof callback === &#8220;function&#8221;) {<\/p>\n<p>                \/\/ Listen for the scroll event<br \/>\n                \/\/document.addEventListener(&#8216;scroll&#8217;, onScroll(outbrainEl,callback), false);<br \/>\n                CedsWNV.watch(outbrainEl, callback, {<br \/>\n                    checkInterval: 300,<br \/>\n                    offset: 500<br \/>\n                });<\/p>\n<p>                \/*devo chiamare la funzione con argomenti e variabili *\/<br \/>\n            }<\/p>\n<p>        } else {<br \/>\n            \/\/ DEFAULT: outbrain parte alla prima interazione o dopo il timeout inattivit\u00e0<br \/>\n            _waitOnceFor(load_method, callback);<br \/>\n        }<br \/>\n    }<\/p>\n<p>            AnnunciOutbrain(WidgetOutbrainTag);<\/p>\n<div id=\"correlati-verticali\">\n<div class=\"testatabox default\">\n<h3>POTREBBE INTERESSARTI ANCHE<\/h3>\n<\/div>\n<div class=\"strip-2-bottom listing\">\n<div class=\"row\">\n<article class=\"col-xs-6 html_base_bottom   regione \">\n<div class=\"item_content\">\n<figure class=\"medium\"><a href=\"http:\/\/quotidianodipuglia.it\/regione\/puglia_studenti_emigrazione_atenei_rettori-9168929.html\" title=\"Emigrano gli studenti, le imprese agli atenei: \u00abUn nuovo patto per frenare la fuga\u00bb\"><img loading=\"lazy\" decoding=\"async\" src=\"https:\/\/statics.cedscdn.it\/photos\/MED_LOW\/2025\/11\/04\/9168929_04225020_whatsapp_image_2025_11_04_at_22.50.08.jpg\" title=\"Emigrano gli studenti, le imprese agli atenei: \u00abUn nuovo patto per frenare la fuga\u00bb\" width=\"404\" height=\"221\"><\/a><\/figure>\n<p><span class=\"testatina testatina-articolo\"><a href=\"http:\/\/quotidianodipuglia.it\/regione\/puglia_studenti_emigrazione_atenei_rettori-9168929.html\">REGIONE<\/a><\/span><\/p>\n<div class=\"titolo\"><a href=\"http:\/\/quotidianodipuglia.it\/regione\/puglia_studenti_emigrazione_atenei_rettori-9168929.html\" class=\"ml_primary_link\">Emigrano gli studenti, le imprese agli atenei: \u00abUn nuovo patto per frenare la fuga\u00bb<\/a><\/div>\n<p><span class=\"firma\"><span>di Giuseppe ANDRIANI<\/span><\/span><\/div>\n<\/article>\n<article class=\"col-xs-6 html_base_bottom   economia moltoeconomia \">\n<div class=\"item_content\">\n<figure class=\"medium\"><a href=\"http:\/\/quotidianodipuglia.it\/economia\/moltoeconomia\/connettivita_lo_sprint_delle_reti_mpn_dall_industria_agli_atenei_il_5g_trasforma_i_servizi-8518869.html\" title=\"Connettivit\u00e0, lo sprint delle reti Mpn: dall\u2019industria agli Atenei il 5G trasforma i servizi\"><img loading=\"lazy\" decoding=\"async\" src=\"https:\/\/statics.cedscdn.it\/photos\/MED_LOW\/70\/54\/8517054_03154930_pg_9.jpg\" title=\"Connettivit\u00e0, lo sprint delle reti Mpn: dall\u2019industria agli Atenei il 5G trasforma i servizi\" width=\"404\" height=\"221\"><\/a><\/figure>\n<p><span class=\"testatina testatina-articolo\"><a href=\"http:\/\/quotidianodipuglia.it\/economia\/moltoeconomia\/connettivita_lo_sprint_delle_reti_mpn_dall_industria_agli_atenei_il_5g_trasforma_i_servizi-8518869.html\">FRONTIERE<\/a><\/span><\/p>\n<div class=\"titolo\"><a href=\"http:\/\/quotidianodipuglia.it\/economia\/moltoeconomia\/connettivita_lo_sprint_delle_reti_mpn_dall_industria_agli_atenei_il_5g_trasforma_i_servizi-8518869.html\" class=\"ml_primary_link\">Connettivit\u00e0, lo sprint delle reti Mpn: dall\u2019industria agli Atenei il 5G trasforma i servizi<\/a><\/div>\n<p><span class=\"firma\"><span>di Francesco Bisozzi<\/span><\/span><\/div>\n<\/article>\n<article class=\"col-xs-6 html_base_bottom   regione \">\n<div class=\"item_content\">\n<figure class=\"medium\"><a href=\"http:\/\/quotidianodipuglia.it\/regione\/soldi_agli_atenei_per_gli_studenti_fuori_sede_cosa_sappiamo-8494760.html\" title=\"Dal Ministero 1,3 milioni agli atenei pugliesi per gli studenti fuori sede\"><img loading=\"lazy\" decoding=\"async\" src=\"https:\/\/statics.cedscdn.it\/photos\/MED_LOW\/47\/60\/8494760_22154805_aula_magna.jpg\" title=\"Dal Ministero 1,3 milioni agli atenei pugliesi per gli studenti fuori sede\" width=\"404\" height=\"221\"><\/a><\/figure>\n<p><span class=\"testatina testatina-articolo\"><a href=\"http:\/\/quotidianodipuglia.it\/regione\/soldi_agli_atenei_per_gli_studenti_fuori_sede_cosa_sappiamo-8494760.html\">ISTRUZIONE<\/a><\/span><\/p>\n<div class=\"titolo\"><a href=\"http:\/\/quotidianodipuglia.it\/regione\/soldi_agli_atenei_per_gli_studenti_fuori_sede_cosa_sappiamo-8494760.html\" class=\"ml_primary_link\">Dal Ministero 1,3 milioni agli atenei pugliesi per gli studenti fuori sede<\/a><\/div>\n<\/div>\n<\/article>\n<article class=\"col-xs-6 html_base_bottom   regione \">\n<div class=\"item_content\">\n<figure class=\"medium\"><a href=\"http:\/\/quotidianodipuglia.it\/regione\/universita_tagli_al_fondo_di_finanziamento_rischio_piccoli_atenei-8251537.html\" title=\"Meno fondi agli atenei pubblici: cos\u00ec quelli del Sud sono a rischio. Bernini-rettori: \u00e8 rottura\"><img loading=\"lazy\" decoding=\"async\" src=\"https:\/\/statics.cedscdn.it\/photos\/MED_LOW\/15\/37\/8251537_19225044_onecms_15tnpxql3xk9hhdlqnh_v2wlrhc7wg.jpg\" title=\"Meno fondi agli atenei pubblici: cos\u00ec quelli del Sud sono a rischio. Bernini-rettori: \u00e8 rottura\" width=\"404\" height=\"221\"><\/a><\/figure>\n<p><span class=\"testatina testatina-articolo\"><a href=\"http:\/\/quotidianodipuglia.it\/regione\/universita_tagli_al_fondo_di_finanziamento_rischio_piccoli_atenei-8251537.html\">UNIVERSIT\u00e0<\/a><\/span><\/p>\n<div class=\"titolo\"><a href=\"http:\/\/quotidianodipuglia.it\/regione\/universita_tagli_al_fondo_di_finanziamento_rischio_piccoli_atenei-8251537.html\" class=\"ml_primary_link\">Meno fondi agli atenei pubblici: cos\u00ec quelli del Sud sono a rischio. Bernini-rettori: \u00e8 rottura<\/p>\n<p><\/a><\/div>\n<p><span class=\"firma\"><span>di Giuseppe ANDRIANI<\/span><\/span><\/div>\n<\/article>\n<article class=\"col-xs-6 html_base_bottom   regione \">\n<div class=\"item_content\">\n<figure class=\"medium\"><a href=\"http:\/\/quotidianodipuglia.it\/regione\/medicina_test_oggi_posti_cosa_sappiamo-8144462.html\" title=\"Medicina, al via il nuovo test ma i posti non aumentano: il dettaglio delle universit\u00e0 pugliesi\"><img loading=\"lazy\" decoding=\"async\" src=\"https:\/\/statics.cedscdn.it\/photos\/MED_LOW\/44\/62\/8144462_27223325_8140518_25184104_test_medicina.jpg\" title=\"Medicina, al via il nuovo test ma i posti non aumentano: il dettaglio delle universit\u00e0 pugliesi\" width=\"404\" height=\"221\"><\/a><\/figure>\n<p><span class=\"testatina testatina-articolo\"><a href=\"http:\/\/quotidianodipuglia.it\/regione\/medicina_test_oggi_posti_cosa_sappiamo-8144462.html\">ISTRUZIONE<\/a><\/span><\/p>\n<div class=\"titolo\"><a href=\"http:\/\/quotidianodipuglia.it\/regione\/medicina_test_oggi_posti_cosa_sappiamo-8144462.html\" class=\"ml_primary_link\">Medicina, al via il nuovo test ma i posti non aumentano: il dettaglio delle universit\u00e0 pugliesi<\/a><\/div>\n<p><span class=\"firma\"><span>di Giuseppe ANDRIANI<\/span><\/span><\/div>\n<\/article>\n<article class=\"col-xs-6 html_base_bottom   scuola_e_universita \">\n<div class=\"item_content\">\n<figure class=\"medium\"><a href=\"http:\/\/quotidianodipuglia.it\/scuola_e_universita\/universita_puglia_rete_sviluppo_sostenibile_accordo_cosa_sappiamo-8109137.html\" title=\"Le universit\u00e0 di Puglia fanno rete: i cinque Atenei insieme per lo sviluppo sostenibile\"><img loading=\"lazy\" decoding=\"async\" src=\"https:\/\/statics.cedscdn.it\/photos\/MED_LOW\/91\/37\/8109137_10171448_universita_puglia_rete_sviluppo_sostenibile_accordo_cosa_sappiamo.jpg\" title=\"Le universit\u00e0 di Puglia fanno rete: i cinque Atenei insieme per lo sviluppo sostenibile\" width=\"404\" height=\"221\"><\/a><\/figure>\n<p><span class=\"testatina testatina-articolo\"><a href=\"http:\/\/quotidianodipuglia.it\/scuola_e_universita\/universita_puglia_rete_sviluppo_sostenibile_accordo_cosa_sappiamo-8109137.html\">SCUOLA E UNIVERSITA<\/a><\/span><\/p>\n<div class=\"titolo\"><a href=\"http:\/\/quotidianodipuglia.it\/scuola_e_universita\/universita_puglia_rete_sviluppo_sostenibile_accordo_cosa_sappiamo-8109137.html\" class=\"ml_primary_link\">Le universit\u00e0 di Puglia fanno rete: i cinque Atenei insieme per lo sviluppo sostenibile<\/a><\/div>\n<\/div>\n<\/article>\n<article class=\"col-xs-6 html_base_bottom   regione \">\n<div class=\"item_content\">\n<figure class=\"medium\"><a href=\"http:\/\/quotidianodipuglia.it\/regione\/atenei_unisalento_foggia_dati_cosa_sappiamo-7982957.html\" title=\"Atenei, da Unisalento a Foggia: il boom della \u201cprovincia\u201d\"><img loading=\"lazy\" decoding=\"async\" src=\"https:\/\/statics.cedscdn.it\/photos\/MED_LOW\/29\/57\/7982957_08235719_onecms_15tf00gyeo8ub68ph3g_r4tf7v6fpc.jpg\" title=\"Atenei, da Unisalento a Foggia: il boom della \u201cprovincia\u201d\" width=\"404\" height=\"221\"><\/a><\/figure>\n<p><span class=\"testatina testatina-articolo\"><a href=\"http:\/\/quotidianodipuglia.it\/regione\/atenei_unisalento_foggia_dati_cosa_sappiamo-7982957.html\">IL REPORT<\/a><\/span><\/p>\n<div class=\"titolo\"><a href=\"http:\/\/quotidianodipuglia.it\/regione\/atenei_unisalento_foggia_dati_cosa_sappiamo-7982957.html\" class=\"ml_primary_link\">Atenei, da Unisalento a Foggia: il boom della \u201cprovincia\u201d<\/a><\/div>\n<p><span class=\"firma\"><span>di Giuseppe ANDRIANI<\/span><\/span><\/div>\n<\/article>\n<article class=\"col-xs-6 html_base_bottom   schede \">\n<div class=\"item_content\">\n<figure class=\"medium\"><a href=\"http:\/\/quotidianodipuglia.it\/schede\/universita_laurea_atenei_donna_facolta-7918593.html\" title=\"Atenei di Puglia, il 60% dei laureati \u00e8 donna: Umanistica e Linguistica le aree pi\u00f9 scelte\"><img loading=\"lazy\" decoding=\"async\" src=\"https:\/\/statics.cedscdn.it\/photos\/MED_LOW\/85\/93\/7918593_06153353_universita_laurea_atenei_donna_facolta.jpg\" title=\"Atenei di Puglia, il 60% dei laureati \u00e8 donna: Umanistica e Linguistica le aree pi\u00f9 scelte\" width=\"404\" height=\"221\"><\/a><\/figure>\n<p><span class=\"testatina testatina-articolo\"><a href=\"http:\/\/quotidianodipuglia.it\/schede\/universita_laurea_atenei_donna_facolta-7918593.html\">SCHEDE<\/a><\/span><\/p>\n<div class=\"titolo\"><a href=\"http:\/\/quotidianodipuglia.it\/schede\/universita_laurea_atenei_donna_facolta-7918593.html\" class=\"ml_primary_link\">Atenei di Puglia, il 60% dei laureati \u00e8 donna: Umanistica e Linguistica le aree pi\u00f9 scelte<\/a><\/div>\n<\/div>\n<\/article>\n<article class=\"col-xs-6 html_base_bottom   regione \">\n<div class=\"item_content\">\n<figure class=\"medium\"><a href=\"http:\/\/quotidianodipuglia.it\/regione\/universita_bari_lecce_tasse_studentati_fuori_sede-7540797.html\" title=\"Universit\u00e0, a Bari e Lecce no tax area e studentati per attrarre matricole e \u201cfuori sede\u201d\"><img loading=\"lazy\" decoding=\"async\" src=\"https:\/\/statics.cedscdn.it\/photos\/MED_LOW\/07\/97\/7540797_26000434_studenti.jpg\" title=\"Universit\u00e0, a Bari e Lecce no tax area e studentati per attrarre matricole e \u201cfuori sede\u201d\" width=\"404\" height=\"221\"><\/a><\/figure>\n<p><span class=\"testatina testatina-articolo\"><a href=\"http:\/\/quotidianodipuglia.it\/regione\/universita_bari_lecce_tasse_studentati_fuori_sede-7540797.html\">LA SFIDA<\/a><\/span><\/p>\n<div class=\"titolo\"><a href=\"http:\/\/quotidianodipuglia.it\/regione\/universita_bari_lecce_tasse_studentati_fuori_sede-7540797.html\" class=\"ml_primary_link\">Universit\u00e0, a Bari e Lecce no tax area e studentati per attrarre matricole e \u201cfuori sede\u201d<\/a><\/div>\n<p><span class=\"firma\"><span>di Donato NUZZACI<\/span><\/span><\/div>\n<\/article>\n<article class=\"col-xs-6 html_base_bottom   regione \">\n<div class=\"item_content\">\n<figure class=\"medium\"><a href=\"http:\/\/quotidianodipuglia.it\/regione\/puglia_immatricolazioni_boom_atenei_sud_i_dati-7456684.html\" title=\"Puglia, immatricolazioni boom in tutti gli atenei. E il Sud trascina il Paese. I dati del ministero\"><img loading=\"lazy\" decoding=\"async\" src=\"https:\/\/statics.cedscdn.it\/photos\/MED_LOW\/66\/84\/7456684_11210159_dati.jpg\" title=\"Puglia, immatricolazioni boom in tutti gli atenei. E il Sud trascina il Paese. I dati del ministero\" width=\"404\" height=\"221\"><\/a><\/figure>\n<p><span class=\"testatina testatina-articolo\"><a href=\"http:\/\/quotidianodipuglia.it\/regione\/puglia_immatricolazioni_boom_atenei_sud_i_dati-7456684.html\">REGIONE<\/a><\/span><\/p>\n<div class=\"titolo\"><a href=\"http:\/\/quotidianodipuglia.it\/regione\/puglia_immatricolazioni_boom_atenei_sud_i_dati-7456684.html\" class=\"ml_primary_link\">Puglia, immatricolazioni boom in tutti gli atenei. E il Sud trascina il Paese.<span> I dati del ministero<\/span><\/a><\/div>\n<\/div>\n<\/article>\n<\/div>\n<\/div>\n<\/div>\n<\/aside>\n<\/section>\n<\/div>\n<aside id=\"right-rail\" class=\"col-xs-4\">\n<div id=\"right-content\">\n<div class=\"area right\">\n<div class=\"area right_articolo\" data-id=\"445\" data-nome=\"Right Articolo (generico) 2022\">\n<div class=\"strip-1-x-video box-tv\" data-strip-id=\"48793\">\n<div class=\"strip-1-video_player\">\n<div class=\"row\">\n<article class=\"col-xs-12 html_base_bottom  video \">\n<div class=\"item_content video\">\n<div class=\"embed_video\">\n<div class=\"jw_embed\" data-mediaid=\"4GCbVWp6\" data-disable_video_float_on_non_adv_content=\"cedjs-dynamic\" data-autostart=\"true\" data-related='{\"oncomplete\":\"show\"}' data-mute=\"true\" data-adv_always_floating=\"false\"><img loading=\"lazy\" decoding=\"async\" src=\"https:\/\/utils.cedsdigital.it\/img\/placeholders\/video.svg\" width=\"340\" height=\"180\" alt=\"Video\"><\/div>\n<\/div>\n<div class=\"titolo\"><a href=\"http:\/\/quotidianodipuglia.it\/video\/guyana_calabria_campania_prime_in_ue_per_rischio_poverta-9135288.html\" class=\"ml_primary_link\">Guyana, Calabria, Campania prime in Ue per rischio povert\u00e0<\/a><\/div>\n<\/div>\n<\/article>\n<\/div>\n<\/div>\n<div class=\"strip-1-square listing\">\n<div class=\"row\">\n<article class=\"col-xs-12 html_base_square  video \">\n<div class=\"item_content\">\n<div class=\"row\">\n<div class=\"col-xs valign__content\">\n<div class=\"square___content\">\n<figure class=\"thumbnail\"><a href=\"http:\/\/quotidianodipuglia.it\/video\/storie_italiane_il_racconto_di_mario_ermito-9105224.html\" title=\"Storie Italiane, il racconto di Mario Ermito\"><img loading=\"lazy\" decoding=\"async\" src=\"https:\/\/statics.cedscdn.it\/photos\/THUMB\/2025\/10\/03\/9105224_poster.jpg\" title=\"Storie Italiane, il racconto di Mario Ermito\" width=\"64\" height=\"64\"><\/a><\/figure>\n<\/div>\n<div class=\"valign\">\n<div class=\"titolo\"><a href=\"http:\/\/quotidianodipuglia.it\/video\/storie_italiane_il_racconto_di_mario_ermito-9105224.html\" class=\"ml_primary_link\">Storie Italiane, il racconto di Mario Ermito<\/a><\/div>\n<\/div>\n<\/div>\n<\/div>\n<\/div>\n<\/article>\n<article class=\"col-xs-12 html_base_square  video \">\n<div class=\"item_content\">\n<div class=\"row\">\n<div class=\"col-xs valign__content\">\n<div class=\"square___content\">\n<figure class=\"thumbnail\"><a href=\"http:\/\/quotidianodipuglia.it\/video\/lecce_protocollo_scuola_istituzioni_prefettura-9089424.html\" title=\"\u00abL'autismo non \u00e8 solo una diagnosi, \u00e8 un modo diverso di percepire il mondo\u00bb, il commovente messaggio di Emma\"><img loading=\"lazy\" decoding=\"async\" src=\"https:\/\/statics.cedscdn.it\/photos\/THUMB\/2025\/09\/25\/9089424_25191819_myfilename.jpg\" title=\"\u00abL'autismo non \u00e8 solo una diagnosi, \u00e8 un modo diverso di percepire il mondo\u00bb, il commovente messaggio di Emma\" width=\"64\" height=\"64\"><\/a><\/figure>\n<\/div>\n<div class=\"valign\">\n<div class=\"titolo\"><a href=\"http:\/\/quotidianodipuglia.it\/video\/lecce_protocollo_scuola_istituzioni_prefettura-9089424.html\" class=\"ml_primary_link\">\u00abL&#8217;autismo non \u00e8 solo una diagnosi, \u00e8 un modo diverso di percepire il mondo\u00bb, il commovente messaggio di Emma<\/a><\/div>\n<\/div>\n<\/div>\n<\/div>\n<\/div>\n<\/article>\n<article class=\"col-xs-12 html_base_square  video \">\n<div class=\"item_content\">\n<div class=\"row\">\n<div class=\"col-xs valign__content\">\n<div class=\"square___content\">\n<figure class=\"thumbnail\"><a href=\"http:\/\/quotidianodipuglia.it\/video\/operazione_antimafia_due_arresti_per_omicidio-9089095.html\" title=\"Operazione antimafia: due arresti per omicidio\"><img loading=\"lazy\" decoding=\"async\" src=\"https:\/\/statics.cedscdn.it\/photos\/THUMB\/2025\/09\/25\/9089095_poster.jpg\" title=\"Operazione antimafia: due arresti per omicidio\" width=\"64\" height=\"64\"><\/a><\/figure>\n<\/div>\n<div class=\"valign\">\n<div class=\"titolo\"><a href=\"http:\/\/quotidianodipuglia.it\/video\/operazione_antimafia_due_arresti_per_omicidio-9089095.html\" class=\"ml_primary_link\">Operazione antimafia: due arresti per omicidio<\/a><\/div>\n<\/div>\n<\/div>\n<\/div>\n<\/div>\n<\/article>\n<\/div>\n<\/div>\n<\/div>\n<div class=\"strip-combo \">\n<div class=\"testatabox default sinistra  scuolaeuniversita\">\n<h3 class=\"scuolaeuniversita\">Della stessa sezione<\/h3>\n<\/div>\n<div class=\"strip-1-bottom principale\">\n<div class=\"row\">\n<article class=\"col-xs-12 html_base_bottom   regione \">\n<div class=\"item_content\">\n<figure class=\"medium\"><a href=\"http:\/\/quotidianodipuglia.it\/regione\/nuovo_corso_di_laurea_tra_italia_e_albania_intesa_fra_politecnico_di_bari_e_universita_di_valona-9069420.html\" title=\"Nuovo corso di laurea tra Italia e Albania: intesa fra Politecnico di Bari e Universit\u00e0 di Valona\"><img decoding=\"async\" src=\"https:\/\/statics.cedscdn.it\/photos\/MED\/2025\/09\/15\/9069420_15191807_onecms_1j04r9elichsy66kycw_za5bxr56o0.jpg\" title=\"Nuovo corso di laurea tra Italia e Albania: intesa fra Politecnico di Bari e Universit\u00e0 di Valona\" width=\"-16\" height=\"-9\"><\/a><\/figure>\n<p><span class=\"testatina testatina-articolo\"><a href=\"http:\/\/quotidianodipuglia.it\/regione\/nuovo_corso_di_laurea_tra_italia_e_albania_intesa_fra_politecnico_di_bari_e_universita_di_valona-9069420.html\">UNIVERSITA&#8217;<\/a><\/span><\/p>\n<div class=\"titolo\"><a href=\"http:\/\/quotidianodipuglia.it\/regione\/nuovo_corso_di_laurea_tra_italia_e_albania_intesa_fra_politecnico_di_bari_e_universita_di_valona-9069420.html\" class=\"ml_primary_link\">Nuovo corso di laurea tra Italia e Albania: intesa fra Politecnico di Bari e Universit\u00e0 di Valona<\/a><\/div>\n<\/div>\n<\/article>\n<\/div>\n<\/div>\n<div class=\"strip-1-square seconda listing\">\n<div class=\"row\">\n<article class=\"col-xs-12 html_base_square  attualita \">\n<div class=\"item_content\">\n<div class=\"row\">\n<div class=\"col-xs valign__content\">\n<div class=\"square___content\">\n<figure class=\"thumbnail\"><a href=\"http:\/\/quotidianodipuglia.it\/attualita\/franco_anelli_morto_rettore_cattolica_cosa_ha_avuto-8138076.html\" title=\"Franco Anelli si \u00e8 ucciso, il rettore dell'Universit\u00e0 Cattolica aveva 60 anni\"><img loading=\"lazy\" decoding=\"async\" src=\"https:\/\/statics.cedscdn.it\/photos\/THUMB\/79\/30\/8137930_24130114_anelli_suicidio_milano.jpg\" title=\"Franco Anelli si \u00e8 ucciso, il rettore dell'Universit\u00e0 Cattolica aveva 60 anni\" width=\"64\" height=\"64\"><\/a><\/figure>\n<\/div>\n<div class=\"valign\"><span class=\"testatina testatina-articolo\"><a href=\"http:\/\/quotidianodipuglia.it\/attualita\/franco_anelli_morto_rettore_cattolica_cosa_ha_avuto-8138076.html\">MILANO<\/a><\/span><\/p>\n<div class=\"titolo\"><a href=\"http:\/\/quotidianodipuglia.it\/attualita\/franco_anelli_morto_rettore_cattolica_cosa_ha_avuto-8138076.html\" class=\"ml_primary_link\">Franco Anelli si \u00e8 ucciso, il rettore dell&#8217;Universit\u00e0 Cattolica aveva 60 anni<\/a><a href=\"http:\/\/quotidianodipuglia.it\/schede\/franco_anelli_chi_era_rettore_universita_sacro_cuore_di_milano_morto_61_anni-8137966.html\" class=\"ml_articolo\"><span>\u00abLa sua vita dedicata all&#8217;ateneo\u00bb<\/span><\/a><\/div>\n<\/div>\n<\/div>\n<\/div>\n<\/div>\n<\/article>\n<article class=\"col-xs-12 html_base_square  scuola_e_universita \">\n<div class=\"item_content\">\n<div class=\"row\">\n<div class=\"col-xs valign__content\">\n<div class=\"square___content\">\n<figure class=\"thumbnail\"><a href=\"http:\/\/quotidianodipuglia.it\/scuola_e_universita\/universita_puglia_rete_sviluppo_sostenibile_accordo_cosa_sappiamo-8109137.html\" title=\"Le universit\u00e0 di Puglia fanno rete: i cinque Atenei insieme per lo sviluppo sostenibile\"><img loading=\"lazy\" decoding=\"async\" src=\"https:\/\/statics.cedscdn.it\/photos\/THUMB\/91\/37\/8109137_10171448_universita_puglia_rete_sviluppo_sostenibile_accordo_cosa_sappiamo.jpg\" title=\"Le universit\u00e0 di Puglia fanno rete: i cinque Atenei insieme per lo sviluppo sostenibile\" width=\"64\" height=\"64\"><\/a><\/figure>\n<\/div>\n<div class=\"valign\"><span class=\"testatina testatina-articolo\"><a href=\"http:\/\/quotidianodipuglia.it\/scuola_e_universita\/universita_puglia_rete_sviluppo_sostenibile_accordo_cosa_sappiamo-8109137.html\">SCUOLA E UNIVERSITA<\/a><\/span><\/p>\n<div class=\"titolo\"><a href=\"http:\/\/quotidianodipuglia.it\/scuola_e_universita\/universita_puglia_rete_sviluppo_sostenibile_accordo_cosa_sappiamo-8109137.html\" class=\"ml_primary_link\">Le universit\u00e0 di Puglia fanno rete: i cinque Atenei insieme per lo sviluppo sostenibile<\/a><\/div>\n<\/div>\n<\/div>\n<\/div>\n<\/div>\n<\/article>\n<article class=\"col-xs-12 html_base_square  schede \">\n<div class=\"item_content\">\n<div class=\"row\">\n<div class=\"col-xs valign__content\">\n<div class=\"square___content\">\n<figure class=\"thumbnail\"><a href=\"http:\/\/quotidianodipuglia.it\/schede\/concorso_docenti_prova_scritta_come_funziona_orale_quando_cosa_sappiamo-7988314.html\" title=\"Concorso docenti, come funziona la prova e il punteggio minimo per l'orale. In Puglia 1.700 posti\"><img loading=\"lazy\" decoding=\"async\" src=\"https:\/\/statics.cedscdn.it\/photos\/THUMB\/83\/14\/7988314_11180114_2.jpg\" title=\"Concorso docenti, come funziona la prova e il punteggio minimo per l'orale. In Puglia 1.700 posti\" width=\"64\" height=\"64\"><\/a><\/figure>\n<\/div>\n<div class=\"valign\"><span class=\"testatina testatina-articolo\"><a href=\"http:\/\/quotidianodipuglia.it\/schede\/concorso_docenti_prova_scritta_come_funziona_orale_quando_cosa_sappiamo-7988314.html\">LE ASSUNZIONI<\/a><\/span><\/p>\n<div class=\"titolo\"><a href=\"http:\/\/quotidianodipuglia.it\/schede\/concorso_docenti_prova_scritta_come_funziona_orale_quando_cosa_sappiamo-7988314.html\" class=\"ml_primary_link\">Concorso docenti, come funziona la prova e il punteggio minimo per l&#8217;orale.<span> In Puglia 1.700 posti<\/span><\/a><\/div>\n<\/div>\n<\/div>\n<\/div>\n<\/div>\n<\/article>\n<article class=\"col-xs-12 html_base_square  scuola_e_universita \">\n<div class=\"item_content\">\n<div class=\"row\">\n<div class=\"col-xs valign__content\">\n<div class=\"square___content\">\n<figure class=\"thumbnail\"><a href=\"http:\/\/quotidianodipuglia.it\/scuola_e_universita\/prof_abusiva_senza_laurea_e_diploma_da_20_anni_maxi_risarcimento-7818511.html\" title=\"Prof abusiva, da 20 anni insegnava inglese e tedesco senza avere laurea n\u00e9 diploma. \u00abDeve restituire 247mila euro\u00bb\"><img loading=\"lazy\" decoding=\"async\" src=\"https:\/\/statics.cedscdn.it\/photos\/THUMB\/85\/11\/7818511_15120316_dd.jpg\" title=\"Prof abusiva, da 20 anni insegnava inglese e tedesco senza avere laurea n\u00e9 diploma. \u00abDeve restituire 247mila euro\u00bb\" width=\"64\" height=\"64\"><\/a><\/figure>\n<\/div>\n<div class=\"valign\"><span class=\"testatina testatina-articolo\"><a href=\"http:\/\/quotidianodipuglia.it\/scuola_e_universita\/prof_abusiva_senza_laurea_e_diploma_da_20_anni_maxi_risarcimento-7818511.html\">COMO <\/a><\/span><\/p>\n<div class=\"titolo\"><a href=\"http:\/\/quotidianodipuglia.it\/scuola_e_universita\/prof_abusiva_senza_laurea_e_diploma_da_20_anni_maxi_risarcimento-7818511.html\" class=\"ml_primary_link\">Prof abusiva, da 20 anni insegnava inglese e tedesco senza avere laurea n\u00e9 diploma. \u00abDeve restituire 247mila euro\u00bb<\/a><\/div>\n<\/div>\n<\/div>\n<\/div>\n<\/div>\n<\/article>\n<\/div>\n<\/div>\n<\/div>\n<div class=\"strip-1-square listing strip_moltofood_flexible  quotidianodipuglia\">\n<div class=\"testatabox testatina-box grande moltofood default\">\n<h3><a href=\"https:\/\/www.moltofood.it\" target=\"_blank\" title=\"moltofood.it\"><img loading=\"lazy\" decoding=\"async\" src=\"https:\/\/utils.cedsdigital.it\/img\/customizations\/moltofood.svg\" width=\"140\" height=\"20\"><\/a><\/h3>\n<\/div>\n<div class=\"row \">\n<article class=\"col-xs-12 html_base_square\">\n<div class=\"item_content\">\n<div class=\"row\">\n<div class=\"square___content\">\n<figure><a href=\"https:\/\/www.moltofood.it\/ravioli-di-pesce-ricetta\/?utm_source=quotidianodipuglia&amp;utm_medium=strip_moltofood_flexible&amp;utm_campaign=right_articolo\" target=\"_blank\" title=\"Ravioli di pesce, la ricetta alla portata di tutti\"><img decoding=\"async\" src=\"https:\/\/statics.cedscdn.it\/moltofood\/wp-content\/uploads\/2025\/12\/Raviolidipesce_copertina-150x150.jpeg\" title=\"Ravioli di pesce, la ricetta alla portata di tutti\"><\/a><\/figure>\n<\/div>\n<div class=\"col-xs valign__content\">\n<div class=\"valign\"><span class=\"testatina testatina-articolo\"><a href=\"https:\/\/www.moltofood.it\/ravioli-di-pesce-ricetta\/?utm_source=quotidianodipuglia&amp;utm_medium=strip_moltofood_flexible&amp;utm_campaign=right_articolo\"><br \/>\n                                                Primi                                                <\/a><\/span><\/p>\n<h2 class=\"titolo\"><a href=\"https:\/\/www.moltofood.it\/ravioli-di-pesce-ricetta\/?utm_source=quotidianodipuglia&amp;utm_medium=strip_moltofood_flexible&amp;utm_campaign=right_articolo\" title=\"Ravioli di pesce, la ricetta alla portata di tutti\" target=\"_blank\">Ravioli di pesce, la ricetta alla portata di tutti<\/a><\/h2>\n<p><span class=\"firma\">di Virginia Fabbri<\/span><\/div>\n<\/div>\n<\/div>\n<\/div>\n<\/article>\n<article class=\"col-xs-12 html_base_square\">\n<div class=\"item_content\">\n<div class=\"row\">\n<div class=\"square___content\">\n<figure><a href=\"https:\/\/www.moltofood.it\/treccia-di-pasta-sfoglia-al-salmone-ricetta\/?utm_source=quotidianodipuglia&amp;utm_medium=strip_moltofood_flexible&amp;utm_campaign=right_articolo\" target=\"_blank\" title=\"Treccia di pasta sfoglia al salmone: l\u2019antipasto facile e creativo\"><img decoding=\"async\" src=\"https:\/\/statics.cedscdn.it\/moltofood\/wp-content\/uploads\/2025\/12\/treccia-pasta-sfoglia-salmone-150x150.jpg\" title=\"Treccia di pasta sfoglia al salmone: l\u2019antipasto facile e creativo\"><\/a><\/figure>\n<\/div>\n<div class=\"col-xs valign__content\">\n<div class=\"valign\"><span class=\"testatina testatina-articolo\"><a href=\"https:\/\/www.moltofood.it\/treccia-di-pasta-sfoglia-al-salmone-ricetta\/?utm_source=quotidianodipuglia&amp;utm_medium=strip_moltofood_flexible&amp;utm_campaign=right_articolo\"><br \/>\n                                                Antipasti                                                <\/a><\/span><\/p>\n<h2 class=\"titolo\"><a href=\"https:\/\/www.moltofood.it\/treccia-di-pasta-sfoglia-al-salmone-ricetta\/?utm_source=quotidianodipuglia&amp;utm_medium=strip_moltofood_flexible&amp;utm_campaign=right_articolo\" title=\"Treccia di pasta sfoglia al salmone: l\u2019antipasto facile e creativo\" target=\"_blank\">Treccia di pasta sfoglia al salmone: l\u2019antipasto facile e creativo<\/a><\/h2>\n<p><span class=\"firma\">di Margherita Catalani<\/span><\/div>\n<\/div>\n<\/div>\n<\/div>\n<\/article>\n<\/div>\n<p><a href=\"https:\/\/www.moltofood.it?utm_source=quotidianodipuglia&amp;utm_medium=strip_moltofood_flexible&amp;utm_campaign=right_articolo\" class=\"testatabox show_more\" target=\"_blank\" title=\"moltofood.it\">Vedi tutte le ricette<\/a><\/div>\n<div class=\"strip-1-bottom\">\n<div class=\"testatabox default sinistra rosso partner news\">\n<h3 class=\"partner news\"><a href=\"https:\/\/www.romevaticancard.com\/it\/omniacards\/omnia-card-72\/?ref=banner\">OMNIA CARD<\/a><\/h3>\n<\/div>\n<div class=\"row\">\n<article class=\"col-xs-12 html_base_bottom   partner news \">\n<div class=\"item_content hyperlink\">\n<figure class=\"medium\"><a href=\"https:\/\/www.romevaticancard.com\/it\/omniacards\/omnia-card-72\/?ref=banner\" title=\"Omnia card 72h + Roma Pass: Musei Vaticani e Colosseo inclusi\"><img decoding=\"async\" src=\"https:\/\/statics.cedscdn.it\/photos\/MED\/20\/44\/7772044_27112113_rome.jpg\" title=\"Omnia card 72h + Roma Pass: Musei Vaticani e Colosseo inclusi\" width=\"-16\" height=\"-9\"><\/a><\/figure>\n<div class=\"titolo\"><a href=\"https:\/\/www.romevaticancard.com\/it\/omniacards\/omnia-card-72\/?ref=banner\" class=\"ml_primary_link\">Omnia card 72h + Roma Pass: Musei Vaticani e Colosseo inclusi<\/a><\/div>\n<\/div>\n<\/article>\n<\/div>\n<\/div>\n<div class=\"strip-1-no_foto ranking listing\">\n<div class=\"testatabox boxed sinistra  \">\n<h3 class>LE PI\u00d9 LETTE<\/h3>\n<\/div>\n<div class=\"row\">\n<article class=\"col-xs-12 html_base_no_foto  lecce \">\n<div class=\"item_content\"><span class=\"testatina testatina-articolo\"><a href=\"http:\/\/quotidianodipuglia.it\/lecce\/incidente_mortale_leverano_morto_uomo-9263820.html\">SALENTO <\/a><\/span><\/p>\n<div class=\"titolo\"><a href=\"http:\/\/quotidianodipuglia.it\/lecce\/incidente_mortale_leverano_morto_uomo-9263820.html\" class=\"ml_primary_link\">Incidente stradale alla vigilia di Natale: morto un uomo<\/a><\/div>\n<div class=\"row item_content_moreinfo middle-xs\">\n<div class=\"col-xs-8\"><span class=\"firma\"><span>di Alessio QUARTA<\/span><\/span><\/div>\n<\/div>\n<\/div>\n<\/article>\n<article class=\"col-xs-12 html_base_no_foto  schede \">\n<div class=\"item_content\"><span class=\"testatina testatina-articolo\"><a href=\"http:\/\/quotidianodipuglia.it\/schede\/puglia_passaggio_fiamma_olimpica_percorso_lecce_brindisi_tranto_bari_orario_divieti_dove_vederla-9261803.html\">SCHEDE<\/a><\/span><\/p>\n<div class=\"titolo\"><a href=\"http:\/\/quotidianodipuglia.it\/schede\/puglia_passaggio_fiamma_olimpica_percorso_lecce_brindisi_tranto_bari_orario_divieti_dove_vederla-9261803.html\" class=\"ml_primary_link\">Fiamma Olimpica in Puglia: il programma completo (il braciere a Lecce con Fef\u00e9 De Giorgi), dove vederla e la guida ai divieti<\/a><\/div>\n<\/div>\n<\/article>\n<article class=\"col-xs-12 html_base_no_foto  regione \">\n<div class=\"item_content\"><span class=\"testatina testatina-articolo\"><a href=\"http:\/\/quotidianodipuglia.it\/regione\/autostrada_teano_capua_caserta_sud_autobotte_esplosione_traffico_in_tilt_puglia_code_ultime_notizie-9262276.html\">IL CASO<\/a><\/span><\/p>\n<div class=\"titolo\"><a href=\"http:\/\/quotidianodipuglia.it\/regione\/autostrada_teano_capua_caserta_sud_autobotte_esplosione_traffico_in_tilt_puglia_code_ultime_notizie-9262276.html\" class=\"ml_primary_link\">Incidente choc sull&#8217;autostrada A1, esplode autobotte Gpl. Chilometri di code per chi \u00e8 diretto in Puglia<\/a><a href=\"http:\/\/quotidianodipuglia.it\/video\/primopiano\/esplosione_in_autostrada_il_momento_dell_incidente_chiusa_una_tratta-9262285.html\" class=\"ml_video\"><span><strong>IL VIDEO<\/strong><\/span><\/a><\/div>\n<div class=\"row item_content_moreinfo middle-xs\">\n<div class=\"col-xs\">\n<ul class=\"info-item\">\n<li class=\"has-video ri-video-line\"><\/ul>\n<\/div>\n<\/div>\n<\/div>\n<\/article>\n<article class=\"col-xs-12 html_base_no_foto  video primopiano \">\n<div class=\"item_content video\"><span class=\"testatina testatina-articolo\"><a href=\"http:\/\/quotidianodipuglia.it\/video\/primopiano\/esplosione_in_autostrada_il_momento_dell_incidente_chiusa_una_tratta-9262285.html\">PRIMO PIANO<\/a><\/span><\/p>\n<div class=\"titolo\"><a href=\"http:\/\/quotidianodipuglia.it\/video\/primopiano\/esplosione_in_autostrada_il_momento_dell_incidente_chiusa_una_tratta-9262285.html\" class=\"ml_primary_link\">Esplosione in autostrada, il momento dell&#8217;incidente<\/a><\/div>\n<\/div>\n<\/article>\n<article class=\"col-xs-12 html_base_no_foto  bari \">\n<div class=\"item_content\"><span class=\"testatina testatina-articolo\"><a href=\"http:\/\/quotidianodipuglia.it\/bari\/bari_monopoli_cocaina_valore_un_milione_euro_armadietto_azienda_arrestati_amministratore_dipendente-9262307.html\">BARI<\/a><\/span><\/p>\n<div class=\"titolo\"><a href=\"http:\/\/quotidianodipuglia.it\/bari\/bari_monopoli_cocaina_valore_un_milione_euro_armadietto_azienda_arrestati_amministratore_dipendente-9262307.html\" class=\"ml_primary_link\">Cocaina per un milione nell&#8217;armadietto in azienda: arrestati amministratore e dipendente, scovati 26 kg di droga<\/a><\/div>\n<\/div>\n<\/article>\n<\/div>\n<\/div>\n<div class=\"strip- lgw\">\n<div class=\"header\"><span class=\"title\"><br \/>\n                Cerca il tuo immobile all&#8217;asta<br \/>\n            <\/span><\/div>\n<div class=\"content\"><a href=\"https:\/\/www.legalmente.net\/\" target=\"_blank\" class=\"brand\"><img decoding=\"async\" src=\"https:\/\/www.legalmente.net\/images\/logo.jpg\"><\/a><\/div>\n<\/div>\n<\/div>\n<\/div>\n<\/div>\n<\/aside>\n<\/article>\n<p> Source URL: http:\/\/quotidianodipuglia.it\/scuola_e_universita\/la_giungla_fondi_cos_igrave_le_universit_agrave_si_dividono_b-877288.html<\/p>\n","protected":false},"excerpt":{"rendered":"<p>La giungla dei fondi, cos\u00ec le Universit\u00e0 si dividono tra A e B di Marco Esposito 4 Minuti di Lettura venerd\u00ec 20 febbraio 2015, 16:44 &#8211; Ultimo aggiornamento: 28 gennaio, 15:13 I premi ci sono e sono ricchi: 1,2 miliardi di euro. Ma sulla qualit\u00e0 della valutazione delle universit\u00e0 c\u2019\u00e8 molto da perfezionare. Per esempio [&hellip;]<\/p>\n","protected":false},"author":1,"featured_media":0,"comment_status":"open","ping_status":"","sticky":false,"template":"","format":"standard","meta":{"footnotes":""},"categories":[87],"tags":[155],"class_list":["post-1244231","post","type-post","status-publish","format-standard","hentry","category-italy","tag-quotidianodipuglia-it"],"_links":{"self":[{"href":"https:\/\/analyse.optim.biz\/index.php?rest_route=\/wp\/v2\/posts\/1244231","targetHints":{"allow":["GET"]}}],"collection":[{"href":"https:\/\/analyse.optim.biz\/index.php?rest_route=\/wp\/v2\/posts"}],"about":[{"href":"https:\/\/analyse.optim.biz\/index.php?rest_route=\/wp\/v2\/types\/post"}],"author":[{"embeddable":true,"href":"https:\/\/analyse.optim.biz\/index.php?rest_route=\/wp\/v2\/users\/1"}],"replies":[{"embeddable":true,"href":"https:\/\/analyse.optim.biz\/index.php?rest_route=%2Fwp%2Fv2%2Fcomments&post=1244231"}],"version-history":[{"count":0,"href":"https:\/\/analyse.optim.biz\/index.php?rest_route=\/wp\/v2\/posts\/1244231\/revisions"}],"wp:attachment":[{"href":"https:\/\/analyse.optim.biz\/index.php?rest_route=%2Fwp%2Fv2%2Fmedia&parent=1244231"}],"wp:term":[{"taxonomy":"category","embeddable":true,"href":"https:\/\/analyse.optim.biz\/index.php?rest_route=%2Fwp%2Fv2%2Fcategories&post=1244231"},{"taxonomy":"post_tag","embeddable":true,"href":"https:\/\/analyse.optim.biz\/index.php?rest_route=%2Fwp%2Fv2%2Ftags&post=1244231"}],"curies":[{"name":"wp","href":"https:\/\/api.w.org\/{rel}","templated":true}]}}