{"id":1244226,"date":"2015-03-07T16:21:00","date_gmt":"2015-03-07T13:21:00","guid":{"rendered":"https:\/\/analyse.optim.biz\/?p=1244226"},"modified":"2015-03-07T16:21:00","modified_gmt":"2015-03-07T13:21:00","slug":"laurea-honoris-causa-al-sociologo-zygmunt-bauman-appuntamento-il-17-aprile-a-lecce","status":"publish","type":"post","link":"https:\/\/analyse.optim.biz\/?p=1244226","title":{"rendered":"Laurea honoris causa al sociologo Zygmunt Bauman, appuntamento il 17 aprile a Lecce"},"content":{"rendered":"<article class=\"free-content\" id=\"content\">\n<header>\n<h1 class=\"titolo\">Laurea honoris causa al sociologo Zygmunt Bauman, appuntamento il 17 aprile a Lecce<\/h1>\n<\/header>\n<div class=\"row\">\n<section id=\"main-content\" class=\"col-xs-8\">\n<figure class=\"main-photo\"><img decoding=\"async\" src=\"https:\/\/statics.cedscdn.it\/photos\/MED\/73\/28\/907328_150307_zygmunt-bauman-006.jpg?webp\" width height alt=\"Laurea honoris causa al sociologo Zygmunt Bauman, appuntamento il 17 aprile a Lecce\" title=\"Laurea honoris causa al sociologo Zygmunt Bauman, appuntamento il 17 aprile a Lecce\"><\/figure>\n<div class=\"info-container-top\">\n<div class=\"row middle-xs\">\n<div class=\"col-xs end-xs\"><span class=\"tempo\">1 Minuto di Lettura<\/span><\/div>\n<\/div>\n<\/div>\n<div class=\"info-container-bottom\">\n<div class=\"row middle-xs\">\n<div class=\"col-xs-8\">\n              sabato 7 marzo 2015, 17:21                            <span class=\"last_agg\"> &#8211; Ultimo aggiornamento:<br \/>\n                  <b>28 gennaio, 15:13<\/b><\/span><\/div>\n<div class=\"col-xs\">\n<div class=\"share_bar_wrapper\">\n<div class=\"share-item share-box\">\n<ul>\n<li class=\"copy\">\n<li class=\"facebook\">\n<li class=\"twitter\">\n<li class=\"mail\">\n<li class=\"whatsapp\"><\/ul>\n<\/div>\n<\/div>\n<\/div>\n<\/div>\n<\/div>\n<div class=\"body-text\">\n<p>        LECCE &#8211; Dopo il forfait dello scorso novembre, e la promessa di venire nel Salento in primavera, il sociologo polacco Zygmunt Bauman verr\u00e0 a Lecce il 17 aprile. L&#8217;occasione la offre il conferimento della laurea honoris causa in Lingue moderne, Letterature e Traduzione letteraria da parte dell&#8217;Universit\u00e0 del Salento. Lo studioso terr\u00e0 una lectio magistralis sul tema &#8220;Sulle difficolt\u00e0 e sul bisogno del dialogo&#8221;. Alla cerimonia \u00e8 stata invita il ministro all&#8217;Istruzione Stefania Giannini.<\/p>\n<p>Bauman si fermer\u00e0 a Lecce fino al 18. Sar\u00e0 anche nell&#8217;aula magna dell&#8217;ex convento San Francesco a Taranto nel pomeriggio del 17, mentre sabato 18, in collaborazione con l&#8217;universit\u00e0 &#8220;Orazio Bianco&#8221; e la Fidapa, sar\u00e0 presentato alla comunit\u00e0 di Massafra e parler\u00e0 del tema &#8220;Tra on line e off line e il bisogno della vita in comunit\u00e0&#8221; al cinema teatro Spadaro di Massafra.<br \/>\n\u00a0    <\/div>\n<div class=\"wrap-box-end\">\n<div class=\"item-options\">\n<div class=\"share_bar_wrapper\">\n<div class=\"share-item share-box\">\n<ul>\n<li class=\"copy\">\n<li class=\"facebook\">\n<li class=\"twitter\">\n<li class=\"mail\">\n<li class=\"whatsapp\"><\/ul>\n<\/div>\n<\/div>\n<\/div>\n<\/div>\n<aside class=\"area\">&#8216;;<br \/>\n        outbrainEl.insertAdjacentHTML(&#8220;afterBegin&#8221;, AdCodeOutbrain);<\/p>\n<p>        loadScript(&#8216;\/\/widgets.outbrain.com\/outbrain.js&#8217;, function(){<br \/>\n            \/\/ cerco il widget. Necessario se c&#8217;\u00e8 un&#8217;altro widget di Outbrain in pagina (es: inread)<br \/>\n            OBR.extern.researchWidget();<br \/>\n        });<br \/>\n    }<\/p>\n<p>    function AnnunciOutbrain(callback) {<br \/>\n        var outbrainDiv = document.getElementById(&#8216;outbrainWait&#8217;);<br \/>\n        \/\/ Verifica se l&#8217;elemento esiste<br \/>\n        if (outbrainDiv) {<br \/>\n            \/\/ Modifica l&#8217;id dell&#8217;elemento div<br \/>\n            outbrainDiv.id = &#8216;outbrain&#8217;;<br \/>\n        }<\/p>\n<p>                    var load_method = impostazioni_testata.outbrain.load_method || &#8216;first-interaction&#8217;;<\/p>\n<p>        var outbrainEl = document.getElementById(&#8216;outbrain&#8217;);<\/p>\n<p>        CED.log(&#8220;outbrain load_method:&#8221; + load_method);<\/p>\n<p>        if (load_method == &#8216;when-near-viewport&#8217;) {<\/p>\n<p>            \/\/ outbrain parte solo quando scrollando arriva abbastanza vicino alla viewport<br \/>\n            if (typeof callback === &#8220;function&#8221;) {<\/p>\n<p>                \/\/ Listen for the scroll event<br \/>\n                \/\/document.addEventListener(&#8216;scroll&#8217;, onScroll(outbrainEl,callback), false);<br \/>\n                CedsWNV.watch(outbrainEl, callback, {<br \/>\n                    checkInterval: 300,<br \/>\n                    offset: 500<br \/>\n                });<\/p>\n<p>                \/*devo chiamare la funzione con argomenti e variabili *\/<br \/>\n            }<\/p>\n<p>        } else {<br \/>\n            \/\/ DEFAULT: outbrain parte alla prima interazione o dopo il timeout inattivit\u00e0<br \/>\n            _waitOnceFor(load_method, callback);<br \/>\n        }<br \/>\n    }<\/p>\n<p>            AnnunciOutbrain(WidgetOutbrainTag);<\/p>\n<div id=\"correlati-verticali\">\n<div class=\"testatabox default\">\n<h3>POTREBBE INTERESSARTI ANCHE<\/h3>\n<\/div>\n<div class=\"strip-2-bottom listing\">\n<div class=\"row\">\n<article class=\"col-xs-6 html_base_bottom   lecce \">\n<div class=\"item_content\">\n<figure class=\"medium\"><a href=\"http:\/\/quotidianodipuglia.it\/lecce\/natale_treni_binari_ritardi_frecciabianca_lecce_roma_gianni_ippoliti-9264281.html\" title=\"Natale amaro sui binari, ancora ritardi sulla linea Lecce-Roma. Ippoliti: \u00abAuguri dal treno della speranza\u00bb\"><img loading=\"lazy\" decoding=\"async\" src=\"https:\/\/statics.cedscdn.it\/photos\/MED_LOW\/2025\/12\/25\/9264281_25180700_caffe_e_benz_2025_12_25t180653.360.jpg\" title=\"Natale amaro sui binari, ancora ritardi sulla linea Lecce-Roma. Ippoliti: \u00abAuguri dal treno della speranza\u00bb\" width=\"404\" height=\"221\"><\/a><\/figure>\n<p><span class=\"testatina testatina-articolo\"><a href=\"http:\/\/quotidianodipuglia.it\/lecce\/natale_treni_binari_ritardi_frecciabianca_lecce_roma_gianni_ippoliti-9264281.html\">L&#8217;ODISSEA <\/a><\/span><\/p>\n<div class=\"titolo\"><a href=\"http:\/\/quotidianodipuglia.it\/lecce\/natale_treni_binari_ritardi_frecciabianca_lecce_roma_gianni_ippoliti-9264281.html\" class=\"ml_primary_link\">Natale amaro sui binari, ancora ritardi sulla linea Lecce-Roma. Ippoliti: \u00abAuguri dal treno della speranza\u00bb<\/a><\/div>\n<p><span class=\"firma\"><span>di Matteo CAIONE<\/span><\/span><\/div>\n<\/article>\n<article class=\"col-xs-6 html_base_bottom   schede \">\n<div class=\"item_content\">\n<figure class=\"medium\"><a href=\"http:\/\/quotidianodipuglia.it\/schede\/previsioni_meteo_natale_santo_stefano_tempo_cielo_coperto_puglia_bari_salento_taranto_lecce_brindisi_cosa_sappiamo-9264141.html\" title=\"Puglia sotto le nuvole a Natale e Santo Stefano: tempo instabile e cielo coperto Le previsioni meteo\"><img loading=\"lazy\" decoding=\"async\" src=\"https:\/\/statics.cedscdn.it\/photos\/MED_LOW\/2025\/12\/25\/9264141_25120732_previsioni_meteo_natale_santo_stefano_tempo_cielo_coperto_puglia_bari_salento_taranto_lecce_brindisi_cosa_sappiamo.jpg\" title=\"Puglia sotto le nuvole a Natale e Santo Stefano: tempo instabile e cielo coperto Le previsioni meteo\" width=\"404\" height=\"221\"><\/a><\/figure>\n<p><span class=\"testatina testatina-articolo\"><a href=\"http:\/\/quotidianodipuglia.it\/schede\/previsioni_meteo_natale_santo_stefano_tempo_cielo_coperto_puglia_bari_salento_taranto_lecce_brindisi_cosa_sappiamo-9264141.html\">SCHEDE<\/a><\/span><\/p>\n<div class=\"titolo\"><a href=\"http:\/\/quotidianodipuglia.it\/schede\/previsioni_meteo_natale_santo_stefano_tempo_cielo_coperto_puglia_bari_salento_taranto_lecce_brindisi_cosa_sappiamo-9264141.html\" class=\"ml_primary_link\">Puglia sotto le nuvole a Natale e Santo Stefano: tempo instabile e cielo coperto <span>Le previsioni meteo<\/span><\/a><\/div>\n<\/div>\n<\/article>\n<article class=\"col-xs-6 html_base_bottom   lecce \">\n<div class=\"item_content\">\n<figure class=\"medium\"><a href=\"http:\/\/quotidianodipuglia.it\/lecce\/lecce_natale_bambinello_presepe_anfiteatro_cerimonia_emozione_cosa_sappiamo-9264126.html\" title=\"Nasce il Bambinello nel presepe dell'anfiteatro: l'emozione del Natale batte nel cuore di Lecce\"><img loading=\"lazy\" decoding=\"async\" src=\"https:\/\/statics.cedscdn.it\/photos\/MED_LOW\/2025\/12\/25\/9264126_25113356_lecce_natale_bambinello_presepe_anfiteatro_cerimonia_emozione_cosa_sappiamo.jpg\" title=\"Nasce il Bambinello nel presepe dell'anfiteatro: l'emozione del Natale batte nel cuore di Lecce\" width=\"404\" height=\"221\"><\/a><\/figure>\n<p><span class=\"testatina testatina-articolo\"><a href=\"http:\/\/quotidianodipuglia.it\/lecce\/lecce_natale_bambinello_presepe_anfiteatro_cerimonia_emozione_cosa_sappiamo-9264126.html\">LA NATIVIT\u00e0 <\/a><\/span><\/p>\n<div class=\"titolo\"><a href=\"http:\/\/quotidianodipuglia.it\/lecce\/lecce_natale_bambinello_presepe_anfiteatro_cerimonia_emozione_cosa_sappiamo-9264126.html\" class=\"ml_primary_link\">Nasce il Bambinello nel presepe dell&#8217;anfiteatro: l&#8217;emozione del Natale batte nel cuore di Lecce<\/a><\/div>\n<p><span class=\"firma\"><span>di Matteo BOTTAZZO<\/span><\/span><\/div>\n<\/article>\n<article class=\"col-xs-6 html_base_bottom   lecce \">\n<div class=\"item_content\">\n<figure class=\"medium\"><a href=\"http:\/\/quotidianodipuglia.it\/lecce\/incendio_attentato_incendiario_notte_natale_lecce_bruciati_due_furgoni_commercianti_intimidazione-9264118.html\" title=\"Attentato nella notte di Natale: bruciati due furgoni, commercianti nel mirino\"><img loading=\"lazy\" decoding=\"async\" src=\"https:\/\/statics.cedscdn.it\/photos\/MED_LOW\/2025\/12\/25\/9264118_25111835_caffe_e_benz_2025_12_25t111829.651.jpg\" title=\"Attentato nella notte di Natale: bruciati due furgoni, commercianti nel mirino\" width=\"404\" height=\"221\"><\/a><\/figure>\n<p><span class=\"testatina testatina-articolo\"><a href=\"http:\/\/quotidianodipuglia.it\/lecce\/incendio_attentato_incendiario_notte_natale_lecce_bruciati_due_furgoni_commercianti_intimidazione-9264118.html\">LECCE<\/a><\/span><\/p>\n<div class=\"titolo\"><a href=\"http:\/\/quotidianodipuglia.it\/lecce\/incendio_attentato_incendiario_notte_natale_lecce_bruciati_due_furgoni_commercianti_intimidazione-9264118.html\" class=\"ml_primary_link\">Attentato nella notte di Natale: bruciati due furgoni, commercianti nel mirino<\/a><\/div>\n<p><span class=\"firma\"><span>di Matteo BOTTAZZO<\/span><\/span><\/div>\n<\/article>\n<article class=\"col-xs-6 html_base_bottom   lecce \">\n<div class=\"item_content\">\n<figure class=\"medium\"><a href=\"http:\/\/quotidianodipuglia.it\/lecce\/lecce_lavori_piazza_partigiani_via_papatodero_come_sara-9263667.html\" title=\"Marciapiedi, alberi e viabilit\u00e0: via Papadotero si rif\u00e0 il look\"><img loading=\"lazy\" decoding=\"async\" src=\"https:\/\/statics.cedscdn.it\/photos\/MED_LOW\/2025\/12\/24\/9263667_24100003_lecce_lavori_piazza_partigiani_via_papatodero_come_sara.jpg\" title=\"Marciapiedi, alberi e viabilit\u00e0: via Papadotero si rif\u00e0 il look\" width=\"404\" height=\"221\"><\/a><\/figure>\n<p><span class=\"testatina testatina-articolo\"><a href=\"http:\/\/quotidianodipuglia.it\/lecce\/lecce_lavori_piazza_partigiani_via_papatodero_come_sara-9263667.html\">LECCE<\/a><\/span><\/p>\n<div class=\"titolo\"><a href=\"http:\/\/quotidianodipuglia.it\/lecce\/lecce_lavori_piazza_partigiani_via_papatodero_come_sara-9263667.html\" class=\"ml_primary_link\">Marciapiedi, alberi e viabilit\u00e0: via Papadotero si rif\u00e0 il look<\/a><\/div>\n<p><span class=\"firma\"><span>di Matteo BOTTAZZO<\/span><\/span><\/div>\n<\/article>\n<article class=\"col-xs-6 html_base_bottom   lecce \">\n<div class=\"item_content\">\n<figure class=\"medium\"><a href=\"http:\/\/quotidianodipuglia.it\/lecce\/lecce_presepe_anfiteatro_bambinello-9263556.html\" title=\"Panzetta: \u00abRimettiamo Ges\u00f9 al centro del Natale\u00bb. Oggi la nascita del bambinello nel presepe dell'anfiteatro\"><img loading=\"lazy\" decoding=\"async\" src=\"https:\/\/statics.cedscdn.it\/photos\/MED_LOW\/2025\/12\/24\/9263556_24085908_lecce_presepe_anfiteatro_bambinello.jpg\" title=\"Panzetta: \u00abRimettiamo Ges\u00f9 al centro del Natale\u00bb. Oggi la nascita del bambinello nel presepe dell'anfiteatro\" width=\"404\" height=\"221\"><\/a><\/figure>\n<p><span class=\"testatina testatina-articolo\"><a href=\"http:\/\/quotidianodipuglia.it\/lecce\/lecce_presepe_anfiteatro_bambinello-9263556.html\">LECCE<\/a><\/span><\/p>\n<div class=\"titolo\"><a href=\"http:\/\/quotidianodipuglia.it\/lecce\/lecce_presepe_anfiteatro_bambinello-9263556.html\" class=\"ml_primary_link\">Panzetta: \u00abRimettiamo Ges\u00f9 al centro del Natale\u00bb. Oggi la nascita del bambinello nel presepe dell&#8217;anfiteatro<\/a><\/div>\n<\/div>\n<\/article>\n<article class=\"col-xs-6 html_base_bottom   sport \">\n<div class=\"item_content\">\n<figure class=\"medium\"><a href=\"http:\/\/quotidianodipuglia.it\/sport\/il_barone_causio_presenta_la_sfida_col_como_il_mio_lecce_ha_un_domani_ma_questo_e_un_altro_calcio-9262428.html\" title='Il \"Barone\" Causio presenta la sfida col Como: \u00abIl mio Lecce ha un domani. Ma questo \u00e8 un altro calcio\u00bb'><img loading=\"lazy\" decoding=\"async\" src=\"https:\/\/statics.cedscdn.it\/photos\/MED_LOW\/2025\/12\/23\/9262428_23222604_onecms_1o19tikrofzkdxmacw5_12ic8qqlreo.jpg\" title='Il \"Barone\" Causio presenta la sfida col Como: \u00abIl mio Lecce ha un domani. Ma questo \u00e8 un altro calcio\u00bb' width=\"404\" height=\"221\"><\/a><\/figure>\n<p><span class=\"testatina testatina-articolo\"><a href=\"http:\/\/quotidianodipuglia.it\/sport\/il_barone_causio_presenta_la_sfida_col_como_il_mio_lecce_ha_un_domani_ma_questo_e_un_altro_calcio-9262428.html\">CALCIO SERIE A<\/a><\/span><\/p>\n<div class=\"titolo\"><a href=\"http:\/\/quotidianodipuglia.it\/sport\/il_barone_causio_presenta_la_sfida_col_como_il_mio_lecce_ha_un_domani_ma_questo_e_un_altro_calcio-9262428.html\" class=\"ml_primary_link\">Il &#8220;Barone&#8221; Causio presenta la sfida col Como: \u00abIl mio Lecce ha un domani. Ma questo \u00e8 un altro calcio\u00bb<\/a><\/div>\n<p><span class=\"firma\"><span>di Antonio IMPERIALE<\/span><\/span><\/div>\n<\/article>\n<article class=\"col-xs-6 html_base_bottom   lecce \">\n<div class=\"item_content\">\n<figure class=\"medium\"><a href=\"http:\/\/quotidianodipuglia.it\/lecce\/lecce_oggi_apre_ex_massa_parcheggio_tariffe_quanto_costa-9262280.html\" title=\"Ex Massa, apre il grande parcheggio: i ticket e gli abbonamenti per 466 auto\"><img loading=\"lazy\" decoding=\"async\" src=\"https:\/\/statics.cedscdn.it\/photos\/MED_LOW\/2025\/12\/23\/9262280_23200339_onecms_1o17wiqd1kowgqawzey_12ib6usqr5s.jpg\" title=\"Ex Massa, apre il grande parcheggio: i ticket e gli abbonamenti per 466 auto\" width=\"404\" height=\"221\"><\/a><\/figure>\n<p><span class=\"testatina testatina-articolo\"><a href=\"http:\/\/quotidianodipuglia.it\/lecce\/lecce_oggi_apre_ex_massa_parcheggio_tariffe_quanto_costa-9262280.html\">LECCE<\/a><\/span><\/p>\n<div class=\"titolo\"><a href=\"http:\/\/quotidianodipuglia.it\/lecce\/lecce_oggi_apre_ex_massa_parcheggio_tariffe_quanto_costa-9262280.html\" class=\"ml_primary_link\">Ex Massa, apre il grande parcheggio: i ticket e gli abbonamenti per 466 auto<\/a><\/div>\n<p><span class=\"firma\"><span>di Mattia CHETTA<\/span><\/span><\/div>\n<\/article>\n<article class=\"col-xs-6 html_base_bottom   schede \">\n<div class=\"item_content\">\n<figure class=\"medium\"><a href=\"http:\/\/quotidianodipuglia.it\/schede\/puglia_passaggio_fiamma_olimpica_percorso_lecce_brindisi_tranto_bari_orario_divieti_dove_vederla-9261803.html\" title=\"Fiamma Olimpica in Puglia: il programma completo (il braciere a Lecce con Fef\u00e9 De Giorgi), dove vederla e la guida ai divieti\"><img loading=\"lazy\" decoding=\"async\" src=\"https:\/\/statics.cedscdn.it\/photos\/MED_LOW\/2025\/12\/23\/9261803_23133104_puglia_passaggio_fiamma_olimpica_percorso_lecce_brindisi_tranto_bari_orario_divieti_dove_vederla.jpg\" title=\"Fiamma Olimpica in Puglia: il programma completo (il braciere a Lecce con Fef\u00e9 De Giorgi), dove vederla e la guida ai divieti\" width=\"404\" height=\"221\"><\/a><\/figure>\n<p><span class=\"testatina testatina-articolo\"><a href=\"http:\/\/quotidianodipuglia.it\/schede\/puglia_passaggio_fiamma_olimpica_percorso_lecce_brindisi_tranto_bari_orario_divieti_dove_vederla-9261803.html\">SCHEDE<\/a><\/span><\/p>\n<div class=\"titolo\"><a href=\"http:\/\/quotidianodipuglia.it\/schede\/puglia_passaggio_fiamma_olimpica_percorso_lecce_brindisi_tranto_bari_orario_divieti_dove_vederla-9261803.html\" class=\"ml_primary_link\">Fiamma Olimpica in Puglia: il programma completo (il braciere a Lecce con Fef\u00e9 De Giorgi), dove vederla e la guida ai divieti<\/a><\/div>\n<\/div>\n<\/article>\n<article class=\"col-xs-6 html_base_bottom   schede \">\n<div class=\"item_content\">\n<figure class=\"medium\"><a href=\"http:\/\/quotidianodipuglia.it\/schede\/puglia_lecce_bari_brindisi_foggia_taranto_supermercati_aperti_natale_24_dicembre_25_dicembre_elenco_quali_sono-9261614.html\" title=\"Spesa di Natale in Puglia: supermercati aperti il 24, 25 e 26 dicembre. L\u2019elenco dei punti vendita\"><img loading=\"lazy\" decoding=\"async\" src=\"https:\/\/statics.cedscdn.it\/photos\/MED_LOW\/2025\/12\/23\/9261614_23074221_puglia_lecce_bari_brindisi_foggia_taranto_supermercati_aperti_natale_24_dicembre_25_dicembre_elenco_quali_sono.jpg\" title=\"Spesa di Natale in Puglia: supermercati aperti il 24, 25 e 26 dicembre. L\u2019elenco dei punti vendita\" width=\"404\" height=\"221\"><\/a><\/figure>\n<p><span class=\"testatina testatina-articolo\"><a href=\"http:\/\/quotidianodipuglia.it\/schede\/puglia_lecce_bari_brindisi_foggia_taranto_supermercati_aperti_natale_24_dicembre_25_dicembre_elenco_quali_sono-9261614.html\">SCHEDE<\/a><\/span><\/p>\n<div class=\"titolo\"><a href=\"http:\/\/quotidianodipuglia.it\/schede\/puglia_lecce_bari_brindisi_foggia_taranto_supermercati_aperti_natale_24_dicembre_25_dicembre_elenco_quali_sono-9261614.html\" class=\"ml_primary_link\">Spesa di Natale in Puglia: supermercati aperti il 24, 25 e 26 dicembre. L\u2019elenco dei punti vendita<\/a><\/div>\n<\/div>\n<\/article>\n<\/div>\n<\/div>\n<\/div>\n<\/aside>\n<\/section>\n<\/div>\n<aside id=\"right-rail\" class=\"col-xs-4\">\n<div id=\"right-content\">\n<div class=\"area right\">\n<div class=\"area right_articolo\" data-id=\"445\" data-nome=\"Right Articolo (generico) 2022\">\n<div class=\"strip-1-x-video box-tv\" data-strip-id=\"54651\">\n<div class=\"strip-1-video_player\">\n<div class=\"row\">\n<article class=\"col-xs-12 html_base_bottom  video \">\n<div class=\"item_content video\">\n<div class=\"embed_video\">\n<div class=\"jw_embed\" data-mediaid=\"4GCbVWp6\" data-disable_video_float_on_non_adv_content=\"cedjs-dynamic\" data-autostart=\"true\" data-related='{\"oncomplete\":\"show\"}' data-mute=\"true\" data-adv_always_floating=\"false\"><img loading=\"lazy\" decoding=\"async\" src=\"https:\/\/utils.cedsdigital.it\/img\/placeholders\/video.svg\" width=\"340\" height=\"180\" alt=\"Video\"><\/div>\n<\/div>\n<div class=\"titolo\"><a href=\"http:\/\/quotidianodipuglia.it\/video\/guyana_calabria_campania_prime_in_ue_per_rischio_poverta-9135288.html\" class=\"ml_primary_link\">Guyana, Calabria, Campania prime in Ue per rischio povert\u00e0<\/a><\/div>\n<\/div>\n<\/article>\n<\/div>\n<\/div>\n<div class=\"strip-1-square listing\">\n<div class=\"row\">\n<article class=\"col-xs-12 html_base_square  video \">\n<div class=\"item_content\">\n<div class=\"row\">\n<div class=\"col-xs valign__content\">\n<div class=\"square___content\">\n<figure class=\"thumbnail\"><a href=\"http:\/\/quotidianodipuglia.it\/video\/storie_italiane_il_racconto_di_mario_ermito-9105224.html\" title=\"Storie Italiane, il racconto di Mario Ermito\"><img loading=\"lazy\" decoding=\"async\" src=\"https:\/\/statics.cedscdn.it\/photos\/THUMB\/2025\/10\/03\/9105224_poster.jpg\" title=\"Storie Italiane, il racconto di Mario Ermito\" width=\"64\" height=\"64\"><\/a><\/figure>\n<\/div>\n<div class=\"valign\">\n<div class=\"titolo\"><a href=\"http:\/\/quotidianodipuglia.it\/video\/storie_italiane_il_racconto_di_mario_ermito-9105224.html\" class=\"ml_primary_link\">Storie Italiane, il racconto di Mario Ermito<\/a><\/div>\n<\/div>\n<\/div>\n<\/div>\n<\/div>\n<\/article>\n<article class=\"col-xs-12 html_base_square  video \">\n<div class=\"item_content\">\n<div class=\"row\">\n<div class=\"col-xs valign__content\">\n<div class=\"square___content\">\n<figure class=\"thumbnail\"><a href=\"http:\/\/quotidianodipuglia.it\/video\/lecce_protocollo_scuola_istituzioni_prefettura-9089424.html\" title=\"\u00abL'autismo non \u00e8 solo una diagnosi, \u00e8 un modo diverso di percepire il mondo\u00bb, il commovente messaggio di Emma\"><img loading=\"lazy\" decoding=\"async\" src=\"https:\/\/statics.cedscdn.it\/photos\/THUMB\/2025\/09\/25\/9089424_25191819_myfilename.jpg\" title=\"\u00abL'autismo non \u00e8 solo una diagnosi, \u00e8 un modo diverso di percepire il mondo\u00bb, il commovente messaggio di Emma\" width=\"64\" height=\"64\"><\/a><\/figure>\n<\/div>\n<div class=\"valign\">\n<div class=\"titolo\"><a href=\"http:\/\/quotidianodipuglia.it\/video\/lecce_protocollo_scuola_istituzioni_prefettura-9089424.html\" class=\"ml_primary_link\">\u00abL&#8217;autismo non \u00e8 solo una diagnosi, \u00e8 un modo diverso di percepire il mondo\u00bb, il commovente messaggio di Emma<\/a><\/div>\n<\/div>\n<\/div>\n<\/div>\n<\/div>\n<\/article>\n<article class=\"col-xs-12 html_base_square  video \">\n<div class=\"item_content\">\n<div class=\"row\">\n<div class=\"col-xs valign__content\">\n<div class=\"square___content\">\n<figure class=\"thumbnail\"><a href=\"http:\/\/quotidianodipuglia.it\/video\/operazione_antimafia_due_arresti_per_omicidio-9089095.html\" title=\"Operazione antimafia: due arresti per omicidio\"><img loading=\"lazy\" decoding=\"async\" src=\"https:\/\/statics.cedscdn.it\/photos\/THUMB\/2025\/09\/25\/9089095_poster.jpg\" title=\"Operazione antimafia: due arresti per omicidio\" width=\"64\" height=\"64\"><\/a><\/figure>\n<\/div>\n<div class=\"valign\">\n<div class=\"titolo\"><a href=\"http:\/\/quotidianodipuglia.it\/video\/operazione_antimafia_due_arresti_per_omicidio-9089095.html\" class=\"ml_primary_link\">Operazione antimafia: due arresti per omicidio<\/a><\/div>\n<\/div>\n<\/div>\n<\/div>\n<\/div>\n<\/article>\n<\/div>\n<\/div>\n<\/div>\n<div class=\"strip-combo \">\n<div class=\"testatabox default sinistra  scuolaeuniversita\">\n<h3 class=\"scuolaeuniversita\">Della stessa sezione<\/h3>\n<\/div>\n<div class=\"strip-1-bottom principale\">\n<div class=\"row\">\n<article class=\"col-xs-12 html_base_bottom   regione \">\n<div class=\"item_content\">\n<figure class=\"medium\"><a href=\"http:\/\/quotidianodipuglia.it\/regione\/nuovo_corso_di_laurea_tra_italia_e_albania_intesa_fra_politecnico_di_bari_e_universita_di_valona-9069420.html\" title=\"Nuovo corso di laurea tra Italia e Albania: intesa fra Politecnico di Bari e Universit\u00e0 di Valona\"><img decoding=\"async\" src=\"https:\/\/statics.cedscdn.it\/photos\/MED\/2025\/09\/15\/9069420_15191807_onecms_1j04r9elichsy66kycw_za5bxr56o0.jpg\" title=\"Nuovo corso di laurea tra Italia e Albania: intesa fra Politecnico di Bari e Universit\u00e0 di Valona\" width=\"-16\" height=\"-9\"><\/a><\/figure>\n<p><span class=\"testatina testatina-articolo\"><a href=\"http:\/\/quotidianodipuglia.it\/regione\/nuovo_corso_di_laurea_tra_italia_e_albania_intesa_fra_politecnico_di_bari_e_universita_di_valona-9069420.html\">UNIVERSITA&#8217;<\/a><\/span><\/p>\n<div class=\"titolo\"><a href=\"http:\/\/quotidianodipuglia.it\/regione\/nuovo_corso_di_laurea_tra_italia_e_albania_intesa_fra_politecnico_di_bari_e_universita_di_valona-9069420.html\" class=\"ml_primary_link\">Nuovo corso di laurea tra Italia e Albania: intesa fra Politecnico di Bari e Universit\u00e0 di Valona<\/a><\/div>\n<\/div>\n<\/article>\n<\/div>\n<\/div>\n<div class=\"strip-1-square seconda listing\">\n<div class=\"row\">\n<article class=\"col-xs-12 html_base_square  attualita \">\n<div class=\"item_content\">\n<div class=\"row\">\n<div class=\"col-xs valign__content\">\n<div class=\"square___content\">\n<figure class=\"thumbnail\"><a href=\"http:\/\/quotidianodipuglia.it\/attualita\/franco_anelli_morto_rettore_cattolica_cosa_ha_avuto-8138076.html\" title=\"Franco Anelli si \u00e8 ucciso, il rettore dell'Universit\u00e0 Cattolica aveva 60 anni\"><img loading=\"lazy\" decoding=\"async\" src=\"https:\/\/statics.cedscdn.it\/photos\/THUMB\/79\/30\/8137930_24130114_anelli_suicidio_milano.jpg\" title=\"Franco Anelli si \u00e8 ucciso, il rettore dell'Universit\u00e0 Cattolica aveva 60 anni\" width=\"64\" height=\"64\"><\/a><\/figure>\n<\/div>\n<div class=\"valign\"><span class=\"testatina testatina-articolo\"><a href=\"http:\/\/quotidianodipuglia.it\/attualita\/franco_anelli_morto_rettore_cattolica_cosa_ha_avuto-8138076.html\">MILANO<\/a><\/span><\/p>\n<div class=\"titolo\"><a href=\"http:\/\/quotidianodipuglia.it\/attualita\/franco_anelli_morto_rettore_cattolica_cosa_ha_avuto-8138076.html\" class=\"ml_primary_link\">Franco Anelli si \u00e8 ucciso, il rettore dell&#8217;Universit\u00e0 Cattolica aveva 60 anni<\/a><a href=\"http:\/\/quotidianodipuglia.it\/schede\/franco_anelli_chi_era_rettore_universita_sacro_cuore_di_milano_morto_61_anni-8137966.html\" class=\"ml_articolo\"><span>\u00abLa sua vita dedicata all&#8217;ateneo\u00bb<\/span><\/a><\/div>\n<\/div>\n<\/div>\n<\/div>\n<\/div>\n<\/article>\n<article class=\"col-xs-12 html_base_square  scuola_e_universita \">\n<div class=\"item_content\">\n<div class=\"row\">\n<div class=\"col-xs valign__content\">\n<div class=\"square___content\">\n<figure class=\"thumbnail\"><a href=\"http:\/\/quotidianodipuglia.it\/scuola_e_universita\/universita_puglia_rete_sviluppo_sostenibile_accordo_cosa_sappiamo-8109137.html\" title=\"Le universit\u00e0 di Puglia fanno rete: i cinque Atenei insieme per lo sviluppo sostenibile\"><img loading=\"lazy\" decoding=\"async\" src=\"https:\/\/statics.cedscdn.it\/photos\/THUMB\/91\/37\/8109137_10171448_universita_puglia_rete_sviluppo_sostenibile_accordo_cosa_sappiamo.jpg\" title=\"Le universit\u00e0 di Puglia fanno rete: i cinque Atenei insieme per lo sviluppo sostenibile\" width=\"64\" height=\"64\"><\/a><\/figure>\n<\/div>\n<div class=\"valign\"><span class=\"testatina testatina-articolo\"><a href=\"http:\/\/quotidianodipuglia.it\/scuola_e_universita\/universita_puglia_rete_sviluppo_sostenibile_accordo_cosa_sappiamo-8109137.html\">SCUOLA E UNIVERSITA<\/a><\/span><\/p>\n<div class=\"titolo\"><a href=\"http:\/\/quotidianodipuglia.it\/scuola_e_universita\/universita_puglia_rete_sviluppo_sostenibile_accordo_cosa_sappiamo-8109137.html\" class=\"ml_primary_link\">Le universit\u00e0 di Puglia fanno rete: i cinque Atenei insieme per lo sviluppo sostenibile<\/a><\/div>\n<\/div>\n<\/div>\n<\/div>\n<\/div>\n<\/article>\n<article class=\"col-xs-12 html_base_square  schede \">\n<div class=\"item_content\">\n<div class=\"row\">\n<div class=\"col-xs valign__content\">\n<div class=\"square___content\">\n<figure class=\"thumbnail\"><a href=\"http:\/\/quotidianodipuglia.it\/schede\/concorso_docenti_prova_scritta_come_funziona_orale_quando_cosa_sappiamo-7988314.html\" title=\"Concorso docenti, come funziona la prova e il punteggio minimo per l'orale. In Puglia 1.700 posti\"><img loading=\"lazy\" decoding=\"async\" src=\"https:\/\/statics.cedscdn.it\/photos\/THUMB\/83\/14\/7988314_11180114_2.jpg\" title=\"Concorso docenti, come funziona la prova e il punteggio minimo per l'orale. In Puglia 1.700 posti\" width=\"64\" height=\"64\"><\/a><\/figure>\n<\/div>\n<div class=\"valign\"><span class=\"testatina testatina-articolo\"><a href=\"http:\/\/quotidianodipuglia.it\/schede\/concorso_docenti_prova_scritta_come_funziona_orale_quando_cosa_sappiamo-7988314.html\">LE ASSUNZIONI<\/a><\/span><\/p>\n<div class=\"titolo\"><a href=\"http:\/\/quotidianodipuglia.it\/schede\/concorso_docenti_prova_scritta_come_funziona_orale_quando_cosa_sappiamo-7988314.html\" class=\"ml_primary_link\">Concorso docenti, come funziona la prova e il punteggio minimo per l&#8217;orale.<span> In Puglia 1.700 posti<\/span><\/a><\/div>\n<\/div>\n<\/div>\n<\/div>\n<\/div>\n<\/article>\n<article class=\"col-xs-12 html_base_square  scuola_e_universita \">\n<div class=\"item_content\">\n<div class=\"row\">\n<div class=\"col-xs valign__content\">\n<div class=\"square___content\">\n<figure class=\"thumbnail\"><a href=\"http:\/\/quotidianodipuglia.it\/scuola_e_universita\/prof_abusiva_senza_laurea_e_diploma_da_20_anni_maxi_risarcimento-7818511.html\" title=\"Prof abusiva, da 20 anni insegnava inglese e tedesco senza avere laurea n\u00e9 diploma. \u00abDeve restituire 247mila euro\u00bb\"><img loading=\"lazy\" decoding=\"async\" src=\"https:\/\/statics.cedscdn.it\/photos\/THUMB\/85\/11\/7818511_15120316_dd.jpg\" title=\"Prof abusiva, da 20 anni insegnava inglese e tedesco senza avere laurea n\u00e9 diploma. \u00abDeve restituire 247mila euro\u00bb\" width=\"64\" height=\"64\"><\/a><\/figure>\n<\/div>\n<div class=\"valign\"><span class=\"testatina testatina-articolo\"><a href=\"http:\/\/quotidianodipuglia.it\/scuola_e_universita\/prof_abusiva_senza_laurea_e_diploma_da_20_anni_maxi_risarcimento-7818511.html\">COMO <\/a><\/span><\/p>\n<div class=\"titolo\"><a href=\"http:\/\/quotidianodipuglia.it\/scuola_e_universita\/prof_abusiva_senza_laurea_e_diploma_da_20_anni_maxi_risarcimento-7818511.html\" class=\"ml_primary_link\">Prof abusiva, da 20 anni insegnava inglese e tedesco senza avere laurea n\u00e9 diploma. \u00abDeve restituire 247mila euro\u00bb<\/a><\/div>\n<\/div>\n<\/div>\n<\/div>\n<\/div>\n<\/article>\n<\/div>\n<\/div>\n<\/div>\n<div class=\"strip-1-square listing strip_moltofood_flexible  quotidianodipuglia\">\n<div class=\"testatabox testatina-box grande moltofood default\">\n<h3><a href=\"https:\/\/www.moltofood.it\" target=\"_blank\" title=\"moltofood.it\"><img loading=\"lazy\" decoding=\"async\" src=\"https:\/\/utils.cedsdigital.it\/img\/customizations\/moltofood.svg\" width=\"140\" height=\"20\"><\/a><\/h3>\n<\/div>\n<div class=\"row \">\n<article class=\"col-xs-12 html_base_square\">\n<div class=\"item_content\">\n<div class=\"row\">\n<div class=\"square___content\">\n<figure><a href=\"https:\/\/www.moltofood.it\/ravioli-di-pesce-ricetta\/?utm_source=quotidianodipuglia&amp;utm_medium=strip_moltofood_flexible&amp;utm_campaign=right_articolo\" target=\"_blank\" title=\"Ravioli di pesce, la ricetta alla portata di tutti\"><img decoding=\"async\" src=\"https:\/\/statics.cedscdn.it\/moltofood\/wp-content\/uploads\/2025\/12\/Raviolidipesce_copertina-150x150.jpeg\" title=\"Ravioli di pesce, la ricetta alla portata di tutti\"><\/a><\/figure>\n<\/div>\n<div class=\"col-xs valign__content\">\n<div class=\"valign\"><span class=\"testatina testatina-articolo\"><a href=\"https:\/\/www.moltofood.it\/ravioli-di-pesce-ricetta\/?utm_source=quotidianodipuglia&amp;utm_medium=strip_moltofood_flexible&amp;utm_campaign=right_articolo\"><br \/>\n                                                Primi                                                <\/a><\/span><\/p>\n<h2 class=\"titolo\"><a href=\"https:\/\/www.moltofood.it\/ravioli-di-pesce-ricetta\/?utm_source=quotidianodipuglia&amp;utm_medium=strip_moltofood_flexible&amp;utm_campaign=right_articolo\" title=\"Ravioli di pesce, la ricetta alla portata di tutti\" target=\"_blank\">Ravioli di pesce, la ricetta alla portata di tutti<\/a><\/h2>\n<p><span class=\"firma\">di Virginia Fabbri<\/span><\/div>\n<\/div>\n<\/div>\n<\/div>\n<\/article>\n<article class=\"col-xs-12 html_base_square\">\n<div class=\"item_content\">\n<div class=\"row\">\n<div class=\"square___content\">\n<figure><a href=\"https:\/\/www.moltofood.it\/treccia-di-pasta-sfoglia-al-salmone-ricetta\/?utm_source=quotidianodipuglia&amp;utm_medium=strip_moltofood_flexible&amp;utm_campaign=right_articolo\" target=\"_blank\" title=\"Treccia di pasta sfoglia al salmone: l\u2019antipasto facile e creativo\"><img decoding=\"async\" src=\"https:\/\/statics.cedscdn.it\/moltofood\/wp-content\/uploads\/2025\/12\/treccia-pasta-sfoglia-salmone-150x150.jpg\" title=\"Treccia di pasta sfoglia al salmone: l\u2019antipasto facile e creativo\"><\/a><\/figure>\n<\/div>\n<div class=\"col-xs valign__content\">\n<div class=\"valign\"><span class=\"testatina testatina-articolo\"><a href=\"https:\/\/www.moltofood.it\/treccia-di-pasta-sfoglia-al-salmone-ricetta\/?utm_source=quotidianodipuglia&amp;utm_medium=strip_moltofood_flexible&amp;utm_campaign=right_articolo\"><br \/>\n                                                Antipasti                                                <\/a><\/span><\/p>\n<h2 class=\"titolo\"><a href=\"https:\/\/www.moltofood.it\/treccia-di-pasta-sfoglia-al-salmone-ricetta\/?utm_source=quotidianodipuglia&amp;utm_medium=strip_moltofood_flexible&amp;utm_campaign=right_articolo\" title=\"Treccia di pasta sfoglia al salmone: l\u2019antipasto facile e creativo\" target=\"_blank\">Treccia di pasta sfoglia al salmone: l\u2019antipasto facile e creativo<\/a><\/h2>\n<p><span class=\"firma\">di Margherita Catalani<\/span><\/div>\n<\/div>\n<\/div>\n<\/div>\n<\/article>\n<\/div>\n<p><a href=\"https:\/\/www.moltofood.it?utm_source=quotidianodipuglia&amp;utm_medium=strip_moltofood_flexible&amp;utm_campaign=right_articolo\" class=\"testatabox show_more\" target=\"_blank\" title=\"moltofood.it\">Vedi tutte le ricette<\/a><\/div>\n<div class=\"strip-1-bottom\">\n<div class=\"testatabox default sinistra rosso partner news\">\n<h3 class=\"partner news\"><a href=\"https:\/\/www.romevaticancard.com\/it\/omniacards\/omnia-card-72\/?ref=banner\">OMNIA CARD<\/a><\/h3>\n<\/div>\n<div class=\"row\">\n<article class=\"col-xs-12 html_base_bottom   partner news \">\n<div class=\"item_content hyperlink\">\n<figure class=\"medium\"><a href=\"https:\/\/www.romevaticancard.com\/it\/omniacards\/omnia-card-72\/?ref=banner\" title=\"Omnia card 72h + Roma Pass: Musei Vaticani e Colosseo inclusi\"><img decoding=\"async\" src=\"https:\/\/statics.cedscdn.it\/photos\/MED\/20\/44\/7772044_27112113_rome.jpg\" title=\"Omnia card 72h + Roma Pass: Musei Vaticani e Colosseo inclusi\" width=\"-16\" height=\"-9\"><\/a><\/figure>\n<div class=\"titolo\"><a href=\"https:\/\/www.romevaticancard.com\/it\/omniacards\/omnia-card-72\/?ref=banner\" class=\"ml_primary_link\">Omnia card 72h + Roma Pass: Musei Vaticani e Colosseo inclusi<\/a><\/div>\n<\/div>\n<\/article>\n<\/div>\n<\/div>\n<div class=\"strip-1-no_foto ranking listing\">\n<div class=\"testatabox boxed sinistra  \">\n<h3 class>LE PI\u00d9 LETTE<\/h3>\n<\/div>\n<div class=\"row\">\n<article class=\"col-xs-12 html_base_no_foto  lecce \">\n<div class=\"item_content\"><span class=\"testatina testatina-articolo\"><a href=\"http:\/\/quotidianodipuglia.it\/lecce\/incidente_mortale_leverano_morto_uomo-9263820.html\">SALENTO <\/a><\/span><\/p>\n<div class=\"titolo\"><a href=\"http:\/\/quotidianodipuglia.it\/lecce\/incidente_mortale_leverano_morto_uomo-9263820.html\" class=\"ml_primary_link\">Incidente stradale alla vigilia di Natale: morto un uomo<\/a><\/div>\n<div class=\"row item_content_moreinfo middle-xs\">\n<div class=\"col-xs-8\"><span class=\"firma\"><span>di Alessio QUARTA<\/span><\/span><\/div>\n<\/div>\n<\/div>\n<\/article>\n<article class=\"col-xs-12 html_base_no_foto  sport \">\n<div class=\"item_content\"><span class=\"testatina testatina-articolo\"><a href=\"http:\/\/quotidianodipuglia.it\/sport\/il_barone_causio_presenta_la_sfida_col_como_il_mio_lecce_ha_un_domani_ma_questo_e_un_altro_calcio-9262428.html\">CALCIO SERIE A<\/a><\/span><\/p>\n<div class=\"titolo\"><a href=\"http:\/\/quotidianodipuglia.it\/sport\/il_barone_causio_presenta_la_sfida_col_como_il_mio_lecce_ha_un_domani_ma_questo_e_un_altro_calcio-9262428.html\" class=\"ml_primary_link\">Il &#8220;Barone&#8221; Causio presenta la sfida col Como: \u00abIl mio Lecce ha un domani. Ma questo \u00e8 un altro calcio\u00bb<\/a><\/div>\n<div class=\"row item_content_moreinfo middle-xs\">\n<div class=\"col-xs-8\"><span class=\"firma\"><span>di Antonio IMPERIALE<\/span><\/span><\/div>\n<\/div>\n<\/div>\n<\/article>\n<article class=\"col-xs-12 html_base_no_foto  lecce \">\n<div class=\"item_content\"><span class=\"testatina testatina-articolo\"><a href=\"http:\/\/quotidianodipuglia.it\/lecce\/lutto_nautica_otranto_morto_muscatello_chi_era_quando_i_funerali-9263912.html\">LECCE<\/a><\/span><\/p>\n<div class=\"titolo\"><a href=\"http:\/\/quotidianodipuglia.it\/lecce\/lutto_nautica_otranto_morto_muscatello_chi_era_quando_i_funerali-9263912.html\" class=\"ml_primary_link\">Addio a &#8220;Mesciu Pippi&#8221;, il pioniere che port\u00f2 la nautica moderna in Puglia<\/a><\/div>\n<\/div>\n<\/article>\n<article class=\"col-xs-12 html_base_no_foto  bat \">\n<div class=\"item_content\"><span class=\"testatina testatina-articolo\"><a href=\"http:\/\/quotidianodipuglia.it\/bat\/incidente_dramma_san_ferdinando_bat_puglia_morto_ragazzo_18_anni_due_feriti_cosa_sappiamo-9264339.html\">BAT<\/a><\/span><\/p>\n<div class=\"titolo\"><a href=\"http:\/\/quotidianodipuglia.it\/bat\/incidente_dramma_san_ferdinando_bat_puglia_morto_ragazzo_18_anni_due_feriti_cosa_sappiamo-9264339.html\" class=\"ml_primary_link\">Tragedia a Natale, fuori strada con l&#8217;auto: muore un 18enne, feriti due coetanei<\/a><\/div>\n<\/div>\n<\/article>\n<article class=\"col-xs-12 html_base_no_foto  lecce \">\n<div class=\"item_content\"><span class=\"testatina testatina-articolo\"><a href=\"http:\/\/quotidianodipuglia.it\/lecce\/incendio_auto_salento_cosa_e_successo-9263552.html\">LECCE<\/a><\/span><\/p>\n<div class=\"titolo\"><a href=\"http:\/\/quotidianodipuglia.it\/lecce\/incendio_auto_salento_cosa_e_successo-9263552.html\" class=\"ml_primary_link\">Cinque auto in fiamme, tre abitazioni danneggiate e una persona intossicata: notte di fuoco nel Salento<\/a><\/div>\n<div class=\"row item_content_moreinfo middle-xs\">\n<div class=\"col-xs-8\"><span class=\"firma\"><span>di Pierangelo TEMPESTA<\/span><\/span><\/div>\n<\/div>\n<\/div>\n<\/article>\n<\/div>\n<\/div>\n<div class=\"strip- lgw\">\n<div class=\"header\"><span class=\"title\"><br \/>\n                Cerca il tuo immobile all&#8217;asta<br \/>\n            <\/span><\/div>\n<div class=\"content\"><a href=\"https:\/\/www.legalmente.net\/\" target=\"_blank\" class=\"brand\"><img decoding=\"async\" src=\"https:\/\/www.legalmente.net\/images\/logo.jpg\"><\/a><\/div>\n<\/div>\n<\/div>\n<\/div>\n<\/div>\n<\/aside>\n<\/article>\n<p> Source URL: http:\/\/quotidianodipuglia.it\/scuola_e_universita\/laurea_honoris_causa_sociologo_zygmunt_bauman_lecce-907328.html<\/p>\n","protected":false},"excerpt":{"rendered":"<p>Laurea honoris causa al sociologo Zygmunt Bauman, appuntamento il 17 aprile a Lecce 1 Minuto di Lettura sabato 7 marzo 2015, 17:21 &#8211; Ultimo aggiornamento: 28 gennaio, 15:13 LECCE &#8211; Dopo il forfait dello scorso novembre, e la promessa di venire nel Salento in primavera, il sociologo polacco Zygmunt Bauman verr\u00e0 a Lecce il 17 [&hellip;]<\/p>\n","protected":false},"author":1,"featured_media":0,"comment_status":"open","ping_status":"","sticky":false,"template":"","format":"standard","meta":{"footnotes":""},"categories":[87],"tags":[155],"class_list":["post-1244226","post","type-post","status-publish","format-standard","hentry","category-italy","tag-quotidianodipuglia-it"],"_links":{"self":[{"href":"https:\/\/analyse.optim.biz\/index.php?rest_route=\/wp\/v2\/posts\/1244226","targetHints":{"allow":["GET"]}}],"collection":[{"href":"https:\/\/analyse.optim.biz\/index.php?rest_route=\/wp\/v2\/posts"}],"about":[{"href":"https:\/\/analyse.optim.biz\/index.php?rest_route=\/wp\/v2\/types\/post"}],"author":[{"embeddable":true,"href":"https:\/\/analyse.optim.biz\/index.php?rest_route=\/wp\/v2\/users\/1"}],"replies":[{"embeddable":true,"href":"https:\/\/analyse.optim.biz\/index.php?rest_route=%2Fwp%2Fv2%2Fcomments&post=1244226"}],"version-history":[{"count":0,"href":"https:\/\/analyse.optim.biz\/index.php?rest_route=\/wp\/v2\/posts\/1244226\/revisions"}],"wp:attachment":[{"href":"https:\/\/analyse.optim.biz\/index.php?rest_route=%2Fwp%2Fv2%2Fmedia&parent=1244226"}],"wp:term":[{"taxonomy":"category","embeddable":true,"href":"https:\/\/analyse.optim.biz\/index.php?rest_route=%2Fwp%2Fv2%2Fcategories&post=1244226"},{"taxonomy":"post_tag","embeddable":true,"href":"https:\/\/analyse.optim.biz\/index.php?rest_route=%2Fwp%2Fv2%2Ftags&post=1244226"}],"curies":[{"name":"wp","href":"https:\/\/api.w.org\/{rel}","templated":true}]}}