{"id":1244223,"date":"2015-03-30T15:44:00","date_gmt":"2015-03-30T12:44:00","guid":{"rendered":"https:\/\/analyse.optim.biz\/?p=1244223"},"modified":"2015-03-30T15:44:00","modified_gmt":"2015-03-30T12:44:00","slug":"negli-atenei-e-boom-di-prof-a-contratto-mentre-ricercatori-e-docenti-a-tempo-pieno-sono-al-palo","status":"publish","type":"post","link":"https:\/\/analyse.optim.biz\/?p=1244223","title":{"rendered":"Negli atenei \u00e8 boom di prof a contratto, mentre ricercatori e docenti a tempo pieno sono al palo"},"content":{"rendered":"<article class=\"free-content\" id=\"content\">\n<header>\n<h1 class=\"titolo\">Negli atenei \u00e8 boom di prof a contratto, mentre ricercatori e docenti a tempo pieno sono al palo<\/h1>\n<\/header>\n<div class=\"row\">\n<section id=\"main-content\" class=\"col-xs-8\">\n<figure class=\"main-photo\"><img decoding=\"async\" src=\"https:\/\/statics.cedscdn.it\/photos\/MED\/08\/59\/950859_251_2015_c9-03-30_TLB_173006.jpg?webp\" width height alt=\"Negli atenei \u00e8 boom di prof a contratto, mentre ricercatori e docenti a tempo pieno sono al palo\" title=\"Negli atenei \u00e8 boom di prof a contratto, mentre ricercatori e docenti a tempo pieno sono al palo\"><\/figure>\n<div class=\"info-container-top\">\n<div class=\"row middle-xs\">\n<div class=\"col-xs end-xs\"><span class=\"tempo\">1 Minuto di Lettura<\/span><\/div>\n<\/div>\n<\/div>\n<div class=\"info-container-bottom\">\n<div class=\"row middle-xs\">\n<div class=\"col-xs-8\">\n              luned\u00ec 30 marzo 2015, 17:44                            <span class=\"last_agg\"> &#8211; Ultimo aggiornamento:<br \/>\n                  <b>28 gennaio, 15:14<\/b><\/span><\/div>\n<div class=\"col-xs\">\n<div class=\"share_bar_wrapper\">\n<div class=\"share-item share-box\">\n<ul>\n<li class=\"copy\">\n<li class=\"facebook\">\n<li class=\"twitter\">\n<li class=\"mail\">\n<li class=\"whatsapp\"><\/ul>\n<\/div>\n<\/div>\n<\/div>\n<\/div>\n<\/div>\n<div class=\"body-text\">\n<p>        (Teleborsa) &#8211; In Italia il precariato, specie nel mondo della scuola, rimane una ferita ancora aperta.<\/p>\n<p>\nInvece di provvedere a stabilizzare decine di migliaia di ricercatori e docenti, da anni impegnati quotidianamente a condurre la didattica e la ricerca nelle nostre universit\u00e0, da Viale Trastevere \u00e8 arrivata l&#8217;idea di salvare i corsi di laurea a rischio allargando il numero di professori a contratto. Secondo il giovane sindacato della scuola Anief, cos\u00ec si\u00a0istituzionalizzano sempre pi\u00f9 rapporti annuali a contratto, spesso in cambio di un mero rimborso spese, ad insegnanti esperti e cultori delle varie materie. Superando, nemmeno di poco, l&#8217;originario limite legislativo del 5%.\u00a0<\/p>\n<p>Marcello Pacifico, presidente Anief e segretario organizzativo Confedir, spiega che il \u201ccontinuo ricorso alla contrattazione privatistica per assicurare la costante erogazione dell&#8217;attivit\u00e0 didattica, sta mettendo a serio rischio l&#8217;intera sopravvivenza del servizio nazionale universitario. Il tutto, calpestando la Carta europea dei ricercatori. Non \u00e8 un caso se vi sono sempre meno iscritti, troppi studenti fuori corso e un numero altissimo di cultori, assegnisti, dottori di ricerca, ricercatori, verso l&#8217;estinzione, e quasi-docenti in perenne attesa di fare il \u201csalto\u201d negli organici accademici. Ma contro tutto ci\u00f2 abbiamo deciso di dire basta: se necessario ricorreremo fino alla Curia europea\u201d.    <\/p><\/div>\n<div class=\"wrap-box-end\">\n<div class=\"item-options\">\n<div class=\"share_bar_wrapper\">\n<div class=\"share-item share-box\">\n<ul>\n<li class=\"copy\">\n<li class=\"facebook\">\n<li class=\"twitter\">\n<li class=\"mail\">\n<li class=\"whatsapp\"><\/ul>\n<\/div>\n<\/div>\n<\/div>\n<\/div>\n<aside class=\"area\">&#8216;;<br \/>\n        outbrainEl.insertAdjacentHTML(&#8220;afterBegin&#8221;, AdCodeOutbrain);<\/p>\n<p>        loadScript(&#8216;\/\/widgets.outbrain.com\/outbrain.js&#8217;, function(){<br \/>\n            \/\/ cerco il widget. Necessario se c&#8217;\u00e8 un&#8217;altro widget di Outbrain in pagina (es: inread)<br \/>\n            OBR.extern.researchWidget();<br \/>\n        });<br \/>\n    }<\/p>\n<p>    function AnnunciOutbrain(callback) {<br \/>\n        var outbrainDiv = document.getElementById(&#8216;outbrainWait&#8217;);<br \/>\n        \/\/ Verifica se l&#8217;elemento esiste<br \/>\n        if (outbrainDiv) {<br \/>\n            \/\/ Modifica l&#8217;id dell&#8217;elemento div<br \/>\n            outbrainDiv.id = &#8216;outbrain&#8217;;<br \/>\n        }<\/p>\n<p>                    var load_method = impostazioni_testata.outbrain.load_method || &#8216;first-interaction&#8217;;<\/p>\n<p>        var outbrainEl = document.getElementById(&#8216;outbrain&#8217;);<\/p>\n<p>        CED.log(&#8220;outbrain load_method:&#8221; + load_method);<\/p>\n<p>        if (load_method == &#8216;when-near-viewport&#8217;) {<\/p>\n<p>            \/\/ outbrain parte solo quando scrollando arriva abbastanza vicino alla viewport<br \/>\n            if (typeof callback === &#8220;function&#8221;) {<\/p>\n<p>                \/\/ Listen for the scroll event<br \/>\n                \/\/document.addEventListener(&#8216;scroll&#8217;, onScroll(outbrainEl,callback), false);<br \/>\n                CedsWNV.watch(outbrainEl, callback, {<br \/>\n                    checkInterval: 300,<br \/>\n                    offset: 500<br \/>\n                });<\/p>\n<p>                \/*devo chiamare la funzione con argomenti e variabili *\/<br \/>\n            }<\/p>\n<p>        } else {<br \/>\n            \/\/ DEFAULT: outbrain parte alla prima interazione o dopo il timeout inattivit\u00e0<br \/>\n            _waitOnceFor(load_method, callback);<br \/>\n        }<br \/>\n    }<\/p>\n<p>            AnnunciOutbrain(WidgetOutbrainTag);<\/p>\n<div id=\"correlati-verticali\">\n<div class=\"testatabox default\">\n<h3>POTREBBE INTERESSARTI ANCHE<\/h3>\n<\/div>\n<div class=\"strip-2-bottom listing\">\n<div class=\"row\">\n<article class=\"col-xs-6 html_base_bottom   attualita \">\n<div class=\"item_content\">\n<figure class=\"medium\"><a href=\"http:\/\/quotidianodipuglia.it\/attualita\/contratto_giornalisti_italiani_sciopero_comunicato_fnsi_stampa_giornali-9214810.html\" title=\"Perch\u00e9 i giornalisti hanno scioperato ieri 28 novembre e perch\u00e9 oggi Quotidiano non \u00e8 in edicola\"><img loading=\"lazy\" decoding=\"async\" src=\"https:\/\/statics.cedscdn.it\/photos\/MED_LOW\/2025\/11\/27\/9214810_27204656_contratto_giornalisti_italiani_sciopero_comunicato_fnsi_stampa_giornali.jpg\" title=\"Perch\u00e9 i giornalisti hanno scioperato ieri 28 novembre e perch\u00e9 oggi Quotidiano non \u00e8 in edicola\" width=\"404\" height=\"221\"><\/a><\/figure>\n<p><span class=\"testatina testatina-articolo\"><a href=\"http:\/\/quotidianodipuglia.it\/attualita\/contratto_giornalisti_italiani_sciopero_comunicato_fnsi_stampa_giornali-9214810.html\">ATTUALIT\u00e0<\/a><\/span><\/p>\n<div class=\"titolo\"><a href=\"http:\/\/quotidianodipuglia.it\/attualita\/contratto_giornalisti_italiani_sciopero_comunicato_fnsi_stampa_giornali-9214810.html\" class=\"ml_primary_link\">Perch\u00e9 i giornalisti hanno scioperato ieri 28 novembre e perch\u00e9 oggi Quotidiano non \u00e8 in edicola<\/a><\/div>\n<\/div>\n<\/article>\n<article class=\"col-xs-6 html_base_bottom   schede \">\n<div class=\"item_content\">\n<figure class=\"medium\"><a href=\"http:\/\/quotidianodipuglia.it\/schede\/scuola_aumenti_docenti_quanto_quando_arrivano_nuovo_contratto_arretrati_cosa_sapere_busta_paga_ultime_notizie-9176635.html\" title=\"Tabelle aumenti, arretrati e date di pagamento: guida completa al nuovo contratto scuola\"><img loading=\"lazy\" decoding=\"async\" src=\"https:\/\/statics.cedscdn.it\/photos\/MED_LOW\/2025\/11\/08\/9176635_06183510_9158894_30154215_onecms_1mpwxmzv9bmm071y8at.jpg\" title=\"Tabelle aumenti, arretrati e date di pagamento: guida completa al nuovo contratto scuola\" width=\"404\" height=\"221\"><\/a><\/figure>\n<p><span class=\"testatina testatina-articolo\"><a href=\"http:\/\/quotidianodipuglia.it\/schede\/scuola_aumenti_docenti_quanto_quando_arrivano_nuovo_contratto_arretrati_cosa_sapere_busta_paga_ultime_notizie-9176635.html\">IL RINNOVO<\/a><\/span><\/p>\n<div class=\"titolo\"><a href=\"http:\/\/quotidianodipuglia.it\/schede\/scuola_aumenti_docenti_quanto_quando_arrivano_nuovo_contratto_arretrati_cosa_sapere_busta_paga_ultime_notizie-9176635.html\" class=\"ml_primary_link\">Tabelle aumenti, arretrati e date di pagamento: guida completa al nuovo contratto scuola<\/a><\/div>\n<p><span class=\"firma\"><span>di Giacomo ANDREOLI<\/span><\/span><\/div>\n<\/article>\n<article class=\"col-xs-6 html_base_bottom   sport news \">\n<div class=\"item_content\">\n<figure class=\"medium\"><a href=\"http:\/\/quotidianodipuglia.it\/sport\/news\/baschirotto_lecce_calcio_serie_a_contratto_rinnovo_salvezza-8868801.html\" title=\"Lecce, il contratto di Baschirotto scadr\u00e0 nel 2026: il capitano punta al rinnovo\"><img loading=\"lazy\" decoding=\"async\" src=\"https:\/\/statics.cedscdn.it\/photos\/MED_LOW\/2025\/05\/30\/8868801_30173642_baschirotto_federicoxx.jpg\" title=\"Lecce, il contratto di Baschirotto scadr\u00e0 nel 2026: il capitano punta al rinnovo\" width=\"404\" height=\"221\"><\/a><\/figure>\n<p><span class=\"testatina testatina-articolo\"><a href=\"http:\/\/quotidianodipuglia.it\/sport\/news\/baschirotto_lecce_calcio_serie_a_contratto_rinnovo_salvezza-8868801.html\">SERIE A<\/a><\/span><\/p>\n<div class=\"titolo\"><a href=\"http:\/\/quotidianodipuglia.it\/sport\/news\/baschirotto_lecce_calcio_serie_a_contratto_rinnovo_salvezza-8868801.html\" class=\"ml_primary_link\">Lecce, il contratto di Baschirotto scadr\u00e0 nel 2026: il capitano punta al rinnovo<\/a><\/div>\n<p><span class=\"firma\"><span>di Lino DE LORENZIS<\/span><\/span><\/div>\n<\/article>\n<article class=\"col-xs-6 html_base_bottom   sport news \">\n<div class=\"item_content\">\n<figure class=\"medium\"><a href=\"http:\/\/quotidianodipuglia.it\/sport\/news\/giampaolo_calcio_serie_a_lecce_contratto-8862458.html\" title=\"Il Lecce e Giampaolo: a giorni l'incontro per decidere se andare avanti insieme\"><img loading=\"lazy\" decoding=\"async\" src=\"https:\/\/statics.cedscdn.it\/photos\/MED_LOW\/2025\/05\/27\/8862458_27232124_giam.jpg\" title=\"Il Lecce e Giampaolo: a giorni l'incontro per decidere se andare avanti insieme\" width=\"404\" height=\"221\"><\/a><\/figure>\n<p><span class=\"testatina testatina-articolo\"><a href=\"http:\/\/quotidianodipuglia.it\/sport\/news\/giampaolo_calcio_serie_a_lecce_contratto-8862458.html\">SERIE A<\/a><\/span><\/p>\n<div class=\"titolo\"><a href=\"http:\/\/quotidianodipuglia.it\/sport\/news\/giampaolo_calcio_serie_a_lecce_contratto-8862458.html\" class=\"ml_primary_link\">Il Lecce e Giampaolo: a giorni l&#8217;incontro per decidere se andare avanti insieme<\/a><\/div>\n<p><span class=\"firma\"><span>di Lino DE LORENZIS<\/span><\/span><\/div>\n<\/article>\n<article class=\"col-xs-6 html_base_bottom   attualita \">\n<div class=\"item_content\">\n<figure class=\"medium\"><a href=\"http:\/\/quotidianodipuglia.it\/attualita\/poste_italiane_offerta_lavoro_consulente_finanziario_contratto_requisiti_oggi_18_2_2025-8667520.html\" title=\"Poste italiane cerca lavoratori in 64 citt\u00e0 (con contratto a tempo pieno): la posizione, i requisiti e come candidarsi\"><img loading=\"lazy\" decoding=\"async\" src=\"https:\/\/statics.cedscdn.it\/photos\/MED_LOW\/75\/20\/8667520_18103428_poste_italiane_offerta_lavoro_consulente_finanziario_contratto_requisiti_oggi_18_2_2025.jpg\" title=\"Poste italiane cerca lavoratori in 64 citt\u00e0 (con contratto a tempo pieno): la posizione, i requisiti e come candidarsi\" width=\"404\" height=\"221\"><\/a><\/figure>\n<p><span class=\"testatina testatina-articolo\"><a href=\"http:\/\/quotidianodipuglia.it\/attualita\/poste_italiane_offerta_lavoro_consulente_finanziario_contratto_requisiti_oggi_18_2_2025-8667520.html\">LE INFORMAZIONI<\/a><\/span><\/p>\n<div class=\"titolo\"><a href=\"http:\/\/quotidianodipuglia.it\/attualita\/poste_italiane_offerta_lavoro_consulente_finanziario_contratto_requisiti_oggi_18_2_2025-8667520.html\" class=\"ml_primary_link\">Poste italiane cerca lavoratori in 64 citt\u00e0 (con contratto a tempo pieno): la posizione, i requisiti e come candidarsi<\/a><\/div>\n<p><span class=\"firma\"><span>di Redazione Web<\/span><\/span><\/div>\n<\/article>\n<article class=\"col-xs-6 html_base_bottom   bari \">\n<div class=\"item_content\">\n<figure class=\"medium\"><a href=\"http:\/\/quotidianodipuglia.it\/bari\/bari_lavoro_crisi_contratto_assunzioni_domanda_donne-8411406.html\" title=\"Lavoro, oltre 85mila senza contratto. Le donne ancora penalizzate\"><img loading=\"lazy\" decoding=\"async\" src=\"https:\/\/statics.cedscdn.it\/photos\/MED_LOW\/14\/06\/8411406_12200550_bari_lavoro_crisi_contratto_assunzioni_domanda_donne.jpg\" title=\"Lavoro, oltre 85mila senza contratto. Le donne ancora penalizzate\" width=\"404\" height=\"221\"><\/a><\/figure>\n<p><span class=\"testatina testatina-articolo\"><a href=\"http:\/\/quotidianodipuglia.it\/bari\/bari_lavoro_crisi_contratto_assunzioni_domanda_donne-8411406.html\">IL REPORT <\/a><\/span><\/p>\n<div class=\"titolo\"><a href=\"http:\/\/quotidianodipuglia.it\/bari\/bari_lavoro_crisi_contratto_assunzioni_domanda_donne-8411406.html\" class=\"ml_primary_link\">Lavoro, oltre 85mila senza contratto. Le donne ancora penalizzate<\/a><\/div>\n<p><span class=\"firma\"><span>di \u200bBeppe STALLONE<\/span><\/span><\/div>\n<\/article>\n<article class=\"col-xs-6 html_base_bottom   sport news \">\n<div class=\"item_content\">\n<figure class=\"medium\"><a href=\"http:\/\/quotidianodipuglia.it\/sport\/news\/lecce_calcio_gotti_serie_a_2026_sticchi_corvino-8172254.html\" title=\"Accordo biennale per il tecnico veneto: Gotti e il Lecce insieme fino al 30 giugno 2026\"><img loading=\"lazy\" decoding=\"async\" src=\"https:\/\/statics.cedscdn.it\/photos\/MED_LOW\/22\/54\/8172254_10123345_gotti.jpg\" title=\"Accordo biennale per il tecnico veneto: Gotti e il Lecce insieme fino al 30 giugno 2026\" width=\"404\" height=\"221\"><\/a><\/figure>\n<p><span class=\"testatina testatina-articolo\"><a href=\"http:\/\/quotidianodipuglia.it\/sport\/news\/lecce_calcio_gotti_serie_a_2026_sticchi_corvino-8172254.html\">SERIE A<\/a><\/span><\/p>\n<div class=\"titolo\"><a href=\"http:\/\/quotidianodipuglia.it\/sport\/news\/lecce_calcio_gotti_serie_a_2026_sticchi_corvino-8172254.html\" class=\"ml_primary_link\">Accordo biennale per il tecnico veneto: Gotti e il Lecce insieme fino al 30 giugno 2026<\/a><\/div>\n<p><span class=\"firma\"><span>di Lino DE LORENZIS<\/span><\/span><\/div>\n<\/article>\n<article class=\"col-xs-6 html_base_bottom   sport news \">\n<div class=\"item_content\">\n<figure class=\"medium\"><a href=\"http:\/\/quotidianodipuglia.it\/sport\/news\/gotti_lecce_calcio_serie_a_udinese_salvezza_contratto_sticchi_damiani-8117430.html\" title='Gotti, il contratto in tasca e un s\u00ec che tarda ad arrivare: \"Ne riparliamo a stagione finita\"'><img loading=\"lazy\" decoding=\"async\" src=\"https:\/\/statics.cedscdn.it\/photos\/MED_LOW\/74\/30\/8117430_14181915_gotti_4.jpg\" title='Gotti, il contratto in tasca e un s\u00ec che tarda ad arrivare: \"Ne riparliamo a stagione finita\"' width=\"404\" height=\"221\"><\/a><\/figure>\n<p><span class=\"testatina testatina-articolo\"><a href=\"http:\/\/quotidianodipuglia.it\/sport\/news\/gotti_lecce_calcio_serie_a_udinese_salvezza_contratto_sticchi_damiani-8117430.html\">SERIE A<\/a><\/span><\/p>\n<div class=\"titolo\"><a href=\"http:\/\/quotidianodipuglia.it\/sport\/news\/gotti_lecce_calcio_serie_a_udinese_salvezza_contratto_sticchi_damiani-8117430.html\" class=\"ml_primary_link\">Gotti, il contratto in tasca e un s\u00ec che tarda ad arrivare: &#8220;Ne riparliamo a stagione finita&#8221;<\/a><\/div>\n<p><span class=\"firma\"><span>di Lino DE LORENZIS<\/span><\/span><\/div>\n<\/article>\n<article class=\"col-xs-6 html_base_bottom   bari \">\n<div class=\"item_content\">\n<figure class=\"medium\"><a href=\"http:\/\/quotidianodipuglia.it\/bari\/pisicchio_accusa_pm_contratto_programma_cosa_sappiamo-8050537.html\" title=\"L\u2019accusa dei pm ai Pisicchio: \u201ccontratto di programma\u201d per favorire la societ\u00e0 amica\"><img loading=\"lazy\" decoding=\"async\" src=\"https:\/\/statics.cedscdn.it\/photos\/MED_LOW\/05\/37\/8050537_3446_638d04fab617673365dd9960ea276da8.jpg\" title=\"L\u2019accusa dei pm ai Pisicchio: \u201ccontratto di programma\u201d per favorire la societ\u00e0 amica\" width=\"404\" height=\"221\"><\/a><\/figure>\n<p><span class=\"testatina testatina-articolo\"><a href=\"http:\/\/quotidianodipuglia.it\/bari\/pisicchio_accusa_pm_contratto_programma_cosa_sappiamo-8050537.html\">BARI<\/a><\/span><\/p>\n<div class=\"titolo\"><a href=\"http:\/\/quotidianodipuglia.it\/bari\/pisicchio_accusa_pm_contratto_programma_cosa_sappiamo-8050537.html\" class=\"ml_primary_link\">L\u2019accusa dei pm ai Pisicchio: \u201ccontratto di programma\u201d per favorire la societ\u00e0 amica<\/a><\/div>\n<p><span class=\"firma\"><span>di Nicola MICCIONE<\/span><\/span><\/div>\n<\/article>\n<article class=\"col-xs-6 html_base_bottom   taranto \">\n<div class=\"item_content\">\n<figure class=\"medium\"><a href=\"http:\/\/quotidianodipuglia.it\/taranto\/giochi_mediterraneo_taranto_stadio_nuoto_contratto_progetto_cosa_e_successo-7869737.html\" title=\"Giochi, stadio del nuoto in ritardo: manca la firma del contratto\"><img loading=\"lazy\" decoding=\"async\" src=\"https:\/\/statics.cedscdn.it\/photos\/MED_LOW\/97\/37\/7869737_13180915_pisci_copia.jpg\" title=\"Giochi, stadio del nuoto in ritardo: manca la firma del contratto\" width=\"404\" height=\"221\"><\/a><\/figure>\n<p><span class=\"testatina testatina-articolo\"><a href=\"http:\/\/quotidianodipuglia.it\/taranto\/giochi_mediterraneo_taranto_stadio_nuoto_contratto_progetto_cosa_e_successo-7869737.html\">I GIOCHI 2026<\/a><\/span><\/p>\n<div class=\"titolo\"><a href=\"http:\/\/quotidianodipuglia.it\/taranto\/giochi_mediterraneo_taranto_stadio_nuoto_contratto_progetto_cosa_e_successo-7869737.html\" class=\"ml_primary_link\">Giochi, stadio del nuoto in ritardo: manca la firma del contratto<\/a><\/div>\n<p><span class=\"firma\"><span>di Domenico PALMIOTTI<\/span><\/span><\/div>\n<\/article>\n<\/div>\n<\/div>\n<\/div>\n<\/aside>\n<\/section>\n<\/div>\n<aside id=\"right-rail\" class=\"col-xs-4\">\n<div id=\"right-content\">\n<div class=\"area right\">\n<div class=\"area right_articolo\" data-id=\"445\" data-nome=\"Right Articolo (generico) 2022\">\n<div class=\"strip-1-x-video box-tv\" data-strip-id=\"34200\">\n<div class=\"strip-1-video_player\">\n<div class=\"row\">\n<article class=\"col-xs-12 html_base_bottom  video \">\n<div class=\"item_content video\">\n<div class=\"embed_video\">\n<div class=\"jw_embed\" data-mediaid=\"4GCbVWp6\" data-disable_video_float_on_non_adv_content=\"cedjs-dynamic\" data-autostart=\"true\" data-related='{\"oncomplete\":\"show\"}' data-mute=\"true\" data-adv_always_floating=\"false\"><img loading=\"lazy\" decoding=\"async\" src=\"https:\/\/utils.cedsdigital.it\/img\/placeholders\/video.svg\" width=\"340\" height=\"180\" alt=\"Video\"><\/div>\n<\/div>\n<div class=\"titolo\"><a href=\"http:\/\/quotidianodipuglia.it\/video\/guyana_calabria_campania_prime_in_ue_per_rischio_poverta-9135288.html\" class=\"ml_primary_link\">Guyana, Calabria, Campania prime in Ue per rischio povert\u00e0<\/a><\/div>\n<\/div>\n<\/article>\n<\/div>\n<\/div>\n<div class=\"strip-1-square listing\">\n<div class=\"row\">\n<article class=\"col-xs-12 html_base_square  video \">\n<div class=\"item_content\">\n<div class=\"row\">\n<div class=\"col-xs valign__content\">\n<div class=\"square___content\">\n<figure class=\"thumbnail\"><a href=\"http:\/\/quotidianodipuglia.it\/video\/storie_italiane_il_racconto_di_mario_ermito-9105224.html\" title=\"Storie Italiane, il racconto di Mario Ermito\"><img loading=\"lazy\" decoding=\"async\" src=\"https:\/\/statics.cedscdn.it\/photos\/THUMB\/2025\/10\/03\/9105224_poster.jpg\" title=\"Storie Italiane, il racconto di Mario Ermito\" width=\"64\" height=\"64\"><\/a><\/figure>\n<\/div>\n<div class=\"valign\">\n<div class=\"titolo\"><a href=\"http:\/\/quotidianodipuglia.it\/video\/storie_italiane_il_racconto_di_mario_ermito-9105224.html\" class=\"ml_primary_link\">Storie Italiane, il racconto di Mario Ermito<\/a><\/div>\n<\/div>\n<\/div>\n<\/div>\n<\/div>\n<\/article>\n<article class=\"col-xs-12 html_base_square  video \">\n<div class=\"item_content\">\n<div class=\"row\">\n<div class=\"col-xs valign__content\">\n<div class=\"square___content\">\n<figure class=\"thumbnail\"><a href=\"http:\/\/quotidianodipuglia.it\/video\/lecce_protocollo_scuola_istituzioni_prefettura-9089424.html\" title=\"\u00abL'autismo non \u00e8 solo una diagnosi, \u00e8 un modo diverso di percepire il mondo\u00bb, il commovente messaggio di Emma\"><img loading=\"lazy\" decoding=\"async\" src=\"https:\/\/statics.cedscdn.it\/photos\/THUMB\/2025\/09\/25\/9089424_25191819_myfilename.jpg\" title=\"\u00abL'autismo non \u00e8 solo una diagnosi, \u00e8 un modo diverso di percepire il mondo\u00bb, il commovente messaggio di Emma\" width=\"64\" height=\"64\"><\/a><\/figure>\n<\/div>\n<div class=\"valign\">\n<div class=\"titolo\"><a href=\"http:\/\/quotidianodipuglia.it\/video\/lecce_protocollo_scuola_istituzioni_prefettura-9089424.html\" class=\"ml_primary_link\">\u00abL&#8217;autismo non \u00e8 solo una diagnosi, \u00e8 un modo diverso di percepire il mondo\u00bb, il commovente messaggio di Emma<\/a><\/div>\n<\/div>\n<\/div>\n<\/div>\n<\/div>\n<\/article>\n<article class=\"col-xs-12 html_base_square  video \">\n<div class=\"item_content\">\n<div class=\"row\">\n<div class=\"col-xs valign__content\">\n<div class=\"square___content\">\n<figure class=\"thumbnail\"><a href=\"http:\/\/quotidianodipuglia.it\/video\/operazione_antimafia_due_arresti_per_omicidio-9089095.html\" title=\"Operazione antimafia: due arresti per omicidio\"><img loading=\"lazy\" decoding=\"async\" src=\"https:\/\/statics.cedscdn.it\/photos\/THUMB\/2025\/09\/25\/9089095_poster.jpg\" title=\"Operazione antimafia: due arresti per omicidio\" width=\"64\" height=\"64\"><\/a><\/figure>\n<\/div>\n<div class=\"valign\">\n<div class=\"titolo\"><a href=\"http:\/\/quotidianodipuglia.it\/video\/operazione_antimafia_due_arresti_per_omicidio-9089095.html\" class=\"ml_primary_link\">Operazione antimafia: due arresti per omicidio<\/a><\/div>\n<\/div>\n<\/div>\n<\/div>\n<\/div>\n<\/article>\n<\/div>\n<\/div>\n<\/div>\n<div class=\"strip-combo \">\n<div class=\"testatabox default sinistra  scuolaeuniversita\">\n<h3 class=\"scuolaeuniversita\">Della stessa sezione<\/h3>\n<\/div>\n<div class=\"strip-1-bottom principale\">\n<div class=\"row\">\n<article class=\"col-xs-12 html_base_bottom   regione \">\n<div class=\"item_content\">\n<figure class=\"medium\"><a href=\"http:\/\/quotidianodipuglia.it\/regione\/nuovo_corso_di_laurea_tra_italia_e_albania_intesa_fra_politecnico_di_bari_e_universita_di_valona-9069420.html\" title=\"Nuovo corso di laurea tra Italia e Albania: intesa fra Politecnico di Bari e Universit\u00e0 di Valona\"><img decoding=\"async\" src=\"https:\/\/statics.cedscdn.it\/photos\/MED\/2025\/09\/15\/9069420_15191807_onecms_1j04r9elichsy66kycw_za5bxr56o0.jpg\" title=\"Nuovo corso di laurea tra Italia e Albania: intesa fra Politecnico di Bari e Universit\u00e0 di Valona\" width=\"-16\" height=\"-9\"><\/a><\/figure>\n<p><span class=\"testatina testatina-articolo\"><a href=\"http:\/\/quotidianodipuglia.it\/regione\/nuovo_corso_di_laurea_tra_italia_e_albania_intesa_fra_politecnico_di_bari_e_universita_di_valona-9069420.html\">UNIVERSITA&#8217;<\/a><\/span><\/p>\n<div class=\"titolo\"><a href=\"http:\/\/quotidianodipuglia.it\/regione\/nuovo_corso_di_laurea_tra_italia_e_albania_intesa_fra_politecnico_di_bari_e_universita_di_valona-9069420.html\" class=\"ml_primary_link\">Nuovo corso di laurea tra Italia e Albania: intesa fra Politecnico di Bari e Universit\u00e0 di Valona<\/a><\/div>\n<\/div>\n<\/article>\n<\/div>\n<\/div>\n<div class=\"strip-1-square seconda listing\">\n<div class=\"row\">\n<article class=\"col-xs-12 html_base_square  attualita \">\n<div class=\"item_content\">\n<div class=\"row\">\n<div class=\"col-xs valign__content\">\n<div class=\"square___content\">\n<figure class=\"thumbnail\"><a href=\"http:\/\/quotidianodipuglia.it\/attualita\/franco_anelli_morto_rettore_cattolica_cosa_ha_avuto-8138076.html\" title=\"Franco Anelli si \u00e8 ucciso, il rettore dell'Universit\u00e0 Cattolica aveva 60 anni\"><img loading=\"lazy\" decoding=\"async\" src=\"https:\/\/statics.cedscdn.it\/photos\/THUMB\/79\/30\/8137930_24130114_anelli_suicidio_milano.jpg\" title=\"Franco Anelli si \u00e8 ucciso, il rettore dell'Universit\u00e0 Cattolica aveva 60 anni\" width=\"64\" height=\"64\"><\/a><\/figure>\n<\/div>\n<div class=\"valign\"><span class=\"testatina testatina-articolo\"><a href=\"http:\/\/quotidianodipuglia.it\/attualita\/franco_anelli_morto_rettore_cattolica_cosa_ha_avuto-8138076.html\">MILANO<\/a><\/span><\/p>\n<div class=\"titolo\"><a href=\"http:\/\/quotidianodipuglia.it\/attualita\/franco_anelli_morto_rettore_cattolica_cosa_ha_avuto-8138076.html\" class=\"ml_primary_link\">Franco Anelli si \u00e8 ucciso, il rettore dell&#8217;Universit\u00e0 Cattolica aveva 60 anni<\/a><a href=\"http:\/\/quotidianodipuglia.it\/schede\/franco_anelli_chi_era_rettore_universita_sacro_cuore_di_milano_morto_61_anni-8137966.html\" class=\"ml_articolo\"><span>\u00abLa sua vita dedicata all&#8217;ateneo\u00bb<\/span><\/a><\/div>\n<\/div>\n<\/div>\n<\/div>\n<\/div>\n<\/article>\n<article class=\"col-xs-12 html_base_square  scuola_e_universita \">\n<div class=\"item_content\">\n<div class=\"row\">\n<div class=\"col-xs valign__content\">\n<div class=\"square___content\">\n<figure class=\"thumbnail\"><a href=\"http:\/\/quotidianodipuglia.it\/scuola_e_universita\/universita_puglia_rete_sviluppo_sostenibile_accordo_cosa_sappiamo-8109137.html\" title=\"Le universit\u00e0 di Puglia fanno rete: i cinque Atenei insieme per lo sviluppo sostenibile\"><img loading=\"lazy\" decoding=\"async\" src=\"https:\/\/statics.cedscdn.it\/photos\/THUMB\/91\/37\/8109137_10171448_universita_puglia_rete_sviluppo_sostenibile_accordo_cosa_sappiamo.jpg\" title=\"Le universit\u00e0 di Puglia fanno rete: i cinque Atenei insieme per lo sviluppo sostenibile\" width=\"64\" height=\"64\"><\/a><\/figure>\n<\/div>\n<div class=\"valign\"><span class=\"testatina testatina-articolo\"><a href=\"http:\/\/quotidianodipuglia.it\/scuola_e_universita\/universita_puglia_rete_sviluppo_sostenibile_accordo_cosa_sappiamo-8109137.html\">SCUOLA E UNIVERSITA<\/a><\/span><\/p>\n<div class=\"titolo\"><a href=\"http:\/\/quotidianodipuglia.it\/scuola_e_universita\/universita_puglia_rete_sviluppo_sostenibile_accordo_cosa_sappiamo-8109137.html\" class=\"ml_primary_link\">Le universit\u00e0 di Puglia fanno rete: i cinque Atenei insieme per lo sviluppo sostenibile<\/a><\/div>\n<\/div>\n<\/div>\n<\/div>\n<\/div>\n<\/article>\n<article class=\"col-xs-12 html_base_square  schede \">\n<div class=\"item_content\">\n<div class=\"row\">\n<div class=\"col-xs valign__content\">\n<div class=\"square___content\">\n<figure class=\"thumbnail\"><a href=\"http:\/\/quotidianodipuglia.it\/schede\/concorso_docenti_prova_scritta_come_funziona_orale_quando_cosa_sappiamo-7988314.html\" title=\"Concorso docenti, come funziona la prova e il punteggio minimo per l'orale. In Puglia 1.700 posti\"><img loading=\"lazy\" decoding=\"async\" src=\"https:\/\/statics.cedscdn.it\/photos\/THUMB\/83\/14\/7988314_11180114_2.jpg\" title=\"Concorso docenti, come funziona la prova e il punteggio minimo per l'orale. In Puglia 1.700 posti\" width=\"64\" height=\"64\"><\/a><\/figure>\n<\/div>\n<div class=\"valign\"><span class=\"testatina testatina-articolo\"><a href=\"http:\/\/quotidianodipuglia.it\/schede\/concorso_docenti_prova_scritta_come_funziona_orale_quando_cosa_sappiamo-7988314.html\">LE ASSUNZIONI<\/a><\/span><\/p>\n<div class=\"titolo\"><a href=\"http:\/\/quotidianodipuglia.it\/schede\/concorso_docenti_prova_scritta_come_funziona_orale_quando_cosa_sappiamo-7988314.html\" class=\"ml_primary_link\">Concorso docenti, come funziona la prova e il punteggio minimo per l&#8217;orale.<span> In Puglia 1.700 posti<\/span><\/a><\/div>\n<\/div>\n<\/div>\n<\/div>\n<\/div>\n<\/article>\n<article class=\"col-xs-12 html_base_square  scuola_e_universita \">\n<div class=\"item_content\">\n<div class=\"row\">\n<div class=\"col-xs valign__content\">\n<div class=\"square___content\">\n<figure class=\"thumbnail\"><a href=\"http:\/\/quotidianodipuglia.it\/scuola_e_universita\/prof_abusiva_senza_laurea_e_diploma_da_20_anni_maxi_risarcimento-7818511.html\" title=\"Prof abusiva, da 20 anni insegnava inglese e tedesco senza avere laurea n\u00e9 diploma. \u00abDeve restituire 247mila euro\u00bb\"><img loading=\"lazy\" decoding=\"async\" src=\"https:\/\/statics.cedscdn.it\/photos\/THUMB\/85\/11\/7818511_15120316_dd.jpg\" title=\"Prof abusiva, da 20 anni insegnava inglese e tedesco senza avere laurea n\u00e9 diploma. \u00abDeve restituire 247mila euro\u00bb\" width=\"64\" height=\"64\"><\/a><\/figure>\n<\/div>\n<div class=\"valign\"><span class=\"testatina testatina-articolo\"><a href=\"http:\/\/quotidianodipuglia.it\/scuola_e_universita\/prof_abusiva_senza_laurea_e_diploma_da_20_anni_maxi_risarcimento-7818511.html\">COMO <\/a><\/span><\/p>\n<div class=\"titolo\"><a href=\"http:\/\/quotidianodipuglia.it\/scuola_e_universita\/prof_abusiva_senza_laurea_e_diploma_da_20_anni_maxi_risarcimento-7818511.html\" class=\"ml_primary_link\">Prof abusiva, da 20 anni insegnava inglese e tedesco senza avere laurea n\u00e9 diploma. \u00abDeve restituire 247mila euro\u00bb<\/a><\/div>\n<\/div>\n<\/div>\n<\/div>\n<\/div>\n<\/article>\n<\/div>\n<\/div>\n<\/div>\n<div class=\"strip-1-square listing strip_moltofood_flexible  quotidianodipuglia\">\n<div class=\"testatabox testatina-box grande moltofood default\">\n<h3><a href=\"https:\/\/www.moltofood.it\" target=\"_blank\" title=\"moltofood.it\"><img loading=\"lazy\" decoding=\"async\" src=\"https:\/\/utils.cedsdigital.it\/img\/customizations\/moltofood.svg\" width=\"140\" height=\"20\"><\/a><\/h3>\n<\/div>\n<div class=\"row \">\n<article class=\"col-xs-12 html_base_square\">\n<div class=\"item_content\">\n<div class=\"row\">\n<div class=\"square___content\">\n<figure><a href=\"https:\/\/www.moltofood.it\/ravioli-di-pesce-ricetta\/?utm_source=quotidianodipuglia&amp;utm_medium=strip_moltofood_flexible&amp;utm_campaign=right_articolo\" target=\"_blank\" title=\"Ravioli di pesce, la ricetta alla portata di tutti\"><img decoding=\"async\" src=\"https:\/\/statics.cedscdn.it\/moltofood\/wp-content\/uploads\/2025\/12\/Raviolidipesce_copertina-150x150.jpeg\" title=\"Ravioli di pesce, la ricetta alla portata di tutti\"><\/a><\/figure>\n<\/div>\n<div class=\"col-xs valign__content\">\n<div class=\"valign\"><span class=\"testatina testatina-articolo\"><a href=\"https:\/\/www.moltofood.it\/ravioli-di-pesce-ricetta\/?utm_source=quotidianodipuglia&amp;utm_medium=strip_moltofood_flexible&amp;utm_campaign=right_articolo\"><br \/>\n                                                Primi                                                <\/a><\/span><\/p>\n<h2 class=\"titolo\"><a href=\"https:\/\/www.moltofood.it\/ravioli-di-pesce-ricetta\/?utm_source=quotidianodipuglia&amp;utm_medium=strip_moltofood_flexible&amp;utm_campaign=right_articolo\" title=\"Ravioli di pesce, la ricetta alla portata di tutti\" target=\"_blank\">Ravioli di pesce, la ricetta alla portata di tutti<\/a><\/h2>\n<p><span class=\"firma\">di Virginia Fabbri<\/span><\/div>\n<\/div>\n<\/div>\n<\/div>\n<\/article>\n<article class=\"col-xs-12 html_base_square\">\n<div class=\"item_content\">\n<div class=\"row\">\n<div class=\"square___content\">\n<figure><a href=\"https:\/\/www.moltofood.it\/treccia-di-pasta-sfoglia-al-salmone-ricetta\/?utm_source=quotidianodipuglia&amp;utm_medium=strip_moltofood_flexible&amp;utm_campaign=right_articolo\" target=\"_blank\" title=\"Treccia di pasta sfoglia al salmone: l\u2019antipasto facile e creativo\"><img decoding=\"async\" src=\"https:\/\/statics.cedscdn.it\/moltofood\/wp-content\/uploads\/2025\/12\/treccia-pasta-sfoglia-salmone-150x150.jpg\" title=\"Treccia di pasta sfoglia al salmone: l\u2019antipasto facile e creativo\"><\/a><\/figure>\n<\/div>\n<div class=\"col-xs valign__content\">\n<div class=\"valign\"><span class=\"testatina testatina-articolo\"><a href=\"https:\/\/www.moltofood.it\/treccia-di-pasta-sfoglia-al-salmone-ricetta\/?utm_source=quotidianodipuglia&amp;utm_medium=strip_moltofood_flexible&amp;utm_campaign=right_articolo\"><br \/>\n                                                Antipasti                                                <\/a><\/span><\/p>\n<h2 class=\"titolo\"><a href=\"https:\/\/www.moltofood.it\/treccia-di-pasta-sfoglia-al-salmone-ricetta\/?utm_source=quotidianodipuglia&amp;utm_medium=strip_moltofood_flexible&amp;utm_campaign=right_articolo\" title=\"Treccia di pasta sfoglia al salmone: l\u2019antipasto facile e creativo\" target=\"_blank\">Treccia di pasta sfoglia al salmone: l\u2019antipasto facile e creativo<\/a><\/h2>\n<p><span class=\"firma\">di Margherita Catalani<\/span><\/div>\n<\/div>\n<\/div>\n<\/div>\n<\/article>\n<\/div>\n<p><a href=\"https:\/\/www.moltofood.it?utm_source=quotidianodipuglia&amp;utm_medium=strip_moltofood_flexible&amp;utm_campaign=right_articolo\" class=\"testatabox show_more\" target=\"_blank\" title=\"moltofood.it\">Vedi tutte le ricette<\/a><\/div>\n<div class=\"strip-1-bottom\">\n<div class=\"testatabox default sinistra rosso partner news\">\n<h3 class=\"partner news\"><a href=\"https:\/\/www.romevaticancard.com\/it\/omniacards\/omnia-card-72\/?ref=banner\">OMNIA CARD<\/a><\/h3>\n<\/div>\n<div class=\"row\">\n<article class=\"col-xs-12 html_base_bottom   partner news \">\n<div class=\"item_content hyperlink\">\n<figure class=\"medium\"><a href=\"https:\/\/www.romevaticancard.com\/it\/omniacards\/omnia-card-72\/?ref=banner\" title=\"Omnia card 72h + Roma Pass: Musei Vaticani e Colosseo inclusi\"><img decoding=\"async\" src=\"https:\/\/statics.cedscdn.it\/photos\/MED\/20\/44\/7772044_27112113_rome.jpg\" title=\"Omnia card 72h + Roma Pass: Musei Vaticani e Colosseo inclusi\" width=\"-16\" height=\"-9\"><\/a><\/figure>\n<div class=\"titolo\"><a href=\"https:\/\/www.romevaticancard.com\/it\/omniacards\/omnia-card-72\/?ref=banner\" class=\"ml_primary_link\">Omnia card 72h + Roma Pass: Musei Vaticani e Colosseo inclusi<\/a><\/div>\n<\/div>\n<\/article>\n<\/div>\n<\/div>\n<div class=\"strip-1-no_foto ranking listing\">\n<div class=\"testatabox boxed sinistra  \">\n<h3 class>LE PI\u00d9 LETTE<\/h3>\n<\/div>\n<div class=\"row\">\n<article class=\"col-xs-12 html_base_no_foto  lecce \">\n<div class=\"item_content\"><span class=\"testatina testatina-articolo\"><a href=\"http:\/\/quotidianodipuglia.it\/lecce\/incidente_mortale_leverano_morto_uomo-9263820.html\">SALENTO <\/a><\/span><\/p>\n<div class=\"titolo\"><a href=\"http:\/\/quotidianodipuglia.it\/lecce\/incidente_mortale_leverano_morto_uomo-9263820.html\" class=\"ml_primary_link\">Incidente stradale alla vigilia di Natale: morto un uomo<\/a><\/div>\n<div class=\"row item_content_moreinfo middle-xs\">\n<div class=\"col-xs-8\"><span class=\"firma\"><span>di Alessio QUARTA<\/span><\/span><\/div>\n<\/div>\n<\/div>\n<\/article>\n<article class=\"col-xs-12 html_base_no_foto  regione \">\n<div class=\"item_content\"><span class=\"testatina testatina-articolo\"><a href=\"http:\/\/quotidianodipuglia.it\/regione\/autostrada_teano_capua_caserta_sud_autobotte_esplosione_traffico_in_tilt_puglia_code_ultime_notizie-9262276.html\">IL CASO<\/a><\/span><\/p>\n<div class=\"titolo\"><a href=\"http:\/\/quotidianodipuglia.it\/regione\/autostrada_teano_capua_caserta_sud_autobotte_esplosione_traffico_in_tilt_puglia_code_ultime_notizie-9262276.html\" class=\"ml_primary_link\">Incidente choc sull&#8217;autostrada A1, esplode autobotte Gpl. Chilometri di code per chi \u00e8 diretto in Puglia<\/a><a href=\"http:\/\/quotidianodipuglia.it\/video\/primopiano\/esplosione_in_autostrada_il_momento_dell_incidente_chiusa_una_tratta-9262285.html\" class=\"ml_video\"><span><strong>IL VIDEO<\/strong><\/span><\/a><\/div>\n<div class=\"row item_content_moreinfo middle-xs\">\n<div class=\"col-xs\">\n<ul class=\"info-item\">\n<li class=\"has-video ri-video-line\"><\/ul>\n<\/div>\n<\/div>\n<\/div>\n<\/article>\n<article class=\"col-xs-12 html_base_no_foto  schede \">\n<div class=\"item_content\"><span class=\"testatina testatina-articolo\"><a href=\"http:\/\/quotidianodipuglia.it\/schede\/puglia_passaggio_fiamma_olimpica_percorso_lecce_brindisi_tranto_bari_orario_divieti_dove_vederla-9261803.html\">SCHEDE<\/a><\/span><\/p>\n<div class=\"titolo\"><a href=\"http:\/\/quotidianodipuglia.it\/schede\/puglia_passaggio_fiamma_olimpica_percorso_lecce_brindisi_tranto_bari_orario_divieti_dove_vederla-9261803.html\" class=\"ml_primary_link\">Fiamma Olimpica in Puglia: il programma completo (il braciere a Lecce con Fef\u00e9 De Giorgi), dove vederla e la guida ai divieti<\/a><\/div>\n<\/div>\n<\/article>\n<article class=\"col-xs-12 html_base_no_foto  video primopiano \">\n<div class=\"item_content video\"><span class=\"testatina testatina-articolo\"><a href=\"http:\/\/quotidianodipuglia.it\/video\/primopiano\/esplosione_in_autostrada_il_momento_dell_incidente_chiusa_una_tratta-9262285.html\">PRIMO PIANO<\/a><\/span><\/p>\n<div class=\"titolo\"><a href=\"http:\/\/quotidianodipuglia.it\/video\/primopiano\/esplosione_in_autostrada_il_momento_dell_incidente_chiusa_una_tratta-9262285.html\" class=\"ml_primary_link\">Esplosione in autostrada, il momento dell&#8217;incidente<\/a><\/div>\n<\/div>\n<\/article>\n<article class=\"col-xs-12 html_base_no_foto  bari \">\n<div class=\"item_content\"><span class=\"testatina testatina-articolo\"><a href=\"http:\/\/quotidianodipuglia.it\/bari\/bari_monopoli_cocaina_valore_un_milione_euro_armadietto_azienda_arrestati_amministratore_dipendente-9262307.html\">BARI<\/a><\/span><\/p>\n<div class=\"titolo\"><a href=\"http:\/\/quotidianodipuglia.it\/bari\/bari_monopoli_cocaina_valore_un_milione_euro_armadietto_azienda_arrestati_amministratore_dipendente-9262307.html\" class=\"ml_primary_link\">Cocaina per un milione nell&#8217;armadietto in azienda: arrestati amministratore e dipendente, scovati 26 kg di droga<\/a><\/div>\n<\/div>\n<\/article>\n<\/div>\n<\/div>\n<div class=\"strip- lgw\">\n<div class=\"header\"><span class=\"title\"><br \/>\n                Cerca il tuo immobile all&#8217;asta<br \/>\n            <\/span><\/div>\n<div class=\"content\"><a href=\"https:\/\/www.legalmente.net\/\" target=\"_blank\" class=\"brand\"><img decoding=\"async\" src=\"https:\/\/www.legalmente.net\/images\/logo.jpg\"><\/a><\/div>\n<\/div>\n<\/div>\n<\/div>\n<\/div>\n<\/aside>\n<\/article>\n<p> Source URL: http:\/\/quotidianodipuglia.it\/scuola_e_universita\/negli_atenei_egrave_boom_di_prof_contratto_mentre_ricercatori_docenti_tempo_pieno_al_palo-950859.html<\/p>\n","protected":false},"excerpt":{"rendered":"<p>Negli atenei \u00e8 boom di prof a contratto, mentre ricercatori e docenti a tempo pieno sono al palo 1 Minuto di Lettura luned\u00ec 30 marzo 2015, 17:44 &#8211; Ultimo aggiornamento: 28 gennaio, 15:14 (Teleborsa) &#8211; In Italia il precariato, specie nel mondo della scuola, rimane una ferita ancora aperta. Invece di provvedere a stabilizzare decine [&hellip;]<\/p>\n","protected":false},"author":1,"featured_media":0,"comment_status":"open","ping_status":"","sticky":false,"template":"","format":"standard","meta":{"footnotes":""},"categories":[87],"tags":[155],"class_list":["post-1244223","post","type-post","status-publish","format-standard","hentry","category-italy","tag-quotidianodipuglia-it"],"_links":{"self":[{"href":"https:\/\/analyse.optim.biz\/index.php?rest_route=\/wp\/v2\/posts\/1244223","targetHints":{"allow":["GET"]}}],"collection":[{"href":"https:\/\/analyse.optim.biz\/index.php?rest_route=\/wp\/v2\/posts"}],"about":[{"href":"https:\/\/analyse.optim.biz\/index.php?rest_route=\/wp\/v2\/types\/post"}],"author":[{"embeddable":true,"href":"https:\/\/analyse.optim.biz\/index.php?rest_route=\/wp\/v2\/users\/1"}],"replies":[{"embeddable":true,"href":"https:\/\/analyse.optim.biz\/index.php?rest_route=%2Fwp%2Fv2%2Fcomments&post=1244223"}],"version-history":[{"count":0,"href":"https:\/\/analyse.optim.biz\/index.php?rest_route=\/wp\/v2\/posts\/1244223\/revisions"}],"wp:attachment":[{"href":"https:\/\/analyse.optim.biz\/index.php?rest_route=%2Fwp%2Fv2%2Fmedia&parent=1244223"}],"wp:term":[{"taxonomy":"category","embeddable":true,"href":"https:\/\/analyse.optim.biz\/index.php?rest_route=%2Fwp%2Fv2%2Fcategories&post=1244223"},{"taxonomy":"post_tag","embeddable":true,"href":"https:\/\/analyse.optim.biz\/index.php?rest_route=%2Fwp%2Fv2%2Ftags&post=1244223"}],"curies":[{"name":"wp","href":"https:\/\/api.w.org\/{rel}","templated":true}]}}