{"id":1244219,"date":"2015-05-17T18:46:00","date_gmt":"2015-05-17T15:46:00","guid":{"rendered":"https:\/\/analyse.optim.biz\/?p=1244219"},"modified":"2015-05-17T18:46:00","modified_gmt":"2015-05-17T15:46:00","slug":"maturita-2015-per-gli-studenti-italiani-la-storia-si-ferma-al-1945","status":"publish","type":"post","link":"https:\/\/analyse.optim.biz\/?p=1244219","title":{"rendered":"Maturit\u00e0 2015, per gli studenti italiani la storia si ferma al 1945"},"content":{"rendered":"<article class=\"free-content\" id=\"content\">\n<header>\n<h1 class=\"titolo\">Maturit\u00e0 2015, per gli studenti italiani la storia si ferma al 1945<\/h1>\n<\/header>\n<div class=\"row\">\n<section id=\"main-content\" class=\"col-xs-8\">\n<figure class=\"main-photo\"><img decoding=\"async\" src=\"https:\/\/statics.cedscdn.it\/photos\/MED\/04\/20\/1040420_50515_c9_3d200ac1d7051e3d24f68a8bcf7e57cc.jpg?webp\" width height alt=\"Maturit\u00e0 2015, per gli studenti italiani la storia si ferma al 1945\" title=\"Maturit\u00e0 2015, per gli studenti italiani la storia si ferma al 1945\"><\/figure>\n<div class=\"info-container-top\">\n<div class=\"row middle-xs\">\n<div class=\"col-xs end-xs\"><span class=\"tempo\">3 Minuti di Lettura<\/span><\/div>\n<\/div>\n<\/div>\n<div class=\"info-container-bottom\">\n<div class=\"row middle-xs\">\n<div class=\"col-xs-8\">\n              domenica 17 maggio 2015, 20:46                            <span class=\"last_agg\"> &#8211; Ultimo aggiornamento:<br \/>\n                  <b>28 gennaio, 15:14<\/b><\/span><\/div>\n<div class=\"col-xs\">\n<div class=\"share_bar_wrapper\">\n<div class=\"share-item share-box\">\n<ul>\n<li class=\"copy\">\n<li class=\"facebook\">\n<li class=\"twitter\">\n<li class=\"mail\">\n<li class=\"whatsapp\"><\/ul>\n<\/div>\n<\/div>\n<\/div>\n<\/div>\n<\/div>\n<div class=\"body-text\">\n<p>        I maturandi 2015 non sono nelle condizioni di poter scegliere la traccia storica alla prima prova della maturit\u00e0. Negli ultimi quindici anni, il saggio storico della prima prova ha chiesto ai ragazzi di fare i conti con argomenti inserenti a fatti accaduti negli ultimi anni del Novecento.<\/p>\n<p>Aldo Moro, Gandhi, Kennedy e Giovanni Paolo II sono stati solo alcuni dei grandi protagonisti scelti dal Miur per le tracce storiche delle prime prove degli ultimi anni. Peccato che gran parte dei ragazzi che dovr\u00e0 sostenere gli esami 2015 ne sapr\u00e0 davvero pochissimo. Lo ha confessato il 35% dei maturandi che, a met\u00e0 maggio, non \u00e8 andato oltre lo studio della letteratura contestuale al periodo tra le due guerre mondiali. E non va meglio per il 43% degli studenti che in Storia afferma di non essere arrivato oltre la Seconda guerra mondiale. Ecco perch\u00e9 il 39% dei maturandi dice di non essere incline a scegliere la traccia storica all\u2019esame. Per lui gli argomenti trattati sono troppo difficili, per un altro 8% addirittura fuori programma. E proprio per questo e un po\u2019 per passione, il 48% degli studenti afferma di studiare da solo la Storia che non si fa a scuola. \u00c8 quanto emerso da un\u2019indagine di Skuola.net su un campione di 1500 studenti alle prese con l\u2019esame di maturit\u00e0 2015.<\/p>\n<p>La fine della seconda guerra mondiale coincider\u00e0 con quella della scuola per molti maturandi. Il 43% ha raccontato a Skuola.net di essere molto indietro con i programmi di Storia. La percentuale si compone da un 25% che forse riuscir\u00e0 a sapere come finir\u00e0 il secondo conflitto mondiale, visto che dice di averlo quasi terminato, un 13% che invece non lo ha ancora iniziato e un 5% che addirittura \u00e8 fermo alla Prima guerra mondiale. Pronto per la traccia storica della prima prova \u00e8 solo il 30% dei maturandi che sta studiando gli ultimi 50 anni del Novecento e un 27% che invece il Novecento lo ha proprio terminato.<\/p>\n<p>Vista la situazione, come si comporteranno gli studenti di fronte alla traccia del saggio breve o del tema storico alla maturit\u00e0 2015? Il 39% dice di non essere intenzionato a sceglierla a causa della difficolt\u00e0 degli argomenti trattati. Argomenti che l\u20198% dei maturandi non vuole affrontare perch\u00e9 convinto che siano addirittura fuori programma. C\u2019\u00e8 poi chi, indipendentemente dai temi trattati, non sceglier\u00e0 il saggio o il tema storico in quanto in difficolt\u00e0 con la tipologia in s\u00e9 ( 21%). Pi\u00f9 aperto il 22% che vuole aspettare di leggere la traccia prima di decidere: se sar\u00e0 nelle sue corde<\/p>\n<p>potrebbe azzardarne lo svolgimento. Il 6% gi\u00e0 sa che la svolger\u00e0 perch\u00e9 \u00e8 appassionato di storia, mentre un 4% lo far\u00e0 solo perch\u00e9 confida nella semplicit\u00e0 della tipologia.<\/p>\n<p>Sicuro \u00e8 che i ragazzi non sono intenzionati a farsi trovare impreparati. La scuola non finisce i programmi? La storia la studia da solo il 48% degli intervistati, un po\u2019 per paura che possa ritrovarsi alla maturit\u00e0 qualche argomento sconosciuto (32%), un po\u2019 per passione (16%). La storia della fine del Novecento non sar\u00e0 completamente sconosciuta nemmeno a un 13% di maturandi che afferma di saperne abbastanza visto che guarda film, fiction e documentari a tema. Esiste poi un altro 13% di chi racconta di come il suo prof sia consapevole di essere indietro e che per questo assegna loro letture in pi\u00f9 per prepararli alla prima prova. A non essere interessato a prepararsi da solo \u00e8 il 26% dei maturandi.<\/p>\n<p>E se i ragazzi sono indietro in Storia, non va meglio per quanto riguarda i programmi di Italiano. Probabilmente non li concluder\u00e0 il 35% degli studenti che non \u00e8 nemmeno arrivato alla letteratura del secondo conflitto mondiale. La percentuale si compone da un 20% che \u00e8 fermo agli autori tra le due guerre, un 10% che \u00e8 fermo agli inizi del Novecento e addirittura un 5% che \u00e8 ancora all\u2019Ottocento. Pi\u00f9 preparato ad affrontare la prima prova della maturit\u00e0 \u00e8 il 37% che \u00e8 arrivato alla seconda met\u00e0 del Novecento e il 28% che il Novecento \u00e8 riuscito addirittura a terminarlo.    <\/p><\/div>\n<div class=\"wrap-box-end\">\n<div class=\"item-options\">\n<div class=\"share_bar_wrapper\">\n<div class=\"share-item share-box\">\n<ul>\n<li class=\"copy\">\n<li class=\"facebook\">\n<li class=\"twitter\">\n<li class=\"mail\">\n<li class=\"whatsapp\"><\/ul>\n<\/div>\n<\/div>\n<\/div>\n<\/div>\n<aside class=\"area\">&#8216;;<br \/>\n        outbrainEl.insertAdjacentHTML(&#8220;afterBegin&#8221;, AdCodeOutbrain);<\/p>\n<p>        loadScript(&#8216;\/\/widgets.outbrain.com\/outbrain.js&#8217;, function(){<br \/>\n            \/\/ cerco il widget. Necessario se c&#8217;\u00e8 un&#8217;altro widget di Outbrain in pagina (es: inread)<br \/>\n            OBR.extern.researchWidget();<br \/>\n        });<br \/>\n    }<\/p>\n<p>    function AnnunciOutbrain(callback) {<br \/>\n        var outbrainDiv = document.getElementById(&#8216;outbrainWait&#8217;);<br \/>\n        \/\/ Verifica se l&#8217;elemento esiste<br \/>\n        if (outbrainDiv) {<br \/>\n            \/\/ Modifica l&#8217;id dell&#8217;elemento div<br \/>\n            outbrainDiv.id = &#8216;outbrain&#8217;;<br \/>\n        }<\/p>\n<p>                    var load_method = impostazioni_testata.outbrain.load_method || &#8216;first-interaction&#8217;;<\/p>\n<p>        var outbrainEl = document.getElementById(&#8216;outbrain&#8217;);<\/p>\n<p>        CED.log(&#8220;outbrain load_method:&#8221; + load_method);<\/p>\n<p>        if (load_method == &#8216;when-near-viewport&#8217;) {<\/p>\n<p>            \/\/ outbrain parte solo quando scrollando arriva abbastanza vicino alla viewport<br \/>\n            if (typeof callback === &#8220;function&#8221;) {<\/p>\n<p>                \/\/ Listen for the scroll event<br \/>\n                \/\/document.addEventListener(&#8216;scroll&#8217;, onScroll(outbrainEl,callback), false);<br \/>\n                CedsWNV.watch(outbrainEl, callback, {<br \/>\n                    checkInterval: 300,<br \/>\n                    offset: 500<br \/>\n                });<\/p>\n<p>                \/*devo chiamare la funzione con argomenti e variabili *\/<br \/>\n            }<\/p>\n<p>        } else {<br \/>\n            \/\/ DEFAULT: outbrain parte alla prima interazione o dopo il timeout inattivit\u00e0<br \/>\n            _waitOnceFor(load_method, callback);<br \/>\n        }<br \/>\n    }<\/p>\n<p>            AnnunciOutbrain(WidgetOutbrainTag);<\/p>\n<div id=\"correlati-verticali\">\n<div class=\"testatabox default\">\n<h3>POTREBBE INTERESSARTI ANCHE<\/h3>\n<\/div>\n<div class=\"strip-2-bottom listing\">\n<div class=\"row\">\n<article class=\"col-xs-6 html_base_bottom   scuola_e_universita \">\n<div class=\"item_content\">\n<figure class=\"medium\"><a href=\"http:\/\/quotidianodipuglia.it\/scuola_e_universita\/maturit_agrave_2015_programma_storia-1040420.html\" title=\"Maturit\u00e0 2015, per gli studenti italiani la storia si ferma al 1945\"><img loading=\"lazy\" decoding=\"async\" src=\"https:\/\/statics.cedscdn.it\/photos\/LOW\/04\/20\/1040420_50515_c9_3d200ac1d7051e3d24f68a8bcf7e57cc.jpg\" title=\"Maturit\u00e0 2015, per gli studenti italiani la storia si ferma al 1945\" width=\"404\" height=\"221\"><\/a><\/figure>\n<p><span class=\"testatina testatina-articolo\"><a href=\"http:\/\/quotidianodipuglia.it\/scuola_e_universita\/maturit_agrave_2015_programma_storia-1040420.html\">ANALISI<\/a><\/span><\/p>\n<div class=\"titolo\"><a href=\"http:\/\/quotidianodipuglia.it\/scuola_e_universita\/maturit_agrave_2015_programma_storia-1040420.html\" class=\"ml_primary_link\">Maturit\u00e0 2015, per gli studenti italiani la storia si ferma al 1945<\/a><\/div>\n<\/div>\n<\/article>\n<\/div>\n<\/div>\n<\/div>\n<\/aside>\n<\/section>\n<\/div>\n<aside id=\"right-rail\" class=\"col-xs-4\">\n<div id=\"right-content\">\n<div class=\"area right\">\n<div class=\"area right_articolo\" data-id=\"445\" data-nome=\"Right Articolo (generico) 2022\">\n<div class=\"strip-1-x-video box-tv\" data-strip-id=\"43237\">\n<div class=\"strip-1-video_player\">\n<div class=\"row\">\n<article class=\"col-xs-12 html_base_bottom  video \">\n<div class=\"item_content video\">\n<div class=\"embed_video\">\n<div class=\"jw_embed\" data-mediaid=\"4GCbVWp6\" data-disable_video_float_on_non_adv_content=\"cedjs-dynamic\" data-autostart=\"true\" data-related='{\"oncomplete\":\"show\"}' data-mute=\"true\" data-adv_always_floating=\"false\"><img loading=\"lazy\" decoding=\"async\" src=\"https:\/\/utils.cedsdigital.it\/img\/placeholders\/video.svg\" width=\"340\" height=\"180\" alt=\"Video\"><\/div>\n<\/div>\n<div class=\"titolo\"><a href=\"http:\/\/quotidianodipuglia.it\/video\/guyana_calabria_campania_prime_in_ue_per_rischio_poverta-9135288.html\" class=\"ml_primary_link\">Guyana, Calabria, Campania prime in Ue per rischio povert\u00e0<\/a><\/div>\n<\/div>\n<\/article>\n<\/div>\n<\/div>\n<div class=\"strip-1-square listing\">\n<div class=\"row\">\n<article class=\"col-xs-12 html_base_square  video \">\n<div class=\"item_content\">\n<div class=\"row\">\n<div class=\"col-xs valign__content\">\n<div class=\"square___content\">\n<figure class=\"thumbnail\"><a href=\"http:\/\/quotidianodipuglia.it\/video\/storie_italiane_il_racconto_di_mario_ermito-9105224.html\" title=\"Storie Italiane, il racconto di Mario Ermito\"><img loading=\"lazy\" decoding=\"async\" src=\"https:\/\/statics.cedscdn.it\/photos\/THUMB\/2025\/10\/03\/9105224_poster.jpg\" title=\"Storie Italiane, il racconto di Mario Ermito\" width=\"64\" height=\"64\"><\/a><\/figure>\n<\/div>\n<div class=\"valign\">\n<div class=\"titolo\"><a href=\"http:\/\/quotidianodipuglia.it\/video\/storie_italiane_il_racconto_di_mario_ermito-9105224.html\" class=\"ml_primary_link\">Storie Italiane, il racconto di Mario Ermito<\/a><\/div>\n<\/div>\n<\/div>\n<\/div>\n<\/div>\n<\/article>\n<article class=\"col-xs-12 html_base_square  video \">\n<div class=\"item_content\">\n<div class=\"row\">\n<div class=\"col-xs valign__content\">\n<div class=\"square___content\">\n<figure class=\"thumbnail\"><a href=\"http:\/\/quotidianodipuglia.it\/video\/lecce_protocollo_scuola_istituzioni_prefettura-9089424.html\" title=\"\u00abL'autismo non \u00e8 solo una diagnosi, \u00e8 un modo diverso di percepire il mondo\u00bb, il commovente messaggio di Emma\"><img loading=\"lazy\" decoding=\"async\" src=\"https:\/\/statics.cedscdn.it\/photos\/THUMB\/2025\/09\/25\/9089424_25191819_myfilename.jpg\" title=\"\u00abL'autismo non \u00e8 solo una diagnosi, \u00e8 un modo diverso di percepire il mondo\u00bb, il commovente messaggio di Emma\" width=\"64\" height=\"64\"><\/a><\/figure>\n<\/div>\n<div class=\"valign\">\n<div class=\"titolo\"><a href=\"http:\/\/quotidianodipuglia.it\/video\/lecce_protocollo_scuola_istituzioni_prefettura-9089424.html\" class=\"ml_primary_link\">\u00abL&#8217;autismo non \u00e8 solo una diagnosi, \u00e8 un modo diverso di percepire il mondo\u00bb, il commovente messaggio di Emma<\/a><\/div>\n<\/div>\n<\/div>\n<\/div>\n<\/div>\n<\/article>\n<article class=\"col-xs-12 html_base_square  video \">\n<div class=\"item_content\">\n<div class=\"row\">\n<div class=\"col-xs valign__content\">\n<div class=\"square___content\">\n<figure class=\"thumbnail\"><a href=\"http:\/\/quotidianodipuglia.it\/video\/operazione_antimafia_due_arresti_per_omicidio-9089095.html\" title=\"Operazione antimafia: due arresti per omicidio\"><img loading=\"lazy\" decoding=\"async\" src=\"https:\/\/statics.cedscdn.it\/photos\/THUMB\/2025\/09\/25\/9089095_poster.jpg\" title=\"Operazione antimafia: due arresti per omicidio\" width=\"64\" height=\"64\"><\/a><\/figure>\n<\/div>\n<div class=\"valign\">\n<div class=\"titolo\"><a href=\"http:\/\/quotidianodipuglia.it\/video\/operazione_antimafia_due_arresti_per_omicidio-9089095.html\" class=\"ml_primary_link\">Operazione antimafia: due arresti per omicidio<\/a><\/div>\n<\/div>\n<\/div>\n<\/div>\n<\/div>\n<\/article>\n<\/div>\n<\/div>\n<\/div>\n<div class=\"strip-combo \">\n<div class=\"testatabox default sinistra  scuolaeuniversita\">\n<h3 class=\"scuolaeuniversita\">Della stessa sezione<\/h3>\n<\/div>\n<div class=\"strip-1-bottom principale\">\n<div class=\"row\">\n<article class=\"col-xs-12 html_base_bottom   regione \">\n<div class=\"item_content\">\n<figure class=\"medium\"><a href=\"http:\/\/quotidianodipuglia.it\/regione\/nuovo_corso_di_laurea_tra_italia_e_albania_intesa_fra_politecnico_di_bari_e_universita_di_valona-9069420.html\" title=\"Nuovo corso di laurea tra Italia e Albania: intesa fra Politecnico di Bari e Universit\u00e0 di Valona\"><img decoding=\"async\" src=\"https:\/\/statics.cedscdn.it\/photos\/MED\/2025\/09\/15\/9069420_15191807_onecms_1j04r9elichsy66kycw_za5bxr56o0.jpg\" title=\"Nuovo corso di laurea tra Italia e Albania: intesa fra Politecnico di Bari e Universit\u00e0 di Valona\" width=\"-16\" height=\"-9\"><\/a><\/figure>\n<p><span class=\"testatina testatina-articolo\"><a href=\"http:\/\/quotidianodipuglia.it\/regione\/nuovo_corso_di_laurea_tra_italia_e_albania_intesa_fra_politecnico_di_bari_e_universita_di_valona-9069420.html\">UNIVERSITA&#8217;<\/a><\/span><\/p>\n<div class=\"titolo\"><a href=\"http:\/\/quotidianodipuglia.it\/regione\/nuovo_corso_di_laurea_tra_italia_e_albania_intesa_fra_politecnico_di_bari_e_universita_di_valona-9069420.html\" class=\"ml_primary_link\">Nuovo corso di laurea tra Italia e Albania: intesa fra Politecnico di Bari e Universit\u00e0 di Valona<\/a><\/div>\n<\/div>\n<\/article>\n<\/div>\n<\/div>\n<div class=\"strip-1-square seconda listing\">\n<div class=\"row\">\n<article class=\"col-xs-12 html_base_square  attualita \">\n<div class=\"item_content\">\n<div class=\"row\">\n<div class=\"col-xs valign__content\">\n<div class=\"square___content\">\n<figure class=\"thumbnail\"><a href=\"http:\/\/quotidianodipuglia.it\/attualita\/franco_anelli_morto_rettore_cattolica_cosa_ha_avuto-8138076.html\" title=\"Franco Anelli si \u00e8 ucciso, il rettore dell'Universit\u00e0 Cattolica aveva 60 anni\"><img loading=\"lazy\" decoding=\"async\" src=\"https:\/\/statics.cedscdn.it\/photos\/THUMB\/79\/30\/8137930_24130114_anelli_suicidio_milano.jpg\" title=\"Franco Anelli si \u00e8 ucciso, il rettore dell'Universit\u00e0 Cattolica aveva 60 anni\" width=\"64\" height=\"64\"><\/a><\/figure>\n<\/div>\n<div class=\"valign\"><span class=\"testatina testatina-articolo\"><a href=\"http:\/\/quotidianodipuglia.it\/attualita\/franco_anelli_morto_rettore_cattolica_cosa_ha_avuto-8138076.html\">MILANO<\/a><\/span><\/p>\n<div class=\"titolo\"><a href=\"http:\/\/quotidianodipuglia.it\/attualita\/franco_anelli_morto_rettore_cattolica_cosa_ha_avuto-8138076.html\" class=\"ml_primary_link\">Franco Anelli si \u00e8 ucciso, il rettore dell&#8217;Universit\u00e0 Cattolica aveva 60 anni<\/a><a href=\"http:\/\/quotidianodipuglia.it\/schede\/franco_anelli_chi_era_rettore_universita_sacro_cuore_di_milano_morto_61_anni-8137966.html\" class=\"ml_articolo\"><span>\u00abLa sua vita dedicata all&#8217;ateneo\u00bb<\/span><\/a><\/div>\n<\/div>\n<\/div>\n<\/div>\n<\/div>\n<\/article>\n<article class=\"col-xs-12 html_base_square  scuola_e_universita \">\n<div class=\"item_content\">\n<div class=\"row\">\n<div class=\"col-xs valign__content\">\n<div class=\"square___content\">\n<figure class=\"thumbnail\"><a href=\"http:\/\/quotidianodipuglia.it\/scuola_e_universita\/universita_puglia_rete_sviluppo_sostenibile_accordo_cosa_sappiamo-8109137.html\" title=\"Le universit\u00e0 di Puglia fanno rete: i cinque Atenei insieme per lo sviluppo sostenibile\"><img loading=\"lazy\" decoding=\"async\" src=\"https:\/\/statics.cedscdn.it\/photos\/THUMB\/91\/37\/8109137_10171448_universita_puglia_rete_sviluppo_sostenibile_accordo_cosa_sappiamo.jpg\" title=\"Le universit\u00e0 di Puglia fanno rete: i cinque Atenei insieme per lo sviluppo sostenibile\" width=\"64\" height=\"64\"><\/a><\/figure>\n<\/div>\n<div class=\"valign\"><span class=\"testatina testatina-articolo\"><a href=\"http:\/\/quotidianodipuglia.it\/scuola_e_universita\/universita_puglia_rete_sviluppo_sostenibile_accordo_cosa_sappiamo-8109137.html\">SCUOLA E UNIVERSITA<\/a><\/span><\/p>\n<div class=\"titolo\"><a href=\"http:\/\/quotidianodipuglia.it\/scuola_e_universita\/universita_puglia_rete_sviluppo_sostenibile_accordo_cosa_sappiamo-8109137.html\" class=\"ml_primary_link\">Le universit\u00e0 di Puglia fanno rete: i cinque Atenei insieme per lo sviluppo sostenibile<\/a><\/div>\n<\/div>\n<\/div>\n<\/div>\n<\/div>\n<\/article>\n<article class=\"col-xs-12 html_base_square  schede \">\n<div class=\"item_content\">\n<div class=\"row\">\n<div class=\"col-xs valign__content\">\n<div class=\"square___content\">\n<figure class=\"thumbnail\"><a href=\"http:\/\/quotidianodipuglia.it\/schede\/concorso_docenti_prova_scritta_come_funziona_orale_quando_cosa_sappiamo-7988314.html\" title=\"Concorso docenti, come funziona la prova e il punteggio minimo per l'orale. In Puglia 1.700 posti\"><img loading=\"lazy\" decoding=\"async\" src=\"https:\/\/statics.cedscdn.it\/photos\/THUMB\/83\/14\/7988314_11180114_2.jpg\" title=\"Concorso docenti, come funziona la prova e il punteggio minimo per l'orale. In Puglia 1.700 posti\" width=\"64\" height=\"64\"><\/a><\/figure>\n<\/div>\n<div class=\"valign\"><span class=\"testatina testatina-articolo\"><a href=\"http:\/\/quotidianodipuglia.it\/schede\/concorso_docenti_prova_scritta_come_funziona_orale_quando_cosa_sappiamo-7988314.html\">LE ASSUNZIONI<\/a><\/span><\/p>\n<div class=\"titolo\"><a href=\"http:\/\/quotidianodipuglia.it\/schede\/concorso_docenti_prova_scritta_come_funziona_orale_quando_cosa_sappiamo-7988314.html\" class=\"ml_primary_link\">Concorso docenti, come funziona la prova e il punteggio minimo per l&#8217;orale.<span> In Puglia 1.700 posti<\/span><\/a><\/div>\n<\/div>\n<\/div>\n<\/div>\n<\/div>\n<\/article>\n<article class=\"col-xs-12 html_base_square  scuola_e_universita \">\n<div class=\"item_content\">\n<div class=\"row\">\n<div class=\"col-xs valign__content\">\n<div class=\"square___content\">\n<figure class=\"thumbnail\"><a href=\"http:\/\/quotidianodipuglia.it\/scuola_e_universita\/prof_abusiva_senza_laurea_e_diploma_da_20_anni_maxi_risarcimento-7818511.html\" title=\"Prof abusiva, da 20 anni insegnava inglese e tedesco senza avere laurea n\u00e9 diploma. \u00abDeve restituire 247mila euro\u00bb\"><img loading=\"lazy\" decoding=\"async\" src=\"https:\/\/statics.cedscdn.it\/photos\/THUMB\/85\/11\/7818511_15120316_dd.jpg\" title=\"Prof abusiva, da 20 anni insegnava inglese e tedesco senza avere laurea n\u00e9 diploma. \u00abDeve restituire 247mila euro\u00bb\" width=\"64\" height=\"64\"><\/a><\/figure>\n<\/div>\n<div class=\"valign\"><span class=\"testatina testatina-articolo\"><a href=\"http:\/\/quotidianodipuglia.it\/scuola_e_universita\/prof_abusiva_senza_laurea_e_diploma_da_20_anni_maxi_risarcimento-7818511.html\">COMO <\/a><\/span><\/p>\n<div class=\"titolo\"><a href=\"http:\/\/quotidianodipuglia.it\/scuola_e_universita\/prof_abusiva_senza_laurea_e_diploma_da_20_anni_maxi_risarcimento-7818511.html\" class=\"ml_primary_link\">Prof abusiva, da 20 anni insegnava inglese e tedesco senza avere laurea n\u00e9 diploma. \u00abDeve restituire 247mila euro\u00bb<\/a><\/div>\n<\/div>\n<\/div>\n<\/div>\n<\/div>\n<\/article>\n<\/div>\n<\/div>\n<\/div>\n<div class=\"strip-1-square listing strip_moltofood_flexible  quotidianodipuglia\">\n<div class=\"testatabox testatina-box grande moltofood default\">\n<h3><a href=\"https:\/\/www.moltofood.it\" target=\"_blank\" title=\"moltofood.it\"><img loading=\"lazy\" decoding=\"async\" src=\"https:\/\/utils.cedsdigital.it\/img\/customizations\/moltofood.svg\" width=\"140\" height=\"20\"><\/a><\/h3>\n<\/div>\n<div class=\"row \">\n<article class=\"col-xs-12 html_base_square\">\n<div class=\"item_content\">\n<div class=\"row\">\n<div class=\"square___content\">\n<figure><a href=\"https:\/\/www.moltofood.it\/ravioli-di-pesce-ricetta\/?utm_source=quotidianodipuglia&amp;utm_medium=strip_moltofood_flexible&amp;utm_campaign=right_articolo\" target=\"_blank\" title=\"Ravioli di pesce, la ricetta alla portata di tutti\"><img decoding=\"async\" src=\"https:\/\/statics.cedscdn.it\/moltofood\/wp-content\/uploads\/2025\/12\/Raviolidipesce_copertina-150x150.jpeg\" title=\"Ravioli di pesce, la ricetta alla portata di tutti\"><\/a><\/figure>\n<\/div>\n<div class=\"col-xs valign__content\">\n<div class=\"valign\"><span class=\"testatina testatina-articolo\"><a href=\"https:\/\/www.moltofood.it\/ravioli-di-pesce-ricetta\/?utm_source=quotidianodipuglia&amp;utm_medium=strip_moltofood_flexible&amp;utm_campaign=right_articolo\"><br \/>\n                                                Primi                                                <\/a><\/span><\/p>\n<h2 class=\"titolo\"><a href=\"https:\/\/www.moltofood.it\/ravioli-di-pesce-ricetta\/?utm_source=quotidianodipuglia&amp;utm_medium=strip_moltofood_flexible&amp;utm_campaign=right_articolo\" title=\"Ravioli di pesce, la ricetta alla portata di tutti\" target=\"_blank\">Ravioli di pesce, la ricetta alla portata di tutti<\/a><\/h2>\n<p><span class=\"firma\">di Virginia Fabbri<\/span><\/div>\n<\/div>\n<\/div>\n<\/div>\n<\/article>\n<article class=\"col-xs-12 html_base_square\">\n<div class=\"item_content\">\n<div class=\"row\">\n<div class=\"square___content\">\n<figure><a href=\"https:\/\/www.moltofood.it\/treccia-di-pasta-sfoglia-al-salmone-ricetta\/?utm_source=quotidianodipuglia&amp;utm_medium=strip_moltofood_flexible&amp;utm_campaign=right_articolo\" target=\"_blank\" title=\"Treccia di pasta sfoglia al salmone: l\u2019antipasto facile e creativo\"><img decoding=\"async\" src=\"https:\/\/statics.cedscdn.it\/moltofood\/wp-content\/uploads\/2025\/12\/treccia-pasta-sfoglia-salmone-150x150.jpg\" title=\"Treccia di pasta sfoglia al salmone: l\u2019antipasto facile e creativo\"><\/a><\/figure>\n<\/div>\n<div class=\"col-xs valign__content\">\n<div class=\"valign\"><span class=\"testatina testatina-articolo\"><a href=\"https:\/\/www.moltofood.it\/treccia-di-pasta-sfoglia-al-salmone-ricetta\/?utm_source=quotidianodipuglia&amp;utm_medium=strip_moltofood_flexible&amp;utm_campaign=right_articolo\"><br \/>\n                                                Antipasti                                                <\/a><\/span><\/p>\n<h2 class=\"titolo\"><a href=\"https:\/\/www.moltofood.it\/treccia-di-pasta-sfoglia-al-salmone-ricetta\/?utm_source=quotidianodipuglia&amp;utm_medium=strip_moltofood_flexible&amp;utm_campaign=right_articolo\" title=\"Treccia di pasta sfoglia al salmone: l\u2019antipasto facile e creativo\" target=\"_blank\">Treccia di pasta sfoglia al salmone: l\u2019antipasto facile e creativo<\/a><\/h2>\n<p><span class=\"firma\">di Margherita Catalani<\/span><\/div>\n<\/div>\n<\/div>\n<\/div>\n<\/article>\n<\/div>\n<p><a href=\"https:\/\/www.moltofood.it?utm_source=quotidianodipuglia&amp;utm_medium=strip_moltofood_flexible&amp;utm_campaign=right_articolo\" class=\"testatabox show_more\" target=\"_blank\" title=\"moltofood.it\">Vedi tutte le ricette<\/a><\/div>\n<div class=\"strip-1-bottom\">\n<div class=\"testatabox default sinistra rosso partner news\">\n<h3 class=\"partner news\"><a href=\"https:\/\/www.romevaticancard.com\/it\/omniacards\/omnia-card-72\/?ref=banner\">OMNIA CARD<\/a><\/h3>\n<\/div>\n<div class=\"row\">\n<article class=\"col-xs-12 html_base_bottom   partner news \">\n<div class=\"item_content hyperlink\">\n<figure class=\"medium\"><a href=\"https:\/\/www.romevaticancard.com\/it\/omniacards\/omnia-card-72\/?ref=banner\" title=\"Omnia card 72h + Roma Pass: Musei Vaticani e Colosseo inclusi\"><img decoding=\"async\" src=\"https:\/\/statics.cedscdn.it\/photos\/MED\/20\/44\/7772044_27112113_rome.jpg\" title=\"Omnia card 72h + Roma Pass: Musei Vaticani e Colosseo inclusi\" width=\"-16\" height=\"-9\"><\/a><\/figure>\n<div class=\"titolo\"><a href=\"https:\/\/www.romevaticancard.com\/it\/omniacards\/omnia-card-72\/?ref=banner\" class=\"ml_primary_link\">Omnia card 72h + Roma Pass: Musei Vaticani e Colosseo inclusi<\/a><\/div>\n<\/div>\n<\/article>\n<\/div>\n<\/div>\n<div class=\"strip-1-no_foto ranking listing\">\n<div class=\"testatabox boxed sinistra  \">\n<h3 class>LE PI\u00d9 LETTE<\/h3>\n<\/div>\n<div class=\"row\">\n<article class=\"col-xs-12 html_base_no_foto  lecce \">\n<div class=\"item_content\"><span class=\"testatina testatina-articolo\"><a href=\"http:\/\/quotidianodipuglia.it\/lecce\/incidente_mortale_leverano_morto_uomo-9263820.html\">SALENTO <\/a><\/span><\/p>\n<div class=\"titolo\"><a href=\"http:\/\/quotidianodipuglia.it\/lecce\/incidente_mortale_leverano_morto_uomo-9263820.html\" class=\"ml_primary_link\">Incidente stradale alla vigilia di Natale: morto un uomo<\/a><\/div>\n<div class=\"row item_content_moreinfo middle-xs\">\n<div class=\"col-xs-8\"><span class=\"firma\"><span>di Alessio QUARTA<\/span><\/span><\/div>\n<\/div>\n<\/div>\n<\/article>\n<article class=\"col-xs-12 html_base_no_foto  regione \">\n<div class=\"item_content\"><span class=\"testatina testatina-articolo\"><a href=\"http:\/\/quotidianodipuglia.it\/regione\/autostrada_teano_capua_caserta_sud_autobotte_esplosione_traffico_in_tilt_puglia_code_ultime_notizie-9262276.html\">IL CASO<\/a><\/span><\/p>\n<div class=\"titolo\"><a href=\"http:\/\/quotidianodipuglia.it\/regione\/autostrada_teano_capua_caserta_sud_autobotte_esplosione_traffico_in_tilt_puglia_code_ultime_notizie-9262276.html\" class=\"ml_primary_link\">Incidente choc sull&#8217;autostrada A1, esplode autobotte Gpl. Chilometri di code per chi \u00e8 diretto in Puglia<\/a><a href=\"http:\/\/quotidianodipuglia.it\/video\/primopiano\/esplosione_in_autostrada_il_momento_dell_incidente_chiusa_una_tratta-9262285.html\" class=\"ml_video\"><span><strong>IL VIDEO<\/strong><\/span><\/a><\/div>\n<div class=\"row item_content_moreinfo middle-xs\">\n<div class=\"col-xs\">\n<ul class=\"info-item\">\n<li class=\"has-video ri-video-line\"><\/ul>\n<\/div>\n<\/div>\n<\/div>\n<\/article>\n<article class=\"col-xs-12 html_base_no_foto  schede \">\n<div class=\"item_content\"><span class=\"testatina testatina-articolo\"><a href=\"http:\/\/quotidianodipuglia.it\/schede\/puglia_passaggio_fiamma_olimpica_percorso_lecce_brindisi_tranto_bari_orario_divieti_dove_vederla-9261803.html\">SCHEDE<\/a><\/span><\/p>\n<div class=\"titolo\"><a href=\"http:\/\/quotidianodipuglia.it\/schede\/puglia_passaggio_fiamma_olimpica_percorso_lecce_brindisi_tranto_bari_orario_divieti_dove_vederla-9261803.html\" class=\"ml_primary_link\">Fiamma Olimpica in Puglia: il programma completo (il braciere a Lecce con Fef\u00e9 De Giorgi), dove vederla e la guida ai divieti<\/a><\/div>\n<\/div>\n<\/article>\n<article class=\"col-xs-12 html_base_no_foto  video primopiano \">\n<div class=\"item_content video\"><span class=\"testatina testatina-articolo\"><a href=\"http:\/\/quotidianodipuglia.it\/video\/primopiano\/esplosione_in_autostrada_il_momento_dell_incidente_chiusa_una_tratta-9262285.html\">PRIMO PIANO<\/a><\/span><\/p>\n<div class=\"titolo\"><a href=\"http:\/\/quotidianodipuglia.it\/video\/primopiano\/esplosione_in_autostrada_il_momento_dell_incidente_chiusa_una_tratta-9262285.html\" class=\"ml_primary_link\">Esplosione in autostrada, il momento dell&#8217;incidente<\/a><\/div>\n<\/div>\n<\/article>\n<article class=\"col-xs-12 html_base_no_foto  bari \">\n<div class=\"item_content\"><span class=\"testatina testatina-articolo\"><a href=\"http:\/\/quotidianodipuglia.it\/bari\/bari_monopoli_cocaina_valore_un_milione_euro_armadietto_azienda_arrestati_amministratore_dipendente-9262307.html\">BARI<\/a><\/span><\/p>\n<div class=\"titolo\"><a href=\"http:\/\/quotidianodipuglia.it\/bari\/bari_monopoli_cocaina_valore_un_milione_euro_armadietto_azienda_arrestati_amministratore_dipendente-9262307.html\" class=\"ml_primary_link\">Cocaina per un milione nell&#8217;armadietto in azienda: arrestati amministratore e dipendente, scovati 26 kg di droga<\/a><\/div>\n<\/div>\n<\/article>\n<\/div>\n<\/div>\n<div class=\"strip- lgw\">\n<div class=\"header\"><span class=\"title\"><br \/>\n                Cerca il tuo immobile all&#8217;asta<br \/>\n            <\/span><\/div>\n<div class=\"content\"><a href=\"https:\/\/www.legalmente.net\/\" target=\"_blank\" class=\"brand\"><img decoding=\"async\" src=\"https:\/\/www.legalmente.net\/images\/logo.jpg\"><\/a><\/div>\n<\/div>\n<\/div>\n<\/div>\n<\/div>\n<\/aside>\n<\/article>\n<p> Source URL: http:\/\/quotidianodipuglia.it\/scuola_e_universita\/maturit_agrave_2015_programma_storia-1040420.html<\/p>\n","protected":false},"excerpt":{"rendered":"<p>Maturit\u00e0 2015, per gli studenti italiani la storia si ferma al 1945 3 Minuti di Lettura domenica 17 maggio 2015, 20:46 &#8211; Ultimo aggiornamento: 28 gennaio, 15:14 I maturandi 2015 non sono nelle condizioni di poter scegliere la traccia storica alla prima prova della maturit\u00e0. Negli ultimi quindici anni, il saggio storico della prima prova [&hellip;]<\/p>\n","protected":false},"author":1,"featured_media":0,"comment_status":"open","ping_status":"","sticky":false,"template":"","format":"standard","meta":{"footnotes":""},"categories":[87],"tags":[155],"class_list":["post-1244219","post","type-post","status-publish","format-standard","hentry","category-italy","tag-quotidianodipuglia-it"],"_links":{"self":[{"href":"https:\/\/analyse.optim.biz\/index.php?rest_route=\/wp\/v2\/posts\/1244219","targetHints":{"allow":["GET"]}}],"collection":[{"href":"https:\/\/analyse.optim.biz\/index.php?rest_route=\/wp\/v2\/posts"}],"about":[{"href":"https:\/\/analyse.optim.biz\/index.php?rest_route=\/wp\/v2\/types\/post"}],"author":[{"embeddable":true,"href":"https:\/\/analyse.optim.biz\/index.php?rest_route=\/wp\/v2\/users\/1"}],"replies":[{"embeddable":true,"href":"https:\/\/analyse.optim.biz\/index.php?rest_route=%2Fwp%2Fv2%2Fcomments&post=1244219"}],"version-history":[{"count":0,"href":"https:\/\/analyse.optim.biz\/index.php?rest_route=\/wp\/v2\/posts\/1244219\/revisions"}],"wp:attachment":[{"href":"https:\/\/analyse.optim.biz\/index.php?rest_route=%2Fwp%2Fv2%2Fmedia&parent=1244219"}],"wp:term":[{"taxonomy":"category","embeddable":true,"href":"https:\/\/analyse.optim.biz\/index.php?rest_route=%2Fwp%2Fv2%2Fcategories&post=1244219"},{"taxonomy":"post_tag","embeddable":true,"href":"https:\/\/analyse.optim.biz\/index.php?rest_route=%2Fwp%2Fv2%2Ftags&post=1244219"}],"curies":[{"name":"wp","href":"https:\/\/api.w.org\/{rel}","templated":true}]}}