{"id":1244095,"date":"2016-01-19T06:17:16","date_gmt":"2016-01-19T03:17:16","guid":{"rendered":"https:\/\/analyse.optim.biz\/?p=1244095"},"modified":"2016-01-19T06:17:16","modified_gmt":"2016-01-19T03:17:16","slug":"duhul-noptilor-geroase-ziarul-de-vaslui","status":"publish","type":"post","link":"https:\/\/analyse.optim.biz\/?p=1244095","title":{"rendered":"Duhul nop\u021bilor geroase &#8211; Ziarul de Vaslui"},"content":{"rendered":"<div class=\"entry-content clearfix\">\n<p>Se las\u0103 gerul \u00eenc\u0103 de cu sear\u0103,<br \/>\n\u021aipenie de om nu vezi pe drum,<br \/>\nNici \u00eengerii din ceruri nu mai zboar\u0103,<span class=\"text_exposed_show\"><br \/>\nCe liber pot veni la tine-acum!<\/span><\/p>\n<div class=\"text_exposed_show\">\n<p>Ce ne\u0219tiut a\u0219 vrea s\u0103 m\u0103 prime\u0219ti<br \/>\n\u00cen casa ta, precum am fost primit<br \/>\n\u00cen sufletul t\u0103u cald, \u00ee\u021bi aminte\u0219ti,<br \/>\nF\u0103r\u0103 s\u0103 d\u0103m ceva de b\u0103nuit.<\/p>\n<p>F\u0103r\u0103 s\u0103 las \u00een urm\u0103 s\u0103 se vad\u0103<br \/>\nC-am fost la tine, m\u0103 voi duce-apoi<br \/>\n\u021ain\u00e2ndu-m\u0103 \u00een bra\u021be, pe z\u0103pad\u0103<br \/>\nS\u0103 nu las urme c-am fost am\u00e2ndoi.<\/p>\n<p>(Marius Robu)<\/p>\n<\/div>\n<aside class=\"mashsb-container mashsb-main \">\n<div class=\"mashsb-box\">\n<div class=\"mashsb-count mash-medium\">\n<div class=\"counts mashsbcount\">27<\/div>\n<p><span class=\"mashsb-sharetext\">SHARES<\/span><\/div>\n<div class=\"mashsb-buttons\"><a class=\"mashicon-facebook mash-medium mashsb-noshadow\" href=\"https:\/\/www.facebook.com\/sharer.php?u=https%3A%2F%2Fwww.ziaruldevaslui.ro%2Fduhul-noptilor-geroase%2F\" target=\"_top\" rel=\"nofollow\"><span class=\"text\">Share\u00a0pe\u00a0facebook<\/span><\/a><a class=\"mashicon-twitter mash-medium mashsb-noshadow\" href=\"https:\/\/twitter.com\/intent\/tweet?text=Duhul%20nop%C8%9Bilor%20geroase&amp;url=https:\/\/www.ziaruldevaslui.ro\/?p=1785\" target=\"_top\" rel=\"nofollow\"><span class=\"text\">Share\u00a0pe\u00a0twitter<\/span><\/a><\/div>\n<\/div>\n<\/aside>\n<\/div>\n<div class=\"entry-content\">\n<p>Ini\u021bial am crezut c\u0103 Ionel Sandu s-a apucat de Stand Up Comedy. Cu afacerile nu st\u0103 extraordinar, cu politica nici<\/p>\n<\/div>\n<p> Source URL: https:\/\/www.ziaruldevaslui.ro\/duhul-noptilor-geroase\/<\/p>\n","protected":false},"excerpt":{"rendered":"<p>Se las\u0103 gerul \u00eenc\u0103 de cu sear\u0103, \u021aipenie de om nu vezi pe drum, Nici \u00eengerii din ceruri nu mai zboar\u0103, Ce liber pot veni la tine-acum! Ce ne\u0219tiut a\u0219 vrea s\u0103 m\u0103 prime\u0219ti \u00cen casa ta, precum am fost primit \u00cen sufletul t\u0103u cald, \u00ee\u021bi aminte\u0219ti, F\u0103r\u0103 s\u0103 d\u0103m ceva de b\u0103nuit. F\u0103r\u0103 s\u0103 [&hellip;]<\/p>\n","protected":false},"author":1,"featured_media":0,"comment_status":"open","ping_status":"","sticky":false,"template":"","format":"standard","meta":{"footnotes":""},"categories":[89],"tags":[218],"class_list":["post-1244095","post","type-post","status-publish","format-standard","hentry","category-romania","tag-ziaruldevaslui-ro"],"_links":{"self":[{"href":"https:\/\/analyse.optim.biz\/index.php?rest_route=\/wp\/v2\/posts\/1244095","targetHints":{"allow":["GET"]}}],"collection":[{"href":"https:\/\/analyse.optim.biz\/index.php?rest_route=\/wp\/v2\/posts"}],"about":[{"href":"https:\/\/analyse.optim.biz\/index.php?rest_route=\/wp\/v2\/types\/post"}],"author":[{"embeddable":true,"href":"https:\/\/analyse.optim.biz\/index.php?rest_route=\/wp\/v2\/users\/1"}],"replies":[{"embeddable":true,"href":"https:\/\/analyse.optim.biz\/index.php?rest_route=%2Fwp%2Fv2%2Fcomments&post=1244095"}],"version-history":[{"count":0,"href":"https:\/\/analyse.optim.biz\/index.php?rest_route=\/wp\/v2\/posts\/1244095\/revisions"}],"wp:attachment":[{"href":"https:\/\/analyse.optim.biz\/index.php?rest_route=%2Fwp%2Fv2%2Fmedia&parent=1244095"}],"wp:term":[{"taxonomy":"category","embeddable":true,"href":"https:\/\/analyse.optim.biz\/index.php?rest_route=%2Fwp%2Fv2%2Fcategories&post=1244095"},{"taxonomy":"post_tag","embeddable":true,"href":"https:\/\/analyse.optim.biz\/index.php?rest_route=%2Fwp%2Fv2%2Ftags&post=1244095"}],"curies":[{"name":"wp","href":"https:\/\/api.w.org\/{rel}","templated":true}]}}