{"id":1243823,"date":"2016-01-29T18:28:53","date_gmt":"2016-01-29T15:28:53","guid":{"rendered":"https:\/\/analyse.optim.biz\/?p=1243823"},"modified":"2016-01-29T18:28:53","modified_gmt":"2016-01-29T15:28:53","slug":"regele-florilor-ziarul-de-vaslui","status":"publish","type":"post","link":"https:\/\/analyse.optim.biz\/?p=1243823","title":{"rendered":"Regele Florilor &#8211; Ziarul de Vaslui"},"content":{"rendered":"<div class=\"entry-content clearfix\">\n<p>M-am obi\u0219nuit cu dorul<br \/>\nCa s\u0103m\u00e2n\u021ba cu ogorul,<br \/>\nDup\u0103 iarna-ndelungat\u0103,<br \/>\n\u0218i-a\u0219tept s\u0103-ncol\u021besc odat\u0103,<\/p>\n<p>C\u0103 prea m\u0103 simt \u00eencol\u021bit,<br \/>\nLa r\u00e2ndul meu, de iubit,<br \/>\nIubitul, fir-ar de fiar\u0103<br \/>\nCu miros de prim\u0103var\u0103,<\/p>\n<p>Ce numai la ner\u0103bdare<br \/>\nSeam\u0103n\u0103 cu prima floare,<br \/>\nDar \u0219i-ascunde prin gr\u0103dini,<br \/>\nCa un trandafir din spini,<\/p>\n<p>Col\u021bii, al florilor leu<br \/>\n\u0218i st\u0103p\u00e2nul t\u0103u \u0219i-al meu.<br \/>\n(Marius Robu)<\/p>\n<aside class=\"mashsb-container mashsb-main \">\n<div class=\"mashsb-box\">\n<div class=\"mashsb-count mash-medium\">\n<div class=\"counts mashsbcount\">4<\/div>\n<p><span class=\"mashsb-sharetext\">SHARES<\/span><\/div>\n<div class=\"mashsb-buttons\"><a class=\"mashicon-facebook mash-medium mashsb-noshadow\" href=\"https:\/\/www.facebook.com\/sharer.php?u=https%3A%2F%2Fwww.ziaruldevaslui.ro%2Fregele-florilor%2F\" target=\"_top\" rel=\"nofollow\"><span class=\"text\">Share\u00a0pe\u00a0facebook<\/span><\/a><a class=\"mashicon-twitter mash-medium mashsb-noshadow\" href=\"https:\/\/twitter.com\/intent\/tweet?text=Regele%20Florilor&amp;url=https:\/\/www.ziaruldevaslui.ro\/?p=2136\" target=\"_top\" rel=\"nofollow\"><span class=\"text\">Share\u00a0pe\u00a0twitter<\/span><\/a><\/div>\n<\/div>\n<\/aside>\n<\/div>\n<div class=\"entry-content\">\n<p>Ini\u021bial am crezut c\u0103 Ionel Sandu s-a apucat de Stand Up Comedy. Cu afacerile nu st\u0103 extraordinar, cu politica nici<\/p>\n<\/div>\n<p> Source URL: https:\/\/www.ziaruldevaslui.ro\/regele-florilor\/<\/p>\n","protected":false},"excerpt":{"rendered":"<p>M-am obi\u0219nuit cu dorul Ca s\u0103m\u00e2n\u021ba cu ogorul, Dup\u0103 iarna-ndelungat\u0103, \u0218i-a\u0219tept s\u0103-ncol\u021besc odat\u0103, C\u0103 prea m\u0103 simt \u00eencol\u021bit, La r\u00e2ndul meu, de iubit, Iubitul, fir-ar de fiar\u0103 Cu miros de prim\u0103var\u0103, Ce numai la ner\u0103bdare Seam\u0103n\u0103 cu prima floare, Dar \u0219i-ascunde prin gr\u0103dini, Ca un trandafir din spini, Col\u021bii, al florilor leu \u0218i st\u0103p\u00e2nul t\u0103u [&hellip;]<\/p>\n","protected":false},"author":1,"featured_media":0,"comment_status":"open","ping_status":"","sticky":false,"template":"","format":"standard","meta":{"footnotes":""},"categories":[89],"tags":[218],"class_list":["post-1243823","post","type-post","status-publish","format-standard","hentry","category-romania","tag-ziaruldevaslui-ro"],"_links":{"self":[{"href":"https:\/\/analyse.optim.biz\/index.php?rest_route=\/wp\/v2\/posts\/1243823","targetHints":{"allow":["GET"]}}],"collection":[{"href":"https:\/\/analyse.optim.biz\/index.php?rest_route=\/wp\/v2\/posts"}],"about":[{"href":"https:\/\/analyse.optim.biz\/index.php?rest_route=\/wp\/v2\/types\/post"}],"author":[{"embeddable":true,"href":"https:\/\/analyse.optim.biz\/index.php?rest_route=\/wp\/v2\/users\/1"}],"replies":[{"embeddable":true,"href":"https:\/\/analyse.optim.biz\/index.php?rest_route=%2Fwp%2Fv2%2Fcomments&post=1243823"}],"version-history":[{"count":0,"href":"https:\/\/analyse.optim.biz\/index.php?rest_route=\/wp\/v2\/posts\/1243823\/revisions"}],"wp:attachment":[{"href":"https:\/\/analyse.optim.biz\/index.php?rest_route=%2Fwp%2Fv2%2Fmedia&parent=1243823"}],"wp:term":[{"taxonomy":"category","embeddable":true,"href":"https:\/\/analyse.optim.biz\/index.php?rest_route=%2Fwp%2Fv2%2Fcategories&post=1243823"},{"taxonomy":"post_tag","embeddable":true,"href":"https:\/\/analyse.optim.biz\/index.php?rest_route=%2Fwp%2Fv2%2Ftags&post=1243823"}],"curies":[{"name":"wp","href":"https:\/\/api.w.org\/{rel}","templated":true}]}}