{"id":1240103,"date":"2018-06-04T20:25:37","date_gmt":"2018-06-04T17:25:37","guid":{"rendered":"https:\/\/analyse.optim.biz\/?p=1240103"},"modified":"2018-06-04T20:25:37","modified_gmt":"2018-06-04T17:25:37","slug":"marsul-pentru-normalitate-9-iunie-incorect-politic","status":"publish","type":"post","link":"https:\/\/analyse.optim.biz\/?p=1240103","title":{"rendered":"Mar\u0219ul Pentru Normalitate &#8211; 9 Iunie &#8211; Incorect Politic"},"content":{"rendered":"<article class=\"post-listing post-7309 post type-post status-publish format-standard has-post-thumbnail  category-evenimente category-stirea-zilei\" id=\"the-post\">\n<div class=\"post-inner\">\n<h1 class=\"name post-title entry-title\"><span>Mar\u0219ul Pentru Normalitate \u2013 9 Iunie<\/span><\/h1>\n<div class=\"entry\">\n<p>Sterie Ciumetti<br \/><strong>Incorect Politic<\/strong><br \/>\nIunie 5, 2018<\/p>\n<p>Pe 9 iunie va avea loc la Bucure\u0219ti Mar\u0219ul Normalit\u0103\u021bii.<\/p>\n<p>Mar\u0219ul este organizat an de an, \u00eencep\u00e2nd din 2005, ajung\u00e2nd ast\u0103zi la a 14-a edi\u021bie, fiind cea mai constant\u0103 manifestare public\u0103 organizat\u0103 \u00een Rom\u00e2nia \u00een favoarea valorilor \u0219i a familiei.<\/p>\n<p><a href=\"http:\/\/www.buciumul.ro\/2018\/06\/03\/marsul-normalitatii-sambata-9-iunie-ora-1230-piata-victoriei\/\">Buciumul:<\/a><\/p>\n<p><a href=\"https:\/\/www.incorectpolitic.com\/wp-content\/uploads\/2018\/06\/main-600x222.jpg\"><img loading=\"lazy\" decoding=\"async\" class=\"size-full wp-image-7310 aligncenter lazyload\" alt width=\"600\" height=\"222\" src=\"https:\/\/www.incorectpolitic.com\/wp-content\/uploads\/2018\/06\/main-600x222.jpg\"><\/a><\/p>\n<p><img loading=\"lazy\" decoding=\"async\" class=\"size-full wp-image-7310 aligncenter\" src=\"https:\/\/www.incorectpolitic.com\/wp-content\/uploads\/2018\/06\/main-600x222.jpg\" alt width=\"600\" height=\"222\" data-eio=\"l\"><\/p>\n<blockquote>\n<p>Manifestarea este autorizat\u0103 de Prim\u0103ria Capitalei \u0219i a\u0219tept\u0103m participan\u021bii la ora 12:30 \u00een\u00a0<strong>Pia\u021ba Victoriei<\/strong>\u00a0de unde vom porni la ora 13:00 pe traseul\u00a0<strong><em>Pia\u021ba Roman\u0103 \u2013 Pia\u021ba Universit\u0103\u021bii \u2013 Pia\u021ba Unirii \u2013 Patriarhia Rom\u00e2n\u0103.<\/em><\/strong><\/p>\n<p>Organizat de Noua Dreapt\u0103 \u0219i sus\u021binut de mai multe asocia\u021bii care promoveaz\u0103 normalitatea \u00een societatea rom\u00e2neasc\u0103, MAR\u0218UL PENTRU NORMALITATE exprim\u0103 protestul rom\u00e2nilor care sus\u021bin valorile familiei tradi\u021bionale:<\/p>\n<p><strong>1. fa\u021b\u0103 de parada homosexualilor, o manifestare cu caracter obscen \u0219i provocator care promoveaz\u0103 \u00een fiecare an ideea legaliz\u0103rii c\u0103s\u0103toriilor homosexuale \u0219i adop\u021biilor de copii de c\u0103tre \u201ecuplurile\u201d de homosexuali.<\/strong><\/p>\n<\/blockquote>\n<p><a href=\"https:\/\/www.incorectpolitic.com\/wp-content\/uploads\/2018\/06\/marsul-normalitatii-da-peste-cap-traficul-din-bucuresti-care-este-traseul-manifestantilor.jpg\"><img loading=\"lazy\" decoding=\"async\" class=\"size-full wp-image-7321 aligncenter lazyload\" alt width=\"534\" height=\"400\" src=\"https:\/\/www.incorectpolitic.com\/wp-content\/uploads\/2018\/06\/marsul-normalitatii-da-peste-cap-traficul-din-bucuresti-care-este-traseul-manifestantilor.jpg\"><\/a><\/p>\n<p><img loading=\"lazy\" decoding=\"async\" class=\"size-full wp-image-7321 aligncenter\" src=\"https:\/\/www.incorectpolitic.com\/wp-content\/uploads\/2018\/06\/marsul-normalitatii-da-peste-cap-traficul-din-bucuresti-care-este-traseul-manifestantilor.jpg\" alt width=\"534\" height=\"400\" data-eio=\"l\"><\/p>\n<blockquote>\n<p>2.<strong> fa\u021b\u0103 de inten\u021bia PSD de a b\u0103ga pe g\u00e2tul rom\u00e2nilor \u201eparteneriatele civile \u00eentre persoane de acela\u0219i sex\u201d<\/strong> \u00een schimbul organiz\u0103rii referendumului pentru redefinirea c\u0103s\u0103toriei \u00een Constitu\u021bie. Acest troc este unul profund imoral \u0219i probeaz\u0103 \u00eenc\u0103 o dat\u0103 duplicitatea sociali\u0219tilor care vor s\u0103 ob\u021bin\u0103 voturi at\u00e2t din partea minorit\u0103\u021bii homosexuale c\u00e2t \u0219i din partea majorit\u0103\u021bii cre\u0219tine, uit\u00e2nd probabil vechea zical\u0103 rom\u00e2neasc\u0103: \u201eCine alearg\u0103 dup\u0103 doi iepuri nu prinde nici unul.\u201d<\/p>\n<\/blockquote>\n<p><a href=\"https:\/\/www.incorectpolitic.com\/wp-content\/uploads\/2018\/06\/646x404.jpg\"><img loading=\"lazy\" decoding=\"async\" class=\"size-full wp-image-7322 aligncenter lazyload\" alt width=\"646\" height=\"404\" src=\"https:\/\/www.incorectpolitic.com\/wp-content\/uploads\/2018\/06\/646x404.jpg\"><\/a><\/p>\n<p><img loading=\"lazy\" decoding=\"async\" class=\"size-full wp-image-7322 aligncenter\" src=\"https:\/\/www.incorectpolitic.com\/wp-content\/uploads\/2018\/06\/646x404.jpg\" alt width=\"646\" height=\"404\" data-eio=\"l\"><\/p>\n<blockquote>\n<p>3. fa\u021b\u0103 de pozi\u021bia ezitant\u0103 a Cur\u021bii Constitu\u021bionale a Rom\u00e2niei \u00een cazul homosexualului Adrian Coman care a cerut recunoa\u0219terea pe teritoriul Rom\u00e2niei a c\u0103s\u0103toriei sale oficiat\u0103 \u00een Belgia cu un alt b\u0103rbat. Curtea Constitu\u021bional\u0103 a am\u00e2nat \u00een mod inexplicabil \u00een repetate r\u00e2nduri s\u0103 ia o decizie \u00een acest caz, judec\u0103torii rom\u00e2ni apel\u00e2nd, pentru \u201dindica\u021bii\u201d, la Curtea de Justi\u021bie a Uniunii Europene. Or, implicarea Cur\u021bii de Justi\u021bie a Uniunii Europene nu este altceva dec\u00e2t o \u00eencercare de legalizare a c\u0103s\u0103toriei \u00eentre persoane de acela\u0219i sex pe u\u0219a DIN DOS \u0219i \u00een dispre\u021bul celor 3 milioane de rom\u00e2ni care au semnat pentru ini\u021biativa legislativ\u0103 de modificare a Constitu\u021biei \u0219i definirea familiei c\u0103 fiind \u00eentemeiata pe c\u0103s\u0103toria dintre un b\u0103rbat \u0219i o femeie!<\/p>\n<\/blockquote>\n<p><a href=\"https:\/\/www.incorectpolitic.com\/wp-content\/uploads\/2018\/06\/Gay-Fest-in-Bucuresti-Parada-homosexualilor-vs-Marsul-Normalitatii-Video-.jpg\"><img loading=\"lazy\" decoding=\"async\" class=\"size-full wp-image-7324 aligncenter lazyload\" alt width=\"327\" height=\"327\" src=\"https:\/\/www.incorectpolitic.com\/wp-content\/uploads\/2018\/06\/Gay-Fest-in-Bucuresti-Parada-homosexualilor-vs-Marsul-Normalitatii-Video-.jpg\"><\/a><\/p>\n<p><img loading=\"lazy\" decoding=\"async\" class=\"size-full wp-image-7324 aligncenter\" src=\"https:\/\/www.incorectpolitic.com\/wp-content\/uploads\/2018\/06\/Gay-Fest-in-Bucuresti-Parada-homosexualilor-vs-Marsul-Normalitatii-Video-.jpg\" alt width=\"327\" height=\"327\" data-eio=\"l\"><\/p>\n<blockquote>\n<p>4. fa\u021b\u0103 de blocarea la Senat a amendamentului la Constitu\u021bie sub pretextul c\u0103 se a\u0219teapt\u0103 adoptarea noii Legi a Referendumului, trimis\u0103 recent de Klaus Iohannis la Curtea Constitu\u021bional\u0103, \u00een dispre\u021bul acelora\u0219i 3 milioane de rom\u00e2ni, \u00eentre care se num\u0103r\u0103 \u0219i membrii \u0219i simpatizan\u021bii Noii Drepte. Chiar dac\u0103 PSD, PNL \u0219i ALDE \u0219i-au asumat \u00eenainte de alegerile din 2016 organizarea referendumului, suntem la jum\u0103tatea anului 2018 \u0219i tot mai pu\u021bin\u0103 lume vorbe\u0219te despre Referendumul pentru redefinirea c\u0103s\u0103toriei \u00een\u00a0 Constitu\u021bie. Asta s-a \u0219i urm\u0103rit: diminuarea interesului public fa\u021b\u0103 de revizuirea Constitu\u021biei \u0219i decuplarea militan\u021bilor de la acest proiect vital pentru viitorul nostru ca Neam.<\/p>\n<\/blockquote>\n<p><a href=\"https:\/\/www.incorectpolitic.com\/wp-content\/uploads\/2018\/06\/foto-video-marsul-normalitatii-in-jur-de-40-de-persoane-au-iesit-in-strada-pentru-a-sustine-familia-formata-dintr-un-barbat-si-o-femeie.jpg\"><img loading=\"lazy\" decoding=\"async\" class=\"size-full wp-image-7323 aligncenter lazyload\" alt width=\"400\" height=\"200\" src=\"https:\/\/www.incorectpolitic.com\/wp-content\/uploads\/2018\/06\/foto-video-marsul-normalitatii-in-jur-de-40-de-persoane-au-iesit-in-strada-pentru-a-sustine-familia-formata-dintr-un-barbat-si-o-femeie.jpg\"><\/a><\/p>\n<p><img loading=\"lazy\" decoding=\"async\" class=\"size-full wp-image-7323 aligncenter\" src=\"https:\/\/www.incorectpolitic.com\/wp-content\/uploads\/2018\/06\/foto-video-marsul-normalitatii-in-jur-de-40-de-persoane-au-iesit-in-strada-pentru-a-sustine-familia-formata-dintr-un-barbat-si-o-femeie.jpg\" alt width=\"400\" height=\"200\" data-eio=\"l\"><\/p>\n<blockquote>\n<p>Lu\u00e2nd \u00een considerare cele de mai sus, v\u0103 a\u0219tept\u0103m al\u0103turi de noi pe to\u021bi aceia care dori\u021bi s\u0103 tr\u0103i\u021bi \u0219i s\u0103 v\u0103 cre\u0219te\u021bi copiii \u00eentr-o \u021bar\u0103 normal\u0103!<\/p>\n<p><em>Lupta pe care noi o ducem are nevoie de sprijinul \u0219i participarea tuturor celor care simt \u0219i g\u00e2ndesc ca noi, inclusiv a ta! Nu te mul\u021bumi doar s\u0103 ne dai dreptate! Renun\u021b\u0103 la rolul de spectator \u0219i particip\u0103 la MAR\u0218UL PENTRU NORMALITATE pentru a demonstra c\u0103 \u00eentr-o \u021bar\u0103 democrat\u0103 drepturile majorit\u0103\u021bii nu pot fi c\u0103lcate \u00een picioare de dictatura nici unei minorit\u0103\u021bi!<\/em><\/p>\n<p><strong><em>Av. Tudor Ionescu \u2013 Pre\u0219edintele\u00a0<a href=\"https:\/\/www.nouadreapta.org\/\">Partidului Noua Dreapt\u0103<\/a><\/em><\/strong><\/p>\n<\/blockquote>\n<\/div>\n<div class=\"share-post\"><span class=\"share-text\">Share<\/span><\/p>\n<ul class=\"flat-social\">\n<li><a href=\"http:\/\/www.facebook.com\/sharer.php?u=https:\/\/www.incorectpolitic.com\/?p=7309\" class=\"social-facebook\" rel=\"external\" target=\"_blank\"><span>Facebook<\/span><\/a><\/li>\n<li><a href=\"https:\/\/twitter.com\/intent\/tweet?text=Mar%C8%99ul+Pentru+Normalitate+%E2%80%93+9+Iunie&amp;url=https:\/\/www.incorectpolitic.com\/?p=7309\" class=\"social-twitter\" rel=\"external\" target=\"_blank\"><span>Twitter<\/span><\/a><\/li>\n<li><a href=\"http:\/\/pinterest.com\/pin\/create\/button\/?url=https:\/\/www.incorectpolitic.com\/?p=7309&amp;description=Mar%C8%99ul+Pentru+Normalitate+%E2%80%93+9+Iunie&amp;media=https:\/\/www.incorectpolitic.com\/wp-content\/uploads\/2018\/06\/main-600x222.jpg\" class=\"social-pinterest\" rel=\"external\" target=\"_blank\"><span>Pinterest<\/span><\/a><\/li>\n<\/ul>\n<\/div>\n<\/div>\n<\/article>\n<p> Source URL: https:\/\/www.incorectpolitic.com\/marsul-pentru-normalitate-9-iunie\/<\/p>\n","protected":false},"excerpt":{"rendered":"<p>Mar\u0219ul Pentru Normalitate \u2013 9 Iunie Sterie CiumettiIncorect Politic Iunie 5, 2018 Pe 9 iunie va avea loc la Bucure\u0219ti Mar\u0219ul Normalit\u0103\u021bii. Mar\u0219ul este organizat an de an, \u00eencep\u00e2nd din 2005, ajung\u00e2nd ast\u0103zi la a 14-a edi\u021bie, fiind cea mai constant\u0103 manifestare public\u0103 organizat\u0103 \u00een Rom\u00e2nia \u00een favoarea valorilor \u0219i a familiei. Buciumul: Manifestarea este [&hellip;]<\/p>\n","protected":false},"author":1,"featured_media":0,"comment_status":"open","ping_status":"","sticky":false,"template":"","format":"standard","meta":{"footnotes":""},"categories":[89],"tags":[95],"class_list":["post-1240103","post","type-post","status-publish","format-standard","hentry","category-romania","tag-incorectpolitic-com"],"_links":{"self":[{"href":"https:\/\/analyse.optim.biz\/index.php?rest_route=\/wp\/v2\/posts\/1240103","targetHints":{"allow":["GET"]}}],"collection":[{"href":"https:\/\/analyse.optim.biz\/index.php?rest_route=\/wp\/v2\/posts"}],"about":[{"href":"https:\/\/analyse.optim.biz\/index.php?rest_route=\/wp\/v2\/types\/post"}],"author":[{"embeddable":true,"href":"https:\/\/analyse.optim.biz\/index.php?rest_route=\/wp\/v2\/users\/1"}],"replies":[{"embeddable":true,"href":"https:\/\/analyse.optim.biz\/index.php?rest_route=%2Fwp%2Fv2%2Fcomments&post=1240103"}],"version-history":[{"count":0,"href":"https:\/\/analyse.optim.biz\/index.php?rest_route=\/wp\/v2\/posts\/1240103\/revisions"}],"wp:attachment":[{"href":"https:\/\/analyse.optim.biz\/index.php?rest_route=%2Fwp%2Fv2%2Fmedia&parent=1240103"}],"wp:term":[{"taxonomy":"category","embeddable":true,"href":"https:\/\/analyse.optim.biz\/index.php?rest_route=%2Fwp%2Fv2%2Fcategories&post=1240103"},{"taxonomy":"post_tag","embeddable":true,"href":"https:\/\/analyse.optim.biz\/index.php?rest_route=%2Fwp%2Fv2%2Ftags&post=1240103"}],"curies":[{"name":"wp","href":"https:\/\/api.w.org\/{rel}","templated":true}]}}