{"id":1239340,"date":"2019-03-03T10:43:43","date_gmt":"2019-03-03T07:43:43","guid":{"rendered":"https:\/\/analyse.optim.biz\/?p=1239340"},"modified":"2019-03-03T10:43:43","modified_gmt":"2019-03-03T07:43:43","slug":"mars-de-protest-astazi-3-martie-in-fata-guvernului-incorect-politic","status":"publish","type":"post","link":"https:\/\/analyse.optim.biz\/?p=1239340","title":{"rendered":"Mar\u0219 de Protest AST\u0102ZI 3 MARTIE \u00cen Fa\u021ba Guvernului! &#8211; Incorect Politic"},"content":{"rendered":"<article class=\"post-listing post-19936 post type-post status-publish format-standard has-post-thumbnail  category-evenimente category-stirea-zilei tag-alianta-nationalistilor tag-anti-lgbt tag-mars-protest tag-protest-parteneriat-civil tag-romania-curata\" id=\"the-post\">\n<div class=\"post-inner\">\n<h1 class=\"name post-title entry-title\"><span>Mar\u0219 de Protest AST\u0102ZI 3 MARTIE \u00cen Fa\u021ba Guvernului!<\/span><\/h1>\n<div class=\"entry\">\n<p>Sterie Ciumetti<br \/><strong>Incorect Politic<\/strong><br \/>\nMartie 3, 2019<\/p>\n<p>E \u00een c\u00e2teva ore.<\/p>\n<p>HAIDE\u021aI ACUM!<\/p>\n<p class=\"singlePageTitle\"><em>Via <a href=\"https:\/\/www.buciumul.ro\/2019\/03\/02\/lupta-pentru-familia-normala-mars-de-protest-de-la-guvern-la-parlament-duminica-ora-15\/\">Buciumul<\/a>:<\/em><\/p>\n<p><a href=\"https:\/\/www.facebook.com\/events\/2137015383022189\/?active_tab=about\"><strong>Refuz\u0103m parteneriatul civil!<\/strong><\/a><\/p>\n\n<p>\u00cen Octombrie 2018, prin votul *DA* dat de 91% din participan\u021bii la referendumul pentru c\u0103s\u0103torie, rom\u00e2nii si-au exprimat sus\u021binerea pentru familia normal\u0103.<\/p>\n<p>\u00cen urma presiunilor exercitate de grupurile politice de stanga \u0219i a ONG-urilor pro-homosexuale puternic finan\u021bate din str\u0103in\u0103tate, \u00een Parlamentul Rom\u00e2niei exist\u0103 acum dou\u0103 proiecte de legi pentru introducerea parteneriatului civil care legifereaza de fapt c\u0103s\u0103toriile \u00eentre persoane de acela\u0219i sex.<\/p>\n<p>E vremea ca parlamentarii nostri s\u0103 afle ca ei reprezint\u0103 poporul rom\u00e2n. C\u0103 trebuie s\u0103 \u021bin\u0103 cont de dorin\u021bele aleg\u0103torilor. Cei care \u00eei voteaz\u0103 suntem noi \u0219i nu ONG-uri, parlamentari str\u0103ini sau ambasadori.<\/p>\n<p>Veni\u021bi \u00een lupta pentru p\u0103strarea familei normale!<\/p>\n<p>Traseul mar\u0219ului nostru: Pia\u021ba Victoriei (punct de adunare si scurte luari de cuvant) \u2013 Piata Romana \u2013 Piata Universitatii \u2013 Cercul Militar Central \u2013 Calea Victoriei \u2013 Piata Natiunilor Unite \u2013 Palatul Parlamentului.<\/p>\n<p>Duminica asta, 3 Martie 2019<br \/>\nOrele: 15:00 \u2013 18:00.<\/p>\n<\/div>\n<div class=\"share-post\"><span class=\"share-text\">Share<\/span><\/p>\n<ul class=\"flat-social\">\n<li><a href=\"http:\/\/www.facebook.com\/sharer.php?u=https:\/\/www.incorectpolitic.com\/?p=19936\" class=\"social-facebook\" rel=\"external\" target=\"_blank\"><span>Facebook<\/span><\/a><\/li>\n<li><a href=\"https:\/\/twitter.com\/intent\/tweet?text=Mar%C8%99+de+Protest+AST%C4%82ZI+3+MARTIE+%C3%8En+Fa%C8%9Ba+Guvernului%21&amp;url=https:\/\/www.incorectpolitic.com\/?p=19936\" class=\"social-twitter\" rel=\"external\" target=\"_blank\"><span>Twitter<\/span><\/a><\/li>\n<li><a href=\"http:\/\/pinterest.com\/pin\/create\/button\/?url=https:\/\/www.incorectpolitic.com\/?p=19936&amp;description=Mar%C8%99+de+Protest+AST%C4%82ZI+3+MARTIE+%C3%8En+Fa%C8%9Ba+Guvernului%21&amp;media=https:\/\/www.incorectpolitic.com\/wp-content\/uploads\/2019\/03\/antigay-640x330.jpg\" class=\"social-pinterest\" rel=\"external\" target=\"_blank\"><span>Pinterest<\/span><\/a><\/li>\n<\/ul>\n<\/div>\n<\/div>\n<\/article>\n<p> Source URL: https:\/\/www.incorectpolitic.com\/mars-de-protest-astazi-3-martie-in-fata-guvernului\/<\/p>\n","protected":false},"excerpt":{"rendered":"<p>Mar\u0219 de Protest AST\u0102ZI 3 MARTIE \u00cen Fa\u021ba Guvernului! Sterie CiumettiIncorect Politic Martie 3, 2019 E \u00een c\u00e2teva ore. HAIDE\u021aI ACUM! Via Buciumul: Refuz\u0103m parteneriatul civil! \u00cen Octombrie 2018, prin votul *DA* dat de 91% din participan\u021bii la referendumul pentru c\u0103s\u0103torie, rom\u00e2nii si-au exprimat sus\u021binerea pentru familia normal\u0103. \u00cen urma presiunilor exercitate de grupurile politice [&hellip;]<\/p>\n","protected":false},"author":1,"featured_media":0,"comment_status":"open","ping_status":"","sticky":false,"template":"","format":"standard","meta":{"footnotes":""},"categories":[89],"tags":[95],"class_list":["post-1239340","post","type-post","status-publish","format-standard","hentry","category-romania","tag-incorectpolitic-com"],"_links":{"self":[{"href":"https:\/\/analyse.optim.biz\/index.php?rest_route=\/wp\/v2\/posts\/1239340","targetHints":{"allow":["GET"]}}],"collection":[{"href":"https:\/\/analyse.optim.biz\/index.php?rest_route=\/wp\/v2\/posts"}],"about":[{"href":"https:\/\/analyse.optim.biz\/index.php?rest_route=\/wp\/v2\/types\/post"}],"author":[{"embeddable":true,"href":"https:\/\/analyse.optim.biz\/index.php?rest_route=\/wp\/v2\/users\/1"}],"replies":[{"embeddable":true,"href":"https:\/\/analyse.optim.biz\/index.php?rest_route=%2Fwp%2Fv2%2Fcomments&post=1239340"}],"version-history":[{"count":0,"href":"https:\/\/analyse.optim.biz\/index.php?rest_route=\/wp\/v2\/posts\/1239340\/revisions"}],"wp:attachment":[{"href":"https:\/\/analyse.optim.biz\/index.php?rest_route=%2Fwp%2Fv2%2Fmedia&parent=1239340"}],"wp:term":[{"taxonomy":"category","embeddable":true,"href":"https:\/\/analyse.optim.biz\/index.php?rest_route=%2Fwp%2Fv2%2Fcategories&post=1239340"},{"taxonomy":"post_tag","embeddable":true,"href":"https:\/\/analyse.optim.biz\/index.php?rest_route=%2Fwp%2Fv2%2Ftags&post=1239340"}],"curies":[{"name":"wp","href":"https:\/\/api.w.org\/{rel}","templated":true}]}}