{"id":123823,"date":"2018-02-15T09:43:56","date_gmt":"2018-02-15T06:43:56","guid":{"rendered":"https:\/\/analyse.optim.biz\/?p=123823"},"modified":"2018-02-15T09:43:56","modified_gmt":"2018-02-15T06:43:56","slug":"ludovic-orban-nu-exista-temei-pentru-revocarea-sefei-dna","status":"publish","type":"post","link":"https:\/\/analyse.optim.biz\/?p=123823","title":{"rendered":"Ludovic Orban: Nu exist\u0103 temei pentru revocarea \u0219efei DNA"},"content":{"rendered":"<div class=\"entry data-app-meta data-app-meta-article\" data-embed-base-url-canonical=\"https:\/\/www.digi24.ro\/embed\/stiri\/actualitate\/justitie\/ludovic-orban-nu-exista-temei-pentru-revocarea-sefei-dna-878642\">\n<p data-index=\"1\"><strong>Pre\u015fedintele PNL spune, la Digi24, c\u0103 ministrul Justi\u0163iei nu ar avea motive pentru care s\u0103 solicite revocarea Laurei Codru\u0163a Kovesi. Nu i se pot imputa acesteia fapte \u015fi afirma\u0163ii ale oric\u0103rui procuror din DNA, a spus Ludovic Orban. \u00cen acela\u015fi timp, acesta a precizat \u015fi c\u0103 subiectul nu ar trebui s\u0103 se afle zilnic \u00een discu\u0163ia politicienilor.<\/strong><\/p>\n<p data-index=\"2\"><span lang=\"ro-RO\">Ludovic Orban: \u201eEu nu m\u0103 las indus \u00een eroare de aceea\u0219i ciorb\u0103 re\u00eenc\u0103lzit\u0103 prezentat\u0103 pe anumite canale media. N<\/span>u suntem adep\u021bii telejusti\u021biei. Nu cred c\u0103 liderii politici trebuie s\u0103 stea toat\u0103 ziua s\u0103 discute despre ce se \u00eent\u00e2mpl\u0103 \u00een justi\u021bie\u201d.<\/p>\n<p data-index=\"3\"><span><span><span>Procurorul \u015fef al DNA, Laura Codru\u0163a Kovesi,<\/span><\/span><\/span><a href=\"https:\/\/www.digi24.ro\/stiri\/actualitate\/justitie\/sefa-dna-kovesi-conferinta-de-presa-februarie-2018-878164\" data-skip-linkfix=\"1\"><strong><span><span><span><u>\u00a0<\/u><\/span><\/span><\/span><\/strong><strong><span><span><span><u><b>a declarat, miercuri sear\u0103<\/b><\/u><\/span><\/span><\/span><\/strong><\/a><span><span><span>, c\u0103 nu are niciun motiv s\u0103 demisioneze pentru c\u0103 a respectat legea, iar \u00eentrebat\u0103 despre o posibil\u0103 decizie de revocare a sa, ea a r\u0103spuns c\u0103 \u201eministrul Justi\u0163iei \u015ftie ce criterii are \u00een vedere, dac\u0103 are \u00een calcul aceasta variant\u0103\u201d.<\/span><\/span><\/span><\/p>\n<p data-index=\"4\"><span><span><span>Premierul Viorica D\u0103ncil\u0103 a declarat, tot miercuri sear\u0103, c\u0103 va avea o discu\u0163ie privind DNA cu ministrul Justi\u0163iei, Tudorel Toader, joi, \u00eenaintea \u015fedin\u0163ei Guvernului, ea evit\u00e2nd s\u0103 se pronun\u0163e dac\u0103 va exista o decizie privind revocarea \u015fefei DNA, Laura Codru\u0163a Kovesi.\u00a0<\/span><\/span><\/span><\/p>\n<p data-index=\"5\"><span>\u201e<span><span>Domnul ministru Toader m\u00e2ine va fi \u00een \u0163ar\u0103 \u015fi vom avea o discu\u0163ie \u00eenaintea \u015fedin\u0163ei de Guvern, domnul ministru va vorbi despre argumentele pe care le-a luat \u00een calcul (&#8230;) \u00cei voi solicita domnului Tudorel Toader s\u0103 aib\u0103 o declara\u0163ie \u00een ceea ce prive\u015fte DNA\u201d, a declarat D\u0103ncil\u0103, care i-a cerut ministrului Justi\u0163iei s\u0103 \u00ee\u015fi \u00eentrerup\u0103 vizita \u00een Japonia \u015fi s\u0103 revin\u0103 \u00een \u0163ar\u0103.<\/span><\/span><\/span><\/p>\n<\/div>\n<p> Source URL: https:\/\/www.digi24.ro\/stiri\/actualitate\/justitie\/ludovic-orban-nu-exista-temei-pentru-revocarea-sefei-dna-878642<\/p>\n","protected":false},"excerpt":{"rendered":"<p>Pre\u015fedintele PNL spune, la Digi24, c\u0103 ministrul Justi\u0163iei nu ar avea motive pentru care s\u0103 solicite revocarea Laurei Codru\u0163a Kovesi. Nu i se pot imputa acesteia fapte \u015fi afirma\u0163ii ale oric\u0103rui procuror din DNA, a spus Ludovic Orban. \u00cen acela\u015fi timp, acesta a precizat \u015fi c\u0103 subiectul nu ar trebui s\u0103 se afle zilnic \u00een [&hellip;]<\/p>\n","protected":false},"author":1,"featured_media":123824,"comment_status":"open","ping_status":"","sticky":false,"template":"","format":"standard","meta":{"footnotes":""},"categories":[2],"tags":[11],"class_list":["post-123823","post","type-post","status-publish","format-standard","has-post-thumbnail","hentry","category-politics","tag-digi24"],"_links":{"self":[{"href":"https:\/\/analyse.optim.biz\/index.php?rest_route=\/wp\/v2\/posts\/123823","targetHints":{"allow":["GET"]}}],"collection":[{"href":"https:\/\/analyse.optim.biz\/index.php?rest_route=\/wp\/v2\/posts"}],"about":[{"href":"https:\/\/analyse.optim.biz\/index.php?rest_route=\/wp\/v2\/types\/post"}],"author":[{"embeddable":true,"href":"https:\/\/analyse.optim.biz\/index.php?rest_route=\/wp\/v2\/users\/1"}],"replies":[{"embeddable":true,"href":"https:\/\/analyse.optim.biz\/index.php?rest_route=%2Fwp%2Fv2%2Fcomments&post=123823"}],"version-history":[{"count":0,"href":"https:\/\/analyse.optim.biz\/index.php?rest_route=\/wp\/v2\/posts\/123823\/revisions"}],"wp:featuredmedia":[{"embeddable":true,"href":"https:\/\/analyse.optim.biz\/index.php?rest_route=\/wp\/v2\/media\/123824"}],"wp:attachment":[{"href":"https:\/\/analyse.optim.biz\/index.php?rest_route=%2Fwp%2Fv2%2Fmedia&parent=123823"}],"wp:term":[{"taxonomy":"category","embeddable":true,"href":"https:\/\/analyse.optim.biz\/index.php?rest_route=%2Fwp%2Fv2%2Fcategories&post=123823"},{"taxonomy":"post_tag","embeddable":true,"href":"https:\/\/analyse.optim.biz\/index.php?rest_route=%2Fwp%2Fv2%2Ftags&post=123823"}],"curies":[{"name":"wp","href":"https:\/\/api.w.org\/{rel}","templated":true}]}}