{"id":123768,"date":"2018-02-15T19:41:06","date_gmt":"2018-02-15T16:41:06","guid":{"rendered":"https:\/\/analyse.optim.biz\/?p=123768"},"modified":"2018-02-15T19:41:06","modified_gmt":"2018-02-15T16:41:06","slug":"nina-iliescu-si-a-publicat-talonul-de-pensie-pe-blogul-sotului-sau","status":"publish","type":"post","link":"https:\/\/analyse.optim.biz\/?p=123768","title":{"rendered":"Nina Iliescu \u015fi-a publicat talonul de pensie, pe blogul so\u0163ului s\u0103u"},"content":{"rendered":"<div class=\"entry data-app-meta data-app-meta-article\" data-embed-base-url-canonical=\"https:\/\/www.digi24.ro\/embed\/stiri\/actualitate\/social\/nina-iliescu-si-a-publicat-talonul-de-pensie-pe-blogul-sotului-sau-879138\">\n<p data-index=\"1\"><strong>Nina Iliescu, so\u0163ia fostului \u015fef al statului Ion Iliescu, \u015fi-a publicat talonul de pensie pe blogul so\u0163ului s\u0103u, pentru a ar\u0103ta care este pensia sa, \u00een condi\u0163iile \u00een care au ap\u0103rut informa\u0163ii \u00een pres\u0103 c\u0103 ar avea un venit foarte mare.<\/strong><\/p>\n<figure class=\"article-thumb\"><img decoding=\"async\" src=\"https:\/\/analyse.optim.biz\/wp-content\/uploads\/2024\/09\/ywmyyjvkm2qxmguzyjbkzjvlmjliy2eyy2u-thumb_-1.jpg\" alt=\"170316_ION_ILIESCU_PG_REVOLUTIE_03INQUAM_PHOTOS_Liviu_Florin_Albei_\" data-skip-htmlfix=\"1\" title=\"ywmyyjvkm2qxmguzyjbkzjvlmjliy2eyy2u-thumb_-1\"><figcaption> FOTO: Inquam Photos \/ Liviu Florin Albei <\/figcaption><\/figure>\n<p data-index=\"2\">\u201dIntervin foarte rar \u00een spa\u0163iul public. Discre\u0163ia a fost alegerea mea. Dac\u0103 fac asta acum, este pentru c\u0103 m\u0103 simt obligat\u0103 cu o explica\u0163ie colegilor mei de munc\u0103, at\u00e2\u0163ia c\u00e2\u0163i mai sunt \u00een via\u0163\u0103\u201d, scrie Nina Iliescu pe blogul so\u0163ului s\u0103u, potrivit News.ro.<\/p>\n<p data-index=\"3\">Conform<a href=\"https:\/\/ioniliescu.wordpress.com\/\" target=\"_blank\" rel=\"noopener\" data-skip-linkfix=\"1\"> talonului de pensie din ianuarie 2018<\/a>, so\u0163ia fostului \u015fef al statului a \u00eencasat o pensie cu pu\u0163in peste 2.100 de lei.\u00a0<\/p>\n<p data-index=\"4\">Nina Iliescu, \u00een v\u00e2rst\u0103 de 87 de ani, a fost cercet\u0103tor \u00een domeniul coroziunii metalelor.<\/p>\n<\/div>\n<p> Source URL: https:\/\/www.digi24.ro\/stiri\/actualitate\/social\/nina-iliescu-si-a-publicat-talonul-de-pensie-pe-blogul-sotului-sau-879138<\/p>\n","protected":false},"excerpt":{"rendered":"<p>Nina Iliescu, so\u0163ia fostului \u015fef al statului Ion Iliescu, \u015fi-a publicat talonul de pensie pe blogul so\u0163ului s\u0103u, pentru a ar\u0103ta care este pensia sa, \u00een condi\u0163iile \u00een care au ap\u0103rut informa\u0163ii \u00een pres\u0103 c\u0103 ar avea un venit foarte mare. FOTO: Inquam Photos \/ Liviu Florin Albei \u201dIntervin foarte rar \u00een spa\u0163iul public. Discre\u0163ia [&hellip;]<\/p>\n","protected":false},"author":1,"featured_media":123769,"comment_status":"open","ping_status":"","sticky":false,"template":"","format":"standard","meta":{"footnotes":""},"categories":[2],"tags":[11],"class_list":["post-123768","post","type-post","status-publish","format-standard","has-post-thumbnail","hentry","category-politics","tag-digi24"],"_links":{"self":[{"href":"https:\/\/analyse.optim.biz\/index.php?rest_route=\/wp\/v2\/posts\/123768","targetHints":{"allow":["GET"]}}],"collection":[{"href":"https:\/\/analyse.optim.biz\/index.php?rest_route=\/wp\/v2\/posts"}],"about":[{"href":"https:\/\/analyse.optim.biz\/index.php?rest_route=\/wp\/v2\/types\/post"}],"author":[{"embeddable":true,"href":"https:\/\/analyse.optim.biz\/index.php?rest_route=\/wp\/v2\/users\/1"}],"replies":[{"embeddable":true,"href":"https:\/\/analyse.optim.biz\/index.php?rest_route=%2Fwp%2Fv2%2Fcomments&post=123768"}],"version-history":[{"count":0,"href":"https:\/\/analyse.optim.biz\/index.php?rest_route=\/wp\/v2\/posts\/123768\/revisions"}],"wp:featuredmedia":[{"embeddable":true,"href":"https:\/\/analyse.optim.biz\/index.php?rest_route=\/wp\/v2\/media\/123769"}],"wp:attachment":[{"href":"https:\/\/analyse.optim.biz\/index.php?rest_route=%2Fwp%2Fv2%2Fmedia&parent=123768"}],"wp:term":[{"taxonomy":"category","embeddable":true,"href":"https:\/\/analyse.optim.biz\/index.php?rest_route=%2Fwp%2Fv2%2Fcategories&post=123768"},{"taxonomy":"post_tag","embeddable":true,"href":"https:\/\/analyse.optim.biz\/index.php?rest_route=%2Fwp%2Fv2%2Ftags&post=123768"}],"curies":[{"name":"wp","href":"https:\/\/api.w.org\/{rel}","templated":true}]}}