{"id":123757,"date":"2018-02-15T20:58:12","date_gmt":"2018-02-15T17:58:12","guid":{"rendered":"https:\/\/analyse.optim.biz\/?p=123757"},"modified":"2018-02-15T20:58:12","modified_gmt":"2018-02-15T17:58:12","slug":"iohannis-comisia-spp-din-parlament-o-aflare-in-treaba-politicianista","status":"publish","type":"post","link":"https:\/\/analyse.optim.biz\/?p=123757","title":{"rendered":"Iohannis: \u201eComisia SPP\u201d din Parlament, o aflare \u00een treab\u0103 politicianist\u0103"},"content":{"rendered":"<div class=\"entry data-app-meta data-app-meta-article\" data-embed-base-url-canonical=\"https:\/\/www.digi24.ro\/embed\/stiri\/actualitate\/politica\/iohannis-comisia-spp-din-parlament-o-aflare-in-treaba-politicianista-879172\">\n<p data-index=\"1\"><strong>Pre\u0219edintele Klaus Iohannis a l\u0103udat, joi, \u00eentr-o declara\u021bie de pres\u0103, Serviciul de Protec\u021bie \u0219i Paz\u0103, \u00een contextul \u00een care liderul PSD, Liviu Dragnea, a atacat conducerea acestei institu\u021bii. \u00cen plus, a criticat planurile de formare a unei comisii \u00een Parlament care s\u0103 analizeze activitatea SPP: \u201eDac\u0103 s-ar fi vrut s\u0103 se analizeze activitatea SPP se putea face f\u0103r\u0103 probleme \u00een comisiile de ap\u0103rare, conform legii\u201d.<\/strong><\/p>\n<p data-index=\"2\">Pre\u0219edintele Klaus Iohannis a fost \u00eentrebat joi despre SPP \u0219i acuza\u021biile aduse de Liviu Dragnea.<\/p>\n<p data-index=\"3\">\u201eAm auzit astfel de chestiuni \u00een spa\u021biul public, mie nu mi-a relatat (Liviu Dragnea, n.r.) a\u0219a ceva. Dac\u0103 veni vorba, am o opinie destul de clar\u0103 \u0219i despre SPP \u0219i despre activitatea SPP, \u00eencep\u00e2nd de la director \u0219i p\u00e2n\u0103 la ultimul angajat. SPP este un corp de profesioni\u0219ti, care fac o munc\u0103 foarte bun\u0103, foarte grea, \u00eei apreciez pentru munca pe care o depun \u0219i nu numai eu, de exemplu Organiza\u021bia Na\u021biunilor Unite apeleaz\u0103 frecvent la SPP pentru protec\u021bia unor demnitari care sunt trimi\u0219i \u00een zone complicate\u201d, a spus Klaus Iohannis.<\/p>\n<p data-index=\"4\">\u201eParc\u0103 \u0219i \u00een Parlament exist\u0103 a\u0219a o inten\u021bie de a forma ceva, un fel de comisie pentru a verifica aceast\u0103 activitate. Activitatea SPP \u0219i a conducerii este analizat\u0103 de CSAT. Iar acest demers \u00een Parlament mi se pare, dac\u0103 \u00eemi permite\u021bi s\u0103 m\u0103 exprim un pic mai informal, este o aflare \u00een treab\u0103 politicianist\u0103. Dac\u0103 s-ar fi vrut s\u0103 se analizeze activitatea SPP se putea face f\u0103r\u0103 probleme \u00een comisiile de ap\u0103rare, conform legii\u201d, a precizat \u0219eful statului.<\/p>\n<p data-index=\"5\">\u00centrebat dac\u0103 a primit informa\u021bii de la Lucian Pahon\u021bu, directorul SPP, care s\u0103 excead\u0103 cadrul legal, Klaus Iohannis a r\u0103spus c\u0103 \u201eNu!\u201d.<\/p>\n<p data-index=\"6\">\u201eNu am primit, nici nu am solicitat astfel de informa\u021bii sau astfel de inform\u0103ri. Eu am o rela\u021bie institu\u021bional\u0103 bun\u0103, corect\u0103, cu toat\u0103 lumea din subordinea mea \u0219i nu i-a\u0219 expune la a\u0219a ceva\u201d, a ad\u0103ugat Klaus Iohannis.<\/p>\n<p data-index=\"7\">Ast\u0103zi,\u00a0Birourile Permanente Reunite ale celor dou\u0103 Camere au discutat despre \u00eenfiin\u021barea comisiei de anchet\u0103 parlamentar\u0103 \u201epentru verificarea activit\u0103\u021bii directorului SPP\u201d \u0219i a \u201emodului \u00een care este posibil ca acesta s\u0103 fi implicat institu\u021bia \u00een activit\u0103\u021bi care exced cadrului legal de func\u021bionare\u201d. <a href=\"https:\/\/www.digi24.ro\/stiri\/actualitate\/politica\/ce-va-urmari-comisia-parlamentara-anti-pahontu-878835\" data-skip-linkfix=\"1\">De remarcat c\u0103 membrii Comisiei de anchet\u0103 ar trebui s\u0103 se concentreze nu pe activitatea Serviciului de Protec\u021bie \u0219i Paz\u0103, ci exclusiv pe activitatea lui Lucian Pahon\u021bu<\/a>.<\/p>\n<p data-index=\"8\">Citi\u0163i\u00a0<a href=\"http:\/\/www.presidency.ro\/ro\/media\/declaratii-de-presa\/declaratie-de-presa1518712012\" target=\"_blank\" rel=\"noopener\" data-skip-linkfix=\"1\"><strong>aici<\/strong><\/a>\u00a0transcriptul conferin\u0163ei de pres\u0103.<\/p>\n<\/div>\n<p> Source URL: https:\/\/www.digi24.ro\/stiri\/actualitate\/politica\/iohannis-comisia-spp-din-parlament-o-aflare-in-treaba-politicianista-879172<\/p>\n","protected":false},"excerpt":{"rendered":"<p>Pre\u0219edintele Klaus Iohannis a l\u0103udat, joi, \u00eentr-o declara\u021bie de pres\u0103, Serviciul de Protec\u021bie \u0219i Paz\u0103, \u00een contextul \u00een care liderul PSD, Liviu Dragnea, a atacat conducerea acestei institu\u021bii. \u00cen plus, a criticat planurile de formare a unei comisii \u00een Parlament care s\u0103 analizeze activitatea SPP: \u201eDac\u0103 s-ar fi vrut s\u0103 se analizeze activitatea SPP se [&hellip;]<\/p>\n","protected":false},"author":1,"featured_media":123758,"comment_status":"open","ping_status":"","sticky":false,"template":"","format":"standard","meta":{"footnotes":""},"categories":[2],"tags":[11],"class_list":["post-123757","post","type-post","status-publish","format-standard","has-post-thumbnail","hentry","category-politics","tag-digi24"],"_links":{"self":[{"href":"https:\/\/analyse.optim.biz\/index.php?rest_route=\/wp\/v2\/posts\/123757","targetHints":{"allow":["GET"]}}],"collection":[{"href":"https:\/\/analyse.optim.biz\/index.php?rest_route=\/wp\/v2\/posts"}],"about":[{"href":"https:\/\/analyse.optim.biz\/index.php?rest_route=\/wp\/v2\/types\/post"}],"author":[{"embeddable":true,"href":"https:\/\/analyse.optim.biz\/index.php?rest_route=\/wp\/v2\/users\/1"}],"replies":[{"embeddable":true,"href":"https:\/\/analyse.optim.biz\/index.php?rest_route=%2Fwp%2Fv2%2Fcomments&post=123757"}],"version-history":[{"count":0,"href":"https:\/\/analyse.optim.biz\/index.php?rest_route=\/wp\/v2\/posts\/123757\/revisions"}],"wp:featuredmedia":[{"embeddable":true,"href":"https:\/\/analyse.optim.biz\/index.php?rest_route=\/wp\/v2\/media\/123758"}],"wp:attachment":[{"href":"https:\/\/analyse.optim.biz\/index.php?rest_route=%2Fwp%2Fv2%2Fmedia&parent=123757"}],"wp:term":[{"taxonomy":"category","embeddable":true,"href":"https:\/\/analyse.optim.biz\/index.php?rest_route=%2Fwp%2Fv2%2Fcategories&post=123757"},{"taxonomy":"post_tag","embeddable":true,"href":"https:\/\/analyse.optim.biz\/index.php?rest_route=%2Fwp%2Fv2%2Ftags&post=123757"}],"curies":[{"name":"wp","href":"https:\/\/api.w.org\/{rel}","templated":true}]}}