{"id":1237536,"date":"2014-04-16T09:19:41","date_gmt":"2014-04-16T06:19:41","guid":{"rendered":"https:\/\/analyse.optim.biz\/?p=1237536"},"modified":"2014-04-16T09:19:41","modified_gmt":"2014-04-16T06:19:41","slug":"campanie-pressalert-ro-castigatorii-ioan-garboni-specialistul-premierelor-artistice","status":"publish","type":"post","link":"https:\/\/analyse.optim.biz\/?p=1237536","title":{"rendered":"CAMPANIE PRESSALERT.ro C\u00c2\u015eTIG\u0102TORII Ioan G\u00e2rboni, specialistul premierelor artistice"},"content":{"rendered":"<article id=\"post-104087\" class=\"post-104087 post type-post status-publish format-standard has-post-thumbnail hentry category-campanii-pressalert category-castigatorii-campanii-pressalert tag-director tag-filarmonica tag-ioan-garboni tag-sorin-oprescu tag-timisoara\">\n<div class=\"td-post-header td-pb-padding-side\">\n<div class=\"entry-crumbs\"><span><a title class=\"entry-crumb\" href=\"https:\/\/www.pressalert.ro\/\"><span>Acas\u0103<\/span><\/a><\/span><span><a title=\"Vede\u021bi toate articolele \u00een Campanii PRESSALERT\" class=\"entry-crumb\" href=\"https:\/\/www.pressalert.ro\/category\/campanii-pressalert\/\"><span>Campanii PRESSALERT<\/span><\/a><\/span><span class=\"td-bred-no-url-last\">CAMPANIE PRESSALERT.ro C\u00c2\u015eTIG\u0102TORII Ioan G\u00e2rboni, specialistul premierelor artistice<\/span><\/div>\n<ul class=\"td-category\">\n<li class=\"entry-category\"><a href=\"https:\/\/www.pressalert.ro\/category\/campanii-pressalert\/\">Campanii PRESSALERT<\/a><\/li>\n<li class=\"entry-category\"><a href=\"https:\/\/www.pressalert.ro\/category\/campanii-pressalert\/castigatorii-campanii-pressalert\/\">C\u00c2\u0218TIG\u0102TORII<\/a><\/li>\n<\/ul>\n<header>\n<h1 class=\"entry-title\">CAMPANIE PRESSALERT.ro C\u00c2\u015eTIG\u0102TORII Ioan G\u00e2rboni, specialistul premierelor artistice<\/h1>\n<div class=\"meta-info\">\n<div class=\"td-post-author-name\">\n<div class=\"td-author-by\">De<\/div>\n<p><a href=\"https:\/\/www.pressalert.ro\/author\/dbota\/\">Drago\u015f Bo\u0163a<\/a><\/p>\n<div class=\"td-author-line\"> &#8211; <\/div>\n<\/div>\n<p><span class=\"td-post-date\"><time class=\"entry-date updated td-module-date\" datetime=\"2014-04-16T09:19:41+00:00\">apr. 16, 2014<\/time><\/span><\/p>\n<div class=\"td-post-comments\"><a href=\"https:\/\/www.pressalert.ro\/2014\/04\/campanie-pressalert-ro-castigatorii-ioan-garboni-specialistul-premierelor-artistice\/#comments\">2<\/a><\/div>\n<\/div>\n<\/header>\n<\/div>\n<div class=\"td-post-sharing td-post-sharing-top td-pb-padding-side\"><span class=\"td-post-share-title\">DISTRIBUI\u021aI<\/span><\/p>\n<div class=\"td-default-sharing \"><a class=\"td-social-sharing-buttons td-social-facebook\" href=\"http:\/\/www.facebook.com\/sharer.php?u=https%3A%2F%2Fwww.pressalert.ro%2F2014%2F04%2Fcampanie-pressalert-ro-castigatorii-ioan-garboni-specialistul-premierelor-artistice%2F\"><\/p>\n<div class=\"td-social-but-text\">Facebook<\/div>\n<p><\/a><a class=\"td-social-sharing-buttons td-social-twitter\" href=\"https:\/\/twitter.com\/intent\/tweet?text=CAMPANIE+PRESSALERT.ro+C%C3%82%C5%9ETIG%C4%82TORII+Ioan+G%C3%A2rboni%2C+specialistul+premierelor+artistice&amp;url=https%3A%2F%2Fwww.pressalert.ro%2F2014%2F04%2Fcampanie-pressalert-ro-castigatorii-ioan-garboni-specialistul-premierelor-artistice%2F&amp;via=PRESSALERT.ro\"><\/p>\n<div class=\"td-social-but-text\">Twitter<\/div>\n<p><\/a><\/div>\n<\/div>\n<div class=\"td-post-content td-pb-padding-side\">\n<p><a href=\"http:\/\/www.pressalert.ro\/2014\/04\/campanie-pressalert-ro-castigatorii-ioan-garboni-specialistul-premierelor-artistice\/garboni-1\/\" rel=\"attachment wp-att-104476\"><img loading=\"lazy\" decoding=\"async\" class=\"aligncenter size-medium wp-image-104476\" alt=\"garboni 1\" src=\"http:\/\/www.pressalert.ro\/wp-content\/uploads\/2014\/04\/garboni-1-640x427.jpg\" width=\"640\" height=\"427\"><\/a><\/p>\n<p>A fost omul care a scos filarmonica s\u0103 c\u00e2nte-n \u00een strad\u0103 \u015fi a pus armata s\u0103 trag\u0103 cu tunul, la propriu, \u00een fa\u0163a Catedralei Mitropolitane din Timi\u015foara. \u00cen numele artei. A fost cel care a dus orchestra pentru a \u0163ine un concert \u00eentr-o m\u00e2n\u0103stire ortodox\u0103, iar mai apoi pe pista unui aeroport care func\u0163iona, iar de 15 ani organizeaz\u0103 concerte \u00een pe\u015ftera de la Rom\u00e2ne\u015fti. Plus concerte \u201esuspendate\u201d pe canalul Bega. A fost cel care a reu\u015fit s\u0103 construiasc\u0103 cel mai mare felinar din lume \u00een ora\u015ful de pe malurile Beg\u0103i, dar \u015fi cea mai mare halb\u0103. Omul premierelor are \u015fi un nume \u2013 Ioan Coriolan G\u00e2rboni, cel care de \u015fase ani conduce Filarmonica Banatul din Timi\u015foara.<\/p>\n<p><strong>Cum a ajuns filarmonica-n strad\u0103<\/strong><\/p>\n<p>\u201eC\u00e2nd am ajuns director mi-am dat seama c\u0103 unii consilieri locali nici nu \u015ftiau c\u0103 ei ne dau bani s\u0103 exist\u0103m. Habar nu avea lumea de filarmonic\u0103. \u00cenc\u0103 \u0163ineam concerte \u00een sala de la liceul Vidu unde nu intrau mai mult de 300 de persoane. Mi-am dat seama atunci c\u0103 trebuie s\u0103 ie\u015fim \u00een strad\u0103, s\u0103 se \u015ftie de noi. C\u00e2nd am venit cu proiectul s\u0103 punem \u00een scen\u0103 \u00een fa\u0163a catedralei \u00a0uvertura solemn\u0103 \u201eAnul 1812\u2033 de Piotr Ilici Ceaikovski, cu transpunerea \u00een scen\u0103 a luptelor dintre armata imperial\u0103 a lui Napoleon \u015fi armata rus\u0103, nimeni nu credea c\u0103 va deveni realitate aceast\u0103 idee. Am ob\u0163inut aprob\u0103rile de la Armat\u0103, de la Mitropolia Banatului \u015fi am \u00eenceput proiectul cu banii adu\u015fi prin funda\u0163ia mea. Apoi, c\u00e2nd lucrurile au prins contur, m-au ajutat \u015fi autorit\u0103\u0163ile locale. A fost un succes. Mii de oameni au fost la concert. A fost o nebunie\u201d, poveste\u015fte cu ochii sclipind de bucurie G\u00e2rboni. Are un singur regret \u2013 sunetul concertului a fost completat, \u00een \u00eenregistrarea video, de cel al ciorilor din spatele catedralei. \u201eAu \u00eennebunit ciorile c\u00e2nd a \u00eenceput armata s\u0103 trag\u0103 cu tunurile. Sper s\u0103 g\u0103sim o solu\u0163ie cu coloana sonor\u0103\u201d spune directorul filarmonicii. Au urmat apoi concertele pe canulul Bega de Ziua Europei \u015fi \u00een cele mai atipice locuri \u2013 un \u015fantier, pe aeroport, \u00eentr-o m\u00e2n\u0103stire.<\/p>\n<p><strong>Timi\u015foara, ora\u015ful celor 1001 premiere<\/strong><\/p>\n<p>Recunoa\u015fte c\u0103 atunci c\u00e2nd era student la conservatorul din Bucure\u015fti nu se g\u00e2ndea c\u0103 va conduce Filarmonica din Timi\u015foara sau c\u0103 va deveni un specialist al premierelor.<\/p>\n<p> Ioan G\u00e2rboni are propria teorie despre premiere \u201eTimi\u015foara ar trebui s\u0103 aib\u0103 ca motto \u2013 ora\u015ful celor 1001 premiere. Ar trebui s\u0103 avem un loc unde s\u0103 se reg\u0103seasc\u0103 toate aceste lucruri \u2013 lampa ca simbol al primului ora\u015f electrificat din Europa, o statuie a lui Johnny Weissmuller, \u00een rolul lui Tarzan, Bela Bartok, Traian Vuia, Iosif Ivanovici, timi\u015foreanul care a scris celebrul vals Valurile Dun\u0103rii, Bella Lugosi, prima fabric\u0103 de bere din \u0163ar\u0103, primul meci de fotbal \u015fi toate celelalte. \u015ei toate acestea ar trebui mediatizate intensiv. O capital\u0103 cultural\u0103 european\u0103 nu se adreseaz\u0103 numai elitelor, ci este pentru mase. Cu astfel de lucruri promovezi ora\u015ful \u015fi-l lansezi pentru turism cultural. Omul trebuie s\u0103 \u015ftie de ce trebuie s\u0103 aleag\u0103 acest ora\u015f ca destina\u0163ie \u015fi c\u0103 are ce s\u0103 vad\u0103. S\u0103 se nasc\u0103 aici Weissmuller \u015fi s\u0103 nu avem aici un festival \u201eTanzania\u201d, care s\u0103 adune oameni din \u00eentreaga lume, este p\u0103cat. Este unul dintre proiectele pe care sper s\u0103-l transform \u00een realitate. Ar fi un mijloc de promovare al Timi\u015foarei excelent\u201d. Ca om de cultur\u0103 \u015ftie c\u0103 mai este o mare problem\u0103 \u2013 \u201eTimi\u015foara nu are un festival care s\u0103 o defineasc\u0103. Cluj Napoca are TIFF-ul, Bucure\u015ftiul \u2013 festivalul George Enescu, Bra\u015fovul \u2013 Cerbul de Aur, Craiova \u2013 festivalul de muzic\u0103 popular\u0103 Maria T\u0103nase\u201d.<\/p>\n<p><strong>Secretele specialistului \u00een premiere<\/strong><\/p>\n<p>Au fost momente c\u00e2nd a fost pe punctul s\u0103 cedeze. \u201eEra dup\u0103 primul an de directorat. Aveam sentimentul unei biciclete f\u0103r\u0103 lan\u0163. De trei ori i s-a luat Filarmonicii din Timi\u015foara sala Capitol \u015fi de trei ori i s-a dat \u00eenapoi. Ultima oar\u0103 a fost cel ami greu. Dac\u0103 nu ar fi fost presa \u015fi timi\u015forenii care au trimis la Bucure\u015fti 18.000 de scrisori nu am fi \u00eenvins mafia care vroia s\u0103 fac\u0103 din cl\u0103dire casino. Acum cl\u0103direa este definitiv a filarmonicii\u201d explic\u0103 G\u00e2rboni. Multe din proiectele sale s-au realizat doar pentru c\u0103 a avut puterea s\u0103 aduc\u0103 al\u0103turi de ideile sale sponsori. \u201eSunt dou\u0103 lucruri esen\u0163iale \u2013 credibilitate \u015fi tenacitate. Dac\u0103 ne sprijin\u0103, \u015ftiu c\u0103 proiectele se \u00eent\u00e2mpl\u0103 a\u015fa cum le-am spus pentru c\u0103 am dovedit c\u0103 putem \u015fi trebuie s\u0103 mergi p\u00e2n\u0103 la cap\u0103t, atunci c\u00e2nd \u0163i-ai propus ceva\u201d. A avut \u015fi un mentor \u2013 Sorin Oprescu. \u201eDe la el am \u00eenv\u0103\u0163at, \u00een studen\u0163ie, c\u00e2nd am colaborat pe linie de asocia\u0163ii studen\u0163e\u015fti. Am \u00eenv\u0103\u0163at ce \u00eenseamn\u0103 franche\u0163ea \u015fi munca foarte mult\u0103\u201d. Pe l\u00e2ng\u0103 festivalul dedicat lui Tarzan la care \u00eenc\u0103 sper\u0103 c\u0103 va deveni realitate, preg\u0103te\u015fte acum o nou\u0103 premier\u0103 \u2013 un concert al filarmonicii \u00een pu\u015fc\u0103ria din Timi\u015foara \u201epentru de\u0163inu\u0163i, gardieni \u015fi to\u0163i cei \u00eendr\u0103gosti\u0163i de muzic\u0103\u201d.<\/p>\n<\/div>\n<footer>\n<div class=\"td-post-source-tags td-pb-padding-side\">\n<ul class=\"td-tags td-post-small-box clearfix\">\n<li><span>ETICHETE<\/span><\/li>\n<li><a href=\"https:\/\/www.pressalert.ro\/tag\/director\/\">director<\/a><\/li>\n<li><a href=\"https:\/\/www.pressalert.ro\/tag\/filarmonica\/\">filarmonica<\/a><\/li>\n<li><a href=\"https:\/\/www.pressalert.ro\/tag\/ioan-garboni\/\">ioan garboni<\/a><\/li>\n<li><a href=\"https:\/\/www.pressalert.ro\/tag\/sorin-oprescu\/\">sorin oprescu<\/a><\/li>\n<li><a href=\"https:\/\/www.pressalert.ro\/tag\/timisoara\/\">Timisoara<\/a><\/li>\n<\/ul>\n<\/div>\n<div class=\"td-post-sharing td-post-sharing-bottom td-pb-padding-side\"><span class=\"td-post-share-title\">DISTRIBUI\u021aI<\/span><\/p>\n<div class=\"td-default-sharing \"><a class=\"td-social-sharing-buttons td-social-facebook\" href=\"http:\/\/www.facebook.com\/sharer.php?u=https%3A%2F%2Fwww.pressalert.ro%2F2014%2F04%2Fcampanie-pressalert-ro-castigatorii-ioan-garboni-specialistul-premierelor-artistice%2F\"><\/p>\n<div class=\"td-social-but-text\">Facebook<\/div>\n<p><\/a><a class=\"td-social-sharing-buttons td-social-twitter\" href=\"https:\/\/twitter.com\/intent\/tweet?text=CAMPANIE+PRESSALERT.ro+C%C3%82%C5%9ETIG%C4%82TORII+Ioan+G%C3%A2rboni%2C+specialistul+premierelor+artistice&amp;url=https%3A%2F%2Fwww.pressalert.ro%2F2014%2F04%2Fcampanie-pressalert-ro-castigatorii-ioan-garboni-specialistul-premierelor-artistice%2F&amp;via=PRESSALERT.ro\"><\/p>\n<div class=\"td-social-but-text\">Twitter<\/div>\n<p><\/a><\/div>\n<\/div>\n<div class=\"td-block-row td-post-next-prev\">\n<div class=\"td-block-span6 td-post-prev-post\">\n<div class=\"td-post-next-prev-content\"><span>Articolul precedent<\/span><a href=\"https:\/\/www.pressalert.ro\/2014\/04\/o-cladire-parasita-din-timisoara-cedata-de-autoritatile-locale-amatorilor-de-sport-extrem\/\">O cl\u0103dire p\u0103r\u0103sit\u0103 din Timi\u0219oara, cedat\u0103 de autorit\u0103\u021bile locale amatorilor de sport extrem<\/a><\/div>\n<\/div>\n<div class=\"td-block-span6 td-post-next-post\">\n<div class=\"td-post-next-prev-content\"><span>Articolul urm\u0103tor<\/span><a href=\"https:\/\/www.pressalert.ro\/2014\/04\/accident-mehedinti-12-persoane-au-fost-ranite-dupa-o-ciocnire-intre-un-microbuz-o-autoutilitara-si-un-camion\/\">ACCIDENT \u00een Mehedin\u0163i: 12 persoane au fost r\u0103nite dup\u0103 o ciocnire \u00eentre un microbuz, o autoutilitar\u0103 \u015fi un camion<\/a><\/div>\n<\/div>\n<\/div>\n<div class=\"author-box-wrap\"><a href=\"https:\/\/www.pressalert.ro\/author\/dbota\/\"><img loading=\"lazy\" decoding=\"async\" alt src=\"https:\/\/secure.gravatar.com\/avatar\/cce215f80c23a396ea5080382258603a?s=96&amp;d=mm&amp;r=g\" class=\"avatar avatar-96 photo\" height=\"96\" width=\"96\"><\/a><\/p>\n<div class=\"desc\">\n<div class=\"td-author-name vcard author\"><span class=\"fn\"><a href=\"https:\/\/www.pressalert.ro\/author\/dbota\/\">Drago\u015f Bo\u0163a<\/a><\/span><\/div>\n<div class=\"td-author-url\"><a href=\"http:\/\/www.pressalert.ro\">http:\/\/www.pressalert.ro<\/a><\/div>\n<\/div>\n<\/div>\n<p><span><\/span><span><span><\/span><\/span><span><\/span><\/footer>\n<\/article>\n<p> Source URL: https:\/\/www.pressalert.ro\/2014\/04\/campanie-pressalert-ro-castigatorii-ioan-garboni-specialistul-premierelor-artistice\/<\/p>\n","protected":false},"excerpt":{"rendered":"<p>Acas\u0103Campanii PRESSALERTCAMPANIE PRESSALERT.ro C\u00c2\u015eTIG\u0102TORII Ioan G\u00e2rboni, specialistul premierelor artistice Campanii PRESSALERT C\u00c2\u0218TIG\u0102TORII CAMPANIE PRESSALERT.ro C\u00c2\u015eTIG\u0102TORII Ioan G\u00e2rboni, specialistul premierelor artistice De Drago\u015f Bo\u0163a &#8211; apr. 16, 2014 2 DISTRIBUI\u021aI Facebook Twitter A fost omul care a scos filarmonica s\u0103 c\u00e2nte-n \u00een strad\u0103 \u015fi a pus armata s\u0103 trag\u0103 cu tunul, la propriu, \u00een fa\u0163a Catedralei [&hellip;]<\/p>\n","protected":false},"author":1,"featured_media":0,"comment_status":"open","ping_status":"","sticky":false,"template":"","format":"standard","meta":{"footnotes":""},"categories":[89],"tags":[176],"class_list":["post-1237536","post","type-post","status-publish","format-standard","hentry","category-romania","tag-pressalert-ro"],"_links":{"self":[{"href":"https:\/\/analyse.optim.biz\/index.php?rest_route=\/wp\/v2\/posts\/1237536","targetHints":{"allow":["GET"]}}],"collection":[{"href":"https:\/\/analyse.optim.biz\/index.php?rest_route=\/wp\/v2\/posts"}],"about":[{"href":"https:\/\/analyse.optim.biz\/index.php?rest_route=\/wp\/v2\/types\/post"}],"author":[{"embeddable":true,"href":"https:\/\/analyse.optim.biz\/index.php?rest_route=\/wp\/v2\/users\/1"}],"replies":[{"embeddable":true,"href":"https:\/\/analyse.optim.biz\/index.php?rest_route=%2Fwp%2Fv2%2Fcomments&post=1237536"}],"version-history":[{"count":0,"href":"https:\/\/analyse.optim.biz\/index.php?rest_route=\/wp\/v2\/posts\/1237536\/revisions"}],"wp:attachment":[{"href":"https:\/\/analyse.optim.biz\/index.php?rest_route=%2Fwp%2Fv2%2Fmedia&parent=1237536"}],"wp:term":[{"taxonomy":"category","embeddable":true,"href":"https:\/\/analyse.optim.biz\/index.php?rest_route=%2Fwp%2Fv2%2Fcategories&post=1237536"},{"taxonomy":"post_tag","embeddable":true,"href":"https:\/\/analyse.optim.biz\/index.php?rest_route=%2Fwp%2Fv2%2Ftags&post=1237536"}],"curies":[{"name":"wp","href":"https:\/\/api.w.org\/{rel}","templated":true}]}}