{"id":1237535,"date":"2014-04-17T08:00:21","date_gmt":"2014-04-17T05:00:21","guid":{"rendered":"https:\/\/analyse.optim.biz\/?p=1237535"},"modified":"2014-04-17T08:00:21","modified_gmt":"2014-04-17T05:00:21","slug":"campanie-pressalert-ro-castigatorii-serban-negru-medicul-care-a-facut-din-lupta-cu-cancerul-o-meserie-de-misiune","status":"publish","type":"post","link":"https:\/\/analyse.optim.biz\/?p=1237535","title":{"rendered":"CAMPANIE PRESSALERT.ro C\u00c2\u0218TIG\u0102TORII \u0218erban Negru, medicul care a f\u0103cut din lupta cu cancerul o meserie de misiune"},"content":{"rendered":"<article id=\"post-104256\" class=\"post-104256 post type-post status-publish format-standard has-post-thumbnail hentry category-campanii-pressalert category-castigatorii-campanii-pressalert tag-asociatie tag-bolnavi tag-cancer tag-castigatorii tag-centru-medical tag-cladire tag-faza tag-fonduri tag-fundatie tag-investitie tag-medic tag-misiune tag-onco-help tag-oncolog tag-pressalert-ro tag-profesie tag-serban-negru tag-spital tag-spitalul-municipal tag-stadiu tag-timisoara tag-tratament tag-vest\">\n<div class=\"td-post-header td-pb-padding-side\">\n<div class=\"entry-crumbs\"><span><a title class=\"entry-crumb\" href=\"https:\/\/www.pressalert.ro\/\"><span>Acas\u0103<\/span><\/a><\/span><span><a title=\"Vede\u021bi toate articolele \u00een Campanii PRESSALERT\" class=\"entry-crumb\" href=\"https:\/\/www.pressalert.ro\/category\/campanii-pressalert\/\"><span>Campanii PRESSALERT<\/span><\/a><\/span><span class=\"td-bred-no-url-last\">CAMPANIE PRESSALERT.ro C\u00c2\u0218TIG\u0102TORII \u0218erban Negru, medicul care a f\u0103cut din lupta cu&#8230;<\/span><\/div>\n<ul class=\"td-category\">\n<li class=\"entry-category\"><a href=\"https:\/\/www.pressalert.ro\/category\/campanii-pressalert\/\">Campanii PRESSALERT<\/a><\/li>\n<li class=\"entry-category\"><a href=\"https:\/\/www.pressalert.ro\/category\/campanii-pressalert\/castigatorii-campanii-pressalert\/\">C\u00c2\u0218TIG\u0102TORII<\/a><\/li>\n<\/ul>\n<header>\n<h1 class=\"entry-title\">CAMPANIE PRESSALERT.ro C\u00c2\u0218TIG\u0102TORII \u0218erban Negru, medicul care a f\u0103cut din lupta cu cancerul o meserie de misiune<\/h1>\n<div class=\"meta-info\">\n<div class=\"td-post-author-name\">\n<div class=\"td-author-by\">De<\/div>\n<p><a href=\"https:\/\/www.pressalert.ro\/author\/adriana-mit\/\">Adriana M\u00ee\u021b<\/a><\/p>\n<div class=\"td-author-line\"> &#8211; <\/div>\n<\/div>\n<p><span class=\"td-post-date\"><time class=\"entry-date updated td-module-date\" datetime=\"2014-04-17T08:00:21+00:00\">apr. 17, 2014<\/time><\/span><\/p>\n<div class=\"td-post-comments\"><a href=\"https:\/\/www.pressalert.ro\/2014\/04\/campanie-pressalert-ro-castigatorii-cum-schimbat-serban-negru-soarta-bolnavilor-de-cancer-din-vestul-tarii\/#comments\">11<\/a><\/div>\n<\/div>\n<\/header>\n<\/div>\n<div class=\"td-post-sharing td-post-sharing-top td-pb-padding-side\"><span class=\"td-post-share-title\">DISTRIBUI\u021aI<\/span><\/p>\n<div class=\"td-default-sharing \"><a class=\"td-social-sharing-buttons td-social-facebook\" href=\"http:\/\/www.facebook.com\/sharer.php?u=https%3A%2F%2Fwww.pressalert.ro%2F2014%2F04%2Fcampanie-pressalert-ro-castigatorii-cum-schimbat-serban-negru-soarta-bolnavilor-de-cancer-din-vestul-tarii%2F\"><\/p>\n<div class=\"td-social-but-text\">Facebook<\/div>\n<p><\/a><a class=\"td-social-sharing-buttons td-social-twitter\" href=\"https:\/\/twitter.com\/intent\/tweet?text=CAMPANIE+PRESSALERT.ro+C%C3%82%C8%98TIG%C4%82TORII+%C8%98erban+Negru%2C+medicul+care+a+f%C4%83cut+din+lupta+cu+cancerul+o+meserie+de+misiune&amp;url=https%3A%2F%2Fwww.pressalert.ro%2F2014%2F04%2Fcampanie-pressalert-ro-castigatorii-cum-schimbat-serban-negru-soarta-bolnavilor-de-cancer-din-vestul-tarii%2F&amp;via=PRESSALERT.ro\"><\/p>\n<div class=\"td-social-but-text\">Twitter<\/div>\n<p><\/a><\/div>\n<\/div>\n<div class=\"td-post-content td-pb-padding-side\">\n<p><a href=\"http:\/\/www.pressalert.ro\/wp-content\/uploads\/2014\/04\/serban-nergu1.jpg\"><img loading=\"lazy\" decoding=\"async\" class=\"aligncenter size-medium wp-image-104260\" alt=\"serban nergu1\" src=\"http:\/\/www.pressalert.ro\/wp-content\/uploads\/2014\/04\/serban-nergu1-640x426.jpg\" width=\"640\" height=\"426\"><\/a>S\u0103 lucrezi cu oameni c\u0103rora le po\u021bi citi disperarea pe chip, frica de moarte, oameni care \u00eencet, \u00eencet pierd lupta cu via\u021ba, dar s\u0103 vezi \u0219i mult\u0103 suferin\u021b\u0103, nu este visul oric\u0103rui medic.<\/p>\n<p>A fi medic oncolog nu este o meserie u\u0219oar\u0103, o spune chiar \u0218erban Negru, fondatorul Asocia\u021biei OncoHelp din Timi\u0219oara, care de mai bine de 15 ani \u00eencearc\u0103 s\u0103-i trateze pe oamenii care au fost diagnostica\u021bi cu aceast\u0103 maladie incurabil\u0103, cancerul. \u201cE mai mult o meserie de misiune. O meserie pe care nu po\u021bi s-o faci doar opt ore pe zi, pentru c\u0103 nu este una obi\u0219nuit\u0103. Ca s\u0103 reu\u0219e\u0219ti ca medic oncolog, trebuie s\u0103 faci totul cu mult\u0103 pasiune, iar eu am realizat c\u0103 pot s\u0103 fac asta\u201d, descrie medicul timi\u0219orean meseria de oncolog.<\/p>\n<p>La fel ca majoritatea tinerilor care studiaz\u0103 \u00een acest moment Medicina, lui \u0218erban Negru \u00eei era team\u0103 s\u0103 aleag\u0103 specializarea Oncologie, din simplul motiv c\u0103 s-a g\u00e2ndit c\u0103 nu ar fi suportat s\u0103 vad\u0103 \u00een fiecare zi at\u00e2t de mult\u0103 suferin\u021b\u0103. Peste pu\u021bin timp \u00eens\u0103. C\u00e2nd cei doi p\u0103rin\u021bi ai s\u0103i s-au \u00eemboln\u0103vit de cancer, a realizat c\u0103 aceasta este calea pe care trebuie s\u0103 o urmeze \u0219i nu a regretat nicio secund\u0103 c\u0103 a ales s\u0103 mearg\u0103 pe acest drum.<\/p>\n<p><a href=\"http:\/\/www.pressalert.ro\/wp-content\/uploads\/2014\/04\/serban-negru2.jpg\"><img loading=\"lazy\" decoding=\"async\" class=\"aligncenter size-medium wp-image-104262\" alt=\"serban negru2\" src=\"http:\/\/www.pressalert.ro\/wp-content\/uploads\/2014\/04\/serban-negru2-640x426.jpg\" width=\"640\" height=\"426\"><\/a><\/p>\n<p><b>De la un cabinet \u00eentr-un parter de bloc, la un spital cu 160 de paturi<\/b><\/p>\n<p>La \u00eenceput, \u0218erban Negru a lucrat ca medic oncolog la Spitalul Municipal din Timi\u0219oara. Dup\u0103 \u0219apte ani de munc\u0103 \u00eentr-un spital de stat, perioad\u0103 \u00een care \u0219i-ar fi dorit s\u0103 fac\u0103 multe pentru a schimba \u00een bine soarta bolnavilor de cancer, dar a reu\u0219it prea pu\u021bine din cauza birocra\u021biei, \u0218erban Negru a decis s\u0103 \u00ee\u0219i deschid\u0103 propriul cabinet privat de oncologie, al\u0103turi de al\u021bi doi medici. \u201cAm deschis un ambulatoriu, \u00een anul 2004, \u00eentr-un parter de bloc\u201d, \u00ee\u0219i aduce aminte medicul timi\u0219orean cum a p\u0103\u0219it \u00een sistemul privat.<\/p>\n<p>Profesionalismul medicilor i-a determinat pe tot mai mul\u021bi bolnavi de cancer, din toate cele patru jude\u021be din vestul \u021b\u0103rii, s\u0103 se adreseze cabinetului privat. Pentru c\u0103 spa\u021biul \u00een care \u00ee\u0219i desf\u0103\u0219ura activitatea era prea mic, \u0218erban Negru a realizat c\u0103 trebuie s\u0103 se mute \u00eentr-o alt\u0103 loca\u021bie \u0219i a cump\u0103rat o cas\u0103 veche pe strada Ciprian Porumbescu. \u201cDar visul nostru era s\u0103 realiz\u0103m un spital \u00een spatele casei, unde oamenii s\u0103 poat\u0103 fi interna\u021bi, nu doar s\u0103 fie consulta\u021bi \u0219i s\u0103 plece acas\u0103.<\/p>\n<p> \u0218i cum era evident c\u0103 era imposibil s\u0103 realiz\u0103m un spital cu bani din buzunarul nostru, am \u00eenceput s\u0103 str\u00e2ngem fonduri\u201d, poveste\u0219te medicul timi\u0219orean.<\/p>\n<p>A\u0219a se face c\u0103 \u00een doar trei ani, cu sprijinul comunit\u0103\u021bii, s-au str\u00e2ns aproape 400.000 de euro, bani cu care a fost construit primul spital din vestul \u021b\u0103rii \u00een care bolnavii de cancer puteau fi interna\u021bi \u00een saloane de lux, dar f\u0103r\u0103 s\u0103 pl\u0103teasc\u0103 nici m\u0103car un leu pentru aceste servicii. La \u00eenceput, spitalul avea 32 de paturi, iar \u00een acest moment num\u0103r\u0103 160.<\/p>\n<p>\u0218erban Negru poveste\u0219te c\u0103, \u00een urm\u0103 cu cinci ani, nici n-ar fi visat c\u0103 o s\u0103 poat\u0103 s\u0103 construiasc\u0103 un spital oncologic de asemenea dimensiuni, dar acum \u0219tie c\u0103 acest centru poate ajunge \u0219i mai departe.<\/p>\n<p><b>Mii de bolnavi de cancer beneficiaz\u0103 de servicii gratuite<\/b><\/p>\n<p><span>\u201cCe am realizat acum consider c\u0103 este mai pu\u021bin de un sfert din ce cred eu c\u0103 ar trebui s\u0103 fie c<\/span><span>a acest spital s\u0103 func\u021bioneze cu adev\u0103rat la parametrii normali \u00eentr-un ora\u0219 ca Timi\u0219oara. Am crescut at\u00e2t de mult pentru c\u0103 noi, de fiecare dat\u0103 c\u00e2nd am avut un ban, mai construiam un etaj, mai un nou corp de cl\u0103dire\u201d, explic\u0103 fondatorul Asocia\u021biei OncoHelp.<\/span><\/p>\n<p>\u0218erban Negru are vise mari \u00een ceea ce prive\u0219te modul \u00een care va ar\u0103ta spitalul construit cu sprijinul comunit\u0103\u021bii pentru cei care sufer\u0103 de aceast\u0103 boal\u0103 crunt\u0103 \u0219i consider\u0103 c\u0103 va deveni, \u00een viitorul apropiat, Institutul Oncologic al Timi\u0219oarei. \u00cen acest moment, peste 20 de medici au grji\u0103 de aproape 10.000 de bolnavi care sufer\u0103 de cancer, ce trec, anual,\u00a0pragul spitalului \u00eenfiin\u021bat de \u0218erban Negru.<\/p>\n<p><b>Oamenii care au pierdut lupta au parte de condi\u021bii decente<\/b><\/p>\n<p>\u0218erban Negru nu i-a uitat nici pe bolnavii de cancer care a\u0219tept\u0103 s\u0103 moar\u0103 pentru c\u0103 se afl\u0103 \u00een stadii terminale. O sec\u021bie de \u00eengrijiri paliative cu 15 paturi este mereu ne\u00eenc\u0103p\u0103toare pentru oamenii nim\u0103nui, de care nu are cine s\u0103 aib\u0103 grij\u0103 astfel \u00eenc\u00e2t s\u0103 aib\u0103 parte de un sf\u00e2r\u0219it decent.<\/p>\n<p>\u201cMarea problem\u0103 a sistemului de stat este c\u0103 se adapteaz\u0103 greu, nu poate face modific\u0103ri rapide pentru c\u0103 este un sistem foarte lent. Eu am lucrat \u00een urm\u0103 cu cinci ani pentru proiectul Institutului Oncologic, dar am realizat c\u0103 nu o s\u0103 se ajung\u0103 niciunde cu el. Sunt at\u00e2tea piedici, \u00eenc\u00e2t \u00ee\u021bi vine s\u0103-\u021bi iei lumea \u00een cap \u0219i \u00ee\u0219i dore\u0219ti s\u0103 ie\u0219i \u0219i s\u0103 creezi un sistem care s\u0103 se poat\u0103 dezvolta f\u0103r\u0103 toate acele piedici. Eu asta am f\u0103cut prin Asocia\u021bia OncoHelp, am creat un spital \u00eentr-o funda\u021bie pentru bolnavii de cancer\u201d, explic\u0103 \u0218erban Negru.<\/p>\n<p>Foto: Asociatia Onco Help\/Facebook<\/p>\n<\/div>\n<footer>\n<div class=\"td-post-source-tags td-pb-padding-side\">\n<ul class=\"td-tags td-post-small-box clearfix\">\n<li><span>ETICHETE<\/span><\/li>\n<li><a href=\"https:\/\/www.pressalert.ro\/tag\/asociatie\/\">asociatie<\/a><\/li>\n<li><a href=\"https:\/\/www.pressalert.ro\/tag\/bolnavi\/\">bolnavi<\/a><\/li>\n<li><a href=\"https:\/\/www.pressalert.ro\/tag\/cancer\/\">cancer<\/a><\/li>\n<li><a href=\"https:\/\/www.pressalert.ro\/tag\/castigatorii\/\">castigatorii<\/a><\/li>\n<li><a href=\"https:\/\/www.pressalert.ro\/tag\/centru-medical\/\">centru medical<\/a><\/li>\n<li><a href=\"https:\/\/www.pressalert.ro\/tag\/cladire\/\">cladire<\/a><\/li>\n<li><a href=\"https:\/\/www.pressalert.ro\/tag\/faza\/\">faza<\/a><\/li>\n<li><a href=\"https:\/\/www.pressalert.ro\/tag\/fonduri\/\">fonduri<\/a><\/li>\n<li><a href=\"https:\/\/www.pressalert.ro\/tag\/fundatie\/\">fundatie<\/a><\/li>\n<li><a href=\"https:\/\/www.pressalert.ro\/tag\/investitie\/\">investitie<\/a><\/li>\n<li><a href=\"https:\/\/www.pressalert.ro\/tag\/medic\/\">medic<\/a><\/li>\n<li><a href=\"https:\/\/www.pressalert.ro\/tag\/misiune\/\">misiune<\/a><\/li>\n<li><a href=\"https:\/\/www.pressalert.ro\/tag\/onco-help\/\">onco help<\/a><\/li>\n<li><a href=\"https:\/\/www.pressalert.ro\/tag\/oncolog\/\">oncolog<\/a><\/li>\n<li><a href=\"https:\/\/www.pressalert.ro\/tag\/pressalert-ro\/\">pressalert.ro<\/a><\/li>\n<li><a href=\"https:\/\/www.pressalert.ro\/tag\/profesie\/\">profesie<\/a><\/li>\n<li><a href=\"https:\/\/www.pressalert.ro\/tag\/serban-negru\/\">serban negru<\/a><\/li>\n<li><a href=\"https:\/\/www.pressalert.ro\/tag\/spital\/\">spital<\/a><\/li>\n<li><a href=\"https:\/\/www.pressalert.ro\/tag\/spitalul-municipal\/\">spitalul municipal<\/a><\/li>\n<li><a href=\"https:\/\/www.pressalert.ro\/tag\/stadiu\/\">stadiu<\/a><\/li>\n<li><a href=\"https:\/\/www.pressalert.ro\/tag\/timisoara\/\">Timisoara<\/a><\/li>\n<li><a href=\"https:\/\/www.pressalert.ro\/tag\/tratament\/\">tratament<\/a><\/li>\n<li><a href=\"https:\/\/www.pressalert.ro\/tag\/vest\/\">vest<\/a><\/li>\n<\/ul>\n<\/div>\n<div class=\"td-post-sharing td-post-sharing-bottom td-pb-padding-side\"><span class=\"td-post-share-title\">DISTRIBUI\u021aI<\/span><\/p>\n<div class=\"td-default-sharing \"><a class=\"td-social-sharing-buttons td-social-facebook\" href=\"http:\/\/www.facebook.com\/sharer.php?u=https%3A%2F%2Fwww.pressalert.ro%2F2014%2F04%2Fcampanie-pressalert-ro-castigatorii-cum-schimbat-serban-negru-soarta-bolnavilor-de-cancer-din-vestul-tarii%2F\"><\/p>\n<div class=\"td-social-but-text\">Facebook<\/div>\n<p><\/a><a class=\"td-social-sharing-buttons td-social-twitter\" href=\"https:\/\/twitter.com\/intent\/tweet?text=CAMPANIE+PRESSALERT.ro+C%C3%82%C8%98TIG%C4%82TORII+%C8%98erban+Negru%2C+medicul+care+a+f%C4%83cut+din+lupta+cu+cancerul+o+meserie+de+misiune&amp;url=https%3A%2F%2Fwww.pressalert.ro%2F2014%2F04%2Fcampanie-pressalert-ro-castigatorii-cum-schimbat-serban-negru-soarta-bolnavilor-de-cancer-din-vestul-tarii%2F&amp;via=PRESSALERT.ro\"><\/p>\n<div class=\"td-social-but-text\">Twitter<\/div>\n<p><\/a><\/div>\n<\/div>\n<div class=\"td-block-row td-post-next-prev\">\n<div class=\"td-block-span6 td-post-prev-post\">\n<div class=\"td-post-next-prev-content\"><span>Articolul precedent<\/span><a href=\"https:\/\/www.pressalert.ro\/2014\/04\/john-mccain-exprima-preocupare-pentru-securitatea-republicii-moldova-daca-europenii-si-statele-unite-nu-vor-avea-o-reactie-puternica-putin-va-deveni-mai-indraznet\/\">John McCain exprim\u0103 preocupare pentru securitatea Republicii Moldova: \u201eDac\u0103 europenii \u015fi Statele Unite nu vor avea o reac\u0163ie puternic\u0103, Putin va deveni mai \u00eendr\u0103zne\u0163\u201d<\/a><\/div>\n<\/div>\n<div class=\"td-block-span6 td-post-next-post\">\n<div class=\"td-post-next-prev-content\"><span>Articolul urm\u0103tor<\/span><a href=\"https:\/\/www.pressalert.ro\/2014\/04\/cod-portocaliu-de-ploi-si-vant-puternic-sudul-banatului\/\">COD PORTOCALIU de ploi \u015fi v\u00e2nt puternic \u00een sudul Banatului<\/a><\/div>\n<\/div>\n<\/div>\n<div class=\"author-box-wrap\"><a href=\"https:\/\/www.pressalert.ro\/author\/adriana-mit\/\"><img loading=\"lazy\" decoding=\"async\" alt src=\"https:\/\/secure.gravatar.com\/avatar\/b1f9b7c06ee21da21325bdc897b6b37a?s=96&amp;d=mm&amp;r=g\" class=\"avatar avatar-96 photo\" height=\"96\" width=\"96\"><\/a><\/p>\n<div class=\"desc\">\n<div class=\"td-author-name vcard author\"><span class=\"fn\"><a href=\"https:\/\/www.pressalert.ro\/author\/adriana-mit\/\">Adriana M\u00ee\u021b<\/a><\/span><\/div>\n<div class=\"td-author-url\"><a href=\"http:\/\/www.pressalert.ro\">http:\/\/www.pressalert.ro<\/a><\/div>\n<\/div>\n<\/div>\n<p><span><\/span><span><span><\/span><\/span><span><\/span><\/footer>\n<\/article>\n<p> Source URL: https:\/\/www.pressalert.ro\/2014\/04\/campanie-pressalert-ro-castigatorii-cum-schimbat-serban-negru-soarta-bolnavilor-de-cancer-din-vestul-tarii\/<\/p>\n","protected":false},"excerpt":{"rendered":"<p>Acas\u0103Campanii PRESSALERTCAMPANIE PRESSALERT.ro C\u00c2\u0218TIG\u0102TORII \u0218erban Negru, medicul care a f\u0103cut din lupta cu&#8230; Campanii PRESSALERT C\u00c2\u0218TIG\u0102TORII CAMPANIE PRESSALERT.ro C\u00c2\u0218TIG\u0102TORII \u0218erban Negru, medicul care a f\u0103cut din lupta cu cancerul o meserie de misiune De Adriana M\u00ee\u021b &#8211; apr. 17, 2014 11 DISTRIBUI\u021aI Facebook Twitter S\u0103 lucrezi cu oameni c\u0103rora le po\u021bi citi disperarea pe chip, [&hellip;]<\/p>\n","protected":false},"author":1,"featured_media":0,"comment_status":"open","ping_status":"","sticky":false,"template":"","format":"standard","meta":{"footnotes":""},"categories":[89],"tags":[176],"class_list":["post-1237535","post","type-post","status-publish","format-standard","hentry","category-romania","tag-pressalert-ro"],"_links":{"self":[{"href":"https:\/\/analyse.optim.biz\/index.php?rest_route=\/wp\/v2\/posts\/1237535","targetHints":{"allow":["GET"]}}],"collection":[{"href":"https:\/\/analyse.optim.biz\/index.php?rest_route=\/wp\/v2\/posts"}],"about":[{"href":"https:\/\/analyse.optim.biz\/index.php?rest_route=\/wp\/v2\/types\/post"}],"author":[{"embeddable":true,"href":"https:\/\/analyse.optim.biz\/index.php?rest_route=\/wp\/v2\/users\/1"}],"replies":[{"embeddable":true,"href":"https:\/\/analyse.optim.biz\/index.php?rest_route=%2Fwp%2Fv2%2Fcomments&post=1237535"}],"version-history":[{"count":0,"href":"https:\/\/analyse.optim.biz\/index.php?rest_route=\/wp\/v2\/posts\/1237535\/revisions"}],"wp:attachment":[{"href":"https:\/\/analyse.optim.biz\/index.php?rest_route=%2Fwp%2Fv2%2Fmedia&parent=1237535"}],"wp:term":[{"taxonomy":"category","embeddable":true,"href":"https:\/\/analyse.optim.biz\/index.php?rest_route=%2Fwp%2Fv2%2Fcategories&post=1237535"},{"taxonomy":"post_tag","embeddable":true,"href":"https:\/\/analyse.optim.biz\/index.php?rest_route=%2Fwp%2Fv2%2Ftags&post=1237535"}],"curies":[{"name":"wp","href":"https:\/\/api.w.org\/{rel}","templated":true}]}}