{"id":1237534,"date":"2014-04-18T15:30:04","date_gmt":"2014-04-18T12:30:04","guid":{"rendered":"https:\/\/analyse.optim.biz\/?p=1237534"},"modified":"2014-04-18T15:30:04","modified_gmt":"2014-04-18T12:30:04","slug":"campanie-pressalert-ro-castigatorii-gheorghe-fikl-pictorul-timisorean-care-l-a-cucerit-pe-printul-charles-al-marii-britanii-cu-arta-sa","status":"publish","type":"post","link":"https:\/\/analyse.optim.biz\/?p=1237534","title":{"rendered":"CAMPANIE PRESSALERT.ro C\u00c2\u0218TIG\u0102TORII Gheorghe Fikl, pictorul timi\u0219orean care l-a cucerit pe Prin\u021bul Charles al Marii Britanii cu arta sa"},"content":{"rendered":"<article id=\"post-104775\" class=\"post-104775 post type-post status-publish format-standard has-post-thumbnail hentry category-campanii-pressalert category-castigatorii-campanii-pressalert category-stiri tag-archita tag-arta tag-arta-contemporana tag-artist tag-caras-severin tag-casa-regala tag-colectie tag-colectie-personala tag-colectionar tag-expoziti tag-fikl tag-fikl-com tag-gheorghe-fikl tag-jazz tag-maramures tag-marea-britanie tag-pian tag-pictor tag-picturi tag-printul-charles tag-schortgen-gallery tag-slag-gallery tag-socolari tag-timisora\">\n<div class=\"td-post-header td-pb-padding-side\">\n<div class=\"entry-crumbs\"><span><a title class=\"entry-crumb\" href=\"https:\/\/www.pressalert.ro\/\"><span>Acas\u0103<\/span><\/a><\/span><span><a title=\"Vede\u021bi toate articolele \u00een Campanii PRESSALERT\" class=\"entry-crumb\" href=\"https:\/\/www.pressalert.ro\/category\/campanii-pressalert\/\"><span>Campanii PRESSALERT<\/span><\/a><\/span><span class=\"td-bred-no-url-last\">CAMPANIE PRESSALERT.ro C\u00c2\u0218TIG\u0102TORII Gheorghe Fikl, pictorul timi\u0219orean care l-a cucerit pe Prin\u021bul&#8230;<\/span><\/div>\n<ul class=\"td-category\">\n<li class=\"entry-category\"><a href=\"https:\/\/www.pressalert.ro\/category\/campanii-pressalert\/\">Campanii PRESSALERT<\/a><\/li>\n<li class=\"entry-category\"><a href=\"https:\/\/www.pressalert.ro\/category\/campanii-pressalert\/castigatorii-campanii-pressalert\/\">C\u00c2\u0218TIG\u0102TORII<\/a><\/li>\n<li class=\"entry-category\"><a href=\"https:\/\/www.pressalert.ro\/category\/stiri\/\">\u015etiri<\/a><\/li>\n<\/ul>\n<header>\n<h1 class=\"entry-title\">CAMPANIE PRESSALERT.ro C\u00c2\u0218TIG\u0102TORII Gheorghe Fikl, pictorul timi\u0219orean care l-a cucerit pe Prin\u021bul Charles al Marii Britanii cu arta sa<\/h1>\n<div class=\"meta-info\">\n<div class=\"td-post-author-name\">\n<div class=\"td-author-by\">De<\/div>\n<p><a href=\"https:\/\/www.pressalert.ro\/author\/mirelasv\/\">Mirela Stoeac Vl\u0103du\u021bi<\/a><\/p>\n<div class=\"td-author-line\"> &#8211; <\/div>\n<\/div>\n<p><span class=\"td-post-date\"><time class=\"entry-date updated td-module-date\" datetime=\"2014-04-18T15:30:04+00:00\">apr. 18, 2014<\/time><\/span><\/p>\n<div class=\"td-post-comments\"><a href=\"https:\/\/www.pressalert.ro\/2014\/04\/gheorghe-fikl\/#respond\">0<\/a><\/div>\n<\/div>\n<\/header>\n<\/div>\n<div class=\"td-post-sharing td-post-sharing-top td-pb-padding-side\"><span class=\"td-post-share-title\">DISTRIBUI\u021aI<\/span><\/p>\n<div class=\"td-default-sharing \"><a class=\"td-social-sharing-buttons td-social-facebook\" href=\"http:\/\/www.facebook.com\/sharer.php?u=https%3A%2F%2Fwww.pressalert.ro%2F2014%2F04%2Fgheorghe-fikl%2F\"><\/p>\n<div class=\"td-social-but-text\">Facebook<\/div>\n<p><\/a><a class=\"td-social-sharing-buttons td-social-twitter\" href=\"https:\/\/twitter.com\/intent\/tweet?text=CAMPANIE+PRESSALERT.ro+C%C3%82%C8%98TIG%C4%82TORII+Gheorghe+Fikl%2C+pictorul+timi%C8%99orean+care+l-a+cucerit+pe+Prin%C8%9Bul+Charles+al+Marii+Britanii+cu+arta+sa&amp;url=https%3A%2F%2Fwww.pressalert.ro%2F2014%2F04%2Fgheorghe-fikl%2F&amp;via=PRESSALERT.ro\"><\/p>\n<div class=\"td-social-but-text\">Twitter<\/div>\n<p><\/a><\/div>\n<\/div>\n<div class=\"td-post-content td-pb-padding-side\">\n<p><a href=\"http:\/\/www.pressalert.ro\/wp-content\/uploads\/2014\/04\/gheorghe_fikl.jpg\"><img loading=\"lazy\" decoding=\"async\" class=\"aligncenter size-medium wp-image-104808\" alt=\"gheorghe_fikl\" src=\"http:\/\/www.pressalert.ro\/wp-content\/uploads\/2014\/04\/gheorghe_fikl-640x425.jpg\" width=\"640\" height=\"425\"><\/a><\/p>\n<p>Culoare, dramatism, via\u021b\u0103. Astfel am putea descrie arta Fikl \u00een doar trei cuvinte. \u00cens\u0103, este nevoie de mult mai mult pentru a p\u0103trunde sensul picturilor care au f\u0103cut \u00eenconjurul lumii \u0219i care l-au a\u0219ezat pe artistul timi\u0219orean Gheorghe Fikl \u00een galeria celor mai importan\u021bi pictori contemporani. Arta sa o g\u0103se\u0219ti pe simezele unora dintre cele mai mari expozi\u021bii de art\u0103 mondiale, \u00een colec\u021biile unor personalit\u0103\u021bi importante \u0219i, recent, \u00een colec\u021bia privat\u0103 a Prin\u021bului Charles al Casei Regale din Marea Britanie. Aceast\u0103 ultim\u0103 reu\u0219it\u0103 este nu doar o confirmare a valorii artistice a pictorului din Timi\u0219oara, ci \u0219i oportunitate de net\u0103g\u0103duit pentru cariera sa viitoare.<\/p>\n<p><a href=\"http:\/\/www.pressalert.ro\/wp-content\/uploads\/2014\/04\/7b.jpg\"><img loading=\"lazy\" decoding=\"async\" class=\"aligncenter size-medium wp-image-104783\" alt=\"7b\" src=\"http:\/\/www.pressalert.ro\/wp-content\/uploads\/2014\/04\/7b-640x457.jpg\" width=\"640\" height=\"457\"><\/a><\/p>\n<p><strong>Grandoare \u0219i sublim<\/strong><\/p>\n<p>Gheorghe Fikl s-a n\u0103scut \u00een Timi\u0219oara, iar familia sa nu a fost niciodat\u0103 str\u0103in\u0103 de art\u0103. Str\u0103bunicul s\u0103u \u0219i-a des\u0103v\u00e2r\u0219it educa\u021bia \u00een \u0219colile vieneze din imperiul habsburgic \u0219i a fost un pasionat de art\u0103, iar bunicul a fost \u0219i el un pictor talentat, \u00een urma c\u0103ruia au r\u0103mas c\u00e2teva picturi \u00een ulei reu\u0219ite. Apogeul \u0219i confirmarea talentului artistic al familiei Fikl se reg\u0103sesc, \u00eens\u0103, din plin \u00een vasta oper\u0103 a lui Gheorghe, un melanj \u00eentre grandoarea \u0219i sublimul arhitectural de odinioar\u0103. Picturi precum Palace Hall, Altar sau Shrine, ne reamintesc de originile habsburgice ale pictorului, prin decorurile impresionante ale unor biserici catolice sau palate imperiale. \u201cUn artist poate spune foarte pu\u021bine despre opera sa, \u00een cuvinte. Pentru un artist vorbesc picturile. Ele sunt \u00een dialog vizual cu cel care le prive\u0219te. Atunci c\u00e2nd pictezi, creezi un spa\u021biu psihologic extrasenzorial care \u00eei ofer\u0103 celui care observ\u0103 o multitudine de posibilit\u0103\u021bi\u201d, poveste\u0219te Fikl.<\/p>\n<p><strong>Art\u0103 declarativ\u0103, nu decorativ\u0103<\/strong><\/p>\n<p>Tablourile lui Gheorghe Fikl au \u0219ocat, au iscat rumoare, controvers\u0103 \u0219i admira\u021bie, \u00eens\u0103 niciodat\u0103 indiferen\u021b\u0103. \u00cen centrul unora dintre crea\u021biile sale a stat sacrificiul, simbolizat sub forma, spre exemplu, unor h\u0103lci de carne, deasupra unui altar unde o suit\u0103 de preo\u021bi oficiaz\u0103 euharistia. De\u0219i plasat\u0103 \u00een spa\u021bii atemporale, cu decoruri somptuoase, tema picturilor sale este at\u00e2t de bine \u00eenr\u0103d\u0103cinat\u0103 \u00een contemporan, \u00eenc\u00e2t reputatul critic de art\u0103, Chen Tamir, spunea despre pictura timi\u0219oreanului, cu ocazia expozi\u021biei Fikl la New York, c\u0103 \u201cfigura central\u0103 este luminat\u0103 dramatic, de o singur\u0103 surs\u0103 de lumin\u0103 venit\u0103 de sus, f\u0103c\u00e2nd parc\u0103 leg\u0103tura cu o produc\u0163ie teatral\u0103. Lucr\u0103rile sale par \u00eentr-adev\u0103r extrase direct din teatru, suger\u00e2nd o dram\u0103 complex\u0103 ce se dezv\u0103luie \u00een fiecare pictur\u0103. Ele pot fi asemuite unor opere funeste, redate prin intermediul picturii. Paleta predominant ro\u015fie \u015fi neagr\u0103 a lui Fikl fixeaz\u0103 tonul dramelor entuziaste care sigur s\u0103l\u0103\u015fluiesc \u00een mintea sa\u201d. Rom\u00e2nii prefer\u0103, \u00eens\u0103, arta decorativ\u0103. Din p\u0103cate, nu pu\u021bini sunt cei care aleg un anumit tablou, doar pentru c\u0103 \u201cse potrive\u0219te cu covorul sau cu canapeaua\u201d.<\/p>\n<p>Fikl nu face rabat de la idealul \u0219i manifestul s\u0103u artistic \u0219i spune c\u0103 arta nu este complimentar\u0103 sau decorativ\u0103, ci declarativ\u0103, vorbind \u0219i exist\u00e2nd prin sine \u00eensu\u0219i. \u201cEste adev\u0103rat c\u0103 o parte a publicului nu \u00een\u021belege misiunea artistului \u0219i a artei pe care o creeaz\u0103 acesta, \u00eens\u0103 acest aspect nu trebuie s\u0103 afecteze \u00een nici un fel opera \u00een sine. Ea exist\u0103 independent de dorin\u021ba \u0219i voin\u021ba celorlal\u021bi. Un act artistic este o viziune pur personal\u0103, care este sau nu gustat\u0103 de public. Asta nu \u00eenseamn\u0103 c\u0103 publicul este desconsiderat, ci, din contr\u0103, el este cel care ofer\u0103 reac\u021bia, cel cu care artistul de afl\u0103 \u00eentr-o rela\u021bie de respect \u0219i echilibru constant. \u00cemi amintesc de o declara\u021bie a lui Picasso, care spunea &lt;&lt;Cine reflect\u0103 mai bine chipul omului: fotograful, oglinda sau pictorul?&gt;&gt;. A\u0219a este \u0219i arta. Nu decorativ\u0103, nu accesorizat\u0103, ci declarativ\u0103 \u0219i chiar descriptiv\u0103, \u00eentr-un sens tainic care poate fi descifrat de fiecare \u00een parte \u00een felul s\u0103u unic\u201d, explic\u0103 Fikl.<\/p>\n<p><a href=\"http:\/\/www.pressalert.ro\/wp-content\/uploads\/2014\/04\/1653739_225357097668163_2127759097_n.jpg\"><img loading=\"lazy\" decoding=\"async\" class=\"aligncenter size-medium wp-image-104781\" alt=\"1653739_225357097668163_2127759097_n\" src=\"http:\/\/www.pressalert.ro\/wp-content\/uploads\/2014\/04\/1653739_225357097668163_2127759097_n-640x395.jpg\" width=\"640\" height=\"395\"><\/a><\/p>\n<p><strong>Pictura Fikl, \u00een colec\u021bia prin\u021bului Charles<\/strong><\/p>\n<p>Picturile sale au ajuns pe simezele unora dintre cele mai mari galerii din lume, cum ar fi Galeria Schortgen din Luxemburg sau Slag din New York.<\/p>\n<p> Astfel a ajuns \u0219i Timi\u0219oara pe buzele colec\u021bionarilor de art\u0103 \u0219i a celor interesa\u021bi de pictura contemporan\u0103 rom\u00e2neasc\u0103. Cea mai mare surpriz\u0103 a fost, \u00eens\u0103, c\u00e2nd a fost contactat de Col. Michael Carrington, un prieten apropiat al Prin\u021bului Charles al Marii Britanii. Acesta i-a transmis c\u0103 prin\u021bul de Wales este interesat de picturile sale, dup\u0103 ce le-a v\u0103zut \u00eentr-un album. \u201cArhiducele Andreas von Habsburg-Lothringen mi-a descoperit lucr\u0103rile \u00eentr-o galerie \u0219i i-au pl\u0103cut foarte mult. A intrat \u00een posesia unui album pe care i l-a prezentat Prin\u021bului Charles, care a dorit s\u0103 vad\u0103 c\u00e2teva dintre ele, anul trecut. Astfel, Col. Michael Carrington, care este \u00een rela\u021bii str\u00e2nse cu alte\u021ba sa regal\u0103, m-a invitat s\u0103 fac o expozi\u021bie la Archita, \u00een jude\u021bul Maramure\u0219, unde prin\u021bul vine de obicei. A ales pictura &lt;&lt;White Cadillac, Gold Curtain and Peacocks&gt;&gt;\u201d, spune pictorul. Lucrarea sa se afl\u0103 acum \u00een colec\u021bia privat\u0103 a Prin\u021bului Charles. \u0218i arhiducele Andreas von Habsburg-Lothringen, un alt membru marcant al Casei Regale, de\u021bine acum un tabou al lui Fikl, iar lucr\u0103rile sale se g\u0103sesc acum aproape peste tot \u00een Europa, dar \u0219i peste ocean, \u00een colec\u021biile private ale unor colec\u021bionari importan\u021bi.<\/p>\n<p><a href=\"http:\/\/www.pressalert.ro\/wp-content\/uploads\/2014\/04\/socolari_fikl.jpg\"><img decoding=\"async\" loading=\"lazy\" class=\"aligncenter size-medium wp-image-104787\" alt=\"socolari_fikl\" src=\"http:\/\/www.pressalert.ro\/wp-content\/uploads\/2014\/04\/socolari_fikl-640x480.jpg\" width=\"640\" height=\"480\"><\/a><\/p>\n<p><strong>Casa din Socolari<\/strong><\/p>\n<p>Cea mai bun\u0103 inspira\u021bie este lumea care ne \u00eenconjoar\u0103. \u00cens\u0103 un artist are nevoie de mai mult dec\u00e2t at\u00e2t pentru a putea crea: de un loc special, \u00een care arta s\u0103 prind\u0103 via\u021b\u0103. Acest loc este, pentru artistul timi\u0219orean, situat la c\u00e2teva sute de kilometri de Timi\u0219oara, la Socolari, \u00een jude\u021bul Cara\u0219-Severin. O comun\u0103 izolat\u0103 din jude\u021bul vecin s-a revitalizat \u00een ultimii ani \u0219i a devenit un centru important, pentru arti\u0219tii din Timi\u0219oara \u0219i din zonele \u00eenvecinate, care \u0219i-au achizi\u021bionat aici case \u0219i unde petrec o bun\u0103 parte din an. \u201cSocolari este locul unde lucr\u0103rile prind via\u021b\u0103. \u00cen lini\u0219tea patriarhal\u0103 a satului rom\u00e2nesc, \u00een natur\u0103, cu picioarele pe p\u0103m\u00e2nt, \u00eenconjurat de frumuse\u021bea crea\u021biei divine, arta se na\u0219te, vibreaz\u0103. Mul\u021bi au impresia c\u0103 este vorba de izolare, \u00eens\u0103, din contr\u0103, este vorba de reg\u0103sire. Acest loc a devenit extrem de animat \u00een ultimii ani, este un loc al arti\u0219tilor, al artei, \u00een general\u201d, spune Fikl.<\/p>\n<p>Pe l\u00e2ng\u0103 pictur\u0103, Gheorghe Fikl mai are o pasiune care se manifest\u0103 la fel de intens \u0219i cu m\u0103iestrie. Pianul. Tr\u0103irea interioar\u0103 a pictorului timi\u0219orean se dezv\u0103luie la aceea\u0219i intensitate pe clapele pianului, ca \u0219i pe p\u00e2nz\u0103. De\u0219i cap\u0103t\u0103 o alt\u0103 form\u0103, efervescen\u021ba \u0219i plenitutinea artistic\u0103 a timi\u0219oreanului este la cote maxime. Ba mai mult, acesta a \u0219i avut la un moment dat o trup\u0103 de Jazz, care nu a trecut neobservat\u0103 pe scena muzical\u0103 timi\u0219orean\u0103, \u00eens\u0103, cum pictura este forma primordial\u0103 de exprimare a lui Gheorghe Fikl, aceasta are \u00eent\u00e2ietate. Acum, pictorul preg\u0103te\u0219te o expozi\u021bie de anvergur\u0103 care va avea loc \u00een luna septembrie la Bucure\u0219ti, la Galateca, \u0219i este, \u00een continuare, \u00een leg\u0103tur\u0103 cu galerii renumite de peste grani\u021be unde vor ajunge picturile sale.<\/p>\n<p>Sursa foto: <a href=\"http:\/\/www.fikl.com\/\" target=\"_blank\">www.fikl.com<\/a><\/p>\n<p>\u00a0<\/p>\n<\/div>\n<footer>\n<div class=\"td-post-source-tags td-pb-padding-side\">\n<ul class=\"td-tags td-post-small-box clearfix\">\n<li><span>ETICHETE<\/span><\/li>\n<li><a href=\"https:\/\/www.pressalert.ro\/tag\/archita\/\">archita<\/a><\/li>\n<li><a href=\"https:\/\/www.pressalert.ro\/tag\/arta\/\">arta<\/a><\/li>\n<li><a href=\"https:\/\/www.pressalert.ro\/tag\/arta-contemporana\/\">arta contemporana<\/a><\/li>\n<li><a href=\"https:\/\/www.pressalert.ro\/tag\/artist\/\">artist<\/a><\/li>\n<li><a href=\"https:\/\/www.pressalert.ro\/tag\/caras-severin\/\">caras severin<\/a><\/li>\n<li><a href=\"https:\/\/www.pressalert.ro\/tag\/casa-regala\/\">casa regala<\/a><\/li>\n<li><a href=\"https:\/\/www.pressalert.ro\/tag\/colectie\/\">colectie<\/a><\/li>\n<li><a href=\"https:\/\/www.pressalert.ro\/tag\/colectie-personala\/\">colectie personala<\/a><\/li>\n<li><a href=\"https:\/\/www.pressalert.ro\/tag\/colectionar\/\">colectionar<\/a><\/li>\n<li><a href=\"https:\/\/www.pressalert.ro\/tag\/expoziti\/\">expoziti<\/a><\/li>\n<li><a href=\"https:\/\/www.pressalert.ro\/tag\/fikl\/\">fikl<\/a><\/li>\n<li><a href=\"https:\/\/www.pressalert.ro\/tag\/fikl-com\/\">fikl.com<\/a><\/li>\n<li><a href=\"https:\/\/www.pressalert.ro\/tag\/gheorghe-fikl\/\">gheorghe fikl<\/a><\/li>\n<li><a href=\"https:\/\/www.pressalert.ro\/tag\/jazz\/\">jazz<\/a><\/li>\n<li><a href=\"https:\/\/www.pressalert.ro\/tag\/maramures\/\">maramures<\/a><\/li>\n<li><a href=\"https:\/\/www.pressalert.ro\/tag\/marea-britanie\/\">marea britanie<\/a><\/li>\n<li><a href=\"https:\/\/www.pressalert.ro\/tag\/pian\/\">pian<\/a><\/li>\n<li><a href=\"https:\/\/www.pressalert.ro\/tag\/pictor\/\">pictor<\/a><\/li>\n<li><a href=\"https:\/\/www.pressalert.ro\/tag\/picturi\/\">picturi<\/a><\/li>\n<li><a href=\"https:\/\/www.pressalert.ro\/tag\/printul-charles\/\">printul charles<\/a><\/li>\n<li><a href=\"https:\/\/www.pressalert.ro\/tag\/schortgen-gallery\/\">schortgen gallery<\/a><\/li>\n<li><a href=\"https:\/\/www.pressalert.ro\/tag\/slag-gallery\/\">slag gallery<\/a><\/li>\n<li><a href=\"https:\/\/www.pressalert.ro\/tag\/socolari\/\">socolari<\/a><\/li>\n<li><a href=\"https:\/\/www.pressalert.ro\/tag\/timisora\/\">timisora<\/a><\/li>\n<\/ul>\n<\/div>\n<div class=\"td-post-sharing td-post-sharing-bottom td-pb-padding-side\"><span class=\"td-post-share-title\">DISTRIBUI\u021aI<\/span><\/p>\n<div class=\"td-default-sharing \"><a class=\"td-social-sharing-buttons td-social-facebook\" href=\"http:\/\/www.facebook.com\/sharer.php?u=https%3A%2F%2Fwww.pressalert.ro%2F2014%2F04%2Fgheorghe-fikl%2F\"><\/p>\n<div class=\"td-social-but-text\">Facebook<\/div>\n<p><\/a><a class=\"td-social-sharing-buttons td-social-twitter\" href=\"https:\/\/twitter.com\/intent\/tweet?text=CAMPANIE+PRESSALERT.ro+C%C3%82%C8%98TIG%C4%82TORII+Gheorghe+Fikl%2C+pictorul+timi%C8%99orean+care+l-a+cucerit+pe+Prin%C8%9Bul+Charles+al+Marii+Britanii+cu+arta+sa&amp;url=https%3A%2F%2Fwww.pressalert.ro%2F2014%2F04%2Fgheorghe-fikl%2F&amp;via=PRESSALERT.ro\"><\/p>\n<div class=\"td-social-but-text\">Twitter<\/div>\n<p><\/a><\/div>\n<\/div>\n<div class=\"td-block-row td-post-next-prev\">\n<div class=\"td-block-span6 td-post-prev-post\">\n<div class=\"td-post-next-prev-content\"><span>Articolul precedent<\/span><a href=\"https:\/\/www.pressalert.ro\/2014\/04\/manastirea-timiseni-locul-unde-se-pastreaza-traditia-cum-vopsesc-maicutele-ouale-rosii-pentru-pasti-foto\/\">M\u00e2n\u0103stirea Timi\u0219eni, locul unde tradi\u021bia de Pa\u0219ti se p\u0103streaz\u0103 cu sfin\u021benie. Ce metod\u0103 natural\u0103 folosesc m\u0103icu\u021bele pentru a vopsi ou\u0103le ro\u0219ii FOTO<\/a><\/div>\n<\/div>\n<div class=\"td-block-span6 td-post-next-post\">\n<div class=\"td-post-next-prev-content\"><span>Articolul urm\u0103tor<\/span><a href=\"https:\/\/www.pressalert.ro\/2014\/04\/cum-au-adus-mai-multi-tineri-din-timisoara-zambete-de-paste-pentru-sapte-familii-sarace\/\">Cum au adus mai mul\u021bi tineri din Timi\u0219oara \u201ez\u00e2mbete de Pa\u0219te\u201d pentru \u0219apte familii s\u0103race<\/a><\/div>\n<\/div>\n<\/div>\n<div class=\"author-box-wrap\"><a href=\"https:\/\/www.pressalert.ro\/author\/mirelasv\/\"><img decoding=\"async\" alt src=\"https:\/\/secure.gravatar.com\/avatar\/2a0c782cd3352d514756c617f1763a62?s=96&amp;d=mm&amp;r=g\" class=\"avatar avatar-96 photo\" height=\"96\" width=\"96\" loading=\"lazy\"><\/a><\/p>\n<div class=\"desc\">\n<div class=\"td-author-name vcard author\"><span class=\"fn\"><a href=\"https:\/\/www.pressalert.ro\/author\/mirelasv\/\">Mirela Stoeac Vl\u0103du\u021bi<\/a><\/span><\/div>\n<div class=\"td-author-url\"><a href=\"http:\/\/www.pressalert.ro\">http:\/\/www.pressalert.ro<\/a><\/div>\n<\/div>\n<\/div>\n<p><span><\/span><span><span><\/span><\/span><span><\/span><\/footer>\n<\/article>\n<p> Source URL: https:\/\/www.pressalert.ro\/2014\/04\/gheorghe-fikl\/<\/p>\n","protected":false},"excerpt":{"rendered":"<p>Acas\u0103Campanii PRESSALERTCAMPANIE PRESSALERT.ro C\u00c2\u0218TIG\u0102TORII Gheorghe Fikl, pictorul timi\u0219orean care l-a cucerit pe Prin\u021bul&#8230; Campanii PRESSALERT C\u00c2\u0218TIG\u0102TORII \u015etiri CAMPANIE PRESSALERT.ro C\u00c2\u0218TIG\u0102TORII Gheorghe Fikl, pictorul timi\u0219orean care l-a cucerit pe Prin\u021bul Charles al Marii Britanii cu arta sa De Mirela Stoeac Vl\u0103du\u021bi &#8211; apr. 18, 2014 0 DISTRIBUI\u021aI Facebook Twitter Culoare, dramatism, via\u021b\u0103. Astfel am putea descrie [&hellip;]<\/p>\n","protected":false},"author":1,"featured_media":0,"comment_status":"open","ping_status":"","sticky":false,"template":"","format":"standard","meta":{"footnotes":""},"categories":[89],"tags":[176],"class_list":["post-1237534","post","type-post","status-publish","format-standard","hentry","category-romania","tag-pressalert-ro"],"_links":{"self":[{"href":"https:\/\/analyse.optim.biz\/index.php?rest_route=\/wp\/v2\/posts\/1237534","targetHints":{"allow":["GET"]}}],"collection":[{"href":"https:\/\/analyse.optim.biz\/index.php?rest_route=\/wp\/v2\/posts"}],"about":[{"href":"https:\/\/analyse.optim.biz\/index.php?rest_route=\/wp\/v2\/types\/post"}],"author":[{"embeddable":true,"href":"https:\/\/analyse.optim.biz\/index.php?rest_route=\/wp\/v2\/users\/1"}],"replies":[{"embeddable":true,"href":"https:\/\/analyse.optim.biz\/index.php?rest_route=%2Fwp%2Fv2%2Fcomments&post=1237534"}],"version-history":[{"count":0,"href":"https:\/\/analyse.optim.biz\/index.php?rest_route=\/wp\/v2\/posts\/1237534\/revisions"}],"wp:attachment":[{"href":"https:\/\/analyse.optim.biz\/index.php?rest_route=%2Fwp%2Fv2%2Fmedia&parent=1237534"}],"wp:term":[{"taxonomy":"category","embeddable":true,"href":"https:\/\/analyse.optim.biz\/index.php?rest_route=%2Fwp%2Fv2%2Fcategories&post=1237534"},{"taxonomy":"post_tag","embeddable":true,"href":"https:\/\/analyse.optim.biz\/index.php?rest_route=%2Fwp%2Fv2%2Ftags&post=1237534"}],"curies":[{"name":"wp","href":"https:\/\/api.w.org\/{rel}","templated":true}]}}