{"id":123746,"date":"2018-02-15T21:20:14","date_gmt":"2018-02-15T18:20:14","guid":{"rendered":"https:\/\/analyse.optim.biz\/?p=123746"},"modified":"2018-02-15T21:20:14","modified_gmt":"2018-02-15T18:20:14","slug":"ce-au-vorbit-la-cotroceni-iohannis-dancila-si-dragnea","status":"publish","type":"post","link":"https:\/\/analyse.optim.biz\/?p=123746","title":{"rendered":"Ce au vorbit, la Cotroceni, Iohannis, D\u0103ncil\u0103 \u015fi Dragnea"},"content":{"rendered":"<div class=\"entry data-app-meta data-app-meta-article\" data-embed-base-url-canonical=\"https:\/\/www.digi24.ro\/embed\/stiri\/actualitate\/justitie\/ce-au-vorbit-azi-la-cotroceni-iohannis-dancila-si-dragnea-879195\">\n<p data-index=\"1\"><strong>Pre\u015fedintele Klaus Iohannis a precizat c\u0103 a avut ast\u0103zi o \u00eent\u00e2lnire cu premierul Viorica D\u0103ncil\u0103 \u015fi cu pre\u015fedintele PSD, Liviu Dragnea, despre colaborarea sa cu noul Guvern, unul dintre subiecte fiind despre justi\u0163ie.<\/strong><\/p>\n<p data-index=\"2\">\u201eAm avut \u00een aceast\u0103 dup\u0103-amiaz\u0103 o \u00eent\u00e2lnire despre care cred c\u0103 este bine s\u0103 \u015fti\u0163i. Am primit pe doamna prim-ministru D\u0103ncil\u0103 \u015fi pe domnul pre\u015fedinte Dragnea, aici, la Cotroceni. Aceast\u0103 \u00eent\u00e2lnire a fost planificat\u0103 \u00eenc\u0103 din seara c\u00e2nd a avut loc depunerea jur\u0103m\u00e2ntului din partea noului guvern \u015fi rostul acestei \u00eent\u00e2lniri a fost de a defini cadrul colabor\u0103rii institu\u0163ionale \u00eentre mine \u015fi noul guvern. Am discutat despre nevoia de colaborare \u00een unele proiecte care sunt de importan\u0163\u0103 na\u0163ional\u0103\u201d, a declarat pre\u015fedintele Iohannis.<\/p>\n<p data-index=\"3\">El a men\u0163ionat care sunt proiectele pe care le-au discutat: primul \u015fi cel mai important preg\u0103tirea pentru pre\u015fedin\u0163ia Consiliului UE, al doilea &#8211; Centenarul Unirii, care \u201dnu este doar al cuiva, ci al Rom\u00e2niei \u015fi al rom\u00e2nilor\u201d, fiind nevoie de o coordonare a ac\u0163iunilor. O alt\u0103 tem\u0103 s-a referit la \u201eSummitul Celor Trei M\u0103ri\u201d care va fi \u00een Rom\u00e2nia \u00een toamn\u0103.<\/p>\n<p data-index=\"4\">\u201e\u015ei da, am discutat \u015fi despre justi\u0163ie, \u015fi despre ce s-a convenit cu ministrul Justi\u0163iei \u015fi mi-am exprimat \u015fi nemul\u0163umirea c\u0103 exist\u0103 un nou scandal legat de justi\u0163ie, mai exact de DNA, \u00een spa\u0163iul public. Doamna prim-ministru mi-a relatat &#8211; foarte pe scurt, desigur &#8211; c\u0103 a avut o discu\u0163ie cu domnul ministru al Justi\u0163iei, c\u0103ruia \u00eei las\u0103 m\u00e2n\u0103 liber\u0103 \u00een ce prive\u015fte aceast\u0103 chestiune vizavi de DNA \u015fi, la pu\u0163in timp dup\u0103 aceea, a\u0163i putut urm\u0103ri pozi\u0163ia ministrului Justi\u0163iei, care ne-a informat c\u0103 ne va informa\u201d, a afirmat Klaus Iohannis.<\/p>\n<p data-index=\"5\">R\u0103spunz\u00e2nd unei \u00eentreb\u0103ri, pre\u015fedintele a relatat cum s-a ajuns la aceast\u0103 \u00eent\u00e2lnire: \u201eCu ocazia festivit\u0103\u0163ii de \u00eenvestitur\u0103, am fost \u00eentrebat dac\u0103 dup\u0103 c\u00e2teva zile de exerci\u0163iu al func\u0163iunii de prim-ministru voi fi de acord s\u0103 avem o \u00eent\u00e2lnire \u00een trei \u015fi am fost de acord \u015fi azi am avut aceast\u0103 \u00eent\u00e2lnire\u201d.<\/p>\n<p data-index=\"6\">Citi\u0163i <a href=\"http:\/\/www.presidency.ro\/ro\/media\/declaratii-de-presa\/declaratie-de-presa1518712012\" target=\"_blank\" rel=\"noopener\" data-skip-linkfix=\"1\"><strong>aici<\/strong><\/a> transcriptul conferin\u0163ei de pres\u0103.<\/p>\n<p data-index=\"7\">FOTO: INQUAM PHOTOS &#8211; Octav Ganea<\/p>\n<\/div>\n<p> Source URL: https:\/\/www.digi24.ro\/stiri\/actualitate\/justitie\/ce-au-vorbit-azi-la-cotroceni-iohannis-dancila-si-dragnea-879195<\/p>\n","protected":false},"excerpt":{"rendered":"<p>Pre\u015fedintele Klaus Iohannis a precizat c\u0103 a avut ast\u0103zi o \u00eent\u00e2lnire cu premierul Viorica D\u0103ncil\u0103 \u015fi cu pre\u015fedintele PSD, Liviu Dragnea, despre colaborarea sa cu noul Guvern, unul dintre subiecte fiind despre justi\u0163ie. \u201eAm avut \u00een aceast\u0103 dup\u0103-amiaz\u0103 o \u00eent\u00e2lnire despre care cred c\u0103 este bine s\u0103 \u015fti\u0163i. Am primit pe doamna prim-ministru D\u0103ncil\u0103 \u015fi [&hellip;]<\/p>\n","protected":false},"author":1,"featured_media":123747,"comment_status":"open","ping_status":"","sticky":false,"template":"","format":"standard","meta":{"footnotes":""},"categories":[2],"tags":[11],"class_list":["post-123746","post","type-post","status-publish","format-standard","has-post-thumbnail","hentry","category-politics","tag-digi24"],"_links":{"self":[{"href":"https:\/\/analyse.optim.biz\/index.php?rest_route=\/wp\/v2\/posts\/123746","targetHints":{"allow":["GET"]}}],"collection":[{"href":"https:\/\/analyse.optim.biz\/index.php?rest_route=\/wp\/v2\/posts"}],"about":[{"href":"https:\/\/analyse.optim.biz\/index.php?rest_route=\/wp\/v2\/types\/post"}],"author":[{"embeddable":true,"href":"https:\/\/analyse.optim.biz\/index.php?rest_route=\/wp\/v2\/users\/1"}],"replies":[{"embeddable":true,"href":"https:\/\/analyse.optim.biz\/index.php?rest_route=%2Fwp%2Fv2%2Fcomments&post=123746"}],"version-history":[{"count":0,"href":"https:\/\/analyse.optim.biz\/index.php?rest_route=\/wp\/v2\/posts\/123746\/revisions"}],"wp:featuredmedia":[{"embeddable":true,"href":"https:\/\/analyse.optim.biz\/index.php?rest_route=\/wp\/v2\/media\/123747"}],"wp:attachment":[{"href":"https:\/\/analyse.optim.biz\/index.php?rest_route=%2Fwp%2Fv2%2Fmedia&parent=123746"}],"wp:term":[{"taxonomy":"category","embeddable":true,"href":"https:\/\/analyse.optim.biz\/index.php?rest_route=%2Fwp%2Fv2%2Fcategories&post=123746"},{"taxonomy":"post_tag","embeddable":true,"href":"https:\/\/analyse.optim.biz\/index.php?rest_route=%2Fwp%2Fv2%2Ftags&post=123746"}],"curies":[{"name":"wp","href":"https:\/\/api.w.org\/{rel}","templated":true}]}}