{"id":123735,"date":"2018-02-15T21:50:21","date_gmt":"2018-02-15T18:50:21","guid":{"rendered":"https:\/\/analyse.optim.biz\/?p=123735"},"modified":"2018-02-15T21:50:21","modified_gmt":"2018-02-15T18:50:21","slug":"ctp-daca-o-dadeau-jos-pe-kovesi-erau-jupanii-romaniei","status":"publish","type":"post","link":"https:\/\/analyse.optim.biz\/?p=123735","title":{"rendered":"CTP: Dac\u0103 o d\u0103deau jos pe Kovesi erau jup\u00e2nii Rom\u00e2niei"},"content":{"rendered":"<div class=\"entry data-app-meta data-app-meta-article\" data-embed-base-url-canonical=\"https:\/\/www.digi24.ro\/embed\/stiri\/actualitate\/politica\/ctp-ardere-pe-ruj-vrajitoare-kovesi-putere-dragnea-stapanii-romaniei-879200\">\n<p data-index=\"1\"><strong>Cristian Tudor Popescu a criticat <a href=\"https:\/\/www.digi24.ro\/stiri\/actualitate\/politica\/klaus-iohannis-face-declaratii-la-2015-879094\" data-skip-linkfix=\"1\">ie\u0219irea de joi sear\u0103 a pre\u0219edintelui Klaus Iohannis<\/a>. \u00cen schimb, jurnalistul a apreciat pozitiv <a href=\"https:\/\/www.digi24.ro\/stiri\/actualitate\/justitie\/sefa-dna-kovesi-conferinta-de-presa-februarie-2018-878164\" data-skip-linkfix=\"1\">conferin\u021ba de pres\u0103 de miercuri a \u0219efei DNA<\/a>. El a vorbit \u0219i despre <a href=\"https:\/\/www.digi24.ro\/stiri\/actualitate\/evenimente\/premierul-s-a-intalnit-cu-ministrul-justitiei-tudorel-toader-va-sustine-o-informare-de-presa-la-ora-1800-878906\" data-skip-linkfix=\"1\">\u201einformarea de pres\u0103\u201d a ministrului Justi\u021biei, Tudorel Toader<\/a>, care a anun\u021bat c\u0103 va prezenta \u00een Parlament un raport despre activitatea DNA.\u00a0\u201eS-a dezumflat acum trei ore procesul de ardere pe rug sau de decapitare la propriu a doamnei Kovesi\u201d, a subliniat jurnalistul.<\/strong><\/p>\n<p data-index=\"2\">\u201ePentru justi\u021bie, pentru ce vedem c\u0103 se \u00eent\u00e2mpl\u0103 \u0219i chiar pentru opinia public\u0103 ce a f\u0103cut domnul Iohannis se poate numi scurt: b\u0103gare \u00een seam\u0103. A constatat c\u0103 se a\u0219teapt\u0103 mult\u0103 lume s\u0103 ias\u0103 \u0219i s\u0103 vorbeasc\u0103. Eu nu. Nu avea de ce s\u0103 ias\u0103 \u0219i s\u0103 se antepronun\u021be c\u0103 nu o va revoca pe doamna Kovesi. E o declara\u021bie politic\u0103\u201d, a ad\u0103ugat el.<\/p>\n<p data-index=\"3\">Jurnalistul a apreciat c\u0103 pre\u0219edintele \u201eeste \u00eentr-o curs\u0103 de recuperare de voturi din moment ce a acceptat-o pe doamna D\u0103ncil\u0103 \u0219i a dat a treia \u0219ans\u0103 PSD-ului\u201d.<\/p>\n<p data-index=\"4\">\u201eA fost o ie\u0219ire arogant\u0103 \u00een aceast\u0103 sear\u0103, obstruc\u021bionist\u0103, \u00een contrast evident cu ce a f\u0103cut doamna Kovesi ieri sear\u0103. Dl. Iohannis nu avea de g\u00e2nd s\u0103 r\u0103spund\u0103 la nicio \u00eentrebare. A venit s\u0103 comunice un singur lucru: c\u0103 nu avea de g\u00e2nd s\u0103 o revoce pe doamna Kovesi\u201d, a mai spus jurnalistul.<\/p>\n<p data-index=\"5\">\u201eA venit s\u0103 exprime cu superioritate c\u0103 decizia este la el, c\u0103 nu au cum s\u0103 treac\u0103 peste ea factorii politici \u0219i a ales \u0219i posibilitatea punerii de \u00eentreb\u0103ri ca s\u0103 nu fie prea mare contrastul fa\u021b\u0103 de doamna Kovesi. Am admirat-o. A stat, a r\u0103spuns \u0219i de trei ori la aceea\u0219i \u00eentrebare cu o r\u0103bdare inepuizabil\u0103. (&#8230;) Doamna Kovesi nu a vorbit de penali, a vorbit de inculpa\u021bi, de trimi\u0219i \u00een judecat\u0103. Cuv\u00e2ntul penali nu exist\u0103 \u00een terminologia judiciar\u0103. \u00centrebarea: Ce \u00een\u021belege\u021bi prin penali este justificat\u0103. Dl. Iohannis nu a dorit s\u0103 r\u0103spund\u0103. R\u0103spunsul \u00eel dau eu: e un cuv\u00e2nt politic. De ce era nevoie de aceast\u0103 exprimare a domnului Iohannis? Politic! Vrea s\u0103 rec\u00e2\u0219tige voturi, de unde a pierdut, de la electoratul s\u0103u. A dorit s\u0103-i lini\u0219teasc\u0103, sta\u021bi lini\u0219ti\u021bi c\u0103 nu o schimb. A f\u0103cut un lucru de prost gust \u0219i nenecesar. O b\u0103gare \u00een seam\u0103\u201d, a mai spus Cristian Tudor Popescu.<\/p>\n<p data-index=\"6\">Jurnalistul a ad\u0103ugat c\u0103 pre\u0219edintele Iohannis a sus\u021binut o declara\u021bie de pres\u0103 joi sear\u0103, dup\u0103 \u201einformarea de pres\u0103\u201d a ministrului Tudorel Toader, pentru c\u0103 \u201es-a dezumflat procesul de ardere pe rug\u201d a \u0219efei DNA.<\/p>\n<p data-index=\"7\">\u201eS-a dezumflat acum trei ore procesul de ardere pe rug sau de decapitare la propriu a doamnei Kovesi. Tot ce am v\u0103zut \u00een aceste zile a fost un proces din evul mediu de execu\u021bie pe rug a unei vr\u0103jitoare. A\u0219a se f\u0103cea atunci. Dac\u0103 o femeie era nec\u0103s\u0103torit\u0103, se \u00eent\u00e2mpla s\u0103 fie brunet\u0103 \u0219i s\u0103 aib\u0103 ochii negri \u0219i mari, avea \u0219anse peste 50% s\u0103 moar\u0103 pentru vr\u0103jitorie. O astfel de femeie intra \u00eentr-o camer\u0103 \u0219i dup\u0103 aceea copilul familiei \u00eencepea s\u0103 se simt\u0103 r\u0103u, respectivii strigau: vr\u0103jitoarea s-a uitat lung la copil! \u0218i era suficient ca s\u0103 fie ars\u0103 pe rug. (&#8230;) Se aducea acuza c\u0103 s-a \u00eempreunat cu demonii. Asta este acuza care i s-a adus de fapt doamnei Kovesi, c\u0103 s-a \u00eempreunat cu diavolii, diavolii find \u0103ia de la Ploie\u0219ti. Nu exist\u0103 nicio dovad\u0103 c\u0103 au existat diavoli \u00een evul mediu dar se lua de bun lucrul \u0103sta. Atunci era mult mai simplu, ne pierdem vremea cu inspec\u021bia judiciar\u0103&#8230; Femeia era la tortura apei clocotite, o ardeau cu fierul ro\u0219u \u0219i ob\u021bineau finalmente c\u0103 s-a \u00eempreunat cu to\u021bi diavolii!\u201d, a mai spus el.<\/p>\n<p data-index=\"8\">\u201eAsta a fost baza ru\u0219inoas\u0103 a ceea ce am v\u0103zut \u00een ce o prive\u0219te pe doamna Kovesi, nu pe procurorii de la Ploie\u0219ti, care trebuie s\u0103 r\u0103spund\u0103 pentru ce au f\u0103cut acolo. Asta trebuie s\u0103 decid\u0103 Inspec\u021bia Judiciar\u0103, CSM-ul\u201d, a punctat jurnalistul.<\/p>\n<p data-index=\"9\">\u201eS-a dezumflat pentru c\u0103 ea func\u021biona p\u00e2n\u0103 la cap\u0103t dac\u0103 doamna Kovesi era demis\u0103 \u00een seara aceasta. S-a dezumflat, asta era b\u0103taia pe\u0219telui. \u00cen seara asta, pentru c\u0103, dac\u0103 dl Toader ar fi anun\u021bat c\u0103 doamna Kovesi e revocat\u0103 din func\u021bie, asta \u00eensemna ce? Noi, partidul, Dragnea, T\u0103riceanu, Codrin \u0218tef\u0103nescu, \u0218erban Nicolae, Ecaterina Andronescu, Paul St\u0103nescu \u0219i to\u021bi cei care au avut grij\u0103 s\u0103 se pronun\u021be \u00een sensul \u0103sta, c\u0103 partidul \u00eei spune s\u0103 plece \u0219i va pleca, \u00een momentul \u0103sta erau st\u0103p\u00e2nii Rom\u00e2niei. Noi am spus s\u0103 plece Kovesi \u0219i a plecat! Noi facem justi\u021bie \u00een \u021bara asta, noi hot\u0103r\u00e2m cine r\u0103m\u00e2ne \u00een func\u021bie. Acum, dac\u0103 vine dl. Tudorel Toader \u0219i zice: \u00een Parlament o s\u0103 prezint \u0219i eu un raport \u0219i vedem ce rezult\u0103&#8230; asta nu mai induce \u00een opinia public\u0103, nu mai produce sc\u00e2nteia&#8230; totul s-a orchestrat pentru declara\u021bia lui Tudorel Toader, s\u0103 o \u00eencarce cu suficient\u0103 putere politic\u0103 de partid pentru ca executarea doamnei Kovesi s\u0103 le fie atribuit\u0103. Pe ei nu-i intereseaz\u0103 s\u0103 rezulte c\u0103 a dat-o afar\u0103 ministrul Justi\u021biei Tudoric\u0103 Tudorel. \u00cei intereseaz\u0103 s\u0103 \u0219tie lumea cine-i jup\u00e2nul \u00een \u021bara asta \u0219i dac\u0103 o d\u0103deau jos pe Kovesi, ob\u021bineau lucrul \u0103sta\u201d, a spus Cristian Tudor Popescu.<\/p>\n<p data-index=\"10\">\u00a0<\/p>\n<\/div>\n<p> Source URL: https:\/\/www.digi24.ro\/stiri\/actualitate\/politica\/ctp-ardere-pe-ruj-vrajitoare-kovesi-putere-dragnea-stapanii-romaniei-879200<\/p>\n","protected":false},"excerpt":{"rendered":"<p>Cristian Tudor Popescu a criticat ie\u0219irea de joi sear\u0103 a pre\u0219edintelui Klaus Iohannis. \u00cen schimb, jurnalistul a apreciat pozitiv conferin\u021ba de pres\u0103 de miercuri a \u0219efei DNA. El a vorbit \u0219i despre \u201einformarea de pres\u0103\u201d a ministrului Justi\u021biei, Tudorel Toader, care a anun\u021bat c\u0103 va prezenta \u00een Parlament un raport despre activitatea DNA.\u00a0\u201eS-a dezumflat acum [&hellip;]<\/p>\n","protected":false},"author":1,"featured_media":123736,"comment_status":"open","ping_status":"","sticky":false,"template":"","format":"standard","meta":{"footnotes":""},"categories":[2],"tags":[11],"class_list":["post-123735","post","type-post","status-publish","format-standard","has-post-thumbnail","hentry","category-politics","tag-digi24"],"_links":{"self":[{"href":"https:\/\/analyse.optim.biz\/index.php?rest_route=\/wp\/v2\/posts\/123735","targetHints":{"allow":["GET"]}}],"collection":[{"href":"https:\/\/analyse.optim.biz\/index.php?rest_route=\/wp\/v2\/posts"}],"about":[{"href":"https:\/\/analyse.optim.biz\/index.php?rest_route=\/wp\/v2\/types\/post"}],"author":[{"embeddable":true,"href":"https:\/\/analyse.optim.biz\/index.php?rest_route=\/wp\/v2\/users\/1"}],"replies":[{"embeddable":true,"href":"https:\/\/analyse.optim.biz\/index.php?rest_route=%2Fwp%2Fv2%2Fcomments&post=123735"}],"version-history":[{"count":0,"href":"https:\/\/analyse.optim.biz\/index.php?rest_route=\/wp\/v2\/posts\/123735\/revisions"}],"wp:featuredmedia":[{"embeddable":true,"href":"https:\/\/analyse.optim.biz\/index.php?rest_route=\/wp\/v2\/media\/123736"}],"wp:attachment":[{"href":"https:\/\/analyse.optim.biz\/index.php?rest_route=%2Fwp%2Fv2%2Fmedia&parent=123735"}],"wp:term":[{"taxonomy":"category","embeddable":true,"href":"https:\/\/analyse.optim.biz\/index.php?rest_route=%2Fwp%2Fv2%2Fcategories&post=123735"},{"taxonomy":"post_tag","embeddable":true,"href":"https:\/\/analyse.optim.biz\/index.php?rest_route=%2Fwp%2Fv2%2Ftags&post=123735"}],"curies":[{"name":"wp","href":"https:\/\/api.w.org\/{rel}","templated":true}]}}