{"id":123720,"date":"2018-02-15T22:17:44","date_gmt":"2018-02-15T19:17:44","guid":{"rendered":"https:\/\/analyse.optim.biz\/?p=123720"},"modified":"2018-02-15T22:17:44","modified_gmt":"2018-02-15T19:17:44","slug":"rise-project-elena-udrea-se-afla-in-costa-rica-din-7-februarie","status":"publish","type":"post","link":"https:\/\/analyse.optim.biz\/?p=123720","title":{"rendered":"Rise Project: Elena Udrea se afl\u0103 \u00een Costa Rica din 7 februarie"},"content":{"rendered":"<div class=\"entry data-app-meta data-app-meta-article\" data-embed-base-url-canonical=\"https:\/\/www.digi24.ro\/embed\/stiri\/actualitate\/rise-project-elena-udrea-se-afla-in-costa-rica-din-7-februarie-879220\">\n<div class=\"\" data-block=\"true\" data-editor=\"8r30v\" data-offset-key=\"a4oke-0-0\">\n<div class=\"_1mf _1mj\" data-offset-key=\"a4oke-0-0\"><strong>Elena Udrea a ajuns de miercurea trecut\u0103, din 7 februarie, \u00een Costa Rica, acolo unde se afl\u0103 \u0219i Alina Bica, scrie <a href=\"https:\/\/www.riseproject.ro\/directia-alina-bica-costa-rica\/\" target=\"_blank\" rel=\"noopener\" data-skip-linkfix=\"1\">Rise Project<\/a>.\u00a0Fostul ministru a aterizat pe aeroportul interna\u021bional San Juan, potrivit sursei citate.<\/strong>\u00a0<\/div>\n<div data-offset-key=\"a4oke-0-0\">\u00a0<\/div>\n<\/div>\n<div data-offset-key=\"a4oke-0-0\">\n<figure class=\"article-thumb\"><img decoding=\"async\" src=\"https:\/\/analyse.optim.biz\/wp-content\/uploads\/2024\/09\/ptemagfzad1jyjcwmjllmza5n2e4njqznmrlmge4mdcxowrkmmrkng-thumb_.jpg\" alt=\"udrea dna\" data-skip-htmlfix=\"1\" title=\"ptemagfzad1jyjcwmjllmza5n2e4njqznmrlmge4mdcxowrkmmrkng-thumb_\"><figcaption> Foto: Inquam Photos\/Octav Ganea <\/figcaption><\/figure>\n<\/div>\n<div data-block=\"true\" data-editor=\"8r30v\" data-offset-key=\"a4oke-0-0\">\n<div data-offset-key=\"a4oke-0-0\">\n<div data-block=\"true\" data-editor=\"dr465\" data-offset-key=\"8v4nf-0-0\">\n<div data-offset-key=\"8v4nf-0-0\">\u00a0<\/div>\n<div data-offset-key=\"8v4nf-0-0\">Pe 8 februarie,\u00a0Elena Udrea nu s-a prezentat la un termen al procesului \u00een care este acuzat\u0103 de finan\u021bare ilegal\u0103 a campaniei electorale din 2009. Avocatul s\u0103u a confirmat ulterior c\u0103 fosttul ministru a plecat \u00een Grecia, la Atena. Iat\u0103 c\u0103, dup\u0103 o s\u0103pt\u0103m\u00e2n\u0103, apare informa\u021bie c\u0103 Elena Udrea se afl\u0103 \u00een Costa Rica.<\/div>\n<\/div>\n<\/div>\n<\/div>\n<div data-offset-key=\"8v4nf-0-0\">\u00a0<\/div>\n<div data-offset-key=\"8v4nf-0-0\"><img loading=\"lazy\" decoding=\"async\" class=\"alignnone size-full wp-image-879228\" src=\"https:\/\/analyse.optim.biz\/wp-content\/uploads\/2024\/09\/dz04mdamagfzad05n2ewzwy4odzkm2m2zmexogu2otyzzthiyji5zta4za-thumb_.jpg\" width=\"1024\" height=\"420\" data-skip-htmlfix=\"1\" title=\"dz04mdamagfzad05n2ewzwy4odzkm2m2zmexogu2otyzzthiyji5zta4za-thumb_\"><\/div>\n<div class=\"\" data-block=\"true\" data-editor=\"8r30v\" data-offset-key=\"a4oke-0-0\">\n<div data-offset-key=\"a4oke-0-0\">\n<div class=\"\" data-block=\"true\" data-editor=\"dr465\" data-offset-key=\"8v4nf-0-0\">\n<div data-offset-key=\"8v4nf-0-0\">La o zi dup\u0103,\u00a0Elena Udrea a reac\u021bionat pe Facebook \u0219i a spus c\u0103 \u201eunii nu au avut somn\u201d \u015fi, dup\u0103 miezul nop\u0163ii, s-au apucat s\u0103 \u00eempr\u0103\u015ftie \u201epe surse\u201d, av\u00e2nd \u201eordin pe unitate\u201d, c\u0103 ea \u201ea p\u0103r\u0103sit \u0163ara\u201d.<\/div>\n<div data-offset-key=\"8v4nf-0-0\">\u00a0<\/div>\n<div data-offset-key=\"8v4nf-0-0\">Ea a mai spus c\u0103\u00a0o prive\u015fte \u201efix\u201d pe ea dac\u0103 pleac\u0103 \u00een vacan\u0163\u0103 sau cu treab\u0103 sau dac\u0103 merge \u00een Costa Rica s\u0103 o viziteze pe Alina Bica sau dac\u0103 s-ar plimba cu ea la Paris.<\/div>\n<div data-offset-key=\"8v4nf-0-0\">\u00a0<\/div>\n<div data-offset-key=\"8v4nf-0-0\">A\u0219adar, num\u0103rul celor care, condamna\u021bi sau judeca\u021bi pentru fapte de corup\u021bie, au plecat din \u021bar\u0103 a ajuns la 11: Alexander Adamescu, Puiu Popoviciu, Sebastian Ghi\u021b\u0103, Radu Maz\u0103re, Alina Bica, Marko Attila, Elan Schwartzenberg, Codru\u021b Marta, Ioan Bene, Vlad Cosma \u0219i Elena Udrea.<\/div>\n<div data-offset-key=\"8v4nf-0-0\">\u00a0<\/div>\n<\/div>\n<\/div>\n<\/div>\n<\/div>\n<p> Source URL: https:\/\/www.digi24.ro\/stiri\/actualitate\/rise-project-elena-udrea-se-afla-in-costa-rica-din-7-februarie-879220<\/p>\n","protected":false},"excerpt":{"rendered":"<p>Elena Udrea a ajuns de miercurea trecut\u0103, din 7 februarie, \u00een Costa Rica, acolo unde se afl\u0103 \u0219i Alina Bica, scrie Rise Project.\u00a0Fostul ministru a aterizat pe aeroportul interna\u021bional San Juan, potrivit sursei citate.\u00a0 \u00a0 Foto: Inquam Photos\/Octav Ganea \u00a0 Pe 8 februarie,\u00a0Elena Udrea nu s-a prezentat la un termen al procesului \u00een care este [&hellip;]<\/p>\n","protected":false},"author":1,"featured_media":123721,"comment_status":"open","ping_status":"","sticky":false,"template":"","format":"standard","meta":{"footnotes":""},"categories":[2],"tags":[11],"class_list":["post-123720","post","type-post","status-publish","format-standard","has-post-thumbnail","hentry","category-politics","tag-digi24"],"_links":{"self":[{"href":"https:\/\/analyse.optim.biz\/index.php?rest_route=\/wp\/v2\/posts\/123720","targetHints":{"allow":["GET"]}}],"collection":[{"href":"https:\/\/analyse.optim.biz\/index.php?rest_route=\/wp\/v2\/posts"}],"about":[{"href":"https:\/\/analyse.optim.biz\/index.php?rest_route=\/wp\/v2\/types\/post"}],"author":[{"embeddable":true,"href":"https:\/\/analyse.optim.biz\/index.php?rest_route=\/wp\/v2\/users\/1"}],"replies":[{"embeddable":true,"href":"https:\/\/analyse.optim.biz\/index.php?rest_route=%2Fwp%2Fv2%2Fcomments&post=123720"}],"version-history":[{"count":0,"href":"https:\/\/analyse.optim.biz\/index.php?rest_route=\/wp\/v2\/posts\/123720\/revisions"}],"wp:featuredmedia":[{"embeddable":true,"href":"https:\/\/analyse.optim.biz\/index.php?rest_route=\/wp\/v2\/media\/123721"}],"wp:attachment":[{"href":"https:\/\/analyse.optim.biz\/index.php?rest_route=%2Fwp%2Fv2%2Fmedia&parent=123720"}],"wp:term":[{"taxonomy":"category","embeddable":true,"href":"https:\/\/analyse.optim.biz\/index.php?rest_route=%2Fwp%2Fv2%2Fcategories&post=123720"},{"taxonomy":"post_tag","embeddable":true,"href":"https:\/\/analyse.optim.biz\/index.php?rest_route=%2Fwp%2Fv2%2Ftags&post=123720"}],"curies":[{"name":"wp","href":"https:\/\/api.w.org\/{rel}","templated":true}]}}