{"id":123717,"date":"2018-02-15T22:48:25","date_gmt":"2018-02-15T19:48:25","guid":{"rendered":"https:\/\/analyse.optim.biz\/?p=123717"},"modified":"2018-02-15T22:48:25","modified_gmt":"2018-02-15T19:48:25","slug":"ce-i-a-cerut-dancila-lui-toader-inainte-de-sedinta-de-guvern","status":"publish","type":"post","link":"https:\/\/analyse.optim.biz\/?p=123717","title":{"rendered":"Ce i-a cerut D\u0103ncil\u0103 lui Toader, \u00eenainte de \u0219edin\u021ba de Guvern"},"content":{"rendered":"<div class=\"entry data-app-meta data-app-meta-article\" data-embed-base-url-canonical=\"https:\/\/www.digi24.ro\/embed\/stiri\/actualitate\/justitie\/ce-i-a-ferut-dancila-lui-tudorel-inainte-de-sedinta-de-guvern-879244\">\n<p data-index=\"1\"><strong>Premierul Viorica D\u0103ncil\u0103 a declarat, joi, c\u0103 i-a cerut ministrului justi\u0163iei Tudorel Toader ca, din punct de vedere juridic, s\u0103 fac\u0103 toate demersurile pentru aflarea adev\u0103rului \u00een leg\u0103tur\u0103 cu informa\u0163iile ap\u0103rute \u00een spa\u0163iul public privind DNA, men\u0163ion\u00e2nd c\u0103 rezolvarea acestor aspecte este treaba Ministerului Justi\u0163iei.<\/strong><\/p>\n<figure class=\"article-thumb\"><img decoding=\"async\" src=\"https:\/\/analyse.optim.biz\/wp-content\/uploads\/2024\/09\/odawjnpjptemagfzad1hmwy5n2i4ywi0odgxodljmtzkyjqwntzjmtrjmjhing-thumb_.jpg\" alt=\"180126_VIORICA_DANCILA_DECLARATIE_009_INQUAM_Photos_Octav_Ganea\" data-skip-htmlfix=\"1\" title=\"odawjnpjptemagfzad1hmwy5n2i4ywi0odgxodljmtzkyjqwntzjmtrjmjhing-thumb_\"><figcaption> Foto: InquamPhotos\/Octav Ganea <\/figcaption><\/figure>\n<p data-index=\"2\">\u201eImediat ce aceste probleme au ap\u0103rut \u00een spa\u0163iul public l-am rugat pe domnul ministru s\u0103 se \u00eentoarc\u0103 \u00een \u0163ar\u0103, a venit \u00een \u0163ar\u0103 ast\u0103zi, a venit direct la Guvern. I-am spus despre aceste lucruri, d\u00e2nsul \u015ftia deja. I-am cerut ca din punct de vedere juridic s\u0103 fac\u0103 toat\u0103 demersurile pentru aflarea adev\u0103rului \u015fi m\u0103surile care se impun \u00eentr-un caz sau altul, dup\u0103 ce problemele vor fi elucidate\u201d, a afirmat D\u0103ncil\u0103, la Antena 3, potrivit Agerpres.<\/p>\n<p data-index=\"3\">Ea a ad\u0103ugat c\u0103 ministrul Justi\u0163iei a fost \u201e\u00eentru-totul de acord\u201d.<\/p>\n<p data-index=\"4\">\u201eCred c\u0103 acest lucru este treaba justi\u0163iei, este treaba Ministerului Justi\u0163iei \u015fi ministrul Justi\u0163iei are obligativitatea s\u0103 rezolve aceste aspecte\u201d, a ad\u0103ugat D\u0103ncil\u0103.<\/p>\n<p data-index=\"5\">Tudorel Toader \u015fi-a \u00eentrerupt vizita \u00een Japonia \u015fi joi s-a prezentat la \u015fedin\u0163a de guvern, dup\u0103 ce premierul Viorica D\u0103ncil\u0103 i-a cerut s\u0103 revin\u0103 la Bucure\u015fti pentru a l\u0103muri informa\u0163iile recent ap\u0103rute \u00een spa\u0163iul public legate de DNA.<\/p>\n<p data-index=\"6\">Ulterior, <a href=\"https:\/\/www.digi24.ro\/stiri\/actualitate\/evenimente\/premierul-s-a-intalnit-cu-ministrul-justitiei-tudorel-toader-va-sustine-o-informare-de-presa-la-ora-1800-878906\" data-skip-linkfix=\"1\">ministrul\u00a0a anun\u0163at <\/a>c\u0103 s\u0103pt\u0103m\u00e2na viitoare va prezenta \u00een Parlament rezultatele raportului privind activitatea DNA, a DIICOT \u015fi a Ministerului Public.<\/p>\n<p data-index=\"7\">\u00a0<\/p>\n<\/div>\n<p> Source URL: https:\/\/www.digi24.ro\/stiri\/actualitate\/justitie\/ce-i-a-ferut-dancila-lui-tudorel-inainte-de-sedinta-de-guvern-879244<\/p>\n","protected":false},"excerpt":{"rendered":"<p>Premierul Viorica D\u0103ncil\u0103 a declarat, joi, c\u0103 i-a cerut ministrului justi\u0163iei Tudorel Toader ca, din punct de vedere juridic, s\u0103 fac\u0103 toate demersurile pentru aflarea adev\u0103rului \u00een leg\u0103tur\u0103 cu informa\u0163iile ap\u0103rute \u00een spa\u0163iul public privind DNA, men\u0163ion\u00e2nd c\u0103 rezolvarea acestor aspecte este treaba Ministerului Justi\u0163iei. Foto: InquamPhotos\/Octav Ganea \u201eImediat ce aceste probleme au ap\u0103rut \u00een [&hellip;]<\/p>\n","protected":false},"author":1,"featured_media":123718,"comment_status":"open","ping_status":"","sticky":false,"template":"","format":"standard","meta":{"footnotes":""},"categories":[2],"tags":[11],"class_list":["post-123717","post","type-post","status-publish","format-standard","has-post-thumbnail","hentry","category-politics","tag-digi24"],"_links":{"self":[{"href":"https:\/\/analyse.optim.biz\/index.php?rest_route=\/wp\/v2\/posts\/123717","targetHints":{"allow":["GET"]}}],"collection":[{"href":"https:\/\/analyse.optim.biz\/index.php?rest_route=\/wp\/v2\/posts"}],"about":[{"href":"https:\/\/analyse.optim.biz\/index.php?rest_route=\/wp\/v2\/types\/post"}],"author":[{"embeddable":true,"href":"https:\/\/analyse.optim.biz\/index.php?rest_route=\/wp\/v2\/users\/1"}],"replies":[{"embeddable":true,"href":"https:\/\/analyse.optim.biz\/index.php?rest_route=%2Fwp%2Fv2%2Fcomments&post=123717"}],"version-history":[{"count":0,"href":"https:\/\/analyse.optim.biz\/index.php?rest_route=\/wp\/v2\/posts\/123717\/revisions"}],"wp:featuredmedia":[{"embeddable":true,"href":"https:\/\/analyse.optim.biz\/index.php?rest_route=\/wp\/v2\/media\/123718"}],"wp:attachment":[{"href":"https:\/\/analyse.optim.biz\/index.php?rest_route=%2Fwp%2Fv2%2Fmedia&parent=123717"}],"wp:term":[{"taxonomy":"category","embeddable":true,"href":"https:\/\/analyse.optim.biz\/index.php?rest_route=%2Fwp%2Fv2%2Fcategories&post=123717"},{"taxonomy":"post_tag","embeddable":true,"href":"https:\/\/analyse.optim.biz\/index.php?rest_route=%2Fwp%2Fv2%2Ftags&post=123717"}],"curies":[{"name":"wp","href":"https:\/\/api.w.org\/{rel}","templated":true}]}}