{"id":1237115,"date":"2013-12-20T12:20:03","date_gmt":"2013-12-20T09:20:03","guid":{"rendered":"https:\/\/analyse.optim.biz\/?p=1237115"},"modified":"2013-12-20T12:20:03","modified_gmt":"2013-12-20T09:20:03","slug":"campanie-pressalert-ro-eroi-fara-glorie-povestea-tulburatoare-a-lui-marinel-care-a-ajuns-premiant-desi-mama-lui-nu-stie-sa-scrie-sau-sa-citeasca","status":"publish","type":"post","link":"https:\/\/analyse.optim.biz\/?p=1237115","title":{"rendered":"Campanie PRESSALERT.ro EROI F\u0102R\u0102 GLORIE Povestea tulbur\u0103toare a lui Marinel, care a ajuns premiant, de\u0219i mama lui nu \u0219tie s\u0103 scrie sau s\u0103 citeasc\u0103"},"content":{"rendered":"<article id=\"post-83369\" class=\"post-83369 post type-post status-publish format-standard has-post-thumbnail hentry category-campanii-pressalert category-eroi-fara-glorie-campanii-pressalert tag-copil tag-craciun tag-eroi-fara-glorie tag-marinel-morosan tag-timisoara\">\n<div class=\"td-post-header td-pb-padding-side\">\n<div class=\"entry-crumbs\"><span><a title class=\"entry-crumb\" href=\"https:\/\/www.pressalert.ro\/\"><span>Acas\u0103<\/span><\/a><\/span><span><a title=\"Vede\u021bi toate articolele \u00een Campanii PRESSALERT\" class=\"entry-crumb\" href=\"https:\/\/www.pressalert.ro\/category\/campanii-pressalert\/\"><span>Campanii PRESSALERT<\/span><\/a><\/span><span class=\"td-bred-no-url-last\">Campanie PRESSALERT.ro EROI F\u0102R\u0102 GLORIE Povestea tulbur\u0103toare a lui Marinel, care a&#8230;<\/span><\/div>\n<ul class=\"td-category\">\n<li class=\"entry-category\"><a href=\"https:\/\/www.pressalert.ro\/category\/campanii-pressalert\/\">Campanii PRESSALERT<\/a><\/li>\n<li class=\"entry-category\"><a href=\"https:\/\/www.pressalert.ro\/category\/campanii-pressalert\/eroi-fara-glorie-campanii-pressalert\/\">EROI F\u0102R\u0102 GLORIE<\/a><\/li>\n<\/ul>\n<header>\n<h1 class=\"entry-title\">Campanie PRESSALERT.ro EROI F\u0102R\u0102 GLORIE Povestea tulbur\u0103toare a lui Marinel, care a ajuns premiant, de\u0219i mama lui nu \u0219tie s\u0103 scrie sau s\u0103 citeasc\u0103<\/h1>\n<div class=\"meta-info\">\n<div class=\"td-post-author-name\">\n<div class=\"td-author-by\">De<\/div>\n<p><a href=\"https:\/\/www.pressalert.ro\/author\/adriana-mit\/\">Adriana M\u00ee\u021b<\/a><\/p>\n<div class=\"td-author-line\"> &#8211; <\/div>\n<\/div>\n<p><span class=\"td-post-date\"><time class=\"entry-date updated td-module-date\" datetime=\"2013-12-20T12:20:03+00:00\">dec. 20, 2013<\/time><\/span><\/p>\n<div class=\"td-post-comments\"><a href=\"https:\/\/www.pressalert.ro\/2013\/12\/campanie-pressalert-ro-eroi-fara-glorie-povestea-tulburatoare-lui-marinel-premiantul-care-copilareste-printre-necazurile-adultilor\/#comments\">5<\/a><\/div>\n<\/div>\n<\/header>\n<\/div>\n<div class=\"td-post-sharing td-post-sharing-top td-pb-padding-side\"><span class=\"td-post-share-title\">DISTRIBUI\u021aI<\/span><\/p>\n<div class=\"td-default-sharing \"><a class=\"td-social-sharing-buttons td-social-facebook\" href=\"http:\/\/www.facebook.com\/sharer.php?u=https%3A%2F%2Fwww.pressalert.ro%2F2013%2F12%2Fcampanie-pressalert-ro-eroi-fara-glorie-povestea-tulburatoare-lui-marinel-premiantul-care-copilareste-printre-necazurile-adultilor%2F\"><\/p>\n<div class=\"td-social-but-text\">Facebook<\/div>\n<p><\/a><a class=\"td-social-sharing-buttons td-social-twitter\" href=\"https:\/\/twitter.com\/intent\/tweet?text=Campanie+PRESSALERT.ro+EROI+F%C4%82R%C4%82+GLORIE+Povestea+tulbur%C4%83toare+a+lui+Marinel%2C+care+a+ajuns+premiant%2C+de%C8%99i+mama+lui+nu+%C8%99tie+s%C4%83+scrie+sau+s%C4%83+citeasc%C4%83&amp;url=https%3A%2F%2Fwww.pressalert.ro%2F2013%2F12%2Fcampanie-pressalert-ro-eroi-fara-glorie-povestea-tulburatoare-lui-marinel-premiantul-care-copilareste-printre-necazurile-adultilor%2F&amp;via=PRESSALERT.ro\"><\/p>\n<div class=\"td-social-but-text\">Twitter<\/div>\n<p><\/a><\/div>\n<\/div>\n<div class=\"td-post-content td-pb-padding-side\">\n<figure id=\"attachment_84396\" aria-describedby=\"caption-attachment-84396\" class=\"wp-caption aligncenter\"><a href=\"http:\/\/www.pressalert.ro\/2013\/12\/campanie-pressalert-ro-eroi-fara-glorie-povestea-tulburatoare-lui-marinel-premiantul-care-copilareste-printre-necazurile-adultilor\/marinel-morosan03_resize\/\" rel=\"attachment wp-att-84396\"><img loading=\"lazy\" decoding=\"async\" class=\"size-medium wp-image-84396 \" alt=\"marinel morosan03_resize\" src=\"http:\/\/www.pressalert.ro\/wp-content\/uploads\/2013\/12\/marinel-morosan03_resize-640x426.jpg\" width=\"640\" height=\"426\"><\/a><figcaption id=\"caption-attachment-84396\" class=\"wp-caption-text\">FOTO: ADRIAN P\u00ceCLI\u0218AN<\/figcaption><\/figure>\n<p>Indiferent c\u0103 este ger, ninge sau plou\u0103, Marinel Moro\u0219an merge \u00een fiecare zi la \u0219coal\u0103 cu o geac\u0103 neagr\u0103, sub\u021bire \u0219i murdar\u0103, care, \u00eentre timp, i-a r\u0103mas \u0219i mic\u0103. S-a bucurat c\u00e2nd a primit-o de la al\u021bi copii care\u00a0 au crescut, \u00eens\u0103 acum de abia \u00eei \u021bine de cald. \u0218i ghetele \u00eei intr\u0103 cu greu \u00een picioare, dar b\u0103ie\u021belul de 12 ani nici nu viseaz\u0103 c\u0103 Mo\u0219 Cr\u0103ciun \u00eei va aduce h\u0103inu\u021be \u0219i pantofi noi. \u201eMo\u0219 Nicolae a trecut anul \u0103sta pe la noi \u0219i ne-a adus ni\u0219te dulciuri, nu \u0219tiu dac\u0103 mai are \u0219i Mo\u0219 Cr\u0103ciun bani s\u0103 vin\u0103\u201d, spune \u00eeng\u00e2ndurat copilul. Cu c\u0103r\u021bile \u0219i caietele preg\u0103tite, printre care \u00ee\u0219i face loc un sandwich umplut cu margarin\u0103 \u0219i salamul \u201ecel mai ieftin\u201d, Marinel merge \u00eens\u0103, al\u0103turi de sora lui, Bianca, la \u0219coal\u0103, de fiecare dat\u0103 cu temele f\u0103cute. Acas\u0103, nu are cine s\u0103-l ajute s\u0103 rezolve probleme la matematic\u0103 dificile sau s\u0103-l pun\u0103 s\u0103 recite o poezie, pentru c\u0103 mama lui Marinel nu \u0219tie s\u0103 scrie sau s\u0103 citeasc\u0103. B\u0103iatul este, cu toate acestea, primul din clas\u0103.<\/p>\n<p>Marinel este \u00een clasa a IV-a la \u0218coala General\u0103 Nr. 15 din Timi\u0219oara \u0219i este premiant \u00eenc\u0103 dintr-a-nt\u00e2ia, de\u0219i a avut o pauz\u0103 de doi ani de la educa\u021bia \u00een sistem, iar acum, la 12 ani, este pu\u021bin mai mare dec\u00e2t colegii lui de clas\u0103. Profesorii \u00eel laud\u0103 \u0219i spun c\u0103 este unul dintre cei mai cumin\u021bi, con\u0219tiincio\u0219i \u0219i de\u0219tep\u021bi copii din \u0219coal\u0103, \u00een condi\u021biile \u00een care b\u0103iatul conduce \u0219i \u00een topul trist al micu\u021bilor cu greut\u0103\u021bi financiare. \u00cen fiecare zi, imediat ce ajunge acas\u0103 de la \u0219coal\u0103, b\u0103ie\u021belul are un singur g\u00e2nd: s\u0103-\u0219i fac\u0103 temele pentru c\u0103 \u0219tie c\u0103 doar dac\u0103 va \u00eenv\u0103\u021ba va avea o via\u021b\u0103 mai bun\u0103 dec\u00e2t cea pe care le-a oferit-o mama lui. Iar \u201eacas\u0103\u201d \u00eenseamn\u0103 o camer\u0103 \u00eentr-o locuin\u021b\u0103 social\u0103 pe care o \u00eemparte cu mama, sora \u0219i tat\u0103l vitreg. \u00cen acea c\u0103m\u0103ru\u021b\u0103, cei patru membrii ai familiei m\u0103n\u00e2nc\u0103, se spal\u0103 \u0219i dorm pentru c\u0103 nu au baie \u0219i nici buc\u0103t\u0103rie. Pe o m\u0103su\u021b\u0103, b\u0103ie\u021belul \u00ee\u0219i deschide caietele \u0219i c\u0103r\u021bile, \u00eens\u0103 este nevoit s\u0103 \u00eempart\u0103 singurul sc\u0103unel din camer\u0103 cu sora lui, Bianca, de 13 ani, care este \u0219i ea premiant\u0103.<\/p>\n<p>\u201eVreau s\u0103 m\u0103 fac pilot de curse\u201d, ne spune z\u00e2mbind Marinel, \u00een timp ce scrie o ecua\u021bie la matematic\u0103, fascinat fiind, ca orice copil, de jocurile pe calculator pe care le-a \u201egustat\u201d de c\u00e2teva ori. Dar imediat realizeaz\u0103 c\u0103 aceasta nu ar fi solu\u021bia cea mai sigur\u0103 ca s\u0103 scape de s\u0103r\u0103cie \u0219i se r\u0103zg\u00e2nde\u0219te. \u201ePoate e mai bine inginer sau programator, pentru c\u0103 am auzit c\u0103 se c\u00e2\u0219tig\u0103 bine\u201d, explic\u0103 Marinel, cu o maturitate care te \u00eentristeaz\u0103 la un copil de 12 ani. Poate \u0219i pentru c\u0103 amintirile sale de copil au fost pres\u0103rate cu necazuri de oameni mari: s\u0103r\u0103cie, desp\u0103r\u021biri. Marinel \u0219i Bianca abia \u00ee\u0219i aduc aminte cum arat\u0103 tat\u0103l lor, care nici m\u0103car nu \u021bine minte c\u00e2nd sunt zilele lor de na\u0219tere ca s\u0103 le ureze \u201ela mul\u021bi ani\u201d.<\/p>\n<p><b>Marinel \u0219i familia lui risc\u0103 s\u0103 fie arunca\u021bi \u00een strad\u0103<\/b><\/p>\n<p>\u00cen fiecare zi, b\u0103ie\u021belul traverseaz\u0103 ora\u0219ul dintr-un cap\u0103t \u00eentr-altul ca s\u0103 ajung\u0103 la \u0219coal\u0103.<\/p>\n<p> Micu\u021bul locuie\u0219te pe strada G\u0103rii, dar este \u00eenscris la o \u0219coal\u0103 din zona Fratelia, pentru c\u0103 doar acolo conducerea a fost de acord s\u0103-l primeasc\u0103, dup\u0103 ce doi ani a stat acas\u0103. \u201eMarinel \u0219i Bianca au f\u0103cut clasa \u00eent\u00e2i \u00een Moldova, dar doi ani nu am mai putut s\u0103-i dau la \u0219coal\u0103 pentru c\u0103 ne-am tot mutat p\u00e2n\u0103 am ajuns la Timi\u0219oara\u201d, poveste\u0219te Angela Ghirasen, mama copiilor. Femeia este din jude\u021bul Maramure\u0219, dar \u00een urm\u0103 cu nou\u0103 ani a fost nevoit\u0103 s\u0103-\u0219i p\u0103r\u0103seasc\u0103 familia \u0219i prietenii ca s\u0103 scape din m\u00e2inile unui so\u021b alcoolic, care o b\u0103tea tot mai des. Dar nu a plecat singur\u0103, ci \u0219i-a luat \u0219i cei doi copii cu ea \u00een Moldova, unde l-a cunoscut pe Sandu, un b\u0103rbat de 45 de ani care nu are picioare, dup\u0103 ce o grenad\u0103 a explodat l\u00e2ng\u0103 el c\u00e2nd avea doar 13 ani.<\/p>\n<p>Familia lui Marinel are o mul\u021bime de lipsuri, \u00eens\u0103 tot timpul au fost lini\u0219ti\u021bi c\u0103 m\u0103car au un acoperi\u0219 deasupra capului. Via\u021ba lor s-ar putea transforma \u00eentr-un co\u0219mar, dup\u0103 ce reprezentan\u021bii prim\u0103riei i-au anun\u021bat c\u0103 \u00een prim\u0103var\u0103 trebuie s\u0103 p\u0103r\u0103seasc\u0103 locuin\u021ba social\u0103. Angela Ghirasen este disperat\u0103. Din cauz\u0103 c\u0103 este analfabet\u0103, este convins\u0103 c\u0103 nimeni nu o va angaja, astfel \u00eenc\u00e2t s\u0103-\u0219i permit\u0103 s\u0103 \u00eenchirieze o alt\u0103 camer\u0103. Familia Ghirasen tr\u0103ie\u0219te doar din pensia de invaliditate de 290 de lei a tat\u0103lui vitreg al copiilor \u0219i aloca\u021bia acestora, o sum\u0103 care de abia le ajunge s\u0103 tr\u0103iasc\u0103 de pe o lun\u0103 pe alta, iar bani de h\u0103inu\u021be groase de iarn\u0103 sau ghetu\u021be noi nici nu poate fi vorba. \u201eMi-e team\u0103 c\u0103 nici m\u00e2ncare nu o s\u0103 mai am pe ce s\u0103 le fac pentru c\u0103 mai merge doar un singur ochi de la aragaz. La ma\u0219in\u0103 de sp\u0103lat nici nu visez, sp\u0103l hainele cu m\u00e2na. Haine groase o s\u0103 le mai cump\u0103r de la second \u2013 hand c\u00e2nd o s\u0103 am ni\u0219te bani, dar anul acesta nu cred c\u0103 va mai veni Mo\u0219 Cr\u0103ciun la copii pentru c\u0103 Bianc\u0103i trebuie s\u0103-i schimb lentilele de la ochelari \u0219i m\u0103 cost\u0103 sute de lei\u201d, ne spune, cu ochii \u00een lacrimi, mama lui Marinel.<\/p>\n<p>Micu\u021bii nu vor avea \u00een acest an de Cr\u0103ciun nici m\u0103car un brad pe care s\u0103-l \u00eempodobeasc\u0103, ci, la fel ca \u00een ceilal\u021bi ani, vor admira de pe fereastr\u0103 pomii de iarn\u0103 din casele altor familii, cu speran\u021ba c\u0103, la anul, renii Mo\u0219ului se vor opri \u0219i la u\u0219a lor.<\/p>\n<p><strong>\u00cen campania EROI F\u0102R\u0102 GLORIE:<\/strong><\/p>\n<p><strong><a href=\"http:\/\/www.pressalert.ro\/2013\/12\/campanie-pressalert-ro-eroi-fara-glorie-casa-mica-care-au-crescut-patru-premianti-mari\/\" target=\"_blank\">Cite\u0219te \u0219i povestea casei mici \u00een care au crescut patru premian\u021bi mari<\/a><\/strong><\/p>\n<p><strong><a href=\"http:\/\/www.pressalert.ro\/2013\/12\/campanie-pressalert-ro-eroi-fara-glorie-tanarul-care-invins-un-obstacol-greu-pentru-fi-pe-terenul-de-rugby\/\" target=\"_blank\">Cite\u0219te povestea \u00eenving\u0103torului care a pus g\u00e2ndul succesului \u00eenaintea bolii<\/a><\/strong><\/p>\n<p><strong><a href=\"http:\/\/www.pressalert.ro\/2013\/12\/campanie-pressalert-ro-eroi-fara-glorie-povestea-lui-victor-baiatul-care-isi-face-temele-n-dulap-si-viseaza-sa-calce-pe-urme-lui-jules-verne\/\" target=\"_blank\">Cite\u0219te povestea lui Victor, b\u0103iatul care-\u0219i face temele-n dulap \u0219i viseaz\u0103 s\u0103-i calce pe urme lui Jules Verne<\/a><\/strong><\/p>\n<p><strong><a href=\"http:\/\/www.pressalert.ro\/2013\/12\/campania-pressalert-ro-eroi-fara-glorie-povestea-lui-andrei-baiatul-de-aur-care-invinge-lupta-cu-soarta\/\" target=\"_blank\">Cite\u0219te povestea lui Andrei, b\u0103iatul \u201cde aur\u201d care respir\u0103 prin \u00eenv\u0103\u021b\u0103tur\u0103<\/a><\/strong><\/p>\n<\/div>\n<footer>\n<div class=\"td-post-source-tags td-pb-padding-side\">\n<ul class=\"td-tags td-post-small-box clearfix\">\n<li><span>ETICHETE<\/span><\/li>\n<li><a href=\"https:\/\/www.pressalert.ro\/tag\/copil\/\">copil<\/a><\/li>\n<li><a href=\"https:\/\/www.pressalert.ro\/tag\/craciun\/\">craciun<\/a><\/li>\n<li><a href=\"https:\/\/www.pressalert.ro\/tag\/eroi-fara-glorie\/\">eroi fara glorie<\/a><\/li>\n<li><a href=\"https:\/\/www.pressalert.ro\/tag\/marinel-morosan\/\">marinel morosan<\/a><\/li>\n<li><a href=\"https:\/\/www.pressalert.ro\/tag\/timisoara\/\">Timisoara<\/a><\/li>\n<\/ul>\n<\/div>\n<div class=\"td-post-sharing td-post-sharing-bottom td-pb-padding-side\"><span class=\"td-post-share-title\">DISTRIBUI\u021aI<\/span><\/p>\n<div class=\"td-default-sharing \"><a class=\"td-social-sharing-buttons td-social-facebook\" href=\"http:\/\/www.facebook.com\/sharer.php?u=https%3A%2F%2Fwww.pressalert.ro%2F2013%2F12%2Fcampanie-pressalert-ro-eroi-fara-glorie-povestea-tulburatoare-lui-marinel-premiantul-care-copilareste-printre-necazurile-adultilor%2F\"><\/p>\n<div class=\"td-social-but-text\">Facebook<\/div>\n<p><\/a><a class=\"td-social-sharing-buttons td-social-twitter\" href=\"https:\/\/twitter.com\/intent\/tweet?text=Campanie+PRESSALERT.ro+EROI+F%C4%82R%C4%82+GLORIE+Povestea+tulbur%C4%83toare+a+lui+Marinel%2C+care+a+ajuns+premiant%2C+de%C8%99i+mama+lui+nu+%C8%99tie+s%C4%83+scrie+sau+s%C4%83+citeasc%C4%83&amp;url=https%3A%2F%2Fwww.pressalert.ro%2F2013%2F12%2Fcampanie-pressalert-ro-eroi-fara-glorie-povestea-tulburatoare-lui-marinel-premiantul-care-copilareste-printre-necazurile-adultilor%2F&amp;via=PRESSALERT.ro\"><\/p>\n<div class=\"td-social-but-text\">Twitter<\/div>\n<p><\/a><\/div>\n<\/div>\n<div class=\"td-block-row td-post-next-prev\">\n<div class=\"td-block-span6 td-post-prev-post\">\n<div class=\"td-post-next-prev-content\"><span>Articolul precedent<\/span><a href=\"https:\/\/www.pressalert.ro\/2013\/12\/cosmin-costescu-de-la-taifun-racing-creste-turatia-2014-ce-schimbare-si-planificat\/\">Cosmin Costescu de la Taifun Racing CRE\u015eTE tura\u021bia \u00een 2014. ce schimbare \u0219i-a planificat<\/a><\/div>\n<\/div>\n<div class=\"td-block-span6 td-post-next-post\">\n<div class=\"td-post-next-prev-content\"><span>Articolul urm\u0103tor<\/span><a href=\"https:\/\/www.pressalert.ro\/2013\/12\/biletul-de-intrare-la-o-petrecere-electro-o-jucarie\/\">Biletul de intrare la o petrecere electro: o juc\u0103rie<\/a><\/div>\n<\/div>\n<\/div>\n<div class=\"author-box-wrap\"><a href=\"https:\/\/www.pressalert.ro\/author\/adriana-mit\/\"><img loading=\"lazy\" decoding=\"async\" alt src=\"https:\/\/secure.gravatar.com\/avatar\/b1f9b7c06ee21da21325bdc897b6b37a?s=96&amp;d=mm&amp;r=g\" class=\"avatar avatar-96 photo\" height=\"96\" width=\"96\"><\/a><\/p>\n<div class=\"desc\">\n<div class=\"td-author-name vcard author\"><span class=\"fn\"><a href=\"https:\/\/www.pressalert.ro\/author\/adriana-mit\/\">Adriana M\u00ee\u021b<\/a><\/span><\/div>\n<div class=\"td-author-url\"><a href=\"http:\/\/www.pressalert.ro\">http:\/\/www.pressalert.ro<\/a><\/div>\n<\/div>\n<\/div>\n<p><span><\/span><span><span><\/span><\/span><span><\/span><\/footer>\n<\/article>\n<p> Source URL: https:\/\/www.pressalert.ro\/2013\/12\/campanie-pressalert-ro-eroi-fara-glorie-povestea-tulburatoare-lui-marinel-premiantul-care-copilareste-printre-necazurile-adultilor\/<\/p>\n","protected":false},"excerpt":{"rendered":"<p>Acas\u0103Campanii PRESSALERTCampanie PRESSALERT.ro EROI F\u0102R\u0102 GLORIE Povestea tulbur\u0103toare a lui Marinel, care a&#8230; Campanii PRESSALERT EROI F\u0102R\u0102 GLORIE Campanie PRESSALERT.ro EROI F\u0102R\u0102 GLORIE Povestea tulbur\u0103toare a lui Marinel, care a ajuns premiant, de\u0219i mama lui nu \u0219tie s\u0103 scrie sau s\u0103 citeasc\u0103 De Adriana M\u00ee\u021b &#8211; dec. 20, 2013 5 DISTRIBUI\u021aI Facebook Twitter FOTO: ADRIAN [&hellip;]<\/p>\n","protected":false},"author":1,"featured_media":0,"comment_status":"open","ping_status":"","sticky":false,"template":"","format":"standard","meta":{"footnotes":""},"categories":[89],"tags":[176],"class_list":["post-1237115","post","type-post","status-publish","format-standard","hentry","category-romania","tag-pressalert-ro"],"_links":{"self":[{"href":"https:\/\/analyse.optim.biz\/index.php?rest_route=\/wp\/v2\/posts\/1237115","targetHints":{"allow":["GET"]}}],"collection":[{"href":"https:\/\/analyse.optim.biz\/index.php?rest_route=\/wp\/v2\/posts"}],"about":[{"href":"https:\/\/analyse.optim.biz\/index.php?rest_route=\/wp\/v2\/types\/post"}],"author":[{"embeddable":true,"href":"https:\/\/analyse.optim.biz\/index.php?rest_route=\/wp\/v2\/users\/1"}],"replies":[{"embeddable":true,"href":"https:\/\/analyse.optim.biz\/index.php?rest_route=%2Fwp%2Fv2%2Fcomments&post=1237115"}],"version-history":[{"count":0,"href":"https:\/\/analyse.optim.biz\/index.php?rest_route=\/wp\/v2\/posts\/1237115\/revisions"}],"wp:attachment":[{"href":"https:\/\/analyse.optim.biz\/index.php?rest_route=%2Fwp%2Fv2%2Fmedia&parent=1237115"}],"wp:term":[{"taxonomy":"category","embeddable":true,"href":"https:\/\/analyse.optim.biz\/index.php?rest_route=%2Fwp%2Fv2%2Fcategories&post=1237115"},{"taxonomy":"post_tag","embeddable":true,"href":"https:\/\/analyse.optim.biz\/index.php?rest_route=%2Fwp%2Fv2%2Ftags&post=1237115"}],"curies":[{"name":"wp","href":"https:\/\/api.w.org\/{rel}","templated":true}]}}