{"id":1237114,"date":"2013-12-21T10:13:31","date_gmt":"2013-12-21T07:13:31","guid":{"rendered":"https:\/\/analyse.optim.biz\/?p=1237114"},"modified":"2013-12-21T10:13:31","modified_gmt":"2013-12-21T07:13:31","slug":"timisoara-are-suflet-cum-i-au-sarit-in-ajutor-oamenii-lui-victor-premiantul-din-campania-pressalert-ro-niciodata-nu-am-avut-parte-de-un-craciun-asa-de-frumos","status":"publish","type":"post","link":"https:\/\/analyse.optim.biz\/?p=1237114","title":{"rendered":"TIMI\u0218OARA ARE SUFLET Cum i-au s\u0103rit \u00een ajutor oamenii lui Victor, premiantul din campania PRESSALERT.ro: \u201cNiciodat\u0103 nu am avut parte de un Cr\u0103ciun a\u0219a de frumos\u201d"},"content":{"rendered":"<article id=\"post-84609\" class=\"post-84609 post type-post status-publish format-standard has-post-thumbnail hentry category-campanii-pressalert category-eroi-fara-glorie-campanii-pressalert category-stiri category-stiri-locale category-timis-stiri-locale tag-cadouri tag-calculator tag-campanie-pressalert tag-carti-jules-verne tag-dulciuri tag-mos-craciun tag-timisoreni tag-victor\">\n<div class=\"td-post-header td-pb-padding-side\">\n<div class=\"entry-crumbs\"><span><a title class=\"entry-crumb\" href=\"https:\/\/www.pressalert.ro\/\"><span>Acas\u0103<\/span><\/a><\/span><span><a title=\"Vede\u021bi toate articolele \u00een Campanii PRESSALERT\" class=\"entry-crumb\" href=\"https:\/\/www.pressalert.ro\/category\/campanii-pressalert\/\"><span>Campanii PRESSALERT<\/span><\/a><\/span><span class=\"td-bred-no-url-last\">TIMI\u0218OARA ARE SUFLET Cum i-au s\u0103rit \u00een ajutor oamenii lui Victor, premiantul&#8230;<\/span><\/div>\n<ul class=\"td-category\">\n<li class=\"entry-category\"><a href=\"https:\/\/www.pressalert.ro\/category\/campanii-pressalert\/\">Campanii PRESSALERT<\/a><\/li>\n<li class=\"entry-category\"><a href=\"https:\/\/www.pressalert.ro\/category\/campanii-pressalert\/eroi-fara-glorie-campanii-pressalert\/\">EROI F\u0102R\u0102 GLORIE<\/a><\/li>\n<li class=\"entry-category\"><a href=\"https:\/\/www.pressalert.ro\/category\/stiri\/\">\u015etiri<\/a><\/li>\n<li class=\"entry-category\"><a href=\"https:\/\/www.pressalert.ro\/category\/stiri\/stiri-locale\/\">\u0218tiri locale<\/a><\/li>\n<li class=\"entry-category\"><a href=\"https:\/\/www.pressalert.ro\/category\/stiri\/stiri-locale\/timis-stiri-locale\/\">\u0218tiri Timi\u0219<\/a><\/li>\n<\/ul>\n<header>\n<h1 class=\"entry-title\">TIMI\u0218OARA ARE SUFLET Cum i-au s\u0103rit \u00een ajutor oamenii lui Victor, premiantul din campania PRESSALERT.ro: \u201cNiciodat\u0103 nu am avut parte de un Cr\u0103ciun a\u0219a de frumos\u201d<\/h1>\n<div class=\"meta-info\">\n<div class=\"td-post-author-name\">\n<div class=\"td-author-by\">De<\/div>\n<p><a href=\"https:\/\/www.pressalert.ro\/author\/adriana-mit\/\">Adriana M\u00ee\u021b<\/a><\/p>\n<div class=\"td-author-line\"> &#8211; <\/div>\n<\/div>\n<p><span class=\"td-post-date\"><time class=\"entry-date updated td-module-date\" datetime=\"2013-12-21T10:13:31+00:00\">dec. 21, 2013<\/time><\/span><\/p>\n<div class=\"td-post-comments\"><a href=\"https:\/\/www.pressalert.ro\/2013\/12\/timisoara-suflet-cum-au-sarit-ajutor-oamenii-lui-victor-premiantul-din-campania-pressalert-ro-niciodata-nu-avut-parte-de-un-craciun-asa-de-frumos\/#comments\">1<\/a><\/div>\n<\/div>\n<\/header>\n<\/div>\n<div class=\"td-post-sharing td-post-sharing-top td-pb-padding-side\"><span class=\"td-post-share-title\">DISTRIBUI\u021aI<\/span><\/p>\n<div class=\"td-default-sharing \"><a class=\"td-social-sharing-buttons td-social-facebook\" href=\"http:\/\/www.facebook.com\/sharer.php?u=https%3A%2F%2Fwww.pressalert.ro%2F2013%2F12%2Ftimisoara-suflet-cum-au-sarit-ajutor-oamenii-lui-victor-premiantul-din-campania-pressalert-ro-niciodata-nu-avut-parte-de-un-craciun-asa-de-frumos%2F\"><\/p>\n<div class=\"td-social-but-text\">Facebook<\/div>\n<p><\/a><a class=\"td-social-sharing-buttons td-social-twitter\" href=\"https:\/\/twitter.com\/intent\/tweet?text=TIMI%C8%98OARA+ARE+SUFLET+Cum+i-au+s%C4%83rit+%C3%AEn+ajutor+oamenii+lui+Victor%2C+premiantul+din+campania+PRESSALERT.ro%3A+%E2%80%9CNiciodat%C4%83+nu+am+avut+parte+de+un+Cr%C4%83ciun+a%C8%99a+de+frumos%E2%80%9D&amp;url=https%3A%2F%2Fwww.pressalert.ro%2F2013%2F12%2Ftimisoara-suflet-cum-au-sarit-ajutor-oamenii-lui-victor-premiantul-din-campania-pressalert-ro-niciodata-nu-avut-parte-de-un-craciun-asa-de-frumos%2F&amp;via=PRESSALERT.ro\"><\/p>\n<div class=\"td-social-but-text\">Twitter<\/div>\n<p><\/a><\/div>\n<\/div>\n<div class=\"td-post-content td-pb-padding-side\">\n<p><a href=\"http:\/\/www.pressalert.ro\/wp-content\/uploads\/2013\/12\/copil-campanie-adriana-matz01_1_resize-640x4261.jpg\"><img loading=\"lazy\" decoding=\"async\" class=\"size-full wp-image-84610 aligncenter\" alt=\"copil-campanie-adriana-matz01_1_resize-640x426\" src=\"http:\/\/www.pressalert.ro\/wp-content\/uploads\/2013\/12\/copil-campanie-adriana-matz01_1_resize-640x4261.jpg\" width=\"640\" height=\"426\"><\/a><\/p>\n<p>Povestea lui Victor, a c\u0103rui poveste emo\u021bionant\u0103 a fost prezentat\u0103 \u00een campania PRESSALERT.ro \u201cEroi f\u0103r\u0103 glorie\u201c, de unde timi\u0219orenii au aflat c\u0103 <strong><a href=\"http:\/\/www.pressalert.ro\/2013\/12\/campanie-pressalert-ro-eroi-fara-glorie-povestea-lui-victor-baiatul-care-isi-face-temele-n-dulap-si-viseaza-sa-calce-pe-urme-lui-jules-verne\/\" target=\"_blank\">b\u0103iatul \u00ee\u0219i face temele \u00een dulap \u0219i viseaz\u0103 s\u0103-i calce pe urme lui Jules Verne<\/a><\/strong>, i-a emo\u021bionat pe cei cu inim\u0103 mare. La doar c\u00e2teva zile de la publicarea articolului, familia lui Victor a primit cadouri la care nici nu visa. Dulciuri, alimente, juc\u0103rii, un cozonac imens, h\u0103inu\u021be pentru Victor \u0219i sora lui, Verabel, sau rechizite \u00eempachetate frumos \u2013 sunt doar c\u00e2teva dintre surprizele de care familia Mathiesz a avut parte. Printre cei care au s\u0103rit \u00een sprijinul b\u0103iatului de 14 ani se num\u0103r\u0103 \u0219i reprezentan\u021bii unei companii private din Timi\u0219oara, care au venit \u00eenc\u0103rca\u021bi la locuin\u021ba lui Victor cu o mul\u021bime de cadouri. \u201cDorim s\u0103 v\u0103 mul\u021bumim pentru c\u0103 ne-a\u021bi oferit \u0219ansa de a-l cunoa\u0219te pe Victor, un b\u0103iat deosebit, pentru care Mo\u0219 Cr\u0103ciun a sosit mai devreme\u00a0anul acesta.<\/p>\n<p> Am fost profund impresiona\u021bi de situa\u021bia acestei familii, a lui Victor \u00een mod special, \u0219i ne bucur\u0103m c\u0103, m\u0103car pentru un timp, am reu\u0219it s\u0103\u00a0aducem z\u00e2mbetul pe fa\u021ba unui b\u0103iat mult prea \u00eencercat pentru v\u00e2rsta\u00a0lui\u201d, transmit reprezentan\u021bii companiei.<\/p>\n<p>Mai mult, Victor a primit \u0219i c\u0103r\u021bile scrise de Jules Verne pe care nu le-a citit pentru c\u0103 mama lui nu a avut bani s\u0103 i le cumpere, iar s\u0103pt\u0103m\u00e2na viitoare, o femeie stabilit\u0103 \u00een Elve\u021bia \u00eei va trimite un calculator. Mama lui Victor, Agneta Mathiesz, ne-a spus emo\u021bionat\u0103, c\u0103 \u201cniciodat\u0103 nu am avut parte de un Cr\u0103ciun a\u0219a de frumos. Tot ce ni se \u00eent\u00e2mpl\u0103 este extraordinar, nu m\u0103 a\u0219teptam s\u0103 ne ajute at\u00e2t de mult\u0103 lume. Vreau s\u0103 le mul\u021bumesc din suflet oamenilor care ne-au sprijinit\u201d.<\/p>\n<p><a href=\"http:\/\/www.pressalert.ro\/wp-content\/uploads\/2013\/12\/photo-2.jpg\"><img loading=\"lazy\" decoding=\"async\" class=\"size-medium wp-image-84611 aligncenter\" alt=\"photo 2\" src=\"http:\/\/www.pressalert.ro\/wp-content\/uploads\/2013\/12\/photo-2-478x640.jpg\" width=\"478\" height=\"640\"><\/a><\/p>\n<\/div>\n<footer>\n<div class=\"td-post-source-tags td-pb-padding-side\">\n<ul class=\"td-tags td-post-small-box clearfix\">\n<li><span>ETICHETE<\/span><\/li>\n<li><a href=\"https:\/\/www.pressalert.ro\/tag\/cadouri\/\">cadouri<\/a><\/li>\n<li><a href=\"https:\/\/www.pressalert.ro\/tag\/calculator\/\">calculator<\/a><\/li>\n<li><a href=\"https:\/\/www.pressalert.ro\/tag\/campanie-pressalert\/\">campanie pressalert<\/a><\/li>\n<li><a href=\"https:\/\/www.pressalert.ro\/tag\/carti-jules-verne\/\">carti jules verne<\/a><\/li>\n<li><a href=\"https:\/\/www.pressalert.ro\/tag\/dulciuri\/\">dulciuri<\/a><\/li>\n<li><a href=\"https:\/\/www.pressalert.ro\/tag\/mos-craciun\/\">mos craciun<\/a><\/li>\n<li><a href=\"https:\/\/www.pressalert.ro\/tag\/timisoreni\/\">timisoreni<\/a><\/li>\n<li><a href=\"https:\/\/www.pressalert.ro\/tag\/victor\/\">victor<\/a><\/li>\n<\/ul>\n<\/div>\n<div class=\"td-post-sharing td-post-sharing-bottom td-pb-padding-side\"><span class=\"td-post-share-title\">DISTRIBUI\u021aI<\/span><\/p>\n<div class=\"td-default-sharing \"><a class=\"td-social-sharing-buttons td-social-facebook\" href=\"http:\/\/www.facebook.com\/sharer.php?u=https%3A%2F%2Fwww.pressalert.ro%2F2013%2F12%2Ftimisoara-suflet-cum-au-sarit-ajutor-oamenii-lui-victor-premiantul-din-campania-pressalert-ro-niciodata-nu-avut-parte-de-un-craciun-asa-de-frumos%2F\"><\/p>\n<div class=\"td-social-but-text\">Facebook<\/div>\n<p><\/a><a class=\"td-social-sharing-buttons td-social-twitter\" href=\"https:\/\/twitter.com\/intent\/tweet?text=TIMI%C8%98OARA+ARE+SUFLET+Cum+i-au+s%C4%83rit+%C3%AEn+ajutor+oamenii+lui+Victor%2C+premiantul+din+campania+PRESSALERT.ro%3A+%E2%80%9CNiciodat%C4%83+nu+am+avut+parte+de+un+Cr%C4%83ciun+a%C8%99a+de+frumos%E2%80%9D&amp;url=https%3A%2F%2Fwww.pressalert.ro%2F2013%2F12%2Ftimisoara-suflet-cum-au-sarit-ajutor-oamenii-lui-victor-premiantul-din-campania-pressalert-ro-niciodata-nu-avut-parte-de-un-craciun-asa-de-frumos%2F&amp;via=PRESSALERT.ro\"><\/p>\n<div class=\"td-social-but-text\">Twitter<\/div>\n<p><\/a><\/div>\n<\/div>\n<div class=\"td-block-row td-post-next-prev\">\n<div class=\"td-block-span6 td-post-prev-post\">\n<div class=\"td-post-next-prev-content\"><span>Articolul precedent<\/span><a href=\"https:\/\/www.pressalert.ro\/2013\/12\/21-decembrie-89-revolutia-timisoarei-devine-revolutia-rom\/\">21 decembrie \u201989 Revolu\u021bia Timi\u0219oarei devine revolu\u021bia Rom\u00e2niei: \u201eEra o baie de libertate, \u00een care to\u021bi ne aruncaser\u0103m\u201d<\/a><\/div>\n<\/div>\n<div class=\"td-block-span6 td-post-next-post\">\n<div class=\"td-post-next-prev-content\"><span>Articolul urm\u0103tor<\/span><a href=\"https:\/\/www.pressalert.ro\/2013\/12\/cum-s-scuzat-robu-ca-lipsit-de-la-slujba-de-comemorare-martirilor-omor\/\">Cum s-a scuzat Robu c\u0103 a lipsit de la slujba de comemorare a martirilor omor\u00e2\u021bi \u00een 89, \u021binut\u0103 \u00een 17 decembrie la Cimitirul Eroilor<\/a><\/div>\n<\/div>\n<\/div>\n<div class=\"author-box-wrap\"><a href=\"https:\/\/www.pressalert.ro\/author\/adriana-mit\/\"><img loading=\"lazy\" decoding=\"async\" alt src=\"https:\/\/secure.gravatar.com\/avatar\/b1f9b7c06ee21da21325bdc897b6b37a?s=96&amp;d=mm&amp;r=g\" class=\"avatar avatar-96 photo\" height=\"96\" width=\"96\"><\/a><\/p>\n<div class=\"desc\">\n<div class=\"td-author-name vcard author\"><span class=\"fn\"><a href=\"https:\/\/www.pressalert.ro\/author\/adriana-mit\/\">Adriana M\u00ee\u021b<\/a><\/span><\/div>\n<div class=\"td-author-url\"><a href=\"http:\/\/www.pressalert.ro\">http:\/\/www.pressalert.ro<\/a><\/div>\n<\/div>\n<\/div>\n<p><span><\/span><span><span><\/span><\/span><span><\/span><\/footer>\n<\/article>\n<p> Source URL: https:\/\/www.pressalert.ro\/2013\/12\/timisoara-suflet-cum-au-sarit-ajutor-oamenii-lui-victor-premiantul-din-campania-pressalert-ro-niciodata-nu-avut-parte-de-un-craciun-asa-de-frumos\/<\/p>\n","protected":false},"excerpt":{"rendered":"<p>Acas\u0103Campanii PRESSALERTTIMI\u0218OARA ARE SUFLET Cum i-au s\u0103rit \u00een ajutor oamenii lui Victor, premiantul&#8230; Campanii PRESSALERT EROI F\u0102R\u0102 GLORIE \u015etiri \u0218tiri locale \u0218tiri Timi\u0219 TIMI\u0218OARA ARE SUFLET Cum i-au s\u0103rit \u00een ajutor oamenii lui Victor, premiantul din campania PRESSALERT.ro: \u201cNiciodat\u0103 nu am avut parte de un Cr\u0103ciun a\u0219a de frumos\u201d De Adriana M\u00ee\u021b &#8211; dec. 21, [&hellip;]<\/p>\n","protected":false},"author":1,"featured_media":0,"comment_status":"open","ping_status":"","sticky":false,"template":"","format":"standard","meta":{"footnotes":""},"categories":[89],"tags":[176],"class_list":["post-1237114","post","type-post","status-publish","format-standard","hentry","category-romania","tag-pressalert-ro"],"_links":{"self":[{"href":"https:\/\/analyse.optim.biz\/index.php?rest_route=\/wp\/v2\/posts\/1237114","targetHints":{"allow":["GET"]}}],"collection":[{"href":"https:\/\/analyse.optim.biz\/index.php?rest_route=\/wp\/v2\/posts"}],"about":[{"href":"https:\/\/analyse.optim.biz\/index.php?rest_route=\/wp\/v2\/types\/post"}],"author":[{"embeddable":true,"href":"https:\/\/analyse.optim.biz\/index.php?rest_route=\/wp\/v2\/users\/1"}],"replies":[{"embeddable":true,"href":"https:\/\/analyse.optim.biz\/index.php?rest_route=%2Fwp%2Fv2%2Fcomments&post=1237114"}],"version-history":[{"count":0,"href":"https:\/\/analyse.optim.biz\/index.php?rest_route=\/wp\/v2\/posts\/1237114\/revisions"}],"wp:attachment":[{"href":"https:\/\/analyse.optim.biz\/index.php?rest_route=%2Fwp%2Fv2%2Fmedia&parent=1237114"}],"wp:term":[{"taxonomy":"category","embeddable":true,"href":"https:\/\/analyse.optim.biz\/index.php?rest_route=%2Fwp%2Fv2%2Fcategories&post=1237114"},{"taxonomy":"post_tag","embeddable":true,"href":"https:\/\/analyse.optim.biz\/index.php?rest_route=%2Fwp%2Fv2%2Ftags&post=1237114"}],"curies":[{"name":"wp","href":"https:\/\/api.w.org\/{rel}","templated":true}]}}