{"id":1237060,"date":"2020-03-26T18:58:08","date_gmt":"2020-03-26T15:58:08","guid":{"rendered":"https:\/\/analyse.optim.biz\/?p=1237060"},"modified":"2020-03-26T18:58:08","modified_gmt":"2020-03-26T15:58:08","slug":"coronavirus-romania-1-029-infectii-94-de-pacienti-vindecati-18-persoane-au-murit","status":"publish","type":"post","link":"https:\/\/analyse.optim.biz\/?p=1237060","title":{"rendered":"Coronavirus Rom\u00e2nia: 1.029 infec\u021bii, 94 de pacien\u021bi vindeca\u021bi. 18 persoane au murit"},"content":{"rendered":"<article id=\"post-2869\" class=\"post-2869 post type-post status-publish format-standard has-post-thumbnail hentry category-articol-principal category-ultimele-stiri tag-bilant tag-coronavirus tag-covid-19 tag-judete tag-romania\">\n<div class=\"td-pb-row\">\n<div class=\"td-pb-span12\">\n<div class=\"td-post-header td-pb-padding-side\">\n<div class=\"entry-crumbs\"><span><a title class=\"entry-crumb\" href=\"https:\/\/subiectivtulcea.ro\/\">Acas\u0103<\/a><\/span><span><a title=\"Vede\u021bi toate articolele \u00een Articol Principal\" class=\"entry-crumb\" href=\"https:\/\/subiectivtulcea.ro\/category\/articol-principal\/\">Articol Principal<\/a><\/span><span class=\"td-bred-no-url-last\">Coronavirus Rom\u00e2nia: 1.029 infec\u021bii, 94 de pacien\u021bi vindeca\u021bi. 18 persoane au murit<\/span><\/div>\n<ul class=\"td-category\">\n<li class=\"entry-category\"><a href=\"https:\/\/subiectivtulcea.ro\/category\/articol-principal\/\">Articol Principal<\/a><\/li>\n<li class=\"entry-category\"><a href=\"https:\/\/subiectivtulcea.ro\/category\/ultimele-stiri\/\">Ultimele \u0218tiri<\/a><\/li>\n<\/ul>\n<header>\n<h1 class=\"entry-title\">Coronavirus Rom\u00e2nia: 1.029 infec\u021bii, 94 de pacien\u021bi vindeca\u021bi. 18 persoane au murit<\/h1>\n<div class=\"meta-info\">\n<div class=\"td-post-author-name\">\n<div class=\"td-author-by\">De c\u0103tre<\/div>\n<p><a href=\"https:\/\/subiectivtulcea.ro\/author\/sorin\/\">Stefan Vasilescu<\/a><\/p>\n<div class=\"td-author-line\"> &#8211; <\/div>\n<\/div>\n<p><span class=\"td-post-date\"><time class=\"entry-date updated td-module-date\" datetime=\"2020-03-26T18:58:08+00:00\">martie 26, 2020<\/time><\/span><\/p>\n<div class=\"td-post-views\"><span class=\"td-nr-views-2869\">1082<\/span><\/div>\n<div class=\"td-post-comments\"><a href=\"https:\/\/subiectivtulcea.ro\/coronavirus-romania-1-029-infectii-94-de-pacienti-vindecati-18-persoane-au-murit\/#respond\">0<\/a><\/div>\n<\/div>\n<\/header>\n<\/div>\n<\/div>\n<\/div>\n<div class=\"td-pb-row\">\n<div class=\"td-pb-span8 td-main-content\" role=\"main\">\n<div class=\"td-ss-main-content\">\n<div class=\"td-post-sharing td-post-sharing-top td-pb-padding-side\"><span class=\"td-post-share-title\">DISTRIBUI\u021aI<\/span><\/p>\n<div class=\"td-default-sharing \"><a class=\"td-social-sharing-buttons td-social-facebook\" href=\"https:\/\/www.facebook.com\/sharer.php?u=https%3A%2F%2Fsubiectivtulcea.ro%2Fcoronavirus-romania-1-029-infectii-94-de-pacienti-vindecati-18-persoane-au-murit%2F\"><\/p>\n<div class=\"td-social-but-text\">Facebook<\/div>\n<p><\/a><a class=\"td-social-sharing-buttons td-social-twitter\" href=\"https:\/\/twitter.com\/intent\/tweet?text=Coronavirus+Rom%C3%A2nia%3A+1.029+infec%C8%9Bii%2C+94+de+pacien%C8%9Bi+vindeca%C8%9Bi.+18+persoane+au+murit&amp;url=https%3A%2F%2Fsubiectivtulcea.ro%2Fcoronavirus-romania-1-029-infectii-94-de-pacienti-vindecati-18-persoane-au-murit%2F&amp;via=Subiectiv+De+Tulcea+-+Cotidianul+Cu+Stiri+Pe+Surse\"><\/p>\n<div class=\"td-social-but-text\">Twitter<\/div>\n<p><\/a><\/div>\n<\/div>\n<div class=\"td-post-content td-pb-padding-side\">\n<div class=\"td-post-featured-image\"><a href=\"https:\/\/subiectivtulcea.ro\/wp-content\/uploads\/2020\/03\/coronavirus-1.jpg\" data-caption><img loading=\"lazy\" decoding=\"async\" width=\"640\" height=\"480\" class=\"entry-thumb td-modal-image\" src=\"https:\/\/subiectivtulcea.ro\/wp-content\/uploads\/2020\/03\/coronavirus-1-640x480.jpg\" alt title=\"coronavirus\"><\/a><\/div>\n<p><strong>\u00cen Rom\u00e2nia au fost confirmate, p\u00e2n\u0103 acum, 1.029 infec\u021bii cu coronavirus. 94 dintre pacien\u021bi au fost declara\u021bi vindeca\u021bi \u0219i au fost externa\u021bi. Autorit\u0103\u021bile fac apel la popula\u021bie s\u0103 se informeze doar din surse oficiale.<\/strong><\/p>\n<p>Joi a fost \u00eenregistrat un nou caz de deces al unei persoane infectate cu noul coronavirus, bilan\u021bul ajung\u00e2nd la 18 decese la nivel na\u021bional.<\/p>\n<p>Este vorba despre o femeie \u00een v\u00e2rst\u0103 de 76 ani, din judetul Cluj, internat\u0103 \u00een data de 20.03.2020 \u00een Spitalul Huedin. Pacienta a fost transferat\u0103 \u00een data de 22.03.2020 \u00een sec\u021bia ATI a Spitalului de Boli Infectioase Cluj, dup\u0103 ce a fost confirmat\u0103 cu COVID-19. Pacienta avea afec\u021biuni pre existente: hipertensiune arterial\u0103, diabet zaharat.<\/p>\n<\/div>\n<footer>\n<div class=\"td-post-source-tags td-pb-padding-side\">\n<ul class=\"td-tags td-post-small-box clearfix\">\n<li><span>ETICHETE<\/span><\/li>\n<li><a href=\"https:\/\/subiectivtulcea.ro\/tag\/bilant\/\">bilant<\/a><\/li>\n<li><a href=\"https:\/\/subiectivtulcea.ro\/tag\/coronavirus\/\">coronavirus<\/a><\/li>\n<li><a href=\"https:\/\/subiectivtulcea.ro\/tag\/covid-19\/\">covid 19<\/a><\/li>\n<li><a href=\"https:\/\/subiectivtulcea.ro\/tag\/judete\/\">judete<\/a><\/li>\n<li><a href=\"https:\/\/subiectivtulcea.ro\/tag\/romania\/\">romania<\/a><\/li>\n<\/ul>\n<\/div>\n<div class=\"td-post-sharing td-post-sharing-bottom td-pb-padding-side\"><span class=\"td-post-share-title\">DISTRIBUI\u021aI<\/span><\/p>\n<div class=\"td-default-sharing td-with-like\"><a class=\"td-social-sharing-buttons td-social-facebook\" href=\"https:\/\/www.facebook.com\/sharer.php?u=https%3A%2F%2Fsubiectivtulcea.ro%2Fcoronavirus-romania-1-029-infectii-94-de-pacienti-vindecati-18-persoane-au-murit%2F\"><\/p>\n<div class=\"td-social-but-text\">Facebook<\/div>\n<p><\/a><a class=\"td-social-sharing-buttons td-social-twitter\" href=\"https:\/\/twitter.com\/intent\/tweet?text=Coronavirus+Rom%C3%A2nia%3A+1.029+infec%C8%9Bii%2C+94+de+pacien%C8%9Bi+vindeca%C8%9Bi.+18+persoane+au+murit&amp;url=https%3A%2F%2Fsubiectivtulcea.ro%2Fcoronavirus-romania-1-029-infectii-94-de-pacienti-vindecati-18-persoane-au-murit%2F&amp;via=Subiectiv+De+Tulcea+-+Cotidianul+Cu+Stiri+Pe+Surse\"><\/p>\n<div class=\"td-social-but-text\">Twitter<\/div>\n<p><\/a><\/div>\n<div class=\"td-classic-sharing\">\n<ul>\n<li class=\"td-classic-facebook\"><iframe frameborder src=\"https:\/\/www.facebook.com\/plugins\/like.php?href=https:\/\/subiectivtulcea.ro\/coronavirus-romania-1-029-infectii-94-de-pacienti-vindecati-18-persoane-au-murit\/&amp;layout=button_count&amp;show_faces=false&amp;width=105&amp;action=like&amp;colorscheme=light&amp;height=21\"><\/iframe><\/li>\n<li class=\"td-classic-twitter\"><a href=\"https:\/\/twitter.com\/share\" class=\"twitter-share-button\" data-url=\"https:\/\/subiectivtulcea.ro\/coronavirus-romania-1-029-infectii-94-de-pacienti-vindecati-18-persoane-au-murit\/\" data-text=\"Coronavirus Rom\u00e2nia: 1.029 infec\u021bii, 94 de pacien\u021bi vindeca\u021bi. 18 persoane au murit\" data-via data-lang=\"en\">tweet<\/a><\/li>\n<\/ul>\n<\/div>\n<\/div>\n<div class=\"td-block-row td-post-next-prev\">\n<div class=\"td-block-span6 td-post-prev-post\">\n<div class=\"td-post-next-prev-content\"><span>Articolul precedent<\/span><a href=\"https:\/\/subiectivtulcea.ro\/klaus-iohannis-a-semnat-decretul-de-numire-a-lui-nelu-tataru-la-ministerul-sanatatii\/\">Klaus Iohannis a semnat decretul de numire a lui Nelu T\u0103taru la Ministerul S\u0103n\u0103t\u0103\u021bii<\/a><\/div>\n<\/div>\n<div class=\"td-block-span6 td-post-next-post\">\n<div class=\"td-post-next-prev-content\"><span>Articolul urm\u0103tor<\/span><a href=\"https:\/\/subiectivtulcea.ro\/ordonanta-militara-4-care-sunt-noile-masuri-luate-de-ministerul-de-interne\/\">Ordonan\u021ba militar\u0103 4. Care sunt noile m\u0103suri luate de Ministerul de Interne<\/a><\/div>\n<\/div>\n<\/div>\n<div class=\"author-box-wrap\"><a href=\"https:\/\/subiectivtulcea.ro\/author\/sorin\/\"><img loading=\"lazy\" decoding=\"async\" alt src=\"https:\/\/secure.gravatar.com\/avatar\/4054b95552868c8c392af45ec328ee34?s=96&amp;d=mm&amp;r=g\" class=\"avatar avatar-96 photo\" height=\"96\" width=\"96\"><\/a><\/p>\n<div class=\"desc\">\n<div class=\"td-author-name vcard author\"><span class=\"fn\"><a href=\"https:\/\/subiectivtulcea.ro\/author\/sorin\/\">Stefan Vasilescu<\/a><\/span><\/div>\n<\/div>\n<\/div>\n<p><span><\/span><span><span><\/span><\/span><span><\/span><\/footer>\n<div class=\"td_block_wrap td_block_related_posts td_uid_5_694bd1afc2db1_rand td_with_ajax_pagination td-pb-border-top td_block_template_1\" data-td-block-uid=\"td_uid_5_694bd1afc2db1\">\n<h4 class=\"td-related-title\"><a id=\"td_uid_6_694bd1afc68da\" class=\"td-related-left td-cur-simple-item\" data-td_filter_value data-td_block_id=\"td_uid_5_694bd1afc2db1\" href=\"https:\/\/subiectivtulcea.ro\/coronavirus-romania-1-029-infectii-94-de-pacienti-vindecati-18-persoane-au-murit\/\">ARTICOLE SIMILARE<\/a><a id=\"td_uid_7_694bd1afc6915\" class=\"td-related-right\" data-td_filter_value=\"td_related_more_from_author\" data-td_block_id=\"td_uid_5_694bd1afc2db1\" href=\"https:\/\/subiectivtulcea.ro\/coronavirus-romania-1-029-infectii-94-de-pacienti-vindecati-18-persoane-au-murit\/\">DE LA ACELA\u0218I AUTOR<\/a><\/h4>\n<div id=\"td_uid_5_694bd1afc2db1\" class=\"td_block_inner\">\n<div class=\"td-related-row\">\n<div class=\"td-related-span4\">\n<div class=\"td_module_related_posts td-animation-stack td_mod_related_posts\">\n<div class=\"td-module-image\">\n<div class=\"td-module-thumb\"><a href=\"https:\/\/subiectivtulcea.ro\/ministrul-sanatatii-trebuie-sa-ne-obisnuim-ca-pe-perioada-verii-sa-avem-ca-vecin-virusul\/\" rel=\"bookmark\" title=\"Ministrul San\u0103t\u0103\u021bii: Trebuie s\u0103 ne obi\u015fnuim ca pe perioada verii s\u0103 avem ca vecin virusul\"><img loading=\"lazy\" decoding=\"async\" width=\"238\" height=\"178\" class=\"entry-thumb\" src=\"https:\/\/subiectivtulcea.ro\/wp-content\/uploads\/2020\/03\/izoleta-coronavirus-238x178.jpg\" alt title=\"Ministrul San\u0103t\u0103\u021bii: Trebuie s\u0103 ne obi\u015fnuim ca pe perioada verii s\u0103 avem ca vecin virusul\"><\/a><\/div>\n<\/div>\n<div class=\"item-details\">\n<h3 class=\"entry-title td-module-title\"><a href=\"https:\/\/subiectivtulcea.ro\/ministrul-sanatatii-trebuie-sa-ne-obisnuim-ca-pe-perioada-verii-sa-avem-ca-vecin-virusul\/\" rel=\"bookmark\" title=\"Ministrul San\u0103t\u0103\u021bii: Trebuie s\u0103 ne obi\u015fnuim ca pe perioada verii s\u0103 avem ca vecin virusul\">Ministrul San\u0103t\u0103\u021bii: Trebuie s\u0103 ne obi\u015fnuim ca pe perioada verii s\u0103 avem ca vecin virusul<\/a><\/h3>\n<\/div>\n<\/div>\n<\/div>\n<div class=\"td-related-span4\">\n<div class=\"td_module_related_posts td-animation-stack td_mod_related_posts\">\n<div class=\"td-module-image\">\n<div class=\"td-module-thumb\"><a href=\"https:\/\/subiectivtulcea.ro\/lucrarile-la-podul-peste-dunare-intarziate-din-cauza-procedurii-exproprierilor\/\" rel=\"bookmark\" title=\"Lucr\u0103rile la Podul peste Dun\u0103re, \u00eent\u00e2rziate din cauza procedurii exproprierilor\"><img loading=\"lazy\" decoding=\"async\" width=\"238\" height=\"178\" class=\"entry-thumb\" src=\"https:\/\/subiectivtulcea.ro\/wp-content\/uploads\/2019\/07\/pod-Dunare-238x178.jpg\" alt title=\"Lucr\u0103rile la Podul peste Dun\u0103re, \u00eent\u00e2rziate din cauza procedurii exproprierilor\"><\/a><\/div>\n<\/div>\n<div class=\"item-details\">\n<h3 class=\"entry-title td-module-title\"><a href=\"https:\/\/subiectivtulcea.ro\/lucrarile-la-podul-peste-dunare-intarziate-din-cauza-procedurii-exproprierilor\/\" rel=\"bookmark\" title=\"Lucr\u0103rile la Podul peste Dun\u0103re, \u00eent\u00e2rziate din cauza procedurii exproprierilor\">Lucr\u0103rile la Podul peste Dun\u0103re, \u00eent\u00e2rziate din cauza procedurii exproprierilor<\/a><\/h3>\n<\/div>\n<\/div>\n<\/div>\n<div class=\"td-related-span4\">\n<div class=\"td_module_related_posts td-animation-stack td_mod_related_posts\">\n<div class=\"td-module-image\">\n<div class=\"td-module-thumb\"><a href=\"https:\/\/subiectivtulcea.ro\/tulcea-atentionare-pentru-persoanele-care-doresc-sa-lucreze-in-strainatate\/\" rel=\"bookmark\" title=\"TULCEA Aten\u021bionare pentru persoanele care doresc s\u0103 lucreze \u00een str\u0103in\u0103tate\"><img loading=\"lazy\" decoding=\"async\" width=\"238\" height=\"178\" class=\"entry-thumb\" src=\"https:\/\/subiectivtulcea.ro\/wp-content\/uploads\/2018\/07\/targ-joburi-238x178.jpg\" alt title=\"TULCEA Aten\u021bionare pentru persoanele care doresc s\u0103 lucreze \u00een str\u0103in\u0103tate\"><\/a><\/div>\n<\/div>\n<div class=\"item-details\">\n<h3 class=\"entry-title td-module-title\"><a href=\"https:\/\/subiectivtulcea.ro\/tulcea-atentionare-pentru-persoanele-care-doresc-sa-lucreze-in-strainatate\/\" rel=\"bookmark\" title=\"TULCEA Aten\u021bionare pentru persoanele care doresc s\u0103 lucreze \u00een str\u0103in\u0103tate\">TULCEA Aten\u021bionare pentru persoanele care doresc s\u0103 lucreze \u00een str\u0103in\u0103tate<\/a><\/h3>\n<\/div>\n<\/div>\n<\/div>\n<\/div>\n<\/div>\n<\/div>\n<div class=\"comments\" id=\"comments\">\n<div id=\"respond\" class=\"comment-respond\">\n<h3 id=\"reply-title\" class=\"comment-reply-title\">L\u0102SA\u021aI UN MESAJ <small><a rel=\"nofollow\" id=\"cancel-comment-reply-link\" href=\"https:\/\/subiectivtulcea.ro\/coronavirus-romania-1-029-infectii-94-de-pacienti-vindecati-18-persoane-au-murit\/#respond\">Renun\u021ba\u021bi la r\u0103spuns<\/a><\/small><\/h3>\n<div class=\"comment-form-input-wrap td-form-comment\">\n<div class=\"td-warning-comment\">Please enter your comment!<\/div>\n<\/div>\n<div class=\"comment-form-input-wrap td-form-author\">\n<div class=\"td-warning-author\">Please enter your name here<\/div>\n<\/div>\n<div class=\"comment-form-input-wrap td-form-email\">\n<div class=\"td-warning-email-error\">You have entered an incorrect email address!<\/div>\n<div class=\"td-warning-email\">Please enter your email address here<\/div>\n<\/div>\n<div class=\"gglcptch gglcptch_v2\">\n<div>\n<div>\n<div>\n\t\t\t\t\t\t\t\t\n\t\t\t\t\t\t\t<\/div>\n<\/div>\n<\/div>\n<\/div>\n<\/div>\n<\/div>\n<\/div>\n<\/div>\n<div class=\"td-pb-span4 td-main-sidebar td-pb-border-top\" role=\"complementary\">\n<div class=\"td-ss-main-sidebar\">\n<div class=\"td-a-rec td-a-rec-id-sidebar  td_uid_8_694bd1afca0ef_rand td_block_template_1\"><span class=\"td-adspot-title\">&#8211; Advertisement &#8211;<\/span><\/p>\n<div class=\"td-all-devices\"><a href=\"https:\/\/subiectivtulcea.ro\/coronavirus-romania-1-029-infectii-94-de-pacienti-vindecati-18-persoane-au-murit\/\"><img decoding=\"async\" src=\"https:\/\/custom-web.ro\/subiectiv\/wp-content\/uploads\/2017\/11\/vizual-Maximia-TV_cartela-Vodafone.jpg\"><\/a><\/div>\n<\/div>\n<div class=\"td_block_wrap td_block_9 td_block_widget td_uid_9_694bd1afca369_rand td_with_ajax_pagination td-pb-border-top td_block_template_1\" data-td-block-uid=\"td_uid_9_694bd1afca369\">\n<h4 class=\"block-title\"><span class=\"td-pulldown-size\">CITESTE SI &#8230;<\/span><\/h4>\n<div id=\"td_uid_9_694bd1afca369\" class=\"td_block_inner\">\n<div class=\"td-block-span12\">\n<div class=\"td_module_8 td_module_wrap\">\n<div class=\"item-details\">\n<h3 class=\"entry-title td-module-title\"><a href=\"https:\/\/subiectivtulcea.ro\/dosarul-avocatii-firea-si-baronii-locali-ascund-ilegalitatile-pe-bani-publici-dna-si-curtea-de-conturi-ii-contrazic\/\" rel=\"bookmark\" title=\"Dosarul \u201dAvoca\u021bii\u201d. Firea \u0219i baronii locali ascund ilegalit\u0103\u021bile pe bani publici! DNA \u0219i Curtea de Conturi \u00eei contrazic\">Dosarul \u201dAvoca\u021bii\u201d. Firea \u0219i baronii locali ascund ilegalit\u0103\u021bile pe bani publici! DNA \u0219i Curtea&#8230;<\/a><\/h3>\n<div class=\"meta-info\"><span class=\"td-post-author-name\"><a href=\"https:\/\/subiectivtulcea.ro\/author\/sorin\/\">Stefan Vasilescu<\/a><span>&#8211;<\/span><\/span><span class=\"td-post-date\"><time class=\"entry-date updated td-module-date\" datetime=\"2019-03-05T06:20:37+00:00\">martie 5, 2019<\/time><\/span><\/div>\n<\/div>\n<\/div>\n<\/div>\n<div class=\"td-block-span12\">\n<div class=\"td_module_8 td_module_wrap\">\n<div class=\"item-details\">\n<h3 class=\"entry-title td-module-title\"><a href=\"https:\/\/subiectivtulcea.ro\/%e2%80%8binvestitorii-vor-putea-construi-in-delta-pensiuni-si-pe-terenuri-de-200-metri-patrati-usr-tulcea-psd-al-pune-umarul-la-sfasierea-legala-a-deltei-dunarii\/\" rel=\"bookmark\" title=\"\u200bInvestitorii vor putea construi \u00een Delt\u0103 pensiuni \u0219i pe terenuri de 200 metri p\u0103tra\u0163i. USR Tulcea: PSD pune um\u0103rul la sf\u00e2\u015fierea Deltei Dun\u0103rii\">\u200bInvestitorii vor putea construi \u00een Delt\u0103 pensiuni \u0219i pe terenuri de 200 metri p\u0103tra\u0163i&#8230;.<\/a><\/h3>\n<div class=\"meta-info\"><span class=\"td-post-author-name\"><a href=\"https:\/\/subiectivtulcea.ro\/author\/sorin\/\">Stefan Vasilescu<\/a><span>&#8211;<\/span><\/span><span class=\"td-post-date\"><time class=\"entry-date updated td-module-date\" datetime=\"2018-04-24T13:34:44+00:00\">aprilie 24, 2018<\/time><\/span><\/div>\n<\/div>\n<\/div>\n<\/div>\n<div class=\"td-block-span12\">\n<div class=\"td_module_8 td_module_wrap\">\n<div class=\"item-details\">\n<h3 class=\"entry-title td-module-title\"><a href=\"https:\/\/subiectivtulcea.ro\/nava-de-croaziera-si-expeditii-lansata-la-santierul-naval-vard\/\" rel=\"bookmark\" title=\"Nav\u0103 de croazier\u0103 \u015fi expedi\u0163ii, lansat\u0103 la \u015eantierul Naval Vard\">Nav\u0103 de croazier\u0103 \u015fi expedi\u0163ii, lansat\u0103 la \u015eantierul Naval Vard<\/a><\/h3>\n<div class=\"meta-info\"><span class=\"td-post-author-name\"><a href=\"https:\/\/subiectivtulcea.ro\/author\/sorin\/\">Stefan Vasilescu<\/a><span>&#8211;<\/span><\/span><span class=\"td-post-date\"><time class=\"entry-date updated td-module-date\" datetime=\"2018-10-15T09:11:56+00:00\">octombrie 15, 2018<\/time><\/span><\/div>\n<\/div>\n<\/div>\n<\/div>\n<div class=\"td-block-span12\">\n<div class=\"td_module_8 td_module_wrap\">\n<div class=\"item-details\">\n<h3 class=\"entry-title td-module-title\"><a href=\"https:\/\/subiectivtulcea.ro\/different-new-year-celebrations-around-the-world\/\" rel=\"bookmark\" title=\"Turcan: Salut declaratia partenerului strategic al Romaniei in fata unor derapaje grave comise de politicieni din coalitie\">Turcan: Salut declaratia partenerului strategic al Romaniei in fata unor derapaje grave comise de&#8230;<\/a><\/h3>\n<div class=\"meta-info\"><span class=\"td-post-author-name\"><a href=\"https:\/\/subiectivtulcea.ro\/author\/tulcea\/\">tulcea<\/a><span>&#8211;<\/span><\/span><span class=\"td-post-date\"><time class=\"entry-date updated td-module-date\" datetime=\"2017-11-28T08:31:47+00:00\">noiembrie 28, 2017<\/time><\/span><\/div>\n<\/div>\n<\/div>\n<\/div>\n<div class=\"td-block-span12\">\n<div class=\"td_module_8 td_module_wrap\">\n<div class=\"item-details\">\n<h3 class=\"entry-title td-module-title\"><a href=\"https:\/\/subiectivtulcea.ro\/un-focar-nou-de-pesta-porcina-a-fost-descoperit-intr-o-gospodarie-cu-88-de-porci\/\" rel=\"bookmark\" title=\"Un focar nou de pest\u0103 porcin\u0103 a fost descoperit \u00eentr-o gospod\u0103rie cu 88 de porci\">Un focar nou de pest\u0103 porcin\u0103 a fost descoperit \u00eentr-o gospod\u0103rie cu 88 de&#8230;<\/a><\/h3>\n<div class=\"meta-info\"><span class=\"td-post-author-name\"><a href=\"https:\/\/subiectivtulcea.ro\/author\/sorin\/\">Stefan Vasilescu<\/a><span>&#8211;<\/span><\/span><span class=\"td-post-date\"><time class=\"entry-date updated td-module-date\" datetime=\"2018-10-01T11:33:12+00:00\">octombrie 1, 2018<\/time><\/span><\/div>\n<\/div>\n<\/div>\n<\/div>\n<\/div>\n<\/div>\n<\/div>\n<\/div>\n<\/div>\n<\/article>\n<p> Source URL: https:\/\/subiectivtulcea.ro\/coronavirus-romania-1-029-infectii-94-de-pacienti-vindecati-18-persoane-au-murit\/<\/p>\n","protected":false},"excerpt":{"rendered":"<p>Acas\u0103Articol PrincipalCoronavirus Rom\u00e2nia: 1.029 infec\u021bii, 94 de pacien\u021bi vindeca\u021bi. 18 persoane au murit Articol Principal Ultimele \u0218tiri Coronavirus Rom\u00e2nia: 1.029 infec\u021bii, 94 de pacien\u021bi vindeca\u021bi. 18 persoane au murit De c\u0103tre Stefan Vasilescu &#8211; martie 26, 2020 1082 0 DISTRIBUI\u021aI Facebook Twitter \u00cen Rom\u00e2nia au fost confirmate, p\u00e2n\u0103 acum, 1.029 infec\u021bii cu coronavirus. 94 dintre [&hellip;]<\/p>\n","protected":false},"author":1,"featured_media":0,"comment_status":"open","ping_status":"","sticky":false,"template":"","format":"standard","meta":{"footnotes":""},"categories":[89],"tags":[222],"class_list":["post-1237060","post","type-post","status-publish","format-standard","hentry","category-romania","tag-subiectivtulcea-ro"],"_links":{"self":[{"href":"https:\/\/analyse.optim.biz\/index.php?rest_route=\/wp\/v2\/posts\/1237060","targetHints":{"allow":["GET"]}}],"collection":[{"href":"https:\/\/analyse.optim.biz\/index.php?rest_route=\/wp\/v2\/posts"}],"about":[{"href":"https:\/\/analyse.optim.biz\/index.php?rest_route=\/wp\/v2\/types\/post"}],"author":[{"embeddable":true,"href":"https:\/\/analyse.optim.biz\/index.php?rest_route=\/wp\/v2\/users\/1"}],"replies":[{"embeddable":true,"href":"https:\/\/analyse.optim.biz\/index.php?rest_route=%2Fwp%2Fv2%2Fcomments&post=1237060"}],"version-history":[{"count":0,"href":"https:\/\/analyse.optim.biz\/index.php?rest_route=\/wp\/v2\/posts\/1237060\/revisions"}],"wp:attachment":[{"href":"https:\/\/analyse.optim.biz\/index.php?rest_route=%2Fwp%2Fv2%2Fmedia&parent=1237060"}],"wp:term":[{"taxonomy":"category","embeddable":true,"href":"https:\/\/analyse.optim.biz\/index.php?rest_route=%2Fwp%2Fv2%2Fcategories&post=1237060"},{"taxonomy":"post_tag","embeddable":true,"href":"https:\/\/analyse.optim.biz\/index.php?rest_route=%2Fwp%2Fv2%2Ftags&post=1237060"}],"curies":[{"name":"wp","href":"https:\/\/api.w.org\/{rel}","templated":true}]}}