{"id":1237034,"date":"2024-05-14T17:06:12","date_gmt":"2024-05-14T14:06:12","guid":{"rendered":"https:\/\/analyse.optim.biz\/?p=1237034"},"modified":"2024-05-14T17:06:12","modified_gmt":"2024-05-14T14:06:12","slug":"alexandru-andries-in-recital-la-festivalul-mai-cu-folk-ziarul-de-vaslui","status":"publish","type":"post","link":"https:\/\/analyse.optim.biz\/?p=1237034","title":{"rendered":"Alexandru Andrie\u0219, \u00een recital la Festivalul \u201dMai cu folk\u201d &#8211; Ziarul de Vaslui"},"content":{"rendered":"<div class=\"entry-content clearfix\">\n<p>S\u00e2mb\u0103t\u0103, 18 mai, de la ora 10.00, \u00een Parcul Copou, Festivalul Mai cu FOLK, ajuns deja la a X-a edi\u021bie, va aduna la scen\u0103 peste 120 de concuren\u021bi din Suceava, Piatra Neam\u021b, T\u00e2rgu Neam\u021b, Bistri\u021ba N\u0103s\u0103ud, Gala\u021bi, Ploie\u0219ti, Vaslui, B\u00e2rlad \u0219i din Republica Moldova \u2013 Chi\u0219in\u0103u, Ialoveni, Drochia, \u00eenscri\u0219i la categoriile Individual sau Grup, fiecare dintre ei dornici s\u0103 c\u00e2\u0219tige Trofeul Festivalului.<br \/>Seara zilei de s\u00e2mb\u0103t\u0103 va culmina cu spectacolul oferit de inegalabilul Alexandru Andrie\u0219.<br \/>Premierea va avea loc duminic\u0103, 19 mai, \u00eenchiderea festivalului fiind asigurat\u0103 \u00een acest an de trupa folk Focul Viu.<\/p>\n<figure class=\"wp-block-gallery columns-3 is-cropped\">\n<ul class=\"blocks-gallery-grid\">\n<li class=\"blocks-gallery-item\">\n<figure><img decoding=\"async\" loading=\"lazy\" width=\"724\" height=\"1024\" src=\"https:\/\/www.ziaruldevaslui.ro\/a6d83d5d-d39a-43bb-a6f7-dfe45d3a9434\/\" alt class=\"wp-image-45951\"><\/figure>\n<\/li>\n<li class=\"blocks-gallery-item\">\n<figure><img decoding=\"async\" loading=\"lazy\" width=\"724\" height=\"1024\" src=\"https:\/\/www.ziaruldevaslui.ro\/ae691dad-abef-4907-b7d3-fcf6e8c164e3\/\" alt class=\"wp-image-45952\"><\/figure>\n<\/li>\n<li class=\"blocks-gallery-item\">\n<figure><img decoding=\"async\" loading=\"lazy\" width=\"724\" height=\"1024\" src=\"https:\/\/www.ziaruldevaslui.ro\/eb8cf6af-47cd-4978-9bdf-1d427fff3147\/\" alt class=\"wp-image-45953\"><\/figure>\n<\/li>\n<\/ul>\n<\/figure>\n<aside class=\"mashsb-container mashsb-main \">\n<div class=\"mashsb-box\">\n<div class=\"mashsb-count mash-medium\">\n<div class=\"counts mashsbcount\">0<\/div>\n<p><span class=\"mashsb-sharetext\">SHARES<\/span><\/div>\n<div class=\"mashsb-buttons\"><a class=\"mashicon-facebook mash-medium mashsb-noshadow\" href=\"https:\/\/www.facebook.com\/sharer.php?u=https%3A%2F%2Fwww.ziaruldevaslui.ro%2Falexandru-andries-in-recital-la-festivalul-mai-cu-folk%2F\" target=\"_top\" rel=\"nofollow\"><span class=\"text\">Share\u00a0pe\u00a0facebook<\/span><\/a><a class=\"mashicon-twitter mash-medium mashsb-noshadow\" href=\"https:\/\/twitter.com\/intent\/tweet?text=Alexandru%20Andrie%C8%99%2C%20%C3%AEn%20recital%20la%20Festivalul%20%22Mai%20cu%20folk%22&amp;url=https:\/\/www.ziaruldevaslui.ro\/?p=45938\" target=\"_top\" rel=\"nofollow\"><span class=\"text\">Share\u00a0pe\u00a0twitter<\/span><\/a><\/div>\n<\/div>\n<\/aside>\n<\/div>\n<div class=\"entry-content\">\n<p>Ini\u021bial am crezut c\u0103 Ionel Sandu s-a apucat de Stand Up Comedy. Cu afacerile nu st\u0103 extraordinar, cu politica nici<\/p>\n<\/div>\n<p> Source URL: https:\/\/www.ziaruldevaslui.ro\/alexandru-andries-in-recital-la-festivalul-mai-cu-folk\/<\/p>\n","protected":false},"excerpt":{"rendered":"<p>S\u00e2mb\u0103t\u0103, 18 mai, de la ora 10.00, \u00een Parcul Copou, Festivalul Mai cu FOLK, ajuns deja la a X-a edi\u021bie, va aduna la scen\u0103 peste 120 de concuren\u021bi din Suceava, Piatra Neam\u021b, T\u00e2rgu Neam\u021b, Bistri\u021ba N\u0103s\u0103ud, Gala\u021bi, Ploie\u0219ti, Vaslui, B\u00e2rlad \u0219i din Republica Moldova \u2013 Chi\u0219in\u0103u, Ialoveni, Drochia, \u00eenscri\u0219i la categoriile Individual sau Grup, fiecare [&hellip;]<\/p>\n","protected":false},"author":1,"featured_media":0,"comment_status":"open","ping_status":"","sticky":false,"template":"","format":"standard","meta":{"footnotes":""},"categories":[89],"tags":[218],"class_list":["post-1237034","post","type-post","status-publish","format-standard","hentry","category-romania","tag-ziaruldevaslui-ro"],"_links":{"self":[{"href":"https:\/\/analyse.optim.biz\/index.php?rest_route=\/wp\/v2\/posts\/1237034","targetHints":{"allow":["GET"]}}],"collection":[{"href":"https:\/\/analyse.optim.biz\/index.php?rest_route=\/wp\/v2\/posts"}],"about":[{"href":"https:\/\/analyse.optim.biz\/index.php?rest_route=\/wp\/v2\/types\/post"}],"author":[{"embeddable":true,"href":"https:\/\/analyse.optim.biz\/index.php?rest_route=\/wp\/v2\/users\/1"}],"replies":[{"embeddable":true,"href":"https:\/\/analyse.optim.biz\/index.php?rest_route=%2Fwp%2Fv2%2Fcomments&post=1237034"}],"version-history":[{"count":0,"href":"https:\/\/analyse.optim.biz\/index.php?rest_route=\/wp\/v2\/posts\/1237034\/revisions"}],"wp:attachment":[{"href":"https:\/\/analyse.optim.biz\/index.php?rest_route=%2Fwp%2Fv2%2Fmedia&parent=1237034"}],"wp:term":[{"taxonomy":"category","embeddable":true,"href":"https:\/\/analyse.optim.biz\/index.php?rest_route=%2Fwp%2Fv2%2Fcategories&post=1237034"},{"taxonomy":"post_tag","embeddable":true,"href":"https:\/\/analyse.optim.biz\/index.php?rest_route=%2Fwp%2Fv2%2Ftags&post=1237034"}],"curies":[{"name":"wp","href":"https:\/\/api.w.org\/{rel}","templated":true}]}}