{"id":123673,"date":"2018-02-16T10:27:55","date_gmt":"2018-02-16T07:27:55","guid":{"rendered":"https:\/\/analyse.optim.biz\/?p=123673"},"modified":"2018-02-16T10:27:55","modified_gmt":"2018-02-16T07:27:55","slug":"viorica-dancila-isi-cere-scuze-pentru-declaratia-privind-autistii","status":"publish","type":"post","link":"https:\/\/analyse.optim.biz\/?p=123673","title":{"rendered":"Viorica D\u0103ncil\u0103 \u00ee\u0219i cere scuze pentru declara\u021bia privind \u201eauti\u0219tii\u201d"},"content":{"rendered":"<div class=\"entry data-app-meta data-app-meta-article\" data-embed-base-url-canonical=\"https:\/\/www.digi24.ro\/embed\/stiri\/actualitate\/politica\/viorica-dancila-isi-cere-scuze-pentru-declaratia-privind-autistii-879408\">\n<p data-index=\"1\"><strong><span lang=\"ro-RO\">Premierul Viorica D\u0103ncil\u0103 \u00ee\u0219i cere scuze public <a href=\"https:\/\/www.digi24.ro\/stiri\/actualitate\/politica\/prim-ministrul-dancila-cei-care-dezinformeaza-ue-sunt-autisti-879267\" data-skip-linkfix=\"1\">pentru declara\u021bia f\u0103cut\u0103 \u00een cadrul unei emisiuni televizate <\/a>\u0219i precizeaz\u0103 c\u0103 prin compara\u021bia f\u0103cut\u0103 nu a dorit s\u0103 aduc\u0103 jigniri persoanelor cu tulbur\u0103ri din spectrul autismului, potrivit unui comunicat postat pe site-ul guvernului.<\/span><\/strong><\/p>\n<figure class=\"article-thumb\"><img decoding=\"async\" src=\"https:\/\/analyse.optim.biz\/wp-content\/uploads\/2024\/09\/nze5yjllymzkowe4owm1yzm3ndawyzdkzdfingu-thumb_.jpg\" alt=\"viorica dancila_govro\" data-skip-htmlfix=\"1\" title=\"nze5yjllymzkowe4owm1yzm3ndawyzdkzdfingu-thumb_\"><figcaption> Viorica D\u0103ncil\u0103 \/ Foto: gov.ro <\/figcaption><\/figure>\n<p data-index=\"2\"><span lang=\"ro-RO\"><strong>ACTUALIZARE 10.45:<\/strong><em><strong>\u201e\u00cemi pare r\u0103u c\u0103 s-a f\u0103cut aceast\u0103 analogie, nu a fost \u00een inten\u021bia mea \u0219i v\u0103 asigur c\u0103 nu a\u0219 face acest lucru niciodat\u0103.<\/strong><\/em>Am s\u0103 sun personal la cei care au f\u0103cut aceast\u0103 sesizare \u0219i am s\u0103 le spun c\u0103 nu a fost inten\u021bia mea. Voi face toate demersurile, nu pentru a evita o sanc\u021biune, s\u0103 nu \u00een\u021belege\u021bi acest lucru. <em><strong>Chiar \u00eemi pare r\u0103u c\u0103 s-a \u00een\u021beles acest lucru<\/strong><\/em>, empatizez total cu oamenii care au astfel de probleme. M\u0103 voi implica ca s\u0103 construiesc o strategie bun\u0103 \u0219i pentru astfel de persoane \u0219i pentru alte persoane cu dizabilit\u0103\u021bi\u201d, a declarat Viorica D\u0103ncil\u0103, vineri, dup\u0103 ce a participat la bilan\u021bul Poli\u021biei Rom\u00e2ne.<\/span><\/p>\n<hr>\n<p data-index=\"3\">\u201e<span lang=\"ro-RO\">\u00cemi declar sprijinul ferm pentru\u00a0 persoanele cu dizabilit\u0103\u021bi, indiferent de natura acestora. Sunt oameni care au nevoie de grija \u0219i de sus\u021binerea noastr\u0103. Avem datoria s\u0103 dovedim \u00een\u021belegere \u0219i umanitate, s\u0103 le respect\u0103m drepturile, s\u0103 le ap\u0103r\u0103m demnitatea\u201d, precizeaz\u0103 prim-ministrul D\u0103ncil\u0103.<\/span><\/p>\n<p data-index=\"4\">\u0218eful Executivului subliniaz\u0103 c\u0103 doar printr-o aten\u021bie constant\u0103 acordat\u0103\u00a0 persoanelor cu dizabilit\u0103\u021bi putem contribui la integrarea acestora \u00een societate \u0219i punerea \u00een valoarea a calit\u0103\u021bilor lor.\u00a0\u201dM-am implicat activ \u00een tot ceea ce \u00eenseamn\u0103 promovarea \u0219i ap\u0103rarea drepturilor persoanelor cu dizabilit\u0103\u021bi. Ca prim-ministru, voi folosi toate p\u00e2rghiile legale pentru a pune \u00een practic\u0103, \u00een cel mai scurt timp, m\u0103suri active destinate rezolv\u0103rii dificult\u0103\u021bilor pe care le \u00eent\u00e2mpin\u0103 semenii no\u0219tri\u201d, a subliniat Viorica D\u0103ncil\u0103.<\/p>\n<p data-index=\"5\"><span lang=\"ro-RO\">Anterior, premierul \u00eei catalogase drept \u201eauti\u015fti\u201d pe cei care dezinformeaz\u0103 UE.<\/span><\/p>\n<p data-index=\"6\">\u201eCum poate un europarlamentar s\u0103 \u00eendep\u0103rteze Rom\u00e2nia de Europa? Un om care nou\u0103 ani a stat la Bruxelles cunoa\u015fte institu\u0163iile, cunoa\u015fte regulile europene \u015fi \u015ftie c\u00e2t de important\u0103 este participarea noastr\u0103 ca stat membru \u00een aceast\u0103 construc\u0163ie european\u0103. Legat de parteneriatul strategic &#8211; este primul Guvern care are un vicepremier care se ocup\u0103 de parteneriate strategice, \u00een special pe parteneriatul strategic cu SUA. Deci cred c\u0103 doar aceste dou\u0103 lucruri arat\u0103, s\u0103 m\u0103 exprim elegant, c\u0103 dezinformeaz\u0103 \u015fi c\u0103 \u015ftiu realitatea, dar nu vor s\u0103 o accepte \u015fi s\u0103 o vad\u0103. Ace\u015fti oameni cred c\u0103 sunt auti\u015fti \u015fi nu v\u0103d \u015fi nu aud ceea ce este vizibil pentru to\u0163i cei de bun\u0103 credin\u0163\u0103\u201d, a conchis ea.<\/p>\n<p data-index=\"7\"><span lang=\"ro-RO\">Asocia\u021bia P\u0103rin\u021bilor Copiilor cu Autism a reac\u021bionat printr-o scrisoare deschis\u0103 la aceast\u0103 declara\u021bie a premierului Viorica D\u0103ncil\u0103\u00a0<\/span><a href=\"https:\/\/www.digi24.ro\/stiri\/actualitate\/politica\/scrisoare-de-protest-a-asociatiei-autism-romania-dupa-o-declaratie-a-premierului-dancila-879315\" data-skip-linkfix=\"1\"><strong><span lang=\"ro-RO\">\u0219i a fost sesizat Consiliul Na\u0163ional pentru Combaterea Discrimin\u0103rii. <\/span><\/strong><\/a><\/p>\n<\/div>\n<p> Source URL: https:\/\/www.digi24.ro\/stiri\/actualitate\/politica\/viorica-dancila-isi-cere-scuze-pentru-declaratia-privind-autistii-879408<\/p>\n","protected":false},"excerpt":{"rendered":"<p>Premierul Viorica D\u0103ncil\u0103 \u00ee\u0219i cere scuze public pentru declara\u021bia f\u0103cut\u0103 \u00een cadrul unei emisiuni televizate \u0219i precizeaz\u0103 c\u0103 prin compara\u021bia f\u0103cut\u0103 nu a dorit s\u0103 aduc\u0103 jigniri persoanelor cu tulbur\u0103ri din spectrul autismului, potrivit unui comunicat postat pe site-ul guvernului. Viorica D\u0103ncil\u0103 \/ Foto: gov.ro ACTUALIZARE 10.45:\u201e\u00cemi pare r\u0103u c\u0103 s-a f\u0103cut aceast\u0103 analogie, nu [&hellip;]<\/p>\n","protected":false},"author":1,"featured_media":123674,"comment_status":"open","ping_status":"","sticky":false,"template":"","format":"standard","meta":{"footnotes":""},"categories":[2],"tags":[11],"class_list":["post-123673","post","type-post","status-publish","format-standard","has-post-thumbnail","hentry","category-politics","tag-digi24"],"_links":{"self":[{"href":"https:\/\/analyse.optim.biz\/index.php?rest_route=\/wp\/v2\/posts\/123673","targetHints":{"allow":["GET"]}}],"collection":[{"href":"https:\/\/analyse.optim.biz\/index.php?rest_route=\/wp\/v2\/posts"}],"about":[{"href":"https:\/\/analyse.optim.biz\/index.php?rest_route=\/wp\/v2\/types\/post"}],"author":[{"embeddable":true,"href":"https:\/\/analyse.optim.biz\/index.php?rest_route=\/wp\/v2\/users\/1"}],"replies":[{"embeddable":true,"href":"https:\/\/analyse.optim.biz\/index.php?rest_route=%2Fwp%2Fv2%2Fcomments&post=123673"}],"version-history":[{"count":0,"href":"https:\/\/analyse.optim.biz\/index.php?rest_route=\/wp\/v2\/posts\/123673\/revisions"}],"wp:featuredmedia":[{"embeddable":true,"href":"https:\/\/analyse.optim.biz\/index.php?rest_route=\/wp\/v2\/media\/123674"}],"wp:attachment":[{"href":"https:\/\/analyse.optim.biz\/index.php?rest_route=%2Fwp%2Fv2%2Fmedia&parent=123673"}],"wp:term":[{"taxonomy":"category","embeddable":true,"href":"https:\/\/analyse.optim.biz\/index.php?rest_route=%2Fwp%2Fv2%2Fcategories&post=123673"},{"taxonomy":"post_tag","embeddable":true,"href":"https:\/\/analyse.optim.biz\/index.php?rest_route=%2Fwp%2Fv2%2Ftags&post=123673"}],"curies":[{"name":"wp","href":"https:\/\/api.w.org\/{rel}","templated":true}]}}