{"id":1236616,"date":"2013-04-30T08:00:39","date_gmt":"2013-04-30T05:00:39","guid":{"rendered":"https:\/\/analyse.optim.biz\/?p=1236616"},"modified":"2013-04-30T08:00:39","modified_gmt":"2013-04-30T05:00:39","slug":"campanie-pressalert-ro-invingatorii-povestea-de-dragoste-care-a-batut-destinul","status":"publish","type":"post","link":"https:\/\/analyse.optim.biz\/?p=1236616","title":{"rendered":"Campanie PRESSALERT.RO \u00ceNVING\u0102TORII Povestea de dragoste care a b\u0103tut destinul"},"content":{"rendered":"<article id=\"post-49704\" class=\"post-49704 post type-post status-publish format-standard has-post-thumbnail hentry category-campanii-pressalert category-campanii-invingatorii tag-edi tag-fundatia-pentru-voi tag-invingatorii tag-lenuta tag-locuinta-protejata tag-poveste tag-timisoara\">\n<div class=\"td-post-header td-pb-padding-side\">\n<div class=\"entry-crumbs\"><span><a title class=\"entry-crumb\" href=\"https:\/\/www.pressalert.ro\/\"><span>Acas\u0103<\/span><\/a><\/span><span><a title=\"Vede\u021bi toate articolele \u00een Campanii PRESSALERT\" class=\"entry-crumb\" href=\"https:\/\/www.pressalert.ro\/category\/campanii-pressalert\/\"><span>Campanii PRESSALERT<\/span><\/a><\/span><span class=\"td-bred-no-url-last\">Campanie PRESSALERT.RO \u00ceNVING\u0102TORII Povestea de dragoste care a b\u0103tut destinul<\/span><\/div>\n<ul class=\"td-category\">\n<li class=\"entry-category\"><a href=\"https:\/\/www.pressalert.ro\/category\/campanii-pressalert\/\">Campanii PRESSALERT<\/a><\/li>\n<li class=\"entry-category\"><a href=\"https:\/\/www.pressalert.ro\/category\/campanii-pressalert\/campanii-invingatorii\/\">\u00cenving\u0103torii<\/a><\/li>\n<\/ul>\n<header>\n<h1 class=\"entry-title\">Campanie PRESSALERT.RO \u00ceNVING\u0102TORII Povestea de dragoste care a b\u0103tut destinul<\/h1>\n<div class=\"meta-info\">\n<div class=\"td-post-author-name\">\n<div class=\"td-author-by\">De<\/div>\n<p><a href=\"https:\/\/www.pressalert.ro\/author\/adriana-mit\/\">Adriana M\u00ee\u021b<\/a><\/p>\n<div class=\"td-author-line\"> &#8211; <\/div>\n<\/div>\n<p><span class=\"td-post-date\"><time class=\"entry-date updated td-module-date\" datetime=\"2013-04-30T08:00:39+00:00\">apr. 30, 2013<\/time><\/span><\/p>\n<div class=\"td-post-comments\"><a href=\"https:\/\/www.pressalert.ro\/2013\/04\/campanie-pressalert-ro-invingatorii-povestea-de-dragoste-care-a-batut-destinul\/#respond\">0<\/a><\/div>\n<\/div>\n<\/header>\n<\/div>\n<div class=\"td-post-sharing td-post-sharing-top td-pb-padding-side\"><span class=\"td-post-share-title\">DISTRIBUI\u021aI<\/span><\/p>\n<div class=\"td-default-sharing \"><a class=\"td-social-sharing-buttons td-social-facebook\" href=\"http:\/\/www.facebook.com\/sharer.php?u=https%3A%2F%2Fwww.pressalert.ro%2F2013%2F04%2Fcampanie-pressalert-ro-invingatorii-povestea-de-dragoste-care-a-batut-destinul%2F\"><\/p>\n<div class=\"td-social-but-text\">Facebook<\/div>\n<p><\/a><a class=\"td-social-sharing-buttons td-social-twitter\" href=\"https:\/\/twitter.com\/intent\/tweet?text=Campanie+PRESSALERT.RO+%C3%8ENVING%C4%82TORII+Povestea+de+dragoste+care+a+b%C4%83tut+destinul&amp;url=https%3A%2F%2Fwww.pressalert.ro%2F2013%2F04%2Fcampanie-pressalert-ro-invingatorii-povestea-de-dragoste-care-a-batut-destinul%2F&amp;via=PRESSALERT.ro\"><\/p>\n<div class=\"td-social-but-text\">Twitter<\/div>\n<p><\/a><\/div>\n<\/div>\n<div class=\"td-post-content td-pb-padding-side\">\n<figure id=\"attachment_49705\" aria-describedby=\"caption-attachment-49705\" class=\"wp-caption aligncenter\"><a href=\"http:\/\/www.pressalert.ro\/2013\/04\/campanie-pressalert-ro-invingatorii-povestea-de-dragoste-care-a-batut-destinul\/ei-doi04\/\" rel=\"attachment wp-att-49705\"><img loading=\"lazy\" decoding=\"async\" class=\"size-medium wp-image-49705 \" alt=\"ei doi04\" src=\"http:\/\/www.pressalert.ro\/wp-content\/uploads\/2013\/04\/ei-doi04-640x426.jpg\" width=\"640\" height=\"426\"><\/a><figcaption id=\"caption-attachment-49705\" class=\"wp-caption-text\">FOTO: ADRIAN P\u00ceCLI\u0218AN<\/figcaption><\/figure>\n<p>Cu cornuri \u015fi covrigi\u00a0 \u2013 a\u015fa a \u00eenceput povestea de dragoste a Lenu\u021bei \u0219i a lui Edi. Cei doi formeaz\u0103 un cuplu fericit de aproape zece ani, cunosc\u00e2ndu-se pe vremea c\u00e2nd Edi era un brutar priceput \u015fi a cucerit-o cu preparatele sale gustoase. Ca \u00een orice \u201elove story\u201d, privirile \u0219i z\u00e2mbetele au f\u0103cut toat\u0103 treaba. De aproape un deceniu tinerii au visat la momentul de acum: s\u0103 \u00eempart\u0103 un c\u0103min. Spre deosebire de multe alte cupluri, care trebuie s\u0103 \u00eenfrunte etapele grele ale ob\u021binerii unui \u00eemprumut la banc\u0103, ei au fost nevoi\u021bi s\u0103 treac\u0103 un prag mai abrupt: dizabilit\u0103\u021bile intelectuale. De\u0219i \u0219i-au petrecut copil\u0103ria \u00een centre de plasament, Lenu\u0163a \u015fi Edi au \u00eenv\u0103\u0163at s\u0103 se descurce singuri \u015fi de doi ani locuiesc \u00eempreun\u0103. Au format astfel familia pe care nu au avut-o niciodat\u0103.<\/p>\n<p>Pe Lenu\u0163a \u015fi Edi i-am g\u0103sit \u00eentr-o zi de miercuri la centrul Funda\u0163iei \u201ePentru Voi\u201d, acolo unde asambleaz\u0103 capace pentru deodorante de camer\u0103, cel pu\u0163in patru ore pe zi. Cu banii c\u00e2\u015ftiga\u0163i reu\u015fesc s\u0103 pl\u0103teasc\u0103 cheltuielile pentru locuin\u0163a protejat\u0103 oferit\u0103 de Funda\u0163ie \u015fi s\u0103 tr\u0103iasc\u0103 decent. Spre deosebire de persoanele cu Sindrom Down sau autism, Lenu\u0163a \u015fi Edi nu s-au n\u0103scut cu un retard mintal sever, astfel c\u0103 nu au nevoie \u00een permanen\u0163\u0103 de cineva care s\u0103 aib\u0103 grij\u0103 de ei. Dizabilitatea intelectual\u0103 de care sufer\u0103 s-a accentuat \u015fi mai mult \u00een copil\u0103rie, mai ales c\u0103 cei doi nu au avut parte de dragostea unei mame, ci doar de b\u0103t\u0103ile colegilor mai mari din centrele de plasament \u00een care au locuit.<\/p>\n<p><strong>Lenu\u021ba<\/strong><\/p>\n<p>Lenu\u0163a are 27 de ani, este foarte vorb\u0103rea\u0163\u0103 \u015fi vesel\u0103 mai tot timpul. A avut ghinionul de a se na\u015fte \u00eentr-o familie s\u0103rac\u0103 din jude\u0163ul Constan\u0163a, mai are patru surori, iar mama ei a decis c\u0103 e mai bine s\u0103 o dea pe feti\u0163\u0103 \u00eentr-un centru de plasament. Nu-\u015fi aduce aminte cum arat\u0103 mama ei, \u015fi spune c\u0103 nici nu o intereseaz\u0103, mai ales c\u0103 \u00een anii copil\u0103riei nu a c\u0103utat-o niciodat\u0103. P\u00e2n\u0103 la v\u00e2rsta de 18 ani a locuit \u00een mai multe centre pentru copii din \u0163ar\u0103. Lenu\u0163a poveste\u015fte c\u0103 cel mai greu a fost la Caransebe\u015f, pentru c\u0103 \u201eam luat foarte mult\u0103 b\u0103taie de la colegele mai mari \u015fi nimeni nu avea ce s\u0103 le fac\u0103\u201d. La v\u00e2rsta de 18 ani, t\u00e2n\u0103ra a fost nevoit\u0103 s\u0103 p\u0103r\u0103seasc\u0103 centrul de la Caransebe\u015f \u015fi a\u015fa a ajuns la S\u0103c\u0103laz, la un centru pentru persoanele cu tulbur\u0103ri comportamentale al Funda\u0163iei \u201ePentru Voi\u201d. Aici era deschis\u0103 \u015fi o brut\u0103rie \u00een care lucrau trei persoane cu dizabilit\u0103\u0163i intelectuale, printre care \u015fi Edi.<\/p>\n<p><strong>Edi<\/strong><\/p>\n<p>Edi are 29 de ani, este mai t\u0103cut, iar povestea lui de via\u0163\u0103 este la fel de trist\u0103 ca cea a Lenu\u0163ei. La doar \u015fapte ani, dup\u0103 ce p\u0103rin\u0163ii lui s-au desp\u0103r\u0163it, b\u0103iatul a fost abandonat de mam\u0103 \u00een Centrul de Plasament pentru Copiii cu Dizabilit\u0103\u0163i Reca\u015f. Mai are trei surori, dintre care dou\u0103 au avut aceea\u015fi soart\u0103, pentru c\u0103 familia nu a avut condi\u0163ii s\u0103 le \u00eentre\u0163in\u0103. Dup\u0103 ce a \u00eemplinit 18 ani, Edi a fost sprijinit de Funda\u0163ia \u201ePentru Voi\u201d, singura din \u0163ar\u0103 care se ocup\u0103 cu persoanele cu retard mintal, iar \u00een 2004, b\u0103iatul este angajat ca ajutor de brutar la S\u0103c\u0103laz.<\/p>\n<p>15 martie 2004.<\/p>\n<p> Este ziua pe care nu o vor uita niciodat\u0103, pentru c\u0103 atunci s-au cunoscut, iar via\u021ba lor s-a schimbat pentru totdeauna. Lenu\u0163a poveste\u015fte c\u0103 \u201ea fost dragoste la prima vedere. Edi era cel mai frumos dintre b\u0103ie\u0163ii de la centru, dar am a\u015fteptat s\u0103 fac\u0103 el primul pas\u201d. Atrac\u0163ia a fost reciproc\u0103, dar b\u0103iatul era prea ru\u015finos s\u0103-i spun\u0103 fetei ce simte. Totu\u015fi, \u015fi-a ar\u0103tat sentimentele indirect, aproape \u00een fiecare zi o r\u0103sf\u0103\u0163a cu cornuri umplute cu gem, covrigi sau \u00eei prepara cafeaua. Dup\u0103 dou\u0103 s\u0103pt\u0103m\u00e2ni, Edi \u00ee\u015fi ia inima \u00een din\u0163i \u015fi o invit\u0103 pe Lenu\u0163a la un suc \u00een ora\u015f \u015fi tot \u00een aceea\u015fi zi \u00eei cere prietenia. \u201eMi-a cump\u0103rat o sticl\u0103 de suc de portocale. C\u00e2nd mi-a cerut prietenia am spus \u00abda\u00bb, nu am stat pe g\u00e2nduri\u201d, \u00ee\u0163i aminte\u015fte t\u00e2n\u0103ra cuprins\u0103 de emo\u021bie.<\/p>\n<p><strong>Acas\u0103<\/strong><\/p>\n<p>Au trecut aproape zece ani de la acel moment, \u00eens\u0103 dragostea dintre cei doi este la fel de puternic\u0103. \u00cen anul 2011, mai exact pe 21 octombrie, a\u015fa cum ne informeaz\u0103 Edi, rela\u0163ia lor trece la un alt nivel. Funda\u0163ia \u201ePentru Voi\u201d le ofer\u0103 o locuin\u0163\u0103 protejat\u0103 format\u0103 dintr-o camer\u0103, buc\u0103t\u0103rie \u015fi baie. Primul \u201eacas\u0103\u201d pentru Lenu\u021ba \u0219i Edi.<\/p>\n<p>Cei zece ani petrecu\u0163i \u00eempreun\u0103 au fost plini de momente fericite. Edi este cel care \u00ee\u015fi r\u0103sfa\u0163\u0103 iubita, \u00eei preg\u0103te\u015fte micul dejun \u015fi cafelu\u0163a \u015fi nu trece nici m\u0103car o singur\u0103 zi ca cei doi s\u0103 nu \u00ee\u015fi spun\u0103 \u201eTe iubesc!\u201d. \u201e\u0162in foarte mult la el, nu-l las deloc s\u0103 plece de l\u00e2ng\u0103 mine\u201d, ne poveste\u015fte z\u00e2mbind Lenu\u0163a, care ne m\u0103rturise\u015fte c\u0103 Edi \u00eei spune mereu \u201ete iubesc foarte mult, te am \u00een suflet\u201d \u015fi de cele mai multe ori, pe l\u00e2ng\u0103 cuvintele cu care se alint\u0103, deseori o strig\u0103 \u201emam\u0103\u201d, pentru c\u0103 a\u015fa \u00eei place lui. Mai mult, atunci c\u00e2nd iau o pauz\u0103 de la munc\u0103, \u00eempart aceea\u015fi \u0163igar\u0103.<\/p>\n<p>Tot \u00een urm\u0103 cu doi ani, Edi a decis s\u0103 fac\u0103 pasul cel mare \u015fi \u015fi-a cerut iubita de so\u0163ie. \u201eEra \u00eentr-o sear\u0103 de var\u0103, m-am pus \u00een genunchi \u015fi am \u00eentrebat-o pe Lenu\u0163a dac\u0103 vrea s\u0103 fie so\u0163ia mea. Inel nu i-am dat, c\u0103 nu am avut bani s\u0103 \u00eei cump\u0103r\u201d, ne spune pu\u0163in \u00eentristat Edi. Lenu\u0163a nu a stat pe g\u00e2nduri \u015fi i-a r\u0103spuns \u201edirect, DA\u201d. Tot lipsa banilor i-a determinat pe cei doi s\u0103 nu poat\u0103 s\u0103 \u00ee\u015fi oficieze rela\u0163ia. Edi sper\u0103 c\u0103 \u00ee\u015fi va g\u0103si un alt loc de munc\u0103, la o firm\u0103 unde va desc\u0103rca \u015fi \u00eenc\u0103rca marf\u0103, \u015fi va reu\u015fi s\u0103 str\u00e2ng\u0103 c\u00e2\u0163iva bani ca \u00een cel mult un an Lenu\u0163a s\u0103 \u00eei poarte numele.<\/p>\n<p>Cristina Burlacu, psihologul care se ocup\u0103 de cele aproape 200 de persoane cu dizabilit\u0103\u0163i intelectuale, beneficiare ale Funda\u0163iei \u201ePentru Voi\u201d din Timi\u015foara, ne-a spus c\u0103 Lenu\u0163a \u015fi Edi se \u00een\u0163eleg foarte bine \u015fi pentru c\u0103 nu au un retard mintal sever reu\u015fesc s\u0103 se descurce singuri. \u201eUn angajat al Funda\u0163iei \u00eei verific\u0103 periodic, de trei ori pe s\u0103pt\u0103m\u00e2n\u0103, s\u0103 vad\u0103 dac\u0103 \u00ee\u015fi fac cur\u0103\u0163enie, au m\u00e2ncare, \u00eei \u00eenva\u0163\u0103 re\u0163ete noi de g\u0103tit. Edi este unul dintre cei mai buni angaja\u0163i ai Funda\u0163iei, el este cel care verific\u0103 dac\u0103 capacele realizate de colegii lui sunt \u00een regul\u0103\u201d, a mai ad\u0103ugat Cristina Burlacu.<\/p>\n<p>Cei doi muncesc \u00eempreun\u0103, iar timpul liber \u015fi-l petrec tot \u00eempreun\u0103. Imediat dup\u0103 ce se termin\u0103 programul de lucru, Lenu\u0163a \u015fi Edi merg acas\u0103, \u00ee\u015fi g\u0103tesc, \u201edormim, facem b\u0103i\u0163\u0103 \u00eempreun\u0103 \u015fi seara ne uit\u0103m am\u00e2ndoi la filmul nostru preferat, \u00abInim\u0103 de \u0163igan\u00bb\u201d, ne spune fata. Lenu\u0163a \u015fi Edi \u00ee\u015fi doresc foarte mult un copil, \u00eens\u0103 le e fric\u0103 s\u0103 fac\u0103 acest pas, mai ales c\u0103 \u00een urm\u0103 cu un an, t\u00e2n\u0103ra a r\u0103mas \u00eens\u0103rcinat\u0103, dar a fost nevoit\u0103 s\u0103 fac\u0103 avort pentru c\u0103 bebelu\u015ful s-ar fi n\u0103scut cu handicap. \u00cens\u0103 Lenu\u021ba \u0219i Edi nu fac parte dintre cei care renun\u021b\u0103 u\u0219or. Ce dovad\u0103 mai puternic\u0103 dec\u00e2t povestea lor de iubire?<\/p>\n<\/div>\n<footer>\n<div class=\"td-post-source-tags td-pb-padding-side\">\n<ul class=\"td-tags td-post-small-box clearfix\">\n<li><span>ETICHETE<\/span><\/li>\n<li><a href=\"https:\/\/www.pressalert.ro\/tag\/edi\/\">edi<\/a><\/li>\n<li><a href=\"https:\/\/www.pressalert.ro\/tag\/fundatia-pentru-voi\/\">fundatia pentru voi<\/a><\/li>\n<li><a href=\"https:\/\/www.pressalert.ro\/tag\/invingatorii\/\">invingatorii<\/a><\/li>\n<li><a href=\"https:\/\/www.pressalert.ro\/tag\/lenuta\/\">lenuta<\/a><\/li>\n<li><a href=\"https:\/\/www.pressalert.ro\/tag\/locuinta-protejata\/\">locuinta protejata<\/a><\/li>\n<li><a href=\"https:\/\/www.pressalert.ro\/tag\/poveste\/\">poveste<\/a><\/li>\n<li><a href=\"https:\/\/www.pressalert.ro\/tag\/timisoara\/\">Timisoara<\/a><\/li>\n<\/ul>\n<\/div>\n<div class=\"td-post-sharing td-post-sharing-bottom td-pb-padding-side\"><span class=\"td-post-share-title\">DISTRIBUI\u021aI<\/span><\/p>\n<div class=\"td-default-sharing \"><a class=\"td-social-sharing-buttons td-social-facebook\" href=\"http:\/\/www.facebook.com\/sharer.php?u=https%3A%2F%2Fwww.pressalert.ro%2F2013%2F04%2Fcampanie-pressalert-ro-invingatorii-povestea-de-dragoste-care-a-batut-destinul%2F\"><\/p>\n<div class=\"td-social-but-text\">Facebook<\/div>\n<p><\/a><a class=\"td-social-sharing-buttons td-social-twitter\" href=\"https:\/\/twitter.com\/intent\/tweet?text=Campanie+PRESSALERT.RO+%C3%8ENVING%C4%82TORII+Povestea+de+dragoste+care+a+b%C4%83tut+destinul&amp;url=https%3A%2F%2Fwww.pressalert.ro%2F2013%2F04%2Fcampanie-pressalert-ro-invingatorii-povestea-de-dragoste-care-a-batut-destinul%2F&amp;via=PRESSALERT.ro\"><\/p>\n<div class=\"td-social-but-text\">Twitter<\/div>\n<p><\/a><\/div>\n<\/div>\n<div class=\"td-block-row td-post-next-prev\">\n<div class=\"td-block-span6 td-post-prev-post\">\n<div class=\"td-post-next-prev-content\"><span>Articolul precedent<\/span><a href=\"https:\/\/www.pressalert.ro\/2013\/04\/un-consilier-judetean-cere-bani-de-la-ministerul-sanatatii-pentru-testele-care-depisteaza-boli-rare-la-bebelusi-cum-se-finanteaza-programul-acum\/\">Un consilier jude\u021bean cere bani de la Ministerul S\u0103n\u0103t\u0103\u021bii pentru testele care depisteaz\u0103 boli rare la bebelu\u0219i. Cum se finan\u021beaz\u0103 programul acum<\/a><\/div>\n<\/div>\n<div class=\"td-block-span6 td-post-next-post\">\n<div class=\"td-post-next-prev-content\"><span>Articolul urm\u0103tor<\/span><a href=\"https:\/\/www.pressalert.ro\/2013\/04\/cum-au-votat-alesii-judeteni-la-gramada-banii-pentru-festivalul-jazztm\/\">Cum au votat ale\u0219ii jude\u021beni \u201cla gr\u0103mad\u0103\u201d banii pentru festivalul JazzTM<\/a><\/div>\n<\/div>\n<\/div>\n<div class=\"author-box-wrap\"><a href=\"https:\/\/www.pressalert.ro\/author\/adriana-mit\/\"><img loading=\"lazy\" decoding=\"async\" alt src=\"https:\/\/secure.gravatar.com\/avatar\/b1f9b7c06ee21da21325bdc897b6b37a?s=96&amp;d=mm&amp;r=g\" class=\"avatar avatar-96 photo\" height=\"96\" width=\"96\"><\/a><\/p>\n<div class=\"desc\">\n<div class=\"td-author-name vcard author\"><span class=\"fn\"><a href=\"https:\/\/www.pressalert.ro\/author\/adriana-mit\/\">Adriana M\u00ee\u021b<\/a><\/span><\/div>\n<div class=\"td-author-url\"><a href=\"http:\/\/www.pressalert.ro\">http:\/\/www.pressalert.ro<\/a><\/div>\n<\/div>\n<\/div>\n<p><span><\/span><span><span><\/span><\/span><span><\/span><\/footer>\n<\/article>\n<p> Source URL: https:\/\/www.pressalert.ro\/2013\/04\/campanie-pressalert-ro-invingatorii-povestea-de-dragoste-care-a-batut-destinul\/<\/p>\n","protected":false},"excerpt":{"rendered":"<p>Acas\u0103Campanii PRESSALERTCampanie PRESSALERT.RO \u00ceNVING\u0102TORII Povestea de dragoste care a b\u0103tut destinul Campanii PRESSALERT \u00cenving\u0103torii Campanie PRESSALERT.RO \u00ceNVING\u0102TORII Povestea de dragoste care a b\u0103tut destinul De Adriana M\u00ee\u021b &#8211; apr. 30, 2013 0 DISTRIBUI\u021aI Facebook Twitter FOTO: ADRIAN P\u00ceCLI\u0218AN Cu cornuri \u015fi covrigi\u00a0 \u2013 a\u015fa a \u00eenceput povestea de dragoste a Lenu\u021bei \u0219i a lui Edi. [&hellip;]<\/p>\n","protected":false},"author":1,"featured_media":0,"comment_status":"open","ping_status":"","sticky":false,"template":"","format":"standard","meta":{"footnotes":""},"categories":[89],"tags":[176],"class_list":["post-1236616","post","type-post","status-publish","format-standard","hentry","category-romania","tag-pressalert-ro"],"_links":{"self":[{"href":"https:\/\/analyse.optim.biz\/index.php?rest_route=\/wp\/v2\/posts\/1236616","targetHints":{"allow":["GET"]}}],"collection":[{"href":"https:\/\/analyse.optim.biz\/index.php?rest_route=\/wp\/v2\/posts"}],"about":[{"href":"https:\/\/analyse.optim.biz\/index.php?rest_route=\/wp\/v2\/types\/post"}],"author":[{"embeddable":true,"href":"https:\/\/analyse.optim.biz\/index.php?rest_route=\/wp\/v2\/users\/1"}],"replies":[{"embeddable":true,"href":"https:\/\/analyse.optim.biz\/index.php?rest_route=%2Fwp%2Fv2%2Fcomments&post=1236616"}],"version-history":[{"count":0,"href":"https:\/\/analyse.optim.biz\/index.php?rest_route=\/wp\/v2\/posts\/1236616\/revisions"}],"wp:attachment":[{"href":"https:\/\/analyse.optim.biz\/index.php?rest_route=%2Fwp%2Fv2%2Fmedia&parent=1236616"}],"wp:term":[{"taxonomy":"category","embeddable":true,"href":"https:\/\/analyse.optim.biz\/index.php?rest_route=%2Fwp%2Fv2%2Fcategories&post=1236616"},{"taxonomy":"post_tag","embeddable":true,"href":"https:\/\/analyse.optim.biz\/index.php?rest_route=%2Fwp%2Fv2%2Ftags&post=1236616"}],"curies":[{"name":"wp","href":"https:\/\/api.w.org\/{rel}","templated":true}]}}