{"id":1236599,"date":"2014-03-01T14:00:42","date_gmt":"2014-03-01T11:00:42","guid":{"rendered":"https:\/\/analyse.optim.biz\/?p=1236599"},"modified":"2014-03-01T14:00:42","modified_gmt":"2014-03-01T11:00:42","slug":"campanie-pressalert-ro-luptatoarele-povestea-incredibila-a-studentei-fara-maini-de-la-design","status":"publish","type":"post","link":"https:\/\/analyse.optim.biz\/?p=1236599","title":{"rendered":"CAMPANIE PRESSALERT.ro LUPT\u0102TOARELE Povestea incredibil\u0103 a studentei f\u0103r\u0103 m\u00e2ini de la Design"},"content":{"rendered":"<article id=\"post-95784\" class=\"post-95784 post type-post status-publish format-standard has-post-thumbnail hentry category-campanii-pressalert category-lupatoarele tag-maini tag-pressalert tag-roxana-irimia tag-studenta\">\n<div class=\"td-post-header td-pb-padding-side\">\n<div class=\"entry-crumbs\"><span><a title class=\"entry-crumb\" href=\"https:\/\/www.pressalert.ro\/\"><span>Acas\u0103<\/span><\/a><\/span><span><a title=\"Vede\u021bi toate articolele \u00een Campanii PRESSALERT\" class=\"entry-crumb\" href=\"https:\/\/www.pressalert.ro\/category\/campanii-pressalert\/\"><span>Campanii PRESSALERT<\/span><\/a><\/span><span class=\"td-bred-no-url-last\">CAMPANIE PRESSALERT.ro LUPT\u0102TOARELE Povestea incredibil\u0103 a studentei f\u0103r\u0103 m\u00e2ini de la Design<\/span><\/div>\n<ul class=\"td-category\">\n<li class=\"entry-category\"><a href=\"https:\/\/www.pressalert.ro\/category\/campanii-pressalert\/\">Campanii PRESSALERT<\/a><\/li>\n<li class=\"entry-category\"><a href=\"https:\/\/www.pressalert.ro\/category\/campanii-pressalert\/lupatoarele\/\">LUPT\u0102TOARELE<\/a><\/li>\n<\/ul>\n<header>\n<h1 class=\"entry-title\">CAMPANIE PRESSALERT.ro LUPT\u0102TOARELE Povestea incredibil\u0103 a studentei f\u0103r\u0103 m\u00e2ini de la Design<\/h1>\n<div class=\"meta-info\">\n<div class=\"td-post-author-name\">\n<div class=\"td-author-by\">De<\/div>\n<p><a href=\"https:\/\/www.pressalert.ro\/author\/georgeta-stanici\/\">Georgeta Stanici<\/a><\/p>\n<div class=\"td-author-line\"> &#8211; <\/div>\n<\/div>\n<p><span class=\"td-post-date\"><time class=\"entry-date updated td-module-date\" datetime=\"2014-03-01T14:00:42+00:00\">mart. 1, 2014<\/time><\/span><\/p>\n<div class=\"td-post-comments\"><a href=\"https:\/\/www.pressalert.ro\/2014\/03\/campanie-presslaert-ro-luptatoarele-povestea-incredibila-studentei-fara-maini-de-la-design\/#comments\">7<\/a><\/div>\n<\/div>\n<\/header>\n<\/div>\n<div class=\"td-post-sharing td-post-sharing-top td-pb-padding-side\"><span class=\"td-post-share-title\">DISTRIBUI\u021aI<\/span><\/p>\n<div class=\"td-default-sharing \"><a class=\"td-social-sharing-buttons td-social-facebook\" href=\"http:\/\/www.facebook.com\/sharer.php?u=https%3A%2F%2Fwww.pressalert.ro%2F2014%2F03%2Fcampanie-presslaert-ro-luptatoarele-povestea-incredibila-studentei-fara-maini-de-la-design%2F\"><\/p>\n<div class=\"td-social-but-text\">Facebook<\/div>\n<p><\/a><a class=\"td-social-sharing-buttons td-social-twitter\" href=\"https:\/\/twitter.com\/intent\/tweet?text=CAMPANIE+PRESSALERT.ro+LUPT%C4%82TOARELE+Povestea+incredibil%C4%83+a+studentei+f%C4%83r%C4%83+m%C3%A2ini+de+la+Design&amp;url=https%3A%2F%2Fwww.pressalert.ro%2F2014%2F03%2Fcampanie-presslaert-ro-luptatoarele-povestea-incredibila-studentei-fara-maini-de-la-design%2F&amp;via=PRESSALERT.ro\"><\/p>\n<div class=\"td-social-but-text\">Twitter<\/div>\n<p><\/a><\/div>\n<\/div>\n<div class=\"td-post-content td-pb-padding-side\">\n<p><a href=\"http:\/\/www.pressalert.ro\/2014\/02\/campanie-presslaert-ro-luptatoarele-povestea-incredibila-studentei-fara-maini-de-la-design\/studenta-fara-maini-1\/\" rel=\"attachment wp-att-95824\"><img decoding=\"async\" loading=\"lazy\" class=\"aligncenter size-medium wp-image-95824\" alt=\"studenta fara maini (1)\" src=\"http:\/\/www.pressalert.ro\/wp-content\/uploads\/2014\/02\/studenta-fara-maini-1-640x426.jpg\" width=\"640\" height=\"426\"><\/a><\/p>\n<p>\u201dTu trebuia s\u0103 fii un \u00eenger, dar p\u00e2n\u0103 la urm\u0103\u00a0 ai venit pe lume un pic feti\u021b\u0103, un pic \u00eenger\u201d, i-a spus mama c\u00e2nd\u00a0\u00a0brusc a \u00eentrebat-o de ce este \u201daltfel\u201d.\u00a0Micu\u021ba, de v\u00e2rsta gr\u0103dini\u021bei atunci, a acceptat explica\u021bia \u0219i a continuat s\u0103 se joace cu fratele ei \u0219i cu copiii de pe strad\u0103. Peste ani a \u00een\u021beles c\u0103 nu e a\u0219a simplu s\u0103 fii pe jum\u0103tate \u00eenger, a str\u00e2ns din din\u021bi, a pl\u00e2ns p\u00e2n\u0103 \u0219i-a secat lacrimile, \u0219i-a asumat diferen\u021ba \u0219i a devenit o \u00eenving\u0103toare. \u00a0Acum are 20 de ani o t\u00e2n\u0103r\u0103 femeie care nu accept\u0103 s\u0103 i se spun\u0103 \u201dnu se poate\u201d.\u00a0Roxana Irimia nu are m\u00e2ini. Pur \u0219i simplu. Nu are.\u00a0 Este student\u0103 la Facultatea de Arte din Timi\u0219oara, sec\u021bia Design grafic. Profesorii o iubesc. \u201dE student\u0103 la buget, pe meritele ei, nu e nicio diferen\u021b\u0103 fa\u021b\u0103 de ceilal\u021bi colegi din sec\u021bie\u201d, spune lectorul de la Design Grafic, Eduard Jakabhazy.<\/p>\n<p>Fata apare la \u00eent\u00e2lnire \u00een botine cu toc, jeans, o c\u0103ma\u0219\u0103 alba \u0219i p\u0103rul cu me\u0219e blonde flutur\u00e2nd. E frumu\u0219ic\u0103. Duce cu ea geanta \u0219i ni\u0219te plase. Primul g\u00e2nd e s\u0103 o ajut. Z\u00e2mbe\u0219te. Nu vrea ajutor, refuz\u0103 respectuos. Se mi\u0219c\u0103 dezinvolt\u0103 pe holul facult\u0103\u021bii. Nu pot s\u0103 nu m\u0103 \u00eentreb oare c\u00e2\u021bi oameni cu care ne intersect\u0103m v\u0103d c\u0103 nu are m\u00e2ini. \u201dC\u00e2nd m-am n\u0103scut cred c\u0103 a fost un an r\u0103u, au venit pe lume mai mul\u021bi copii cu probleme\u201d, ne spune. Dreapta i-a crescut doar\u00a0 p\u00e2n\u0103 la cot, iar de ciotul de m\u00e2n\u0103 au \u00eencercat f\u0103r\u0103 succes s\u0103 se dezvolte c\u00e2teva degete, care arat\u0103 ca ni\u0219te boabe de maz\u0103re. M\u00e2na st\u00e2ng\u0103 a crescut ceva mai mult, are \u0219i podul palmei, dar f\u0103r\u0103 degete. Handicapul Roxanei are nume sinistru: focomelie m\u00e2na dreapt\u0103 \u0219i amplazie pe st\u00e2nga, malforma\u021bii congenitale.<\/p>\n<p>Cu aceste \u201dm\u00e2ini\u201d Roxana e ambidexrtr\u0103 \u0219i face tot ce trebuie. Lucreaz\u0103 pe calculator temele de la facultate, se \u00eembrac\u0103, \u00ee\u0219i deretic\u0103 camera, \u00ee\u0219i care bagajele \u0219i, tot cu ele, a pictat. P\u00e2n\u0103 s\u0103 ajung\u0103 la facultate, a absolvit Liceul de Arte din Deva \u0219i a avut trei expozi\u021bii personale.<\/p>\n<p><strong>\u201dSunt bine. Pot s\u0103 func\u021bionez a\u0219a\u201d<\/strong><\/p>\n<p>\u00cen timp ce povestim \u00eencepe s\u0103 \u00ee\u0219i str\u00e2ng\u0103 lucrurile, cu o dezinvoltur\u0103 de parc\u0103 nu i-ar lipsi nimic. De fapt, recunoa\u0219te acum, cu maturitatea celor dou\u0103 decenii de via\u021b\u0103, c\u0103 nici nu \u00eei lipse\u0219te nimic. \u201dSincer? M\u0103 descurc \u00a0foarte bine a\u0219a cum sunt. Acum doi ani medicii au vrut s\u0103 \u00eemi fac\u0103 un deget, din os luat din bazin. Am fost operat\u0103 de profesorul Lascar, la Bucure\u0219ti, Podul palmei a fost construit tot de el, \u00een ani de interven\u021bii. Din p\u0103cate degetul nu a ie\u0219it, iar asta m-a tras \u00eenapoi, a retrebuit s\u0103 \u00eenv\u0103\u021b s\u0103 \u00eemi folosesc m\u00e2na. Eram \u00eenainte de bacalaureat, \u00een spital. Atunci am \u00een\u021beles c\u0103 nu am \u00eencotro. \u00a0C\u0103 trebuie \u0219i pot s\u0103 func\u021bionez a\u0219a. M-am g\u00e2ndit dac\u0103 a\u0219 vrea protez\u0103 pe bra\u021be, iar r\u0103spunsul meu e nu\u201d, ne spune Roxana, \u00een timp ce m\u00e2nuie\u0219te \u00a0cu dexteritate mouse-ul \u0219i ne arat\u0103 c\u00e2teva din ultimele lucr\u0103ri.<\/p>\n<p><strong>\u201d Oamenii nu \u0219tiu ce \u00eenseamn\u0103 s\u0103 s\u0103 mul\u021bumeasc\u0103 c\u0103 au membrele \u00eentregi\u201d<\/strong><\/p>\n<p>Roxana Irimia s-a n\u0103scut la Vulcan, jude\u021bul Hunedoara \u0219i a\u00a0 avut norocul ca talentul ei artistic s\u0103 fie descoperit de un profesor care a \u00eendrumat-o spre liceul de arte.\u00a0Nu a fost chiar a\u0219a de simplu. T\u00e2n\u0103ra \u00ee\u0219i aminte\u0219te c\u00e2nd a con\u0219tientizat c\u0103 ei \u00eei \u201dlipse\u0219te\u201d ceva. \u201dAveam 6 ani \u0219i fratele meu, mai mic dec\u00e2t mine, mi-a cerut o juc\u0103rie. Eu nu voiam s\u0103 i-o dau, dar el mi-a zis \u201dTu nu po\u021bi\u201d. Atunci am \u00een\u021beles. Am mers la mama \u0219i am \u00eentrebat-o de ce sunt a\u0219a. \u201dTu trebuia s\u0103 fii un \u00eenger, dar nu ai fost \u00eenger \u0219i nu ai ie\u0219it nici copil. M-am mul\u021bumit cu r\u0103spunsul.\u00a0 P\u0103rin\u021bii au fost mereu aten\u021bi s\u0103 nu m\u0103 fac\u0103 nimeni s\u0103 m\u0103 simt prost. Acum m\u0103 uit la oamenii din jur \u0219i \u00eemi dau seama c\u0103 ei nu \u0219tiu ce \u00eenseamn\u0103 s\u0103 mul\u021bumeasc\u0103 c\u0103 au membrele \u00eentregi\u201d, spune Roxana.<\/p>\n<p>Primele probleme majore au ap\u0103rut \u00een adolescen\u021b\u0103, c\u00e2nd a plecat din Vulcan ca s\u0103 fac\u0103 liceul la Deva. \u201dA fost teroarea. Oameni care \u00een mod normal trebuiau s\u0103 fie \u00een\u021beleg\u0103tori cu mine nu au vrut s\u0103 m\u0103 accepte, \u00eencep\u00e2nd de la profesori \u0219i p\u00e2n\u0103 la p\u0103rin\u021bii elevilor. Profesorii spuneau c\u0103 nu se pot ocupa de mine \u0219i s\u0103 neglijeze 29 de copii. M\u0103 mir c\u0103 nu am clacat \u00een acea perioad\u0103\u201d, \u00ee\u0219i aminte\u0219te t\u00e2n\u0103ra.<\/p>\n<p> Chiar c\u00e2nd s-a cazat la internat, mama unei colege care fusese repartizat\u0103 \u00een aceea\u0219i camera, cadru didactic pre\u0219colar, a f\u0103cut un scandal monstru explic\u00e2nd celor din \u0219coal\u0103 c\u0103 ea nu iese din camera de c\u0103min p\u00e2n\u0103 ce \u201dfata f\u0103r\u0103 m\u00e2ini\u201d nu e mutate altundeva. Altundeva c\u00e2t mai departe de fiica ei. Roxana a stat un an de zile singur\u0103 \u00een camera. A durat un an de zile p\u00e2n\u0103 ce toat\u0103 lumea s-a obi\u0219nuit cu ideea c\u0103 Roxana a venit la liceu ca s\u0103 \u00eel \u0219i termine, \u0219i c\u0103, \u00een ciuda greut\u0103\u021bilor, nu va pleca. \u201dM-am c\u0103lit \u00een liceu.\u00a0 M\u0103 mai mir uneori de unii oameni care se mir\u0103 de mine c\u0103 fac treab\u0103. \u0218tiu c\u0103 sunt a\u0219a cu\u00a0 un scop. Eu am \u00een\u021beles \u0219i acum \u0219tiu c\u0103 a\u0219a a vrut Dumnezeu s\u0103 fiu. S\u0103 fiu un exemplu pentru ceilal\u021bi\u201d, \u00a0mai spune Roxana Irimia.<\/p>\n<p>\u0218i-a dovedit c\u0103 are independen\u021b\u0103. Acum tot ce \u00ee\u0219i dore\u0219te e s\u0103 termine facultatea, poate s\u0103 fac\u0103 un master \u0219i, dac\u0103 se poate, s\u0103 plece \u00een alt\u0103 \u021bar\u0103. Una, de exemplu Germania, unde s\u0103 poat\u0103 duce o via\u021b\u0103 fireasc\u0103, f\u0103r\u0103 priviri insistente c\u0103tre corpul ei cu membre neterminate. O \u021bar\u0103 \u00een care s\u0103 aib\u0103 un job normal, \u0219i s\u0103 fie pl\u0103tit\u0103 pentru el, nu pentru faptul c\u0103 e o persoan\u0103 cu handicap. S-a informat \u0219i \u0219tie cum tr\u0103iesc \u0219i ce drepturi au oamenii ca ea \u00een \u021b\u0103rile civilizate, \u0219i, fiecare zi petrecut\u0103 \u00een Rom\u00e2nia \u00eei arat\u0103 c\u0103, probabil, locul ei e peste grani\u021be.<\/p>\n<div id=\"gallery-2\" class=\"gallery galleryid-95784 gallery-columns-8 gallery-size-thumbnail\">\n<figure class=\"gallery-item\">\n<div class=\"gallery-icon landscape\"><a href=\"https:\/\/www.pressalert.ro\/wp-content\/uploads\/2014\/02\/studenta-fara-maini-11.jpg\"><img decoding=\"async\" loading=\"lazy\" width=\"300\" height=\"300\" src=\"https:\/\/www.pressalert.ro\/wp-content\/uploads\/2014\/02\/studenta-fara-maini-11-300x300.jpg\" class=\"attachment-thumbnail size-thumbnail\" alt><\/a><\/div>\n<\/figure>\n<figure class=\"gallery-item\">\n<div class=\"gallery-icon landscape\"><a href=\"https:\/\/www.pressalert.ro\/wp-content\/uploads\/2014\/02\/studenta-fara-maini-2.jpg\"><img decoding=\"async\" loading=\"lazy\" width=\"300\" height=\"300\" src=\"https:\/\/www.pressalert.ro\/wp-content\/uploads\/2014\/02\/studenta-fara-maini-2-300x300.jpg\" class=\"attachment-thumbnail size-thumbnail\" alt><\/a><\/div>\n<\/figure>\n<figure class=\"gallery-item\">\n<div class=\"gallery-icon landscape\"><a href=\"https:\/\/www.pressalert.ro\/wp-content\/uploads\/2014\/02\/studenta-fara-maini-3.jpg\"><img decoding=\"async\" loading=\"lazy\" width=\"300\" height=\"300\" src=\"https:\/\/www.pressalert.ro\/wp-content\/uploads\/2014\/02\/studenta-fara-maini-3-300x300.jpg\" class=\"attachment-thumbnail size-thumbnail\" alt><\/a><\/div>\n<\/figure>\n<figure class=\"gallery-item\">\n<div class=\"gallery-icon landscape\"><a href=\"https:\/\/www.pressalert.ro\/wp-content\/uploads\/2014\/02\/studenta-fara-maini-4.jpg\"><img decoding=\"async\" loading=\"lazy\" width=\"300\" height=\"300\" src=\"https:\/\/www.pressalert.ro\/wp-content\/uploads\/2014\/02\/studenta-fara-maini-4-300x300.jpg\" class=\"attachment-thumbnail size-thumbnail\" alt><\/a><\/div>\n<\/figure>\n<figure class=\"gallery-item\">\n<div class=\"gallery-icon landscape\"><a href=\"https:\/\/www.pressalert.ro\/wp-content\/uploads\/2014\/02\/studenta-fara-maini-5.jpg\"><img decoding=\"async\" loading=\"lazy\" width=\"300\" height=\"300\" src=\"https:\/\/www.pressalert.ro\/wp-content\/uploads\/2014\/02\/studenta-fara-maini-5-300x300.jpg\" class=\"attachment-thumbnail size-thumbnail\" alt><\/a><\/div>\n<\/figure>\n<figure class=\"gallery-item\">\n<div class=\"gallery-icon landscape\"><a href=\"https:\/\/www.pressalert.ro\/wp-content\/uploads\/2014\/02\/studenta-fara-maini-6.jpg\"><img decoding=\"async\" loading=\"lazy\" width=\"300\" height=\"300\" src=\"https:\/\/www.pressalert.ro\/wp-content\/uploads\/2014\/02\/studenta-fara-maini-6-300x300.jpg\" class=\"attachment-thumbnail size-thumbnail\" alt><\/a><\/div>\n<\/figure>\n<figure class=\"gallery-item\">\n<div class=\"gallery-icon landscape\"><a href=\"https:\/\/www.pressalert.ro\/wp-content\/uploads\/2014\/02\/studenta-fara-maini-7.jpg\"><img decoding=\"async\" loading=\"lazy\" width=\"300\" height=\"300\" src=\"https:\/\/www.pressalert.ro\/wp-content\/uploads\/2014\/02\/studenta-fara-maini-7-300x300.jpg\" class=\"attachment-thumbnail size-thumbnail\" alt><\/a><\/div>\n<\/figure>\n<figure class=\"gallery-item\">\n<div class=\"gallery-icon landscape\"><a href=\"https:\/\/www.pressalert.ro\/wp-content\/uploads\/2014\/02\/studenta-fara-maini-8.jpg\"><img decoding=\"async\" loading=\"lazy\" width=\"300\" height=\"300\" src=\"https:\/\/www.pressalert.ro\/wp-content\/uploads\/2014\/02\/studenta-fara-maini-8-300x300.jpg\" class=\"attachment-thumbnail size-thumbnail\" alt><\/a><\/div>\n<\/figure>\n<\/div>\n<p>\u00a0<\/p>\n<p>\u00a0<\/p>\n<p>\u00a0<\/p>\n<p>\u00a0<\/p>\n<p>\u00a0<\/p>\n<p>\u00a0<\/p>\n<\/div>\n<footer>\n<div class=\"td-post-source-tags td-pb-padding-side\">\n<ul class=\"td-tags td-post-small-box clearfix\">\n<li><span>ETICHETE<\/span><\/li>\n<li><a href=\"https:\/\/www.pressalert.ro\/tag\/maini\/\">maini<\/a><\/li>\n<li><a href=\"https:\/\/www.pressalert.ro\/tag\/pressalert\/\">pressalert<\/a><\/li>\n<li><a href=\"https:\/\/www.pressalert.ro\/tag\/roxana-irimia\/\">roxana irimia<\/a><\/li>\n<li><a href=\"https:\/\/www.pressalert.ro\/tag\/studenta\/\">studenta<\/a><\/li>\n<\/ul>\n<\/div>\n<div class=\"td-post-sharing td-post-sharing-bottom td-pb-padding-side\"><span class=\"td-post-share-title\">DISTRIBUI\u021aI<\/span><\/p>\n<div class=\"td-default-sharing \"><a class=\"td-social-sharing-buttons td-social-facebook\" href=\"http:\/\/www.facebook.com\/sharer.php?u=https%3A%2F%2Fwww.pressalert.ro%2F2014%2F03%2Fcampanie-presslaert-ro-luptatoarele-povestea-incredibila-studentei-fara-maini-de-la-design%2F\"><\/p>\n<div class=\"td-social-but-text\">Facebook<\/div>\n<p><\/a><a class=\"td-social-sharing-buttons td-social-twitter\" href=\"https:\/\/twitter.com\/intent\/tweet?text=CAMPANIE+PRESSALERT.ro+LUPT%C4%82TOARELE+Povestea+incredibil%C4%83+a+studentei+f%C4%83r%C4%83+m%C3%A2ini+de+la+Design&amp;url=https%3A%2F%2Fwww.pressalert.ro%2F2014%2F03%2Fcampanie-presslaert-ro-luptatoarele-povestea-incredibila-studentei-fara-maini-de-la-design%2F&amp;via=PRESSALERT.ro\"><\/p>\n<div class=\"td-social-but-text\">Twitter<\/div>\n<p><\/a><\/div>\n<\/div>\n<div class=\"td-block-row td-post-next-prev\">\n<div class=\"td-block-span6 td-post-prev-post\">\n<div class=\"td-post-next-prev-content\"><span>Articolul precedent<\/span><a href=\"https:\/\/www.pressalert.ro\/2014\/03\/cru-imputerniceste-consiliul-permanent-udmr-pentru-negocieri-privind-intrarea-uniunii-la-guvernare\/\">CRU \u00eemputernice\u015fte Consiliul Permanent UDMR pentru negocieri privind intrarea Uniunii la guvernare<\/a><\/div>\n<\/div>\n<div class=\"td-block-span6 td-post-next-post\">\n<div class=\"td-post-next-prev-content\"><span>Articolul urm\u0103tor<\/span><a href=\"https:\/\/www.pressalert.ro\/2014\/03\/doua-arte-imbinate-una-singura-cum-si-au-manifestat-pasiunea-iubitorii-de-tango-din-timisoara-foto\/\">Dou\u0103 arte \u00eembinate \u00een una singur\u0103. Cum \u015fi-au manifestat pasiunea iubitorii de tango din Timi\u015foara FOTO<\/a><\/div>\n<\/div>\n<\/div>\n<div class=\"author-box-wrap\"><a href=\"https:\/\/www.pressalert.ro\/author\/georgeta-stanici\/\"><img decoding=\"async\" alt src=\"https:\/\/secure.gravatar.com\/avatar\/0ab5c7b0485d825b10309f7b81467fb5?s=96&amp;d=mm&amp;r=g\" class=\"avatar avatar-96 photo\" height=\"96\" width=\"96\" loading=\"lazy\"><\/a><\/p>\n<div class=\"desc\">\n<div class=\"td-author-name vcard author\"><span class=\"fn\"><a href=\"https:\/\/www.pressalert.ro\/author\/georgeta-stanici\/\">Georgeta Stanici<\/a><\/span><\/div>\n<div class=\"td-author-url\"><a href=\"http:\/\/www.pressalert.ro\">http:\/\/www.pressalert.ro<\/a><\/div>\n<\/div>\n<\/div>\n<p><span><\/span><span><span><\/span><\/span><span><\/span><\/footer>\n<\/article>\n<p> Source URL: https:\/\/www.pressalert.ro\/2014\/03\/campanie-presslaert-ro-luptatoarele-povestea-incredibila-studentei-fara-maini-de-la-design\/<\/p>\n","protected":false},"excerpt":{"rendered":"<p>Acas\u0103Campanii PRESSALERTCAMPANIE PRESSALERT.ro LUPT\u0102TOARELE Povestea incredibil\u0103 a studentei f\u0103r\u0103 m\u00e2ini de la Design Campanii PRESSALERT LUPT\u0102TOARELE CAMPANIE PRESSALERT.ro LUPT\u0102TOARELE Povestea incredibil\u0103 a studentei f\u0103r\u0103 m\u00e2ini de la Design De Georgeta Stanici &#8211; mart. 1, 2014 7 DISTRIBUI\u021aI Facebook Twitter \u201dTu trebuia s\u0103 fii un \u00eenger, dar p\u00e2n\u0103 la urm\u0103\u00a0 ai venit pe lume un pic [&hellip;]<\/p>\n","protected":false},"author":1,"featured_media":0,"comment_status":"open","ping_status":"","sticky":false,"template":"","format":"standard","meta":{"footnotes":""},"categories":[89],"tags":[176],"class_list":["post-1236599","post","type-post","status-publish","format-standard","hentry","category-romania","tag-pressalert-ro"],"_links":{"self":[{"href":"https:\/\/analyse.optim.biz\/index.php?rest_route=\/wp\/v2\/posts\/1236599","targetHints":{"allow":["GET"]}}],"collection":[{"href":"https:\/\/analyse.optim.biz\/index.php?rest_route=\/wp\/v2\/posts"}],"about":[{"href":"https:\/\/analyse.optim.biz\/index.php?rest_route=\/wp\/v2\/types\/post"}],"author":[{"embeddable":true,"href":"https:\/\/analyse.optim.biz\/index.php?rest_route=\/wp\/v2\/users\/1"}],"replies":[{"embeddable":true,"href":"https:\/\/analyse.optim.biz\/index.php?rest_route=%2Fwp%2Fv2%2Fcomments&post=1236599"}],"version-history":[{"count":0,"href":"https:\/\/analyse.optim.biz\/index.php?rest_route=\/wp\/v2\/posts\/1236599\/revisions"}],"wp:attachment":[{"href":"https:\/\/analyse.optim.biz\/index.php?rest_route=%2Fwp%2Fv2%2Fmedia&parent=1236599"}],"wp:term":[{"taxonomy":"category","embeddable":true,"href":"https:\/\/analyse.optim.biz\/index.php?rest_route=%2Fwp%2Fv2%2Fcategories&post=1236599"},{"taxonomy":"post_tag","embeddable":true,"href":"https:\/\/analyse.optim.biz\/index.php?rest_route=%2Fwp%2Fv2%2Ftags&post=1236599"}],"curies":[{"name":"wp","href":"https:\/\/api.w.org\/{rel}","templated":true}]}}