{"id":123659,"date":"2018-02-16T12:42:43","date_gmt":"2018-02-16T09:42:43","guid":{"rendered":"https:\/\/analyse.optim.biz\/?p=123659"},"modified":"2018-02-16T12:42:43","modified_gmt":"2018-02-16T09:42:43","slug":"presedintele-cncd-formatorii-de-opinie-ar-trebui-sa-se-retraga-din-viata-publica-atunci-cand-fac-declaratii-discriminatorii","status":"publish","type":"post","link":"https:\/\/analyse.optim.biz\/?p=123659","title":{"rendered":"Pre\u0219edintele CNCD: Formatorii de opinie ar trebui s\u0103 se retrag\u0103 din via\u021ba public\u0103 atunci c\u00e2nd fac declara\u021bii discriminatorii"},"content":{"rendered":"<div class=\"entry data-app-meta data-app-meta-article\" data-embed-base-url-canonical=\"https:\/\/www.digi24.ro\/embed\/stiri\/actualitate\/politica\/presedintele-cncd-formatorii-de-opinie-ar-trebui-sa-se-retraga-din-viata-publica-atunci-cand-fac-declaratii-discriminatorii-879487\">\n<p data-index=\"1\"><strong>Pre\u0219edintele Consiliului Na\u021bional pentru Combaterea Discrimin\u0103rii, Csaba Asztalos, consider\u0103 c\u0103 formatorii de opinie &#8211; fie c\u0103 sunt politicieni, jurnali\u0219ti sau de alt\u0103 natur\u0103 &#8211; ar trebui s\u0103 se retrag\u0103 din via\u021ba public\u0103, dac\u0103 fac declara\u021bii discriminatorii, la o simpl\u0103 constatare, sub presiunea public\u0103.<\/strong><\/p>\n<p data-index=\"2\">\u201eEu cred c\u0103 o societate trebuie s\u0103 ajung\u0103 la un nivel \u00een care formatorii de opinie, fie c\u0103 sunt politicieni sau jurnali\u0219ti sau formatori de opinie de alt\u0103 natur\u0103, atunci c\u00e2nd fac declara\u021bii discriminatorii s\u0103 se retrag\u0103 din via\u021ba public\u0103, asta e sanc\u021biunea efectiv\u0103 \u00eentr-o societate democratic\u0103 func\u021bional\u0103\u201d, a declarat la Digi24 pre\u0219edintele Consiliului Na\u021bional pentru Combaterea Discrimin\u0103rii, Csaba Asztalos. El crede c\u0103 este important\u0103 \u0219i presiunea societ\u0103\u021bii pentru ca astfel de persoane s\u0103 se retrag\u0103 din via\u021ba public\u0103. \u201eNu cred c\u0103 aici trebuie s\u0103 discut\u0103m de o amend\u0103, dac\u0103 e de 2.000, de 3.000 sau 5.000 de lei, pentru c\u0103 din punctul meu de vedere, o simpl\u0103 constatare cu un avertisment pentru o persoan\u0103 cu o func\u021bie public\u0103, pentru un formator de opinie este un lucru extrem de grav, care ar trebui s\u0103 aib\u0103 ni\u0219te consecin\u021be de retragere din via\u021ba public\u0103. \u00cen alte state democratice, asta este sanc\u021biunea respectiv\u0103\u201d, a precizat Csaba Asztalos.<\/p>\n<p data-index=\"3\">\u00centrebat dac\u0103, din punctul s\u0103u de vedere, premierul Viorica D\u0103ncil\u0103 ar trebui s\u0103 se retrag\u0103 din via\u021ba public\u0103\u201d, Csaba Asztalos a spus c\u0103 nu-\u0219i poate preciza pozi\u021bia, pentru c\u0103 ar \u00eensemna o antepronun\u021bare, \u00een condi\u021biile \u00een care exist\u0103 deja o pl\u00e2ngere (f\u0103cut\u0103 de Asocia\u021bia Autism Europa Bistri\u021ba &#8211; n.r.). \u201eCu celeritate vom efectua procedura legal\u0103 \u0219i vom da o solu\u021bie \u00eentr-un termen rezonabil pentru a evita acuza\u021biile de dublu standard\u201d, a promis Csaba Asztalos.<\/p>\n<p data-index=\"4\">\u00cencep\u00e2nd din 2010, CNCD a fost sesizat de \u0219ase ori \u00een cazul unor politicieni care au folosit \u00een mod peiorativ termenul de \u201eautist\u201d.<\/p>\n<p data-index=\"5\">\u201e\u00cemi aduc aminte de o pl\u00e2ngere, cu dl. T\u0103riceanu, unde am dat o recomandare de a se evita pe viitor utilizarea acestui termen \u00een sens negativ\u201d, a spus pre\u0219edintele CNCD. Faptul c\u0103 politicienii obi\u0219nuiesc s\u0103 fac\u0103 acest gen de compara\u021bii este pus de Csaba Asztalos pe seama unei lipse de cultur\u0103, de rigoare \u0219i de responsabilitate \u00een declara\u021bii publice.\u00a0 \u201e\u00cen cazul unui discurs public care eticheteaz\u0103, stigmatizeaz\u0103, efectele sunt negative mai ales la nivelul copiilor \u00een \u0219coal\u0103\u201d, spune Csaba Asztalos.<\/p>\n<p data-index=\"6\">\u201e\u00cen ceea ce prive\u0219te situa\u021bia copiilor cu autism, aici pot s\u0103 v\u0103 confirm c\u0103 am avut o serie de pl\u00e2ngeri \u00een ceea ce prive\u0219te accesul acestora la educa\u021bia \u00een mas\u0103 \u0219i aici am dat sanc\u021biuni cu amend\u0103 contraven\u021bional\u0103, c\u00e2\u0219tig\u00e2nd \u0219i procese \u00een insta\u021b\u0103, tot la sesizarea unor organiza\u021bii neguvernamentale \u0219i confirm realitatea dificil\u0103 cu care se confrunt\u0103 copiii cu autism \u00een ce prive\u0219te accesul la educa\u021bie \u0219i accesul la s\u0103n\u0103tate\u201d, a spus Csaba Asztalos.<\/p>\n<p data-index=\"7\">\u00centrebat dac\u0103 o recomandare din partea CNCS este suficient\u0103 pentru a opri aceste practici din partea politicienilor, pre\u0219edintele CNCD a reamintit de cazurile fo\u0219tilor mini\u0219tri Daniel Barbu \u0219i Ioan Rus, \u00een care o constatare cu avertisment \u0219i recomandare din partea institu\u021biei pe care o conduce a dus la demisia acestora.<\/p>\n<p data-index=\"8\">\u201eA\u0219tept\u0103m de la CNCD s\u0103 transmit\u0103 un mesaj suficient de puternic, dat fiind istoricul grav de utilizare peiorativ\u0103 a termenului de autist \u00een spa\u021biul public. Altfel, vor mai urma 20 de politicieni care vor transmite acela\u0219i mesaj dispre\u021buitor\u201d, a declarat <strong>Ana Dragu<\/strong>, pre\u0219edintele asocia\u021biei care a depus pl\u00e2ngerea la CNCD. Ascula\u021bi declara\u021bia integral\u0103 \u00een materialul video de mai sus.<\/p>\n<p data-index=\"9\"><strong>CNCD va organiza \u00een 20 februarie audierea premierului Viorica D\u0103ncil\u0103 \u00een leg\u0103tur\u0103 cu declara\u0163ia pe care a f\u0103cut-o joi sear\u0103 la postul Antena 3, anun\u0163\u0103 institu\u0163ia, care precizeaz\u0103 c\u0103 \u00een aceast\u0103 spe\u0163\u0103 va fi citat \u015fi moderatorul emisiunii, Mihai G\u00e2dea. Detalii, <a href=\"https:\/\/www.digi24.ro\/stiri\/actualitate\/politica\/viorica-dancila-audiata-la-cncd-pe-20-februarie-va-fi-citat-si-mihai-gadea-879560\" target=\"_blank\" rel=\"noopener\" data-skip-linkfix=\"1\">aici<\/a>.<\/strong><\/p>\n<p data-index=\"10\">Citi\u021bi \u0219i:\u00a0<\/p>\n<p class=\"card-title\" data-index=\"11\"><strong><a title=\"title\" href=\"https:\/\/www.digi24.ro\/stiri\/actualitate\/politica\/scrisoare-de-protest-a-asociatiei-autism-romania-dupa-o-declaratie-a-premierului-dancila-879315\" data-skip-linkfix=\"1\">Scrisoare de protest a asocia\u021biei \u201eAutism Rom\u00e2nia\u201d, dup\u0103 o declara\u021bie a premierului D\u0103ncil\u0103. CNCD, sesizat<\/a><\/strong><\/p>\n<p class=\"card-title\" data-index=\"12\"><strong><a title=\"title\" href=\"https:\/\/www.digi24.ro\/stiri\/actualitate\/politica\/viorica-dancila-isi-cere-scuze-pentru-declaratia-privind-autistii-879408\" data-skip-linkfix=\"1\">Viorica D\u0103ncil\u0103 \u00ee\u0219i cere scuze pentru declara\u021bia privind \u201eauti\u0219tii\u201d<\/a><\/strong><\/p>\n<p class=\"card-title\" data-index=\"13\"><strong><a title=\"title\" href=\"https:\/\/www.digi24.ro\/stiri\/actualitate\/politica\/prim-ministrul-dancila-cei-care-dezinformeaza-ue-sunt-autisti-879267\" data-skip-linkfix=\"1\">Prim-ministrul D\u0103ncil\u0103: Cei care dezinformeaz\u0103 UE sunt auti\u015fti<\/a><\/strong><\/p>\n<p data-index=\"14\">\u00a0<\/p>\n<\/div>\n<p> Source URL: https:\/\/www.digi24.ro\/stiri\/actualitate\/politica\/presedintele-cncd-formatorii-de-opinie-ar-trebui-sa-se-retraga-din-viata-publica-atunci-cand-fac-declaratii-discriminatorii-879487<\/p>\n","protected":false},"excerpt":{"rendered":"<p>Pre\u0219edintele Consiliului Na\u021bional pentru Combaterea Discrimin\u0103rii, Csaba Asztalos, consider\u0103 c\u0103 formatorii de opinie &#8211; fie c\u0103 sunt politicieni, jurnali\u0219ti sau de alt\u0103 natur\u0103 &#8211; ar trebui s\u0103 se retrag\u0103 din via\u021ba public\u0103, dac\u0103 fac declara\u021bii discriminatorii, la o simpl\u0103 constatare, sub presiunea public\u0103. \u201eEu cred c\u0103 o societate trebuie s\u0103 ajung\u0103 la un nivel \u00een [&hellip;]<\/p>\n","protected":false},"author":1,"featured_media":123660,"comment_status":"open","ping_status":"","sticky":false,"template":"","format":"standard","meta":{"footnotes":""},"categories":[2],"tags":[11],"class_list":["post-123659","post","type-post","status-publish","format-standard","has-post-thumbnail","hentry","category-politics","tag-digi24"],"_links":{"self":[{"href":"https:\/\/analyse.optim.biz\/index.php?rest_route=\/wp\/v2\/posts\/123659","targetHints":{"allow":["GET"]}}],"collection":[{"href":"https:\/\/analyse.optim.biz\/index.php?rest_route=\/wp\/v2\/posts"}],"about":[{"href":"https:\/\/analyse.optim.biz\/index.php?rest_route=\/wp\/v2\/types\/post"}],"author":[{"embeddable":true,"href":"https:\/\/analyse.optim.biz\/index.php?rest_route=\/wp\/v2\/users\/1"}],"replies":[{"embeddable":true,"href":"https:\/\/analyse.optim.biz\/index.php?rest_route=%2Fwp%2Fv2%2Fcomments&post=123659"}],"version-history":[{"count":0,"href":"https:\/\/analyse.optim.biz\/index.php?rest_route=\/wp\/v2\/posts\/123659\/revisions"}],"wp:featuredmedia":[{"embeddable":true,"href":"https:\/\/analyse.optim.biz\/index.php?rest_route=\/wp\/v2\/media\/123660"}],"wp:attachment":[{"href":"https:\/\/analyse.optim.biz\/index.php?rest_route=%2Fwp%2Fv2%2Fmedia&parent=123659"}],"wp:term":[{"taxonomy":"category","embeddable":true,"href":"https:\/\/analyse.optim.biz\/index.php?rest_route=%2Fwp%2Fv2%2Fcategories&post=123659"},{"taxonomy":"post_tag","embeddable":true,"href":"https:\/\/analyse.optim.biz\/index.php?rest_route=%2Fwp%2Fv2%2Ftags&post=123659"}],"curies":[{"name":"wp","href":"https:\/\/api.w.org\/{rel}","templated":true}]}}