{"id":123656,"date":"2018-02-16T12:51:55","date_gmt":"2018-02-16T09:51:55","guid":{"rendered":"https:\/\/analyse.optim.biz\/?p=123656"},"modified":"2018-02-16T12:51:55","modified_gmt":"2018-02-16T09:51:55","slug":"spor-pierdut-de-8-000-de-politisti-carmen-dan-spune-ce-solutii-s-au-gasit","status":"publish","type":"post","link":"https:\/\/analyse.optim.biz\/?p=123656","title":{"rendered":"Spor pierdut de 8.000 de poli\u021bi\u0219ti. Carmen Dan spune ce solu\u021bii s-au g\u0103sit"},"content":{"rendered":"<div class=\"entry data-app-meta data-app-meta-article\" data-embed-base-url-canonical=\"https:\/\/www.digi24.ro\/embed\/stiri\/actualitate\/politica\/spor-pierdut-de-8-000-de-politisti-carmen-dan-spune-ce-solutii-s-au-gasit-879533\">\n<p data-index=\"1\"><strong>Ministrul de Interne, Carmen Dan, a declarat, vineri, c\u0103 sporul de 40% nu va mai fi acordat poli\u021bi\u0219tilor pentru serviciul de permanen\u021b\u0103, dar c\u0103 s-au g\u0103sit solu\u021bii, la nivelul ministerului, pentru \u201ecompensare\u201d. Ministrul a mai ar\u0103tat c\u0103 este \u201eobligatorie \u0219i necesar\u0103\u201d o schimbare \u00een Poli\u021bia Rom\u00e2n\u0103.<\/strong><\/p>\n<figure class=\"article-thumb\"><img decoding=\"async\" src=\"https:\/\/analyse.optim.biz\/wp-content\/uploads\/2024\/09\/odawjnpjptemagfzad1hnje1ndu4ndlmm2fiy2yyntjimzu3zmy4m2m3ntm4oq-thumb_.jpg\" alt=\"2018-02-07 Carmen Dan conferinta-4084inquam photos george calin\" data-skip-htmlfix=\"1\" title=\"odawjnpjptemagfzad1hnje1ndu4ndlmm2fiy2yyntjimzu3zmy4m2m3ntm4oq-thumb_\"><figcaption> Surs\u0103 foto: INQUAM PHOTOS \/ George C\u0103lin <\/figcaption><\/figure>\n<p data-index=\"2\">\u00centrebat\u0103 despre situa\u021bia poli\u021bi\u0219tilor c\u0103rora le-au sc\u0103zut veniturile ca urmare a elimin\u0103rii sporurului pentru serviciul de permanen\u021b\u0103, Carmen Dan a r\u0103spuns: \u201eRedeschim un subiect pe care, din punctul meu de vedere, l-am discutat \u0219i l-am prezentat c\u00e2t am putut de deschis \u0219i de transparent. <strong>Aducem \u00een discu\u021bie un spor pentru care nu mai avem baze legale s\u0103-l acord\u0103m, \u00een condi\u021biile \u00een care s-au g\u0103sit metode. \u00cen primul r\u00e2nd, de reorganizare a serviciului de ture \u0219i de schimburi, \u00een a\u0219a fel \u00eenc\u00e2t s\u0103 se respecte timpul de odihn\u0103 al poli\u021bistului \u0219i de compensare a acelui spor pierdut de 8.000 de poli\u021bi\u0219ti cu un spor majorat, dat \u00een conformitate cu prevederile legale, pentru al\u021bi 28.000 de poli\u021bi\u0219ti<\/strong>\u201d.<\/p>\n<p data-index=\"3\">C\u00e2t despre cum ar putea ar\u0103ta noul program de ture, ministrul de Interne a dat un r\u0103spuns evaziv.<\/p>\n<p data-index=\"4\">\u201e<strong>Programul de ture \u0219i de schimburi nu-l stabile\u0219te nici ministrul, nici inspectorul general. Programul de lucru \u00eel stabilesc \u0219efii celor care desf\u0103\u0219oar\u0103 astfel de activit\u0103\u021bi \u00een teritoriu. Noi, v\u0103 asigur, c\u0103-l vom verifica<\/strong>\u201d, a precizat Carmen Dan.<\/p>\n<p data-index=\"5\">Ministrul de Interne a mai spus, vineri, c\u0103 o schimbare \u00een Poli\u0163ia Rom\u00e2n\u0103 este obligatorie \u015fi necesar\u0103. \u201eAceast\u0103 diagnoz\u0103 pe care am cerut-o, diagnoz\u0103 care, a\u015fa cum spuneam, trebuie obligatoriu urmat\u0103 de un plan de m\u0103suri. \u00cen\u0163eleg c\u0103 \u015fi acel plan de m\u0103suri s-a f\u0103cut, eu \u00eenc\u0103 nu l-am v\u0103zut, o s\u0103-l discut imediat ce se poate, \u00een perioada imediat urm\u0103toare, cu domnul inspector general \u015fi de aici \u00eencolo v\u0103 asigur c\u0103 vom fi foarte transparen\u0163i \u00een comunicare \u015fi vom \u015fti pas cu pas cum ne dorim s\u0103 aducem o schimbare \u00een Poli\u0163ia Rom\u00e2n\u0103, pentru c\u0103 este, din punctul nostru de vedere, obligatoriu, este necesar\u0103\u201d, a spus Carmen Dan, la finalul bilan\u0163ului activit\u0103\u0163ii Inspectoratului General al Poli\u0163iei Rom\u00e2ne pe anul 2017.<\/p>\n<p data-index=\"6\">\u00cen urm\u0103 cu aproximativ o s\u0103pt\u0103m\u00e2n\u0103, <a href=\"https:\/\/www.digi24.ro\/stiri\/actualitate\/social\/ce-se-intampla-cu-salariile-politistilor-explicatiile-ministrului-carmen-dan-874216\" data-skip-linkfix=\"1\">ministrul de Interne ar\u0103ta c\u0103 28.000 de angaja\u0163i ai MAI beneficiaz\u0103 de majorare cu 10% a sporurilor de risc \u015fi solicitare neuropsihic\u0103 pentru poli\u0163i\u015ftii de la ac\u0163iuni speciale, criminali\u015fti \u015fi cei care fac cercetare la fa\u0163a locului<\/a>.<\/p>\n<p data-index=\"7\">Pe de alt\u0103 parte, Carmen Dan a spus c\u0103 salariile poli\u021bi\u0219tilor au crescut de la 1 ianuarie \u0219i c\u0103 cele mai multe dintre sporurile de care beneficiau ace\u0219tia r\u0103m\u00e2n \u00een vigoare.<\/p>\n<p data-index=\"8\">Ea a dat exemplul unui poli\u021bist debutant care, ad\u0103ug\u00e2nd norma de hran\u0103 \u0219i norma de echipament, are un salariu net de circa 3.000 de lei.<\/p>\n<p data-index=\"9\">\u201e\u00cen Ministerul Afacerilor Interne sunt 151.000 de func\u0163ii, fiind ocupate 127.000. Din acestea, 80.000 sunt pentru func\u0163ionari publici cu statut special, dar sunt ocupate 68.000. Cel mai mic salariu, pentru agen\u0163ii debutan\u0163i, a crescut \u00een 2017 cu 29,3%. Acum, acest salariu este de 1.776 de lei. La acest salariu, se adaug\u0103, \u00een medie, 990 de lei norma de hran\u0103, 250 de lei norma de echipament. Rezult\u0103 c\u0103 venitul minim net este de cel pu\u0163in 3.000 de lei\u201d, a spus Carmen Dan.<\/p>\n<\/div>\n<p> Source URL: https:\/\/www.digi24.ro\/stiri\/actualitate\/politica\/spor-pierdut-de-8-000-de-politisti-carmen-dan-spune-ce-solutii-s-au-gasit-879533<\/p>\n","protected":false},"excerpt":{"rendered":"<p>Ministrul de Interne, Carmen Dan, a declarat, vineri, c\u0103 sporul de 40% nu va mai fi acordat poli\u021bi\u0219tilor pentru serviciul de permanen\u021b\u0103, dar c\u0103 s-au g\u0103sit solu\u021bii, la nivelul ministerului, pentru \u201ecompensare\u201d. Ministrul a mai ar\u0103tat c\u0103 este \u201eobligatorie \u0219i necesar\u0103\u201d o schimbare \u00een Poli\u021bia Rom\u00e2n\u0103. Surs\u0103 foto: INQUAM PHOTOS \/ George C\u0103lin \u00centrebat\u0103 despre [&hellip;]<\/p>\n","protected":false},"author":1,"featured_media":123657,"comment_status":"open","ping_status":"","sticky":false,"template":"","format":"standard","meta":{"footnotes":""},"categories":[2],"tags":[11],"class_list":["post-123656","post","type-post","status-publish","format-standard","has-post-thumbnail","hentry","category-politics","tag-digi24"],"_links":{"self":[{"href":"https:\/\/analyse.optim.biz\/index.php?rest_route=\/wp\/v2\/posts\/123656","targetHints":{"allow":["GET"]}}],"collection":[{"href":"https:\/\/analyse.optim.biz\/index.php?rest_route=\/wp\/v2\/posts"}],"about":[{"href":"https:\/\/analyse.optim.biz\/index.php?rest_route=\/wp\/v2\/types\/post"}],"author":[{"embeddable":true,"href":"https:\/\/analyse.optim.biz\/index.php?rest_route=\/wp\/v2\/users\/1"}],"replies":[{"embeddable":true,"href":"https:\/\/analyse.optim.biz\/index.php?rest_route=%2Fwp%2Fv2%2Fcomments&post=123656"}],"version-history":[{"count":0,"href":"https:\/\/analyse.optim.biz\/index.php?rest_route=\/wp\/v2\/posts\/123656\/revisions"}],"wp:featuredmedia":[{"embeddable":true,"href":"https:\/\/analyse.optim.biz\/index.php?rest_route=\/wp\/v2\/media\/123657"}],"wp:attachment":[{"href":"https:\/\/analyse.optim.biz\/index.php?rest_route=%2Fwp%2Fv2%2Fmedia&parent=123656"}],"wp:term":[{"taxonomy":"category","embeddable":true,"href":"https:\/\/analyse.optim.biz\/index.php?rest_route=%2Fwp%2Fv2%2Fcategories&post=123656"},{"taxonomy":"post_tag","embeddable":true,"href":"https:\/\/analyse.optim.biz\/index.php?rest_route=%2Fwp%2Fv2%2Ftags&post=123656"}],"curies":[{"name":"wp","href":"https:\/\/api.w.org\/{rel}","templated":true}]}}