{"id":123653,"date":"2018-02-16T12:52:40","date_gmt":"2018-02-16T09:52:40","guid":{"rendered":"https:\/\/analyse.optim.biz\/?p=123653"},"modified":"2018-02-16T12:52:40","modified_gmt":"2018-02-16T09:52:40","slug":"victor-ponta-audiat-la-dna-in-dosarul-tel-drum-stiu-de-blaturile-lui-dragnea-inca-din-2015-si-am-refuzat-sa-fiu-partas","status":"publish","type":"post","link":"https:\/\/analyse.optim.biz\/?p=123653","title":{"rendered":"Victor Ponta, audiat la DNA \u00een dosarul Tel Drum: \u201e\u0218tiu de blaturile lui Dragnea \u00eenc\u0103 din 2015 \u0219i am refuzat s\u0103 fiu p\u0103rta\u0219\u201d"},"content":{"rendered":"<div class=\"entry data-app-meta data-app-meta-article\" data-embed-base-url-canonical=\"https:\/\/www.digi24.ro\/embed\/stiri\/actualitate\/victor-ponta-audiat-la-dna-in-dosarul-tel-drum-stiu-de-blaturile-lui-dragnea-inca-din-2015-si-am-refuzat-sa-fiu-partas-879538\">\n<div class=\"flex_box flex_option\">\n<div class=\"listen_btn\"><strong>Fostul premier Victor Ponta s-a prezentat, vineri, la Direc\u0163ia Na\u0163ional\u0103 Anticorup\u0163ie. Surse judiciare au precizat, pentru <a href=\"http:\/\/agerpres.ro\" data-skip-linkfix=\"1\">AGERPRES<\/a>, c\u0103 el a fost chemat pentru a fi audiat \u00een dosarul Tel Drum.<\/strong><\/div>\n<div>\n<figure class=\"article-thumb\"><img decoding=\"async\" src=\"https:\/\/analyse.optim.biz\/wp-content\/uploads\/2024\/09\/ad01oddkowixowy5n2njyze3ywjizjg3nwewodcxzddlmg-thumb_-1.jpg\" alt=\"Victor Ponta la DNA\" data-skip-htmlfix=\"1\" title=\"ad01oddkowixowy5n2njyze3ywjizjg3nwewodcxzddlmg-thumb_-1\"><figcaption> FOTO: Inquam Photos \/ Octav Ganea <\/figcaption><\/figure>\n<\/div>\n<div>\n<p data-index=\"1\">Fostul premier Victor Ponta a declarat, vineri, c\u0103 pre\u015fedintele PSD, Liviu Dragnea, l-a chemat pe ministrul Justi\u0163iei, Tudorel Toader, din Japonia s\u0103 prezinte decizia \u00een cazul DNA, a fost cu premierul D\u0103ncil\u0103 la Cotroceni pentru a discuta cu pre\u015fedintele Klaus Iohannis, dar<em> \u201enu a avut curaj s\u0103 deschid\u0103 subiectul Kovesi\u201d<\/em>, afirm\u00e2nd, ironic, c\u0103 liderul social-democra\u0163ilor va spune c\u0103 nici nu a v\u0103zut \u00eenregistr\u0103rile ap\u0103rute \u00een spa\u0163iul public, deoarece se uita la serialul \u201eSuleyman\u201d, scrie<a href=\"http:\/\/news.ro\" data-skip-linkfix=\"1\"> News.ro.<\/a><\/p>\n<p data-index=\"2\"><em>\u201eL-a adus pe Tudorel Toader din vacan\u0163a din Japonia ca s\u0103 spun\u0103 c\u0103 mai vedem joia viitoare, a dat fuga la Cotroceni, ascuns \u00een fustele Vioric\u0103i D\u0103ncil\u0103, s\u0103 se roage &#8211; degeaba &#8211; de Iohannis, a convocat CEX al PSD s\u0103 pun\u0103 presiune, dar nu a avut curaj s\u0103 deschid\u0103 subiectul Kovesi &#8211; \u015fi acum o s\u0103 ne spun\u0103 c\u0103 el nici nu a v\u0103zut emisiunile tv cu \u00eenregistr\u0103rile procurorilor de la Ploie\u015fti &#8211; c\u0103 se uit\u0103 pe Kanal D la \u00abSuleyman\u00bb!\u201d,<\/em> a scris Victor Ponta pe contul s\u0103u de Facebook.<\/p>\n<p data-index=\"3\">Deputatul men\u0163ioneaz\u0103 c\u0103 a mai v\u0103zut \u201eaceast\u0103 comedie de doi bani\u201d a lui Liviu Dragnea \u015fi sus\u0163ine c\u0103 \u015ftie toate \u201cblaturile\u201d liderului social-democra\u0163ilor \u00eenc\u0103 din 2015, dar spune c\u0103 el a refuzat s\u0103 fac\u0103 parte din ele.<\/p>\n<p data-index=\"4\"><em>\u201eEu am mai v\u0103zut aceast\u0103 comedie de doi bani tot cu Dragnea regizor &#8211; mai ales \u00een prim\u0103vara lui 2016, c\u00e2nd Guvernul Ciolo\u015f &#8211; votat \u015fi sprijinit de Liviu Dragnea &#8211; a propus numirea Laurei Codru\u0163a Kovesi pentru un nou mandat la conducerea DNA! Eu \u015ftiu de blaturile lui Dragnea \u00eenc\u0103 din 2015 \u015fi am refuzat s\u0103 fiu p\u0103rta\u015f la ele &#8211; se pare, \u00eens\u0103, c\u0103 mai g\u0103se\u015fte mul\u0163i c\u0103rora le place s\u0103 fie tra\u015fi pe sfoar\u0103!\u201d<\/em>, a continuat Ponta.<\/p>\n<p data-index=\"5\">De asemenea, aceasta afirm\u0103: \u201e\u015ei \u00eentre timp mai vorbim de Legea salariz\u0103rii? De pensii? De infla\u0163ie? De ROBOR? De fonduri europene? De investi\u0163ii? NU \u2013 ghinion\u201d.<\/p>\n<\/div>\n<\/div>\n<\/div>\n<p> Source URL: https:\/\/www.digi24.ro\/stiri\/actualitate\/victor-ponta-audiat-la-dna-in-dosarul-tel-drum-stiu-de-blaturile-lui-dragnea-inca-din-2015-si-am-refuzat-sa-fiu-partas-879538<\/p>\n","protected":false},"excerpt":{"rendered":"<p>Fostul premier Victor Ponta s-a prezentat, vineri, la Direc\u0163ia Na\u0163ional\u0103 Anticorup\u0163ie. Surse judiciare au precizat, pentru AGERPRES, c\u0103 el a fost chemat pentru a fi audiat \u00een dosarul Tel Drum. FOTO: Inquam Photos \/ Octav Ganea Fostul premier Victor Ponta a declarat, vineri, c\u0103 pre\u015fedintele PSD, Liviu Dragnea, l-a chemat pe ministrul Justi\u0163iei, Tudorel Toader, [&hellip;]<\/p>\n","protected":false},"author":1,"featured_media":123654,"comment_status":"open","ping_status":"","sticky":false,"template":"","format":"standard","meta":{"footnotes":""},"categories":[2],"tags":[11],"class_list":["post-123653","post","type-post","status-publish","format-standard","has-post-thumbnail","hentry","category-politics","tag-digi24"],"_links":{"self":[{"href":"https:\/\/analyse.optim.biz\/index.php?rest_route=\/wp\/v2\/posts\/123653","targetHints":{"allow":["GET"]}}],"collection":[{"href":"https:\/\/analyse.optim.biz\/index.php?rest_route=\/wp\/v2\/posts"}],"about":[{"href":"https:\/\/analyse.optim.biz\/index.php?rest_route=\/wp\/v2\/types\/post"}],"author":[{"embeddable":true,"href":"https:\/\/analyse.optim.biz\/index.php?rest_route=\/wp\/v2\/users\/1"}],"replies":[{"embeddable":true,"href":"https:\/\/analyse.optim.biz\/index.php?rest_route=%2Fwp%2Fv2%2Fcomments&post=123653"}],"version-history":[{"count":0,"href":"https:\/\/analyse.optim.biz\/index.php?rest_route=\/wp\/v2\/posts\/123653\/revisions"}],"wp:featuredmedia":[{"embeddable":true,"href":"https:\/\/analyse.optim.biz\/index.php?rest_route=\/wp\/v2\/media\/123654"}],"wp:attachment":[{"href":"https:\/\/analyse.optim.biz\/index.php?rest_route=%2Fwp%2Fv2%2Fmedia&parent=123653"}],"wp:term":[{"taxonomy":"category","embeddable":true,"href":"https:\/\/analyse.optim.biz\/index.php?rest_route=%2Fwp%2Fv2%2Fcategories&post=123653"},{"taxonomy":"post_tag","embeddable":true,"href":"https:\/\/analyse.optim.biz\/index.php?rest_route=%2Fwp%2Fv2%2Ftags&post=123653"}],"curies":[{"name":"wp","href":"https:\/\/api.w.org\/{rel}","templated":true}]}}