{"id":1236513,"date":"2024-07-05T11:39:32","date_gmt":"2024-07-05T08:39:32","guid":{"rendered":"https:\/\/analyse.optim.biz\/?p=1236513"},"modified":"2024-07-05T11:39:32","modified_gmt":"2024-07-05T08:39:32","slug":"asazi-se-deschide-ce-a-de-a-doua-editie-a-festivalului-vasluiul-medieval-ziarul-de-vaslui","status":"publish","type":"post","link":"https:\/\/analyse.optim.biz\/?p=1236513","title":{"rendered":"As\u0103zi se deschide ce-a de-a doua edi\u021bie a Festivalului \u201dVasluiul medieval\u201d &#8211; Ziarul de Vaslui"},"content":{"rendered":"<div class=\"entry-content clearfix\">\n<p><strong>AST\u0102ZI, 5 iulie, \u00eencep\u00eend cu ora 18.00, se deschide oficial cea de-a doua edi\u021bie  a Festivalului \u201dVasluiul medieval\u201d, cu o parad\u0103 a domni\u021belor, cavalerilor \u0219i a nobililor, condu\u0219i de voievodul \u0218tefan cel Mare, pe traseul Crucea G\u0103rii-Centrul Civic. Pe parcursul urm\u0103toarelor zile manifest\u0103rile vor continua la Ansamblul Monumental \u201dPodul \u00cenalt\u201d Vaslui<\/strong><\/p>\n<p><strong>Pentru intervalul 5-7 iulie, organizatorii, adic\u0103 Muzeul Jude\u021bean \u201e\u0218tefan cel Mare\u201d Vaslui \u0219i Consiliul Jude\u021bean Vaslui, \u00a0\u00een parteneriat cu Prim\u0103ria Municipiului Vaslui \u0219i Prim\u0103ria Comunei Muntenii de Jos, au preg\u0103tit o tab\u0103r\u0103 medieval\u0103 \u0219i ateliere de crea\u021bie, dar din cadru nu vor lipsi artizani \u0219i me\u0219te\u0219ugari, dar nici gastronomia medieval\u0103.<\/strong><\/p>\n<p>Reconstituirea luptei de la Podul \u00cenalt este doar unul din momentele artistice preg\u0103tite, pentru c\u0103 din lista manifest\u0103rilor nu lipsesc nici spectacolele de muzic\u0103 (de genuri diferite), dar nici piesele de teatru.<\/p>\n<p>Vasluienii care doresc s\u0103 participe la activit\u0103\u021bile desf\u0103\u0219urate la B\u0103c\u0103oani beneficiaz\u0103 de transport gratuit, din ora in ora, pe ruta: Centrul Civic Vaslui- Ansamblul monumental \u201dPodul Inalt\u201d de la Bacaoani-Centrul Civic.<\/p>\n<p>Mai jos, detaluiem programul evenimentului :<\/p>\n<p><strong>Vineri, 5 iulie<\/strong><br \/>Vaslui<br \/>Ora 18.00-20.00: PARAD\u0102 MEDIEVAL\u0102<br \/>Traseu Crucea G\u0103rii \u2013 Centrul Civic<br \/>Podul Inalt \u2013 Bacaoani<br \/>21.00: DESCHIDERE FESTIVAL<br \/>21.30: ,, SUB SEMNUL LUI \u0218TEFAN\u201d \u2013 spectacol de teatru<br \/>Distribu\u021bie: MARIUS BODOCHI, RAMONA ANANIE, CAT\u0102LINA RUSU, TEONA PERJU<br \/>22.15: TRUPA SHOWUP \u2013 spectacol cu foc<br \/>22.45: NOMEN EST OMEN \u2013 concert de muzic\u0103 medieval\u0103<br \/><strong>Sambata, 6 iulie<\/strong><br \/>18.00: RECONSTITUIRE LUPT\u0102 ISTORIC\u0102<br \/>20.00: TRUPA V\u00c2NT DE VAR\u0102 \u2013 concert etno-rock<br \/>20.30: DACIKA \u2013 concert<br \/>21.30: \u201eDOU\u0102 LUMI\u201d \u2013 concert balkan fusion<br \/>OVIDIU LIPAN \u021a\u0102ND\u0102RIC\u0102, STELU ENACHE,<br \/>BALKAN GROUP, FANFARA SHUKAR DE LA 10 PR\u0102JINI<br \/>23.00: FOC DE ARTIFICII \u2013 spectacol piromuzical<br \/><strong>Duminica, 7 iulie<\/strong><br \/>11.00: \u201ePOVESTEA PORCULUI\u201d \u2013 adaptare dup\u0103 Ion Creang\u0103<br \/>spectacol de teatru pentru copii TEATRUL \u201eV.I.POPA\u201d<br \/>Barlad<br \/>12.30: RECONSTITUIRE LUPT\u0102 ISTORIC\u0102<br \/>13.30: TEODORA PANAINTE \u0218I TARAFUL MOLDOVIOARA<\/p>\n<figure class=\"wp-block-gallery columns-3 is-cropped\">\n<ul class=\"blocks-gallery-grid\">\n<li class=\"blocks-gallery-item\">\n<figure><img decoding=\"async\" loading=\"lazy\" width=\"1024\" height=\"576\" src=\"https:\/\/www.ziaruldevaslui.ro\/?attachment_id=46329\" alt class=\"wp-image-46329\"><\/figure>\n<\/li>\n<li class=\"blocks-gallery-item\">\n<figure><img decoding=\"async\" loading=\"lazy\" width=\"940\" height=\"788\" src=\"https:\/\/www.ziaruldevaslui.ro\/?attachment_id=46328\" alt class=\"wp-image-46328\"><\/figure>\n<\/li>\n<li class=\"blocks-gallery-item\">\n<figure><img decoding=\"async\" loading=\"lazy\" width=\"940\" height=\"788\" src=\"https:\/\/www.ziaruldevaslui.ro\/?attachment_id=46327\" alt class=\"wp-image-46327\"><\/figure>\n<\/li>\n<li class=\"blocks-gallery-item\">\n<figure><img decoding=\"async\" loading=\"lazy\" width=\"940\" height=\"788\" src=\"https:\/\/www.ziaruldevaslui.ro\/?attachment_id=46325\" alt class=\"wp-image-46325\"><\/figure>\n<\/li>\n<li class=\"blocks-gallery-item\">\n<figure><img decoding=\"async\" loading=\"lazy\" width=\"940\" height=\"788\" src=\"https:\/\/www.ziaruldevaslui.ro\/?attachment_id=46330\" alt class=\"wp-image-46330\"><\/figure>\n<\/li>\n<li class=\"blocks-gallery-item\">\n<figure><img decoding=\"async\" loading=\"lazy\" width=\"940\" height=\"788\" src=\"https:\/\/www.ziaruldevaslui.ro\/?attachment_id=46326\" alt class=\"wp-image-46326\"><\/figure>\n<\/li>\n<\/ul>\n<\/figure>\n<aside class=\"mashsb-container mashsb-main \">\n<div class=\"mashsb-box\">\n<div class=\"mashsb-count mash-medium\">\n<div class=\"counts mashsbcount\">0<\/div>\n<p><span class=\"mashsb-sharetext\">SHARES<\/span><\/div>\n<div class=\"mashsb-buttons\"><a class=\"mashicon-facebook mash-medium mashsb-noshadow\" href=\"https:\/\/www.facebook.com\/sharer.php?u=https%3A%2F%2Fwww.ziaruldevaslui.ro%2Fasazi-se-deschide-ce-a-de-a-doua-editie-a-festivalului-vasluiul-medieval%2F\" target=\"_top\" rel=\"nofollow\"><span class=\"text\">Share\u00a0pe\u00a0facebook<\/span><\/a><a class=\"mashicon-twitter mash-medium mashsb-noshadow\" href=\"https:\/\/twitter.com\/intent\/tweet?text=As%C4%83zi%20se%20deschide%20ce-a%20de-a%20doua%20edi%C8%9Bie%20a%20Festivalului%20%22Vasluiul%20medieval%22&amp;url=https:\/\/www.ziaruldevaslui.ro\/?p=46324\" target=\"_top\" rel=\"nofollow\"><span class=\"text\">Share\u00a0pe\u00a0twitter<\/span><\/a><\/div>\n<\/div>\n<\/aside>\n<\/div>\n<div class=\"entry-content\">\n<p>Ini\u021bial am crezut c\u0103 Ionel Sandu s-a apucat de Stand Up Comedy. Cu afacerile nu st\u0103 extraordinar, cu politica nici<\/p>\n<\/div>\n<p> Source URL: https:\/\/www.ziaruldevaslui.ro\/asazi-se-deschide-ce-a-de-a-doua-editie-a-festivalului-vasluiul-medieval\/<\/p>\n","protected":false},"excerpt":{"rendered":"<p>AST\u0102ZI, 5 iulie, \u00eencep\u00eend cu ora 18.00, se deschide oficial cea de-a doua edi\u021bie a Festivalului \u201dVasluiul medieval\u201d, cu o parad\u0103 a domni\u021belor, cavalerilor \u0219i a nobililor, condu\u0219i de voievodul \u0218tefan cel Mare, pe traseul Crucea G\u0103rii-Centrul Civic. Pe parcursul urm\u0103toarelor zile manifest\u0103rile vor continua la Ansamblul Monumental \u201dPodul \u00cenalt\u201d Vaslui Pentru intervalul 5-7 iulie, [&hellip;]<\/p>\n","protected":false},"author":1,"featured_media":0,"comment_status":"open","ping_status":"","sticky":false,"template":"","format":"standard","meta":{"footnotes":""},"categories":[89],"tags":[218],"class_list":["post-1236513","post","type-post","status-publish","format-standard","hentry","category-romania","tag-ziaruldevaslui-ro"],"_links":{"self":[{"href":"https:\/\/analyse.optim.biz\/index.php?rest_route=\/wp\/v2\/posts\/1236513","targetHints":{"allow":["GET"]}}],"collection":[{"href":"https:\/\/analyse.optim.biz\/index.php?rest_route=\/wp\/v2\/posts"}],"about":[{"href":"https:\/\/analyse.optim.biz\/index.php?rest_route=\/wp\/v2\/types\/post"}],"author":[{"embeddable":true,"href":"https:\/\/analyse.optim.biz\/index.php?rest_route=\/wp\/v2\/users\/1"}],"replies":[{"embeddable":true,"href":"https:\/\/analyse.optim.biz\/index.php?rest_route=%2Fwp%2Fv2%2Fcomments&post=1236513"}],"version-history":[{"count":0,"href":"https:\/\/analyse.optim.biz\/index.php?rest_route=\/wp\/v2\/posts\/1236513\/revisions"}],"wp:attachment":[{"href":"https:\/\/analyse.optim.biz\/index.php?rest_route=%2Fwp%2Fv2%2Fmedia&parent=1236513"}],"wp:term":[{"taxonomy":"category","embeddable":true,"href":"https:\/\/analyse.optim.biz\/index.php?rest_route=%2Fwp%2Fv2%2Fcategories&post=1236513"},{"taxonomy":"post_tag","embeddable":true,"href":"https:\/\/analyse.optim.biz\/index.php?rest_route=%2Fwp%2Fv2%2Ftags&post=1236513"}],"curies":[{"name":"wp","href":"https:\/\/api.w.org\/{rel}","templated":true}]}}