{"id":123650,"date":"2018-02-16T13:12:26","date_gmt":"2018-02-16T10:12:26","guid":{"rendered":"https:\/\/analyse.optim.biz\/?p=123650"},"modified":"2018-02-16T13:12:26","modified_gmt":"2018-02-16T10:12:26","slug":"viorica-dancila-audiata-la-cncd-pe-20-februarie-va-fi-citat-si-mihai-gadea","status":"publish","type":"post","link":"https:\/\/analyse.optim.biz\/?p=123650","title":{"rendered":"Viorica D\u0103ncil\u0103, audiat\u0103 la CNCD pe 20 februarie. Va fi citat \u015fi Mihai G\u00e2dea"},"content":{"rendered":"<div class=\"entry data-app-meta data-app-meta-article\" data-embed-base-url-canonical=\"https:\/\/www.digi24.ro\/embed\/stiri\/actualitate\/politica\/viorica-dancila-audiata-la-cncd-pe-20-februarie-va-fi-citat-si-mihai-gadea-879560\">\n<p data-index=\"1\"><strong>CNCD va organiza \u00een 20 februarie audierea premierului Viorica D\u0103ncil\u0103 \u00een leg\u0103tur\u0103 cu declara\u0163ia pe care a f\u0103cut-o joi sear\u0103 la postul Antena 3, anun\u0163\u0103 institu\u0163ia, care precizeaz\u0103 c\u0103 \u00een aceast\u0103 spe\u0163\u0103 va fi citat \u015fi moderatorul emisiunii, Mihai G\u00e2dea.<\/strong><\/p>\n<figure class=\"article-thumb\"><img decoding=\"async\" src=\"https:\/\/analyse.optim.biz\/wp-content\/uploads\/2024\/09\/c2g9yzqyn2uwywfizjnhm2uxnwq3odm4zgq2ndg4ndnjm2m-thumb_.jpg\" alt=\"dancila - 180214_PSD_CEX_010_INQUAM_Photos_Octav_Ganea\" data-skip-htmlfix=\"1\" title=\"c2g9yzqyn2uwywfizjnhm2uxnwq3odm4zgq2ndg4ndnjm2m-thumb_\"><figcaption> Viorica D\u0103ncil\u0103 \/ FOTO: Inquam Photos \/ Octav Ganea <\/figcaption><\/figure>\n<p data-index=\"2\">Consiliul Na\u0163ional pentru Combaterea Discrimin\u0103rii (CNCD) anun\u0163\u0103, \u00eentr-un comunicat, c\u0103 a decis s\u0103 se autosesizeze cu privire la declara\u0163ia premierului Viorica D\u0103ncil\u0103 din cadrul interviului acordat la televiziunea Antena 3, \u00een seara zilei de 15 februarie, care a avut urm\u0103torul con\u0163inut:\u00a0\u201cAce\u015fti oameni cred c\u0103 sunt auti\u015fti \u015fi nu v\u0103d \u015fi nu aud ceea ce este vizibil pentru to\u0163i cei de bun\u0103 credin\u0163\u0103\u201d.<br \/> \u201eConsiliul urmeaz\u0103 s\u0103 organizeze audierea doamnei Prim-ministru \u00een data de 20 februarie. \u00cen spe\u0163\u0103, va fi citat la audieri \u015fi moderatorul emisiunii respective, domnul Mihai G\u00e2dea. \u00cen urma \u00eendeplinirii procedurii legale, C.N.C.D. va analiza declara\u0163ia \u00een spe\u0163\u0103 \u015fi comportamentul moderatorului, din perspectiva s\u0103v\u00e2r\u015firii unei posibile fapte de discriminare, prin \u00eenc\u0103lcarea dreptului la demnitate uman\u0103 a persoanelor cu autism\u201d, se arat\u0103 \u00een comunicat.<\/p>\n<p data-index=\"3\">Premierul Viorica D\u0103ncil\u0103 a sus\u0163inut joi sear\u0103, la Antena 3, c\u0103 vrea s\u0103 aib\u0103 o abordare transparent\u0103 cu liderii europeni \u015fi c\u0103 Monica Macovei a f\u0103cut mult r\u0103u Rom\u00e2niei prin atitudinea ei \u015fi prin faptul c\u0103 \u201e\u015fi-a p\u00e2r\u00e2t propria \u0163ar\u0103\u201d \u00een Parlamentul European, cer\u00e2nd, referitor la legile Justi\u0163iei, s\u0103 fie judecat\u0103 de alte 27 de \u0163\u0103ri. Premierul i-a catalogat drept \u201eauti\u015fti\u201d pe cei care \u201edezinformeaz\u0103 UE, \u00een ciuda faptului c\u0103 stiu adev\u0103rul\u201d.<\/p>\n<p data-index=\"4\">Vineri, premierul Viorica D\u0103ncil\u0103 <a href=\"https:\/\/www.digi24.ro\/stiri\/actualitate\/politica\/viorica-dancila-isi-cere-scuze-pentru-declaratia-privind-autistii-879408\" data-skip-linkfix=\"1\"><strong>\u015fi-a cerut scuze pentru declara\u0163ia pe care a f\u0103cut-o joi sear\u0103.<\/strong><\/a><\/p>\n<p data-index=\"5\"><em><strong>Sursa: news.ro<\/strong><\/em><\/p>\n<\/div>\n<p> Source URL: https:\/\/www.digi24.ro\/stiri\/actualitate\/politica\/viorica-dancila-audiata-la-cncd-pe-20-februarie-va-fi-citat-si-mihai-gadea-879560<\/p>\n","protected":false},"excerpt":{"rendered":"<p>CNCD va organiza \u00een 20 februarie audierea premierului Viorica D\u0103ncil\u0103 \u00een leg\u0103tur\u0103 cu declara\u0163ia pe care a f\u0103cut-o joi sear\u0103 la postul Antena 3, anun\u0163\u0103 institu\u0163ia, care precizeaz\u0103 c\u0103 \u00een aceast\u0103 spe\u0163\u0103 va fi citat \u015fi moderatorul emisiunii, Mihai G\u00e2dea. Viorica D\u0103ncil\u0103 \/ FOTO: Inquam Photos \/ Octav Ganea Consiliul Na\u0163ional pentru Combaterea Discrimin\u0103rii (CNCD) [&hellip;]<\/p>\n","protected":false},"author":1,"featured_media":123651,"comment_status":"open","ping_status":"","sticky":false,"template":"","format":"standard","meta":{"footnotes":""},"categories":[2],"tags":[11],"class_list":["post-123650","post","type-post","status-publish","format-standard","has-post-thumbnail","hentry","category-politics","tag-digi24"],"_links":{"self":[{"href":"https:\/\/analyse.optim.biz\/index.php?rest_route=\/wp\/v2\/posts\/123650","targetHints":{"allow":["GET"]}}],"collection":[{"href":"https:\/\/analyse.optim.biz\/index.php?rest_route=\/wp\/v2\/posts"}],"about":[{"href":"https:\/\/analyse.optim.biz\/index.php?rest_route=\/wp\/v2\/types\/post"}],"author":[{"embeddable":true,"href":"https:\/\/analyse.optim.biz\/index.php?rest_route=\/wp\/v2\/users\/1"}],"replies":[{"embeddable":true,"href":"https:\/\/analyse.optim.biz\/index.php?rest_route=%2Fwp%2Fv2%2Fcomments&post=123650"}],"version-history":[{"count":0,"href":"https:\/\/analyse.optim.biz\/index.php?rest_route=\/wp\/v2\/posts\/123650\/revisions"}],"wp:featuredmedia":[{"embeddable":true,"href":"https:\/\/analyse.optim.biz\/index.php?rest_route=\/wp\/v2\/media\/123651"}],"wp:attachment":[{"href":"https:\/\/analyse.optim.biz\/index.php?rest_route=%2Fwp%2Fv2%2Fmedia&parent=123650"}],"wp:term":[{"taxonomy":"category","embeddable":true,"href":"https:\/\/analyse.optim.biz\/index.php?rest_route=%2Fwp%2Fv2%2Fcategories&post=123650"},{"taxonomy":"post_tag","embeddable":true,"href":"https:\/\/analyse.optim.biz\/index.php?rest_route=%2Fwp%2Fv2%2Ftags&post=123650"}],"curies":[{"name":"wp","href":"https:\/\/api.w.org\/{rel}","templated":true}]}}