{"id":1236156,"date":"2014-03-04T13:50:52","date_gmt":"2014-03-04T10:50:52","guid":{"rendered":"https:\/\/analyse.optim.biz\/?p=1236156"},"modified":"2014-03-04T13:50:52","modified_gmt":"2014-03-04T10:50:52","slug":"campanie-pressalert-ro-luptatoarele-cum-a-devenit-generatia-tanara-sinomin-cu-salvatorii-de-suflete","status":"publish","type":"post","link":"https:\/\/analyse.optim.biz\/?p=1236156","title":{"rendered":"CAMPANIE PRESSALERT.ro LUPT\u0102TOARELE Cum a devenit \u201eGenera\u0163ia t\u00e2n\u0103r\u0103\u201d sinomin cu salvatorii de suflete"},"content":{"rendered":"<article id=\"post-96305\" class=\"post-96305 post type-post status-publish format-standard has-post-thumbnail hentry category-campanii-pressalert category-lupatoarele category-stiri tag-asociatia-generatie-tanara tag-mariana-petersel tag-prostitutie tag-timisoara tag-trafic-de-fiinte tag-victime tag-violenta-domestica\">\n<div class=\"td-post-header td-pb-padding-side\">\n<div class=\"entry-crumbs\"><span><a title class=\"entry-crumb\" href=\"https:\/\/www.pressalert.ro\/\"><span>Acas\u0103<\/span><\/a><\/span><span><a title=\"Vede\u021bi toate articolele \u00een Campanii PRESSALERT\" class=\"entry-crumb\" href=\"https:\/\/www.pressalert.ro\/category\/campanii-pressalert\/\"><span>Campanii PRESSALERT<\/span><\/a><\/span><span class=\"td-bred-no-url-last\">CAMPANIE PRESSALERT.ro LUPT\u0102TOARELE Cum a devenit \u201eGenera\u0163ia t\u00e2n\u0103r\u0103\u201d sinomin cu salvatorii de&#8230;<\/span><\/div>\n<ul class=\"td-category\">\n<li class=\"entry-category\"><a href=\"https:\/\/www.pressalert.ro\/category\/campanii-pressalert\/\">Campanii PRESSALERT<\/a><\/li>\n<li class=\"entry-category\"><a href=\"https:\/\/www.pressalert.ro\/category\/campanii-pressalert\/lupatoarele\/\">LUPT\u0102TOARELE<\/a><\/li>\n<li class=\"entry-category\"><a href=\"https:\/\/www.pressalert.ro\/category\/stiri\/\">\u015etiri<\/a><\/li>\n<\/ul>\n<header>\n<h1 class=\"entry-title\">CAMPANIE PRESSALERT.ro LUPT\u0102TOARELE Cum a devenit \u201eGenera\u0163ia t\u00e2n\u0103r\u0103\u201d sinomin cu salvatorii de suflete<\/h1>\n<div class=\"meta-info\">\n<div class=\"td-post-author-name\">\n<div class=\"td-author-by\">De<\/div>\n<p><a href=\"https:\/\/www.pressalert.ro\/author\/angela-novacescu\/\">Angela Nov\u0103cescu<\/a><\/p>\n<div class=\"td-author-line\"> &#8211; <\/div>\n<\/div>\n<p><span class=\"td-post-date\"><time class=\"entry-date updated td-module-date\" datetime=\"2014-03-04T13:50:52+00:00\">mart. 4, 2014<\/time><\/span><\/p>\n<div class=\"td-post-comments\"><a href=\"https:\/\/www.pressalert.ro\/2014\/03\/campanie-pressalert-ro-luptatoarele-cum-devenit-generatia-tanara-sinomin-cu-salvatorii-de-suflete\/#comments\">3<\/a><\/div>\n<\/div>\n<\/header>\n<\/div>\n<div class=\"td-post-sharing td-post-sharing-top td-pb-padding-side\"><span class=\"td-post-share-title\">DISTRIBUI\u021aI<\/span><\/p>\n<div class=\"td-default-sharing \"><a class=\"td-social-sharing-buttons td-social-facebook\" href=\"http:\/\/www.facebook.com\/sharer.php?u=https%3A%2F%2Fwww.pressalert.ro%2F2014%2F03%2Fcampanie-pressalert-ro-luptatoarele-cum-devenit-generatia-tanara-sinomin-cu-salvatorii-de-suflete%2F\"><\/p>\n<div class=\"td-social-but-text\">Facebook<\/div>\n<p><\/a><a class=\"td-social-sharing-buttons td-social-twitter\" href=\"https:\/\/twitter.com\/intent\/tweet?text=CAMPANIE+PRESSALERT.ro+LUPT%C4%82TOARELE+Cum+a+devenit+%E2%80%9EGenera%C5%A3ia+t%C3%A2n%C4%83r%C4%83%E2%80%9D+sinomin+cu+salvatorii+de+suflete&amp;url=https%3A%2F%2Fwww.pressalert.ro%2F2014%2F03%2Fcampanie-pressalert-ro-luptatoarele-cum-devenit-generatia-tanara-sinomin-cu-salvatorii-de-suflete%2F&amp;via=PRESSALERT.ro\"><\/p>\n<div class=\"td-social-but-text\">Twitter<\/div>\n<p><\/a><\/div>\n<\/div>\n<div class=\"td-post-content td-pb-padding-side\">\n<p><a href=\"http:\/\/www.pressalert.ro\/2014\/03\/campanie-pressalert-ro-luptatoarele-cum-devenit-generatia-tanara-sinomin-cu-salvatorii-de-suflete\/premiu_gtr4\/\" rel=\"attachment wp-att-96308\"><img loading=\"lazy\" decoding=\"async\" class=\"aligncenter size-full wp-image-96308\" alt=\"premiu_gtr4\" src=\"http:\/\/www.pressalert.ro\/wp-content\/uploads\/2014\/03\/premiu_gtr4.jpg\" width=\"530\" height=\"530\"><\/a><\/p>\n<p>\u201dNimic nu este mai puternic pe lume dec\u00e2t o femeie, pentru c\u0103 este d\u0103t\u0103toare de via\u021b\u0103. B\u0103rba\u021bii s\u0103 nu uite c\u0103 \u0219i ei sunt n\u0103scu\u021bi de o femeie\u201d \u2013 sunt cuvintele Marianei Petersel, timi\u0219oreanca\u00a0 \u00een v\u00e2rst\u0103 de 66 de ani nominalizat\u0103 \u00eentre finalistele Trust Women Hero Award datorit\u0103 muncii sus\u021binute, serviciilor individuale oferite victimelor traficului de persoane \u0219i promovarea drepturilor femeilor la nivel mondial. I-a fost acordat \u0219i Premiul Drepturilor Omului al Ambasadei Fran\u0163ei \u00een Rom\u00e2nia pentru anul 2011.<\/p>\n<p>A fondat \u00a0Asocia\u021bia \u201eGenera\u021bie T\u00e2n\u0103r\u0103\u201d, organiza\u0163ie care, din 2001, dezvolt\u0103 programe de lupt\u0103 \u00eempotriva abuzurilor aduse fiin\u0163elor umane, programe de asisten\u0163\u0103 \u015fi reintegrare social\u0103 \u015fi profesional\u0103 destinate femeilor \u015fi copiilor, dar \u015fi ac\u0163iuni de ajutorare a familiilor s\u0103race cu copii care locuiesc \u00een zone rurale. \u201eNoi lucr\u0103m cu voluntari profesioni\u0219ti, avoca\u021bi, medici, av\u00e2nd \u00een vedere faptul c\u0103 am ales un segment greu, familie \u0219i copil, dar avem mul\u021bi tineri care se ofer\u0103 \u0219i doresc s\u0103 dea ceva pentru comunitatea \u00een care tr\u0103iesc, pentru \u021bara \u00een care tr\u0103iesc. Eu sunt destul de b\u0103tr\u00e2n\u0103 \u0219i vreau s\u0103 preg\u0103tesc o echip\u0103 t\u00e2n\u0103r\u0103, care s\u0103 preia lucrurile acestea \u0219i s\u0103 le duc\u0103 mai departe\u201d, spune doamna Petersel.<\/p>\n<p>Istoria asocia\u021biei \u00ee\u0219i are r\u0103d\u0103cinile \u00een Republica Moldova unde Mariana Petersel a plecat cu scopul de a-i ajuta pe copii s\u0103 \u00eenve\u021be limba rom\u00e2n\u0103. \u201eAm avut marea bucurie s\u0103 m\u0103 num\u0103r printre \u00a0cei care au putut s\u0103 plece \u00een Republica Moldova. Acolo i-am ajutat pe copii s\u0103 \u00eenve\u021be limba rom\u00e2n\u0103 \u0219i am creat prima organiza\u021bie neguvernamental\u0103. Asta am f\u0103cut \u00een 1990. \u00a0\u00cen 2001 m-am \u00eentors acas\u0103, dar str\u0103inii cu care am lucrat \u00een Republica Moldova au venit dup\u0103 mine \u0219i m-au rugat s\u0103 fac asocia\u021bia \u00een Rom\u00e2nia. De atunci noi \u00eencerc\u0103m s\u0103 ducem stindardul acesta mai departe si s\u0103 fim un baston pentru \u00eentreaga noastr\u0103 societate, pentru rezolvarea problemei defavoriza\u021bilor\u201d, poveste\u0219te Petersel .<\/p>\n<p><b>Peste 2.000 de victime ale traficului de persoane salvate <\/b><\/p>\n<p>Din 1995 Mariana Petersel a fost al\u0103turi de mii de persoane, de diferite v\u00e2rste, dintre care peste 2.000 au fost victime ale traficului de fiin\u021be umane. Femeia m\u0103rturise\u0219te c\u0103 niciunul dintre cazurile de care a avut parte nu seam\u0103n\u0103 \u00eentre ele deoarece situa\u021biile, cu care persoanele \u00een cauz\u0103 s-au confruntat, au fost diferite. Printre cele mai deosebite cazuri se num\u0103r\u0103 povestea unei mame care \u00ee\u0219i \u00eengrijea singur\u0103 cei doi copii.<\/p>\n<p> Aceasta a fost adus\u0103, \u00een anul 2.008, dintr-o \u021bar\u0103 magrebian\u0103 \u00een Rom\u00e2nia ca imigrant\u0103 ilegal\u0103, dup\u0103 ce i s-a promis un loc de munc\u0103 \u0219i posibilitatea de a-\u0219i aduce copii \u00een Occident. Acest lucru nu s-a \u00eent\u00e2mplat, iar femeia a fost traficat\u0103 la noi \u00een \u021bar\u0103 pentru a fi introdus\u0103 \u00eentr-o re\u021bea de prostitu\u021bie.<\/p>\n<p><a href=\"http:\/\/www.pressalert.ro\/wp-content\/uploads\/2014\/03\/gtr_gaerie8.jpg\"><img loading=\"lazy\" decoding=\"async\" class=\"size-medium wp-image-96306 aligncenter\" alt=\"gtr_gaerie8\" src=\"http:\/\/www.pressalert.ro\/wp-content\/uploads\/2014\/03\/gtr_gaerie8-640x426.jpg\" width=\"640\" height=\"426\"><\/a><\/p>\n<p>For\u021bat\u0103, a practicat prostitu\u021bia \u00een Bucure\u0219ti \u0219i Timi\u0219oara. Norocul a fost acela c\u0103 a fost g\u0103sit\u0103 de poli\u021bie \u00een Timi\u0219oara \u0219i a a\u0219a a ajuns la Asocia\u021bia Genera\u021bie T\u00e2n\u0103r\u0103 care a ajutat-o s\u0103 treac\u0103 peste traumele psihice \u015fi fizice. Nu a durat mult timp p\u00e2n\u0103 a cunoscut un rom\u00e2n cu care s-a c\u0103s\u0103torit \u0219i care a ajutat-o s\u0103 \u00ee\u0219i creasc\u0103 copii. \u201eAcestea s-au \u00eent\u00e2mplat exact \u00een momentul \u00een care legisla\u021bia a devenit permisiv\u0103 \u0219i a putut s\u0103 ofere drept de \u0219edere victimelor pe teritoriul Rom\u00e2niei \u0219i s\u0103 \u00ee\u0219i c\u00e2\u0219tige existen\u021ba. A fost una dintre pove\u0219tile de succes \u0219i m\u0103 bucur c\u0103 acum o s\u0103pt\u0103m\u00e2n\u0103 am primit un buchet de flori din partea ei, deoarece venise \u00een \u021bar\u0103 \u00eempreun\u0103 cu so\u021bul (n.r. \u2013 cei doi au decis ca, p\u00e2n\u0103 ce copiii femeii mai cresc, s\u0103 locuiasc\u0103 \u00een \u021bara din care ini\u021bial femeia a plecat). Asta \u00eenseamn\u0103 c\u0103 i-am f\u0103cut un bine \u0219i nu ne-a uitat\u201d, mai spune Mariana Petersel.<\/p>\n<p><b>Femeile ar trebui s\u0103-\u0219i schimbe \u201emodul de lupt\u0103\u201d<\/b><\/p>\n<p>Numai \u00een luna ianuarie Asocia\u021bia Genera\u021bia T\u00e2n\u0103r\u0103 s-a confruntat cu 22 de cazuri de violen\u021b\u0103 domestic\u0103.\u00a0 Mariana Petersel consider\u0103 c\u0103 vina este de multe ori a femeilor \u0219i trebuie schimbat \u201emodul de lup\u0103\u201d. \u201dSeminarii, discu\u021bii, proteste, pove\u0219ti \u2013 nu ajut\u0103. Ar trebui s\u0103 ne demonstr\u0103m mai mult capacitatea. Este destul de trist. Am citit de cur\u00e2nd o statistic\u0103 \u00een care 6.500 de femei au trecut prin violen\u021b\u0103 domestic\u0103, dintre care 800 au fost omor\u00e2te de aceast\u0103 furie a b\u0103rba\u021bilor. Nici nu pot s\u0103 \u00een\u021beleg dac\u0103 e la marginea demen\u021bei, dac\u0103 \u021bine de educa\u021bie sau vine dintr-un egoism total. Un lucru dureros este acela c\u0103 \u00eenc\u0103 nu putem s\u0103 vorbim despre respect. Sunt c\u00e2teva lucruri la care ar trebui s\u0103 lucr\u0103m mai mult. Mi-a\u0219 dori foarte mult s\u0103 se schimbe aceast\u0103 situa\u021bie, s\u0103 avem mai multe femei \u00een Parlamentul Rom\u00e2niei, mai multe femei care sunt factori de decizie \u0219i mi-a\u0219 dori ca femeile s\u0103 aib\u0103 o via\u021b\u0103 frumoas\u0103 al\u0103turi de partenerul lor. Cred c\u0103 trebuie s\u0103 \u00eenv\u0103\u021b\u0103m s\u0103 fim mai toleran\u021bi \u0219i mai apropia\u021bi unii de al\u021bii, s\u0103 ne redescoperim \u0219i s\u0103 \u00eenv\u0103\u021b\u0103m s\u0103 s\u0103 ne iubim\u201d, conchide pre\u0219edinta Asocia\u021biei Genera\u021bie T\u00e2n\u0103r\u0103.<\/p>\n<p>\u00a0<\/p>\n<\/div>\n<footer>\n<div class=\"td-post-source-tags td-pb-padding-side\">\n<ul class=\"td-tags td-post-small-box clearfix\">\n<li><span>ETICHETE<\/span><\/li>\n<li><a href=\"https:\/\/www.pressalert.ro\/tag\/asociatia-generatie-tanara\/\">Asocia\u021bia genera\u021bie T\u00e2n\u0103r\u0103<\/a><\/li>\n<li><a href=\"https:\/\/www.pressalert.ro\/tag\/mariana-petersel\/\">Mariana Petersel<\/a><\/li>\n<li><a href=\"https:\/\/www.pressalert.ro\/tag\/prostitutie\/\">prostitutie<\/a><\/li>\n<li><a href=\"https:\/\/www.pressalert.ro\/tag\/timisoara\/\">Timisoara<\/a><\/li>\n<li><a href=\"https:\/\/www.pressalert.ro\/tag\/trafic-de-fiinte\/\">trafic de fiin\u021be<\/a><\/li>\n<li><a href=\"https:\/\/www.pressalert.ro\/tag\/victime\/\">victime<\/a><\/li>\n<li><a href=\"https:\/\/www.pressalert.ro\/tag\/violenta-domestica\/\">violenta domestica<\/a><\/li>\n<\/ul>\n<\/div>\n<div class=\"td-post-sharing td-post-sharing-bottom td-pb-padding-side\"><span class=\"td-post-share-title\">DISTRIBUI\u021aI<\/span><\/p>\n<div class=\"td-default-sharing \"><a class=\"td-social-sharing-buttons td-social-facebook\" href=\"http:\/\/www.facebook.com\/sharer.php?u=https%3A%2F%2Fwww.pressalert.ro%2F2014%2F03%2Fcampanie-pressalert-ro-luptatoarele-cum-devenit-generatia-tanara-sinomin-cu-salvatorii-de-suflete%2F\"><\/p>\n<div class=\"td-social-but-text\">Facebook<\/div>\n<p><\/a><a class=\"td-social-sharing-buttons td-social-twitter\" href=\"https:\/\/twitter.com\/intent\/tweet?text=CAMPANIE+PRESSALERT.ro+LUPT%C4%82TOARELE+Cum+a+devenit+%E2%80%9EGenera%C5%A3ia+t%C3%A2n%C4%83r%C4%83%E2%80%9D+sinomin+cu+salvatorii+de+suflete&amp;url=https%3A%2F%2Fwww.pressalert.ro%2F2014%2F03%2Fcampanie-pressalert-ro-luptatoarele-cum-devenit-generatia-tanara-sinomin-cu-salvatorii-de-suflete%2F&amp;via=PRESSALERT.ro\"><\/p>\n<div class=\"td-social-but-text\">Twitter<\/div>\n<p><\/a><\/div>\n<\/div>\n<div class=\"td-block-row td-post-next-prev\">\n<div class=\"td-block-span6 td-post-prev-post\">\n<div class=\"td-post-next-prev-content\"><span>Articolul precedent<\/span><a href=\"https:\/\/www.pressalert.ro\/2014\/03\/duel-poli-dinamo-optimile-cupei-romaniei-la-handbal-masculin-de-ce-au-alb-violetii-sanse-reduse-de-victorie\/\">Duel Poli-Dinamo \u00een optimile Cupei Rom\u00e2niei la handbal masculin. De ce au alb-viole\u021bii \u0219anse reduse de victorie<\/a><\/div>\n<\/div>\n<div class=\"td-block-span6 td-post-next-post\">\n<div class=\"td-post-next-prev-content\"><span>Articolul urm\u0103tor<\/span><a href=\"https:\/\/www.pressalert.ro\/2014\/03\/presedintele-autoritatii-de-supraveghere-financiara-dan-radu-rusanu-arestat-preventiv-pentru-30-de-zile\/\">Pre\u015fedintele Autorit\u0103\u021bii de Supraveghere Financiar\u0103, Dan Radu Ru\u015fanu, arestat preventiv pentru 30 de zile<\/a><\/div>\n<\/div>\n<\/div>\n<div class=\"author-box-wrap\"><a href=\"https:\/\/www.pressalert.ro\/author\/angela-novacescu\/\"><img loading=\"lazy\" decoding=\"async\" alt src=\"https:\/\/secure.gravatar.com\/avatar\/a4dbd45d6c95affe5f5effe01f39ac46?s=96&amp;d=mm&amp;r=g\" class=\"avatar avatar-96 photo\" height=\"96\" width=\"96\"><\/a><\/p>\n<div class=\"desc\">\n<div class=\"td-author-name vcard author\"><span class=\"fn\"><a href=\"https:\/\/www.pressalert.ro\/author\/angela-novacescu\/\">Angela Nov\u0103cescu<\/a><\/span><\/div>\n<div class=\"td-author-url\"><a href=\"http:\/\/www.pressalert.ro\">http:\/\/www.pressalert.ro<\/a><\/div>\n<\/div>\n<\/div>\n<p><span><\/span><span><span><\/span><\/span><span><\/span><\/footer>\n<\/article>\n<p> Source URL: https:\/\/www.pressalert.ro\/2014\/03\/campanie-pressalert-ro-luptatoarele-cum-devenit-generatia-tanara-sinomin-cu-salvatorii-de-suflete\/<\/p>\n","protected":false},"excerpt":{"rendered":"<p>Acas\u0103Campanii PRESSALERTCAMPANIE PRESSALERT.ro LUPT\u0102TOARELE Cum a devenit \u201eGenera\u0163ia t\u00e2n\u0103r\u0103\u201d sinomin cu salvatorii de&#8230; Campanii PRESSALERT LUPT\u0102TOARELE \u015etiri CAMPANIE PRESSALERT.ro LUPT\u0102TOARELE Cum a devenit \u201eGenera\u0163ia t\u00e2n\u0103r\u0103\u201d sinomin cu salvatorii de suflete De Angela Nov\u0103cescu &#8211; mart. 4, 2014 3 DISTRIBUI\u021aI Facebook Twitter \u201dNimic nu este mai puternic pe lume dec\u00e2t o femeie, pentru c\u0103 este d\u0103t\u0103toare [&hellip;]<\/p>\n","protected":false},"author":1,"featured_media":0,"comment_status":"open","ping_status":"","sticky":false,"template":"","format":"standard","meta":{"footnotes":""},"categories":[89],"tags":[176],"class_list":["post-1236156","post","type-post","status-publish","format-standard","hentry","category-romania","tag-pressalert-ro"],"_links":{"self":[{"href":"https:\/\/analyse.optim.biz\/index.php?rest_route=\/wp\/v2\/posts\/1236156","targetHints":{"allow":["GET"]}}],"collection":[{"href":"https:\/\/analyse.optim.biz\/index.php?rest_route=\/wp\/v2\/posts"}],"about":[{"href":"https:\/\/analyse.optim.biz\/index.php?rest_route=\/wp\/v2\/types\/post"}],"author":[{"embeddable":true,"href":"https:\/\/analyse.optim.biz\/index.php?rest_route=\/wp\/v2\/users\/1"}],"replies":[{"embeddable":true,"href":"https:\/\/analyse.optim.biz\/index.php?rest_route=%2Fwp%2Fv2%2Fcomments&post=1236156"}],"version-history":[{"count":0,"href":"https:\/\/analyse.optim.biz\/index.php?rest_route=\/wp\/v2\/posts\/1236156\/revisions"}],"wp:attachment":[{"href":"https:\/\/analyse.optim.biz\/index.php?rest_route=%2Fwp%2Fv2%2Fmedia&parent=1236156"}],"wp:term":[{"taxonomy":"category","embeddable":true,"href":"https:\/\/analyse.optim.biz\/index.php?rest_route=%2Fwp%2Fv2%2Fcategories&post=1236156"},{"taxonomy":"post_tag","embeddable":true,"href":"https:\/\/analyse.optim.biz\/index.php?rest_route=%2Fwp%2Fv2%2Ftags&post=1236156"}],"curies":[{"name":"wp","href":"https:\/\/api.w.org\/{rel}","templated":true}]}}