{"id":1235665,"date":"2013-06-09T00:10:29","date_gmt":"2013-06-08T21:10:29","guid":{"rendered":"https:\/\/analyse.optim.biz\/?p=1235665"},"modified":"2013-06-09T00:10:29","modified_gmt":"2013-06-08T21:10:29","slug":"robu-si-pofta-sa-cea-mai-poli-dintre-poli-de-dupa-revolutie","status":"publish","type":"post","link":"https:\/\/analyse.optim.biz\/?p=1235665","title":{"rendered":"Robu \u015fi pofta sa \u201ecea mai POLI dintre Poli de dup\u0103 Revolu\u0163ie\u201d"},"content":{"rendered":"<article id=\"post-55780\" class=\"post-55780 post type-post status-publish format-standard has-post-thumbnail hentry category-campanii-pressalert category-robutimisoara tag-ac-recas tag-acs-poli tag-asu-poli tag-dan-paltinisanu tag-liga-i tag-promovare tag-timisoara\">\n<div class=\"td-post-header td-pb-padding-side\">\n<div class=\"entry-crumbs\"><span><a title class=\"entry-crumb\" href=\"https:\/\/www.pressalert.ro\/\"><span>Acas\u0103<\/span><\/a><\/span><span><a title=\"Vede\u021bi toate articolele \u00een Campanii PRESSALERT\" class=\"entry-crumb\" href=\"https:\/\/www.pressalert.ro\/category\/campanii-pressalert\/\"><span>Campanii PRESSALERT<\/span><\/a><\/span><span class=\"td-bred-no-url-last\">Robu \u015fi pofta sa \u201ecea mai POLI dintre Poli de dup\u0103 Revolu\u0163ie\u201d<\/span><\/div>\n<ul class=\"td-category\">\n<li class=\"entry-category\"><a href=\"https:\/\/www.pressalert.ro\/category\/campanii-pressalert\/\">Campanii PRESSALERT<\/a><\/li>\n<li class=\"entry-category\"><a href=\"https:\/\/www.pressalert.ro\/category\/campanii-pressalert\/robutimisoara\/\">Robu, un an de \u00eenc\u0103lecat Timi\u015foara<\/a><\/li>\n<\/ul>\n<header>\n<h1 class=\"entry-title\">Robu \u015fi pofta sa \u201ecea mai POLI dintre Poli de dup\u0103 Revolu\u0163ie\u201d<\/h1>\n<div class=\"meta-info\">\n<div class=\"td-post-author-name\">\n<div class=\"td-author-by\">De<\/div>\n<p><a href=\"https:\/\/www.pressalert.ro\/author\/anda-deliu\/\">Anda Deliu<\/a><\/p>\n<div class=\"td-author-line\"> &#8211; <\/div>\n<\/div>\n<p><span class=\"td-post-date\"><time class=\"entry-date updated td-module-date\" datetime=\"2013-06-09T00:10:29+00:00\">iun. 9, 2013<\/time><\/span><\/p>\n<div class=\"td-post-comments\"><a href=\"https:\/\/www.pressalert.ro\/2013\/06\/robu-si-pofta-sa-cea-mai-poli-dintre-poli-de-dupa-revolutie\/#comments\">2<\/a><\/div>\n<\/div>\n<\/header>\n<\/div>\n<div class=\"td-post-sharing td-post-sharing-top td-pb-padding-side\"><span class=\"td-post-share-title\">DISTRIBUI\u021aI<\/span><\/p>\n<div class=\"td-default-sharing \"><a class=\"td-social-sharing-buttons td-social-facebook\" href=\"http:\/\/www.facebook.com\/sharer.php?u=https%3A%2F%2Fwww.pressalert.ro%2F2013%2F06%2Frobu-si-pofta-sa-cea-mai-poli-dintre-poli-de-dupa-revolutie%2F\"><\/p>\n<div class=\"td-social-but-text\">Facebook<\/div>\n<p><\/a><a class=\"td-social-sharing-buttons td-social-twitter\" href=\"https:\/\/twitter.com\/intent\/tweet?text=Robu+%C5%9Fi+pofta+sa+%E2%80%9Ecea+mai+POLI+dintre+Poli+de+dup%C4%83+Revolu%C5%A3ie%E2%80%9D&amp;url=https%3A%2F%2Fwww.pressalert.ro%2F2013%2F06%2Frobu-si-pofta-sa-cea-mai-poli-dintre-poli-de-dupa-revolutie%2F&amp;via=PRESSALERT.ro\"><\/p>\n<div class=\"td-social-but-text\">Twitter<\/div>\n<p><\/a><\/div>\n<\/div>\n<div class=\"td-post-content td-pb-padding-side\">\n<p><a href=\"http:\/\/www.pressalert.ro\/2013\/06\/robu-si-pofta-sa-cea-mai-poli-dintre-poli-de-dupa-revolutie\/robu-la-poli07-an\/\" rel=\"attachment wp-att-55812\"><img loading=\"lazy\" decoding=\"async\" class=\"aligncenter size-medium wp-image-55812\" alt=\"robu la poli07 an\" src=\"http:\/\/www.pressalert.ro\/wp-content\/uploads\/2013\/06\/robu-la-poli07-an-640x426.jpg\" width=\"640\" height=\"426\"><\/a><\/p>\n<p>\u201eSuntem \u00een Liga 1 !!! Da, noua Poli, echipa Timi\u015foarei, Timi\u015fului, Banatului, cea mai curat\u0103 dintre toate Poli de dup\u0103 Revolu\u0163ie, echipa NOASTR\u0102, a tuturor celor care o iubim, A PROMOVAT !!! Succes in Liga 1 !!! Hai Poli !!!\u201d. 30 mai 2013, Nicolae Robu exulta pe Facebook dup\u0103 ce ACS Poli a ob\u0163inut promovarea matematic\u0103 din Liga a II-a \u00een Liga I cu o etap\u0103 \u00eenainte de \u00eencheierea campionatului \u00een e\u015falonul secund. Drumul p\u00e2n\u0103 la victoria fotbalistic\u0103 a primarului polist n\u0103scut \u00een Arad, la Bocisg, a \u00eenceput \u00een urm\u0103 cu un an \u00eens\u0103, chiar dup\u0103 alegerea sa \u00een func\u0163ia de primar. Timp de un an, Robu a \u201etranspirat\u201d c\u0103 noul s\u0103u proiect girat cu 4 milioane de lei \u00een primul an nu va avea succes, adic\u0103 nu va promova, mai ales c\u0103 ACS Poli a avut rezultate oscilante. Sor\u0163ii au fost \u00eens\u0103 de partea echipei \u00een alb-negru \u015fi a lui Robu, care \u015fi-a v\u0103zut, la aproape 11 luni de la concepere, \u201ccopilul\u201d \u00een Liga I. Iar seara zilei de 5 iunie i-a adus edilului invita\u0163ia de a intra \u00een vestiar, unde juc\u0103torii f\u0103ceau baie de \u015fampanie \u015fi strigau \u201eS\u0103 vin\u0103 Robu, s\u0103 vin\u0103 Robu, s\u0103 vin\u0103 Robu la b\u0103ie\u0163i!\u201d. Un botez de milioane de euro din banii timi\u015forenilor.<\/p>\n<p><strong>Un copil n\u0103scut \u00eentr-o vineri 13<\/strong><\/p>\n<p>Istoria noului club \u00eencepe, de fapt, \u00een anul 1917, c\u00e2nd la Reca\u015f, \u00een Or\u0103\u015felul Vinului aflat pe atunci \u00eenc\u0103 sub tutela Imperiului Austro-Ungar, s-a \u00eenfiin\u0163at Atletic Club Reca\u015f, sau AC Reca\u015f. Clubul nu a jucat niciodat\u0103 \u00een prima lig\u0103 fotbalistic\u0103, iar \u00een primavara lui 2012, cu antrenorul Cosmin Petruescu, AC Reca\u015f a promovat din Liga a III-a \u00een Liga a II-a. \u00cen mod convenabil, primarul din localitate, Teodor Pavel, era tot liberal, la fel ca edilul Timi\u015foarei. \u00cen acela\u0219i timp, Poli cea patronat\u0103 de Marian Iancu se zb\u0103tea \u00een agonie. Fostul Rector al Universit\u0103\u0163ii Politehnica a v\u0103zut cum toate celelalte partide refuz\u0103 s\u0103 mai pompeze bani \u00een echip\u0103. Practic, pentru a salva echipa care evolua de un an \u00een Liga a a II-a dup\u0103 ce nu primise licen\u0163a pentru Liga I, Iancu avea nevoie de nici mai mult, nici mai pu\u0163in de 10 milioane de lei, \u015fi doar liberalii timi\u015feni, prin vocea pre\u015fedintelui lor Nicolae Robu, au dorit s\u0103 dea ace\u015fti bani. PSD, PDL, PN\u0162CD au r\u0103mas indiferen\u0163i la moartea clinic\u0103 a Politehnicii alb-violete.<\/p>\n<p>Dup\u0103 ce a fost ales, Robu a \u00eencercat s\u0103 previn\u0103 faptul ca Timi\u015foara s\u0103 r\u0103m\u00e2n\u0103 f\u0103r\u0103 echip\u0103 de fotbal, mai ales c\u0103 se \u015ftia c\u0103 Iancu nu va \u00eenscrie echipa \u00een urm\u0103toarea edi\u0163ie de Liga a II-a. Cu spirit de ini\u0163iativ\u0103, Robu a adus echipa din Reca\u015f la Timi\u015foara \u015fi a rebotezat-o ACS Poli, adic\u0103 Asocia\u0163ie Club Sportiv Poli, nu Politehnica, \u00eentruc\u00e2t noua echip\u0103 nu avea palmaresul Politehnici lui Iancu. Practic, se poate spune c\u0103 data de pe certificatul de na\u015ftere al ACS Poli este 13 iulie 2013. Atunci, \u00een Consiliul Local Timi\u015foara s-a votat cooptarea\u00a0 de membri noi \u00een asocia\u0163ia noului club de fotbal, adic\u0103 Universitatea Politehnic\u0103, Consiuliul Jude\u0163ean Timi\u015f \u015fi Consiliul Local Timi\u015foara \u00eensu\u015fi. \u201eDarul\u201d de botez pentru noul odor a fost de un buget de 4 milioane de lei pentru 2012 de la principalele \u201eursitoare\u201d, CLT \u015fi CJT. \u201eA fost o \u015fedin\u0163\u0103 grea, mai ales c\u0103 au fost mul\u0163i consilieri USL absen\u0163i, ne-a fost team\u0103 c\u0103 nu vom putea trece acest proiect. Am anticipat c\u0103 unii membri se vor a\u015feza \u00eentr-o pozi\u0163ie de negare. Am bucuria c\u0103 s-a votat proiectul pentru intrarea CL \u00een aceast\u0103 nou\u0103 construc\u0163ie care pleac\u0103 de la Reca\u015f, dar prime\u015fte un nou con\u0163inut. E prima dat\u0103 c\u00e2nd fotbalul timi\u015forean se desf\u0103\u015foar\u0103 \u00eentr-o construc\u0163ie \u00een care decizia o are CL, CJT \u015fi UPT. Echipa va avea drept de promovare, numele a fost validat. Dup\u0103 ce vom ob\u0163ine hot\u0103r\u00e2rea judec\u0103toreasc\u0103 pentru a crea aceast\u0103 asocia\u0163ie \u00een termenii prezen\u0163i vom depune dosarul la FRF, iar conform acesteia structura va fi organizat\u0103. Temerile unora care au citit prima parte din regulament nu au niciun temei. Acelea sunt doar dac\u0103 asocierea se face \u00een scop neonoros, aici nu e vorba de a\u015fa ceva, ci dimpotriva, noua structur\u0103 salveaz\u0103 dou\u0103 echipe. Au existat multe date eronate \u015fi m\u0103 \u00eentreb dac\u0103 ele n-au ap\u0103rut cu rea-credin\u0163\u0103\u201d, declara \u00een 13 iulie 2012 Nicolae Robu.<\/p>\n<p><strong>Robu, ACS Poli \u015fi Odiseea promov\u0103rii<\/strong><\/p>\n<p>Nicolae Robu nu rateaz\u0103 s\u0103 se laude ori de c\u00e2te ori are ocazia c\u0103 proiectul ACS Poli a \u00eenceput aproape din nimic dup\u0103 mutarea echipei din Reca\u015f la Timi\u015foara, pe \u201eDan P\u0103ltini\u015fanu\u201d. P\u00e2n\u0103 la urm\u0103, Vali Velcea a fost numit principal, s-a \u00eencropit o echip\u0103 cu o parte din juc\u0103torii de la Poli a lui Iancu, de la AC Reca\u015f \u015fi c\u00e2\u0163iva juc\u0103tori str\u0103ini \u015fi rom\u00e2ni veni\u0163i la Timi\u015foara \u015fi trecu\u0163i prin trialuri interminabile. Sor\u0163ii au vrut ca primul adversar din campionat s\u0103 fie chiar UTA Arad, o mare rival\u0103 a Timi\u015foarei, dar \u015fi echipa-fanion a jude\u0163ului \u00een care s-a n\u0103scut Robu. Meciul s-a jucat cu ACS Poli gazd\u0103, iar scorul a fost 1-1. La acel meci au asistat aproape 6.000 de spectatori, \u00eens\u0103 galeria de la Peluza Sud nu s-a prezentat la meci, a\u015fa cum promisese. Fire\u015fte, Robu a postat un status entuziasmant pe Facebook despre meciul egal dintre ACS Poli \u015fi UTA Arad, dar \u015fi un sondaj prin care edilul dorea s\u0103 formeze chiar el o nou\u0103 galerie pentru echip\u0103, ca \u015fi cum un nucleu de suporteri se creeaz\u0103 c\u00e2t ai pocni din degete. \u201eDincolo de rezultat, noi trebuie s\u0103 apreciem c\u0103 \u00een doar dou\u0103 luni, \u00een Timi\u015foara s-a construit un Club cu adev\u0103rat al ora\u015fului, cum n-a mai fost niciunul de la Revolu\u0163ia din Decembrie 1989 \u00eencoace, cu o structur\u0103 intern\u0103 modern\u0103, propice pentru performan\u0163\u0103 \u015fi cu juc\u0103tori talenta\u0163i, dispu\u015fi la travaliu \u015fi la d\u0103ruire \u00een evolu\u0163ia lor, dup\u0103 cum au dovedit-o \u015fi ast\u0103zi. S\u0103 fim al\u0103turi de acest Club, s\u0103 credem \u00een el \u015fi s\u0103-l sus\u0163inem umpl\u00e2nd tribunele. Dragi prieteni, Noua echip\u0103 \u201cPoli\u201d a Timi\u015foarei -ACS Poli- \u00eencepe recrut\u0103rile pentru a-\u015fi constitui o galerie demn\u0103 de o echip\u0103 de Liga a II-a care are drept obiectiv promovarea \u00een Liga I, demn\u0103 de tradi\u0163ia Politehnicii Timi\u015foara \u00een ale galeriilor. Rug\u0103min\u021bile primarului nu au fost \u00eens\u0103 ascultate, av\u00e2nd \u00een vedere c\u0103, meci de meci, galeria \u201eoficial\u0103\u201d nu dep\u0103\u0219ea 15 oameni.<\/p>\n<p>Dup\u0103 opt etape, ACS Poli a ajuns pe locul doi \u00een Seria de Vest, loc promovabil. Timi\u015forenii au urcat \u00een clasament gra\u0163ie unei victorii cu 2-0 cu Luceaf\u0103rul Oradea. Pauza de iarn\u0103 i-a g\u0103sit pe elevii lui Vali Velcea \u00eentr-o pozi\u0163ie confortabil\u0103, cu 26 de puncte, la un singur punct \u00een spatele liderului Corona Bra\u015fov, dup\u0103 \u015fapte victorii, cinci egaluri \u015fi nicio \u00eenfr\u00e2ngere. Echipa a beneficiat de un cantonament de Liga I \u00een Antalya. \u00cen februarie, Robu revenea cu o postare recapitulativ\u0103 despre ACS Poli, prin care sublinia c\u00e2t de imaculat este clubul cl\u0103dit la ini\u0163iativa sa. Edilul preciza c\u0103 echipa are palmaresul, lucru ce s-a dovedit fals ulterior, deoarece tot Robu a spus la finalul returului c\u0103 urmeaz\u0103 s\u0103 \u00eenceap\u0103 tratativele pentru ob\u0163inerea acestuia, a numelui \u015fi a culorilor. De asemenea, liberalul respingea categoric venirea unui noi investitor privat cu puteri depline, ci preciza c\u0103 echipa se va baza \u00een viitor pe sponsori, dar va r\u0103m\u00e2ne organizat\u0103 ca societate non-profit. Echipa preg\u0103tit\u0103 de Velcea a avut un \u00eenceput de prim\u0103var\u0103 \u201e\u00eenghe\u0163at\u201d dup\u0103 \u00eensoritul cantonament. \u00cen primele \u015fase etape, ACS Poli a pierdut cu UTA \u015fi Corona Bra\u015fov \u015fi a remizat cu CS Mioveni \u015fi ALRO Slatina, ob\u0163in\u00e2nd o singur\u0103 victorie, dar la \u201emasa verde\u201d cu echipa retras\u0103 din Alba-Iulia. Desc\u0103tu\u015farea a venit \u00eens\u0103 dup\u0103 victoria cu 2-0 de pe teren propriu ob\u0163inut\u0103 cu Damila M\u0103ciuca, \u00een data de 20 aprilie.<\/p>\n<p><strong>\u201eAC Reca\u0219 nu e Poli\u201d<\/strong><\/p>\n<p>\u00cenc\u0103 de la venirea sa la putere, Robu a avut un puternic contestatar, nucleul \u201egreu\u201d al galeriei Commando Viola Ultra Curva Sud.<\/p>\n<p> Dup\u0103 nefericitele experien\u0163e din trecut cu Dacia Pite\u015fti \u015fi AEK Bucure\u015fti, suporterii au spus c\u0103 nu sunt de acord cu o nou\u0103 mutare a unei echipe la Timi\u015foara \u00een locul defunctei Politehnici a lui Iancu, chiar dac\u0103 era vorba de echipa din Reca\u015f, un ora\u015f din jude\u0163ul Timi\u015f. Sup\u0103ra\u0163i c\u0103 \u00een locul echipei lor alb-violete a fost adus\u0103 echipa din Or\u0103\u015felul vinului, suporterii au \u00eemp\u00e2nzit ora\u015ful cu deja clasicul mesaj \u201eAC Reca\u015f nu e Poli\u201d. \u015ei \u00eentr-adev\u0103r, pentru ei nici nu a fost. Galeria a preferat s\u0103 fie al\u0103turi de ASU Poli, echipa creat\u0103 de Universitatea Politehnic\u0103 pentru studen\u0163i. Echipa evolua an de an \u00een liga a VI-a \u015fi ob\u0163inea dreptul de promovarea \u00een a V-a, dar UPT nu o \u00eenscria \u00een e\u015falonul superior pentru c\u0103 asta ar fi presupus jocuri \u00een satele din jurul Timi\u015foarei. \u00cen anul \u00een care Commando Viola a venit la ASU, echipa universitar\u0103 a pornit la drum \u00een Campionatul jude\u0163ean.<\/p>\n<p>Atitudinea de frond\u0103 a suporterilor din galerie l-a deranjat mereu pe primarul sup\u0103r\u0103cios, care nu a ezitat s\u0103 \u00eei \u00een\u0163epe de fiecare dat\u0103 pe cei care aveau tupeul s\u0103 \u00eei conteste proiectul fotbalistic. Inginerul Robu a trimis zeci de \u00een\u0163ep\u0103turi spre cei de la ASU, at\u00e2t \u00een conferin\u0163ele de pres\u0103, \u00een emisiunile la care era invitat, dar mai ales \u00een statusurile sale de pe Facebook. Liberalul nu uita niciodat\u0103 s\u0103 reaminteasc\u0103 tuturor c\u0103 datorit\u0103 lui exist\u0103 ASU Poli, echip\u0103 fondat\u0103 \u00een 2005. Chiar dup\u0103 victoria cu Damila M\u0103ciuca, edilul s-a \u00eent\u00e2lnit cu fanii ASU, care se \u00eendreptau cu bicicletele spre o deplasare. Robu a relatat cu lux de am\u0103nunte discu\u0163ia, dar mai ales cum le-a explicat el problema Reca\u015fului. \u201eEvident, cine-a spus c-ar fi? \u00cen momentul \u00een care am preluat clubul AC Reca\u015f, l-am transformat instantaneu \u00een cu totul altceva dec\u00e2t a fost, \u00een cea mai Poli dintre toate Poli care au existat dup\u0103 Revolu\u0163ie, prin oamenii implica\u0163i \u015fi prin spiritul pe care, prin ei, i l-am insuflat. Iar AC Reca\u015f\u2026 a disp\u0103rut, tot instantaneu! Sunt sigur c\u0103 \u00eentr-o bun\u0103 zi ve\u0163i \u00een\u0163elege \u015fi voi corect lucrurile \u015fi ve\u0163i \u00een\u0163elege \u015fi c\u0103 cineva v-a manipulat, respectiv c\u0103 \u00een niciun caz nu eu sunt du\u015fmanul vostru. (\u2026) \u00cei dezavuez doar pe aceia care \u015fi-au permis s\u0103 ne ur\u00e2\u0163easc\u0103 ora\u015ful scriindu-i pe ziduri, pe ceilal\u0163i \u00eens\u0103 \u00eei admir sincer\u201d, a postat Robu \u00een data de 22 aprilie. P\u00e2n\u0103 la urm\u0103, \u00eentr-o emisiune de la Tele Europa Nova, primarul a dat c\u0103r\u0163ile pe fa\u0163\u0103. \u201eDe fapt, ei n-au plecat de la niciun zero, ci din liga a V-a, cu echipa f\u0103cut\u0103 de mine\u201d, s-a m\u00e2ndrit Robu ca un tat\u0103 \u00een\u0163elept c\u0103tre fiii s\u0103i r\u0103t\u0103ci\u0163i.<\/p>\n<p><strong>Viitorul sun\u0103 roz, dar nu neap\u0103rat \u015fi alb-violet<\/strong><\/p>\n<p>Dup\u0103 ce ACS Poli a promovat matematic \u00een urma egalului de la Baia Mare \u015fi a \u00eenfr\u00e2ngerii celor de la Damila M\u0103ciuca, Robu a fost prezent la stadion la sosirea echipei a doua zi, \u00eentr-o dup\u0103-amiaz\u0103 de vineri. Primarul a spus c\u0103 se afla \u00eent\u00e2mpl\u0103tor aproape de \u201eDan P\u0103ltini\u015fanu\u201d, chipurile, la aniversarea unui prieten, care chefuia de zor vineri deja de la ora 15.00.<\/p>\n<p>\u00centrebat despre viitorul buget al lui ACS Poli, Robu a spus c\u0103 se vor aloca sume noi de bani pentru echip\u0103, care deja primise 4 milioane de lei de la Consiliul Local Timi\u015foara \u015fi 2,9 milioane de la Consiliul Jude\u0163ean Timi\u015f pentru anul 2013, perioad\u0103 ce cuprinde \u015fi turul viitoarei edi\u0163ii de Liga I. Foarte interesant\u0103 este viziunea despre marketing a primarului, care consider\u0103\u00a0 c\u0103 ar fi nepotrivit s\u0103 abordeze direct viitori sponsori, prefer\u00e2nd s\u0103 fac\u0103 apeluri publice prin declara\u0163ii. De asemenea, contrar doctrinei partidului din care face parte, primarul spune c\u0103 la ACS Poli nu va fi primit un investitor cu drepturi depline care s\u0103 \u201efure\u201d apoi echipa cum a f\u0103cut italianul Zambon. Robu dore\u015fte ca ACS Poli s\u0103 r\u0103m\u00e2n\u0103 pe veci echipa autorit\u0103\u0163ilor. \u201dAm spus-o din start, eu nu m\u0103 duc s\u0103 trag pe nimeni de m\u00e2nec\u0103 s\u0103 vin\u0103 \u00een acest proiect, dar lansez \u00een orice ocazie invita\u0163ia deschis\u0103 c\u0103tre oricine iube\u015fte Poli s\u0103 vin\u0103 \u00een acest proiect. Sunt convins c\u0103 vor veni al\u0103turi de noi \u00een viitor \u015fi agen\u0163i priva\u0163i. \u00cens\u0103, vreau s\u0103 o spun r\u0103spicat de acum, \u00een formule care s\u0103 asigure controlul de partea autorit\u0103\u0163ilor locale. Eu nu mai pot concepe, \u015fi sunt convins c\u0103 timi\u015forenii nu mai pot concepe, vreo Odisee a Politehnicii. Poli trebuie s\u0103 r\u0103m\u00e2n\u0103 sub controlu nostru, indiferent cu c\u00e2\u0163i bani va veni cineva. Va fi bine primit, dar nu va putea avea controlul asupra Politehnici\u201d, a precizat Nicolae Robu.<\/p>\n<p>Con\u015ftient c\u0103 un buget de prim\u0103 lig\u0103 va fi dificil de sus\u0163inut doar din bani publici \u015fi sponsoriz\u0103ri, edilul a lansat \u015fi ideea sistemului socios, dovedind \u00eens\u0103 foarte clar c\u0103 nu \u015ftie ce implic\u0103 un astfel de sistem. Modelul \u201esocios\u201d (\u201easocia\u0163i\u201d \u00een limba spaniol\u0103) presupune c\u0103 suporterii pot deveni asocia\u0163ii clubului pe care \u00eel iubesc dac\u0103 contribuie cu bani, \u00eens\u0103 \u00een schimb pot lua parte la deciziile din via\u0163a echipei. Modelul este folosit de Barcelona, Real Madrid, Ripensia Timi\u015foara, iar mai nou \u015fi de echipa de baschet Steaua Bucure\u015fti. Primarul crede \u00eens\u0103 c\u0103 \u201esocios\u201d au doar obliga\u0163ia de a da bani, nu \u015fi dreptul de a lua decizii pentru echip\u0103. \u201eDar vreau s\u0103 readuc \u00een actualitate o idee mai veche pe care eu am tot propov\u0103duit-o mult\u0103 vreme, modelul socios. Eu cred c\u0103 acum este momentil cel mai potrivit ca un num\u0103r c\u00e2t mai mare de timi\u015foreni iubitori de Poli, dincolo de contribu\u0163ia pe care o acord\u0103 pentru Poli din calitate de contribuabili la bugetul local, s\u0103 vin\u0103 cu contribu\u0163ii directe la club. O prim\u0103 form\u0103 de contribu\u0163ie este s\u0103 \u00ee\u015fi cumpere un abonament pentru tot campionatul. \u00cen momentul \u00een care fac asta se pot sim\u0163i deja coproprietari asupra Politehnicii, \u00eentr-o anumit\u0103 cot\u0103, evident, destul de redus\u0103\u201d, a explicat Robu despre cum sper\u0103 s\u0103 creasc\u0103 bugetul lui ACS Poli.<\/p>\n<p>Marea durere pentru fanii fotbalului timi\u015forean a fost c\u0103 ACS Poli nu are palmaresul vechii Politehnici. Robu a promis \u00eens\u0103 c\u0103 problema este ca \u015fi rezolvat\u0103. \u201eVom rezolva \u015fi ultima etap\u0103 \u00een ceea ce prive\u015fte aducerea palmaresului. Am avut o discu\u0163ie cu domnul Marian Iancu \u015fi nu va fi nimic altfel dec\u00e2t am promis. Acordul tripartit pe care l-am semnat este valabil, va r\u0103m\u00e2ne valabil, \u015fi, pe baza lui vom semna c\u00e2t de cur\u00e2nd, dup\u0103 ce se mai \u00eendeplinesc c\u00e2teva formalit\u0103\u0163i, \u015fi cele dou\u0103 acorduri bilaterale, unul de reziliere a actualului contract de asociere \u00een participa\u0163iune \u00eentre AFC Politehnica Timi\u015foara, de\u0163in\u0103toarea de fapt \u015fi de drept \u015fi \u00een instan\u0163ele civile \u015fi \u00een cele sportive a palmaresului \u015fi societate comercial\u0103 Politehnica Timi\u015foara a lui Marian Iancu, \u015fi simultan, \u00eencheierea unui acord similar cu cel care se reziliaz\u0103, un acord de asociere \u00een participa\u0163iune \u00eentre AFC Politehnica Timi\u015foara \u015fi ACS Poli Timi\u015fora. \u00cen momentul \u00een care facem cele dou\u0103 gesturi, \u015fi le fom face deodat\u0103, palmaresul va fi la noi \u015fi va fi definitiv, se va termina cu Odiseea sa\u201d, a explicat edilul iubitor de fotbal.<\/p>\n<p>Sufletul unei echipe sunt \u00eens\u0103 culorile sale, pentru care fanii compun c\u00e2ntece, au steaguri, e\u015farfe \u015fi bannere. \u00cen privin\u0163a alb-violetului, Robu are re\u0163ineri deoarece cei din Federa\u0163ie i-au spus c\u0103 echipele la care Iancu are datorii i-ar putea ac\u0163iona \u00een instan\u0163\u0103. \u201eEu sper s\u0103 putem juca din prima etap\u0103 \u00een Liga I \u00een alb-violet, dar dac\u0103, dup\u0103 ce ne vom mai documente pu\u0163in, vom ajunge la concluzia c\u0103 \u00eenc\u0103 vor mai exista pericole de confuzii, atunci vom mai am\u00e2na momentul\u201d, a conchis Robu. Astfel, \u201eCea mai Poli dintre Poli de dup\u0103 Revolu\u0163ie\u201d ar putea \u00eencepe Liga I \u00een alb-negru. Dar ce mai conteaz\u0103 un asemenea detaliu cromatic c\u00e2nd ACS Poli a triumfat \u00een Liga a II-a, iar Robu a bifat o promisiunea electoral\u0103 \u00eendeplinit\u0103.<\/p>\n<p>\u00a0<\/p>\n<p>\u00a0<\/p>\n<p><i>\u00a0<\/i><\/p>\n<p><i>\u00a0<\/i><\/p>\n<p><i>\u00a0<\/i><\/p>\n<\/div>\n<footer>\n<div class=\"td-post-source-tags td-pb-padding-side\">\n<ul class=\"td-tags td-post-small-box clearfix\">\n<li><span>ETICHETE<\/span><\/li>\n<li><a href=\"https:\/\/www.pressalert.ro\/tag\/ac-recas\/\">ac recas<\/a><\/li>\n<li><a href=\"https:\/\/www.pressalert.ro\/tag\/acs-poli\/\">acs poli<\/a><\/li>\n<li><a href=\"https:\/\/www.pressalert.ro\/tag\/asu-poli\/\">asu poli<\/a><\/li>\n<li><a href=\"https:\/\/www.pressalert.ro\/tag\/dan-paltinisanu\/\">dan paltinisanu<\/a><\/li>\n<li><a href=\"https:\/\/www.pressalert.ro\/tag\/liga-i\/\">Liga I<\/a><\/li>\n<li><a href=\"https:\/\/www.pressalert.ro\/tag\/promovare\/\">promovare<\/a><\/li>\n<li><a href=\"https:\/\/www.pressalert.ro\/tag\/timisoara\/\">Timisoara<\/a><\/li>\n<\/ul>\n<\/div>\n<div class=\"td-post-sharing td-post-sharing-bottom td-pb-padding-side\"><span class=\"td-post-share-title\">DISTRIBUI\u021aI<\/span><\/p>\n<div class=\"td-default-sharing \"><a class=\"td-social-sharing-buttons td-social-facebook\" href=\"http:\/\/www.facebook.com\/sharer.php?u=https%3A%2F%2Fwww.pressalert.ro%2F2013%2F06%2Frobu-si-pofta-sa-cea-mai-poli-dintre-poli-de-dupa-revolutie%2F\"><\/p>\n<div class=\"td-social-but-text\">Facebook<\/div>\n<p><\/a><a class=\"td-social-sharing-buttons td-social-twitter\" href=\"https:\/\/twitter.com\/intent\/tweet?text=Robu+%C5%9Fi+pofta+sa+%E2%80%9Ecea+mai+POLI+dintre+Poli+de+dup%C4%83+Revolu%C5%A3ie%E2%80%9D&amp;url=https%3A%2F%2Fwww.pressalert.ro%2F2013%2F06%2Frobu-si-pofta-sa-cea-mai-poli-dintre-poli-de-dupa-revolutie%2F&amp;via=PRESSALERT.ro\"><\/p>\n<div class=\"td-social-but-text\">Twitter<\/div>\n<p><\/a><\/div>\n<\/div>\n<div class=\"td-block-row td-post-next-prev\">\n<div class=\"td-block-span6 td-post-prev-post\">\n<div class=\"td-post-next-prev-content\"><span>Articolul precedent<\/span><a href=\"https:\/\/www.pressalert.ro\/2013\/06\/sfatuitorii-primarului-robu-de-la-meritocratie-la-slugarnicie\/\">Sf\u0103tuitorii primarului Robu, de la meritocra\u021bie la slug\u0103rnicie<\/a><\/div>\n<\/div>\n<div class=\"td-block-span6 td-post-next-post\">\n<div class=\"td-post-next-prev-content\"><span>Articolul urm\u0103tor<\/span><a href=\"https:\/\/www.pressalert.ro\/2013\/06\/interviul-pe-care-primarul-robu-nu-l-a-acordat-pressalert-ro\/\">Interviul pe care primarul Robu NU l-a acordat PRESSALERT.ro<\/a><\/div>\n<\/div>\n<\/div>\n<div class=\"author-box-wrap\"><a href=\"https:\/\/www.pressalert.ro\/author\/anda-deliu\/\"><img loading=\"lazy\" decoding=\"async\" alt src=\"https:\/\/secure.gravatar.com\/avatar\/04820efafbf9f77c954686eb1143960f?s=96&amp;d=mm&amp;r=g\" class=\"avatar avatar-96 photo\" height=\"96\" width=\"96\"><\/a><\/p>\n<div class=\"desc\">\n<div class=\"td-author-name vcard author\"><span class=\"fn\"><a href=\"https:\/\/www.pressalert.ro\/author\/anda-deliu\/\">Anda Deliu<\/a><\/span><\/div>\n<div class=\"td-author-url\"><a href=\"http:\/\/www.pressalert.ro\">http:\/\/www.pressalert.ro<\/a><\/div>\n<\/div>\n<\/div>\n<p><span><\/span><span><span><\/span><\/span><span><\/span><\/footer>\n<\/article>\n<p> Source URL: https:\/\/www.pressalert.ro\/2013\/06\/robu-si-pofta-sa-cea-mai-poli-dintre-poli-de-dupa-revolutie\/<\/p>\n","protected":false},"excerpt":{"rendered":"<p>Acas\u0103Campanii PRESSALERTRobu \u015fi pofta sa \u201ecea mai POLI dintre Poli de dup\u0103 Revolu\u0163ie\u201d Campanii PRESSALERT Robu, un an de \u00eenc\u0103lecat Timi\u015foara Robu \u015fi pofta sa \u201ecea mai POLI dintre Poli de dup\u0103 Revolu\u0163ie\u201d De Anda Deliu &#8211; iun. 9, 2013 2 DISTRIBUI\u021aI Facebook Twitter \u201eSuntem \u00een Liga 1 !!! Da, noua Poli, echipa Timi\u015foarei, Timi\u015fului, [&hellip;]<\/p>\n","protected":false},"author":1,"featured_media":0,"comment_status":"open","ping_status":"","sticky":false,"template":"","format":"standard","meta":{"footnotes":""},"categories":[89],"tags":[176],"class_list":["post-1235665","post","type-post","status-publish","format-standard","hentry","category-romania","tag-pressalert-ro"],"_links":{"self":[{"href":"https:\/\/analyse.optim.biz\/index.php?rest_route=\/wp\/v2\/posts\/1235665","targetHints":{"allow":["GET"]}}],"collection":[{"href":"https:\/\/analyse.optim.biz\/index.php?rest_route=\/wp\/v2\/posts"}],"about":[{"href":"https:\/\/analyse.optim.biz\/index.php?rest_route=\/wp\/v2\/types\/post"}],"author":[{"embeddable":true,"href":"https:\/\/analyse.optim.biz\/index.php?rest_route=\/wp\/v2\/users\/1"}],"replies":[{"embeddable":true,"href":"https:\/\/analyse.optim.biz\/index.php?rest_route=%2Fwp%2Fv2%2Fcomments&post=1235665"}],"version-history":[{"count":0,"href":"https:\/\/analyse.optim.biz\/index.php?rest_route=\/wp\/v2\/posts\/1235665\/revisions"}],"wp:attachment":[{"href":"https:\/\/analyse.optim.biz\/index.php?rest_route=%2Fwp%2Fv2%2Fmedia&parent=1235665"}],"wp:term":[{"taxonomy":"category","embeddable":true,"href":"https:\/\/analyse.optim.biz\/index.php?rest_route=%2Fwp%2Fv2%2Fcategories&post=1235665"},{"taxonomy":"post_tag","embeddable":true,"href":"https:\/\/analyse.optim.biz\/index.php?rest_route=%2Fwp%2Fv2%2Ftags&post=1235665"}],"curies":[{"name":"wp","href":"https:\/\/api.w.org\/{rel}","templated":true}]}}