{"id":1235660,"date":"2013-06-09T00:41:19","date_gmt":"2013-06-08T21:41:19","guid":{"rendered":"https:\/\/analyse.optim.biz\/?p=1235660"},"modified":"2013-06-09T00:41:19","modified_gmt":"2013-06-08T21:41:19","slug":"nicolae-robu-primarul-care-si-a-daramat-promisiunile-cu-nerealizari-vezi-care-a-fost-singura-exceptie","status":"publish","type":"post","link":"https:\/\/analyse.optim.biz\/?p=1235660","title":{"rendered":"Nicolae Robu, primarul care \u015fi-a d\u0103r\u00e2mat promisiunile cu nerealiz\u0103ri. Vezi care a fost singura excep\u0163ie"},"content":{"rendered":"<article id=\"post-55783\" class=\"post-55783 post type-post status-publish format-standard has-post-thumbnail hentry category-campanii-pressalert category-robutimisoara tag-promisiuni tag-timisoara\">\n<div class=\"td-post-header td-pb-padding-side\">\n<div class=\"entry-crumbs\"><span><a title class=\"entry-crumb\" href=\"https:\/\/www.pressalert.ro\/\"><span>Acas\u0103<\/span><\/a><\/span><span><a title=\"Vede\u021bi toate articolele \u00een Campanii PRESSALERT\" class=\"entry-crumb\" href=\"https:\/\/www.pressalert.ro\/category\/campanii-pressalert\/\"><span>Campanii PRESSALERT<\/span><\/a><\/span><span class=\"td-bred-no-url-last\">Nicolae Robu, primarul care \u015fi-a d\u0103r\u00e2mat promisiunile cu nerealiz\u0103ri. Vezi care a&#8230;<\/span><\/div>\n<ul class=\"td-category\">\n<li class=\"entry-category\"><a href=\"https:\/\/www.pressalert.ro\/category\/campanii-pressalert\/\">Campanii PRESSALERT<\/a><\/li>\n<li class=\"entry-category\"><a href=\"https:\/\/www.pressalert.ro\/category\/campanii-pressalert\/robutimisoara\/\">Robu, un an de \u00eenc\u0103lecat Timi\u015foara<\/a><\/li>\n<\/ul>\n<header>\n<h1 class=\"entry-title\">Nicolae Robu, primarul care \u015fi-a d\u0103r\u00e2mat promisiunile cu nerealiz\u0103ri. Vezi care a fost singura excep\u0163ie<\/h1>\n<div class=\"meta-info\">\n<div class=\"td-post-author-name\">\n<div class=\"td-author-by\">De<\/div>\n<p><a href=\"https:\/\/www.pressalert.ro\/author\/liana-paun\/\">Liana P\u0103un<\/a><\/p>\n<div class=\"td-author-line\"> &#8211; <\/div>\n<\/div>\n<p><span class=\"td-post-date\"><time class=\"entry-date updated td-module-date\" datetime=\"2013-06-09T00:41:19+00:00\">iun. 9, 2013<\/time><\/span><\/p>\n<div class=\"td-post-comments\"><a href=\"https:\/\/www.pressalert.ro\/2013\/06\/nicolae-robu-primarul-care-si-a-daramat-promisiunile-cu-nerealizari-vezi-care-a-fost-singura-exceptie\/#comments\">29<\/a><\/div>\n<\/div>\n<\/header>\n<\/div>\n<div class=\"td-post-sharing td-post-sharing-top td-pb-padding-side\"><span class=\"td-post-share-title\">DISTRIBUI\u021aI<\/span><\/p>\n<div class=\"td-default-sharing \"><a class=\"td-social-sharing-buttons td-social-facebook\" href=\"http:\/\/www.facebook.com\/sharer.php?u=https%3A%2F%2Fwww.pressalert.ro%2F2013%2F06%2Fnicolae-robu-primarul-care-si-a-daramat-promisiunile-cu-nerealizari-vezi-care-a-fost-singura-exceptie%2F\"><\/p>\n<div class=\"td-social-but-text\">Facebook<\/div>\n<p><\/a><a class=\"td-social-sharing-buttons td-social-twitter\" href=\"https:\/\/twitter.com\/intent\/tweet?text=Nicolae+Robu%2C+primarul+care+%C5%9Fi-a+d%C4%83r%C3%A2mat+promisiunile+cu+nerealiz%C4%83ri.+Vezi+care+a+fost+singura+excep%C5%A3ie&amp;url=https%3A%2F%2Fwww.pressalert.ro%2F2013%2F06%2Fnicolae-robu-primarul-care-si-a-daramat-promisiunile-cu-nerealizari-vezi-care-a-fost-singura-exceptie%2F&amp;via=PRESSALERT.ro\"><\/p>\n<div class=\"td-social-but-text\">Twitter<\/div>\n<p><\/a><\/div>\n<\/div>\n<div class=\"td-post-content td-pb-padding-side\">\n<p><a href=\"http:\/\/www.pressalert.ro\/2013\/06\/nicolae-robu-primarul-care-si-a-daramat-promisiunile-cu-nerealizari-vezi-care-a-fost-singura-exceptie\/robu-instalare-primar-1-an\/\" rel=\"attachment wp-att-55824\"><img loading=\"lazy\" decoding=\"async\" class=\"aligncenter size-medium wp-image-55824\" alt=\"robu instalare primar 1 an\" src=\"http:\/\/www.pressalert.ro\/wp-content\/uploads\/2013\/06\/robu-instalare-primar-1-an-640x413.jpg\" width=\"640\" height=\"413\"><\/a><\/p>\n<p>\u00cen b\u0103t\u0103lia purtat\u0103 anul trecut pentru c\u00e2\u015ftigarea Prim\u0103riei Timi\u015foara, candidatul USL, Nicolae Robu, a intrat \u00een lupt\u0103 cu un program extrem de ambi\u0163ios \u00een care\u00a0 prioritare erau o serie \u201ede proiecte de anvergur\u0103\u201d, menite s\u0103 transforme ora\u015ful \u00eentr-o \u201eadev\u0103rat\u0103 metropol\u0103 european\u0103\u201d. Pentru \u00eentregul mandat, Robu a propus mai multe obiective pe c\u00e2t de ispititoare pe at\u00e2t de necesare, pe care timi\u015forenii le a\u015fteapt\u0103 de ani buni. Garan\u0163ia oferit\u0103 pentru reu\u015fita acestora a fost \u201eg\u00e2ndirea deschis\u0103 \u015fi liberal\u0103\u201d, \u201evotul \u015fi \u00eencrederea timi\u015forenilor\u201d, realiz\u0103rile ca rector al Universit\u0103\u0163ii \u201ePolitehnica\u201d, sus\u0163inerea USL \u015fi echipa de consilieri \u00a0pe care \u015fi-a ales-o. Pentru a-i convinge pe aleg\u0103tori c\u0103 va fi un edil extrem de eficient, candidatul la func\u0163ia de prim-gospodar al ora\u015fului s-a hazardat \u00een a face nu mai pu\u0163in de zece promisiuni spectaculoase, cu finalizare \u00een primele \u015fase luni de la alegerea sa ca primar.<\/p>\n<p>Nicolae Robu a primit votul \u015fi \u00eencrederea timi\u015forenilor, dar p\u00e2n\u0103 la \u00eencheierea primului an al mandatului, rezultatele sunt de-a dreptul descurajante. Solu\u0163iile miraculoase nu au ap\u0103rut, iar din cele zece puncte unul singur dintre cele care se refereau la aspectul ora\u015fului a fost bifat, \u015fi anume demolarea \u201eAcvariului\u201d din Pia\u0163a Victoriei, cu un efort care a durat aproape un an. Robu a mai promis \u00eenfiin\u0163area direc\u0163iilor de s\u0103n\u0103tate \u015fi educa\u0163ie \u00een prim\u0103rie \u015fi, prin modificarea organigramei, a \u00eenfiin\u0163at direc\u0163ia \u015fcoli, spitale, baze sportive \u015fi institu\u0163ii culturale. A mai promis \u015fi \u201esimplificarea birocra\u0163iei \u015fi scurtarea drastic\u0103 a termenelor de acordare a diverselor avize \u015fi, \u00een general, a termenelor de r\u0103spuns la demersurile cet\u0103\u0163enilor\u201d \u015fi a dat o dispozi\u0163ie pentru reducerea termenelor de r\u0103spuns de la 30 la 14 zile, recunosc\u00e2nd \u00eens\u0103 c\u0103 termenul de 30 de zile e prev\u0103zut de lege.<\/p>\n<p>Cu toat\u0103 sus\u0163inerea de propor\u0163ii pe care primarul pretinde c\u0103 o are, celelalte \u201eschimb\u0103ri \u00een bine\u201d promise pentru primele \u015fase luni de mandat, nu s-au \u00eenf\u0103ptuit nici p\u00e2n\u0103 la sf\u00e2r\u015fitul primului an. O prim\u0103 promisiune neonorat\u0103 ar fi \u201erepararea trotuarelor din centrul istoric (str. V. Alecsandri etc.) \u015fi a aleilor de pe malul Beg\u0103i\u201d. Se pare c\u0103 paranteza nu a fost \u00eent\u00e2mpl\u0103toare. Ce-i drept, pe strada V. Alecsandri s-a reparat o bucat\u0103 de trotuar, de la Pia\u0163a Libert\u0103\u0163ii exact p\u00e2n\u0103 la sediul PNL, dar celelalte trotuare din cartierul Cetate sunt \u00een aceea\u015fi stare jalnic\u0103. Strada M\u0103r\u0103\u015fe\u015fti a devenit zon\u0103 pietonal\u0103, dar lucrarea, mediocr\u0103 \u00een compara\u0163ie cu ceea ce s-a f\u0103cut \u00een alte ora\u015fe, a fost \u00eenceput\u0103 \u00een primul semestru al anului trecut, \u00eenainte de alegeri, la fel ca repara\u0163iile la trotuarele de pe str\u0103zile Sf. Ioan, Gh. Laz\u0103r, Alba Iulia sau Pia\u0163a Victoriei, dup\u0103 cum reiese din raportul primarului pentru anul 2012.<\/p>\n<p>Tot \u00een intervalul primelor \u015fase luni ar fi trebuit s\u0103 se petreac\u0103 \u015fi \u201edesfiin\u0163area cvasigeneral\u0103 a f\u00e2\u015fiilor de p\u0103m\u00e2nt (pretinse \u00abspa\u0163ii verzi\u00bb) dintre trotuare \u015fi carosabil \u2013 principala surs\u0103 a prafului \u015fi noroiului din Timi\u015foara\u201d. Cele mai multe au r\u0103mas neatinse \u015fi arat\u0103 \u00een continuare ca ni\u015fte p\u0103\u015funi. Din raportul primarului pe anul 2012 afl\u0103m c\u0103 legisla\u0163ie exist\u0103, la fel \u015fi o foarte elaborat\u0103 strategie de dezvoltare a spa\u0163iilor verzi \u015fi s-au identificat terenuri pentru refacerea acestora. Deocamdat\u0103 \u00eens\u0103, \u00a0doar pe bulevardele Take Ionescu \u015fi Vasile P\u00e2rvan s-a pus gazon pe 11.025 mp \u015fi s-au \u00a0nivelat \u00eenc\u0103 26.220 mp pentru amenaj\u0103ri viitoare. \u201eTransformarea \u00een spa\u0163ii verzi a tuturor spa\u0163iilor virane din ora\u015f care se preteaz\u0103 la a\u015fa ceva\u201d a r\u0103mas tot un deziderat mai \u00eendep\u0103rtat, c\u0103ci din acela\u015fi raport al primarului afl\u0103m c\u0103 obiectivul pentru anul 2013 este doar \u201eidentificarea terenurilor virane \u00een vederea amenaj\u0103rii acestora ca zone verzi\u201d.<\/p>\n<p>A cincea prioritate pentru primele \u015fase luni de mandat s-a numit \u201ecur\u0103\u0163irea ora\u015fului de c\u00e2ini f\u0103r\u0103 st\u0103p\u00e2n prin prinderea, sterilizarea \u015fi \u0163inerea lor \u00een ad\u0103posturi civilizate\u201d.<\/p>\n<p> Direc\u0163ia de mediu a prim\u0103riei, care r\u0103spunde \u015fi de problema c\u00e2inilor, informeaz\u0103, \u00een acela\u015fi raport, c\u0103 s-au desf\u0103\u015furat controale pe tot parcursul semestrului, \u201es-a urm\u0103rit \u015fi verificat periodic activitatea operatorului serviciului public de management al popula\u0163iei canine \u015fi activitatea de ecarisaj\u201d, iar la S.C. Danyflor \u201eau fost efectuate controale periodice privind starea de \u00eentre\u0163inere \u015fi bun\u0103starea animalelor din ad\u0103post\u201d. Un mic progres a existat totu\u015fi: dac\u0103 \u00een 2011 s-au \u00eenregistrat 863 de sesiz\u0103ri pentru c\u00e2ini f\u0103r\u0103 st\u0103p\u00e2n, \u00een 2012 num\u0103rul acestora s-a redus la 675, din care 384 au fost \u00een primul semestru \u015fi doar 291\u00a0 \u00een cel de-al doilea. Ora\u015ful nu a fost \u00eens\u0103 nicidecum \u201ecur\u0103\u0163at\u201d de c\u00e2inii f\u0103r\u0103 st\u0103p\u00e2n, iar statisticile minu\u0163ioase \u00eentocmite de Direc\u0163ia de Mediu nu spun nimic despre num\u0103rul c\u00e2inilor care circul\u0103 nestingheri\u0163i pe str\u0103zile Timi\u015foarei.<\/p>\n<p>Cam la fel stau lucrurile \u00een ce prive\u015fte \u201eeradicarea fenomenului cer\u015fetoriei \u015fi vagabondajului din ora\u015f\u201d, potrivit datelor puse la dispozi\u0163ie de Direc\u0163ia Poli\u0163ia Local\u0103. Dup\u0103 ce a luat act de prioritatea noului primar, poli\u0163ia local\u0103 \u015fi-a intensificat ac\u0163iunile \u015fi a constituit \u201eo echip\u0103 operativ\u0103 care a ac\u0163ionat zilnic \u00een baza planurilor de ac\u0163iune\u201d. Au fost depista\u0163i peste 2.000 de cer\u015fetori \u015fi vagabonzi, mult mai mul\u0163i dec\u00e2t \u00een primul semestru al anului, au fost identifica\u0163i, fotografia\u0163i, expedia\u0163i \u00een localit\u0103\u0163ile de domiciliu, amenda\u0163i, li s-au \u00eentocmit fi\u015fe personale care au fost predate serviciului de asisten\u0163\u0103 social\u0103. S-au amplasat \u201epanouri anticer\u015fit\u201d \u00een mai multe intersec\u0163ii din ora\u015f \u015fi s-au \u00eemp\u0103r\u0163it peste 5.000 de flyere anticer\u015fetorie, dar fenomenul nu a fost eradicat nici pe departe. A\u015fa cum recunoa\u015fte \u015fi poli\u0163ia local\u0103, eforturile n-au avut nicio finalitate, \u201eav\u00e2nd \u00een vedere caren\u0163ele legislative \u00een acest domeniu\u201d. Dup\u0103 jum\u0103tate de an de administra\u0163ie a descoperit \u015fi primarul c\u0103 lucrurile nu sunt at\u00e2t de simple cum p\u0103reau la prima vedere \u015fi a recurs la planul de rezerv\u0103. Amintindu-\u015fi c\u0103 \u00een campania electoral\u0103 a garantat reu\u015fita ini\u0163iativelor sale \u015fi cu sus\u0163inerea USL, a cerut parlamentarilor de Timi\u015f s\u0103 elaboreze o nou\u0103 legisla\u0163ie pentru combaterea cer\u015fetoriei \u015fi vagabondajului.<\/p>\n<p>\u201eReducerea timpului pierdut de cet\u0103\u0163eni \u00een a\u015fteptarea mijloacelor de transport \u00een comun, prin \u00eembun\u0103t\u0103\u0163irea frecven\u0163ei de circula\u0163ie a acestora\u201d a r\u0103mas \u015fi ea o vorb\u0103-n v\u00e2nt. Tramvaiele, troleibuzele \u015fi autobuzele circul\u0103 la fel de prost, iar pe perioada vacan\u0163elor \u015fcolare, a\u015fa cum ne-a obi\u015fnuit fosta administra\u0163ie, circul\u0103 \u015fi mai prost.\u00a0 Pl\u0103titorii de bilete \u015fi de abonamente a\u015fteapt\u0103 \u00een sta\u0163ii uneori mai bine de un sfert de or\u0103, transportul \u00een comun fiind confundat de administra\u0163ia local\u0103 cu transportul \u015fcolar. Singura solu\u0163ie realist\u0103 pe care \u015fi-a propus-o R.A.T.T. \u00een acest an pentru \u00eembun\u0103t\u0103\u0163irea transportului \u00een comun pare a fi achizi\u0163ionarea unor tramvaie folosite, pentru unele noi neexist\u00e2nd fonduri, \u015fi este pu\u0163in probabil ca alte obiective precum amenajarea de alveole, sta\u0163ii intermodale sau achizi\u0163ia unor refugii pentru c\u0103l\u0103tori s\u0103 scurteze timpul de a\u015fteptare \u00een sta\u0163ii.<\/p>\n<p>O utopie s-a dovedit a fi \u015fi \u201eeliminarea tuturor gropilor din asfalt\u201d. Direc\u0163ia tehnic\u0103 a prim\u0103riei ne l\u0103mure\u015fte c\u0103 \u00a0\u201estr\u0103zile au \u00eentr-un procent foarte mare durata de exploatare dep\u0103\u015fit\u0103, suprafa\u0163a asfaltic\u0103 fiind \u00eemb\u0103tr\u00e2nit\u0103 \u015fi prezent\u00e2nd numeroase defec\u0163iuni\u201d, a crescut num\u0103rul ma\u015finilor \u015fi al autovehiculelor de mare tonaj care tranziteaz\u0103 ora\u015ful. \u201eDatorit\u0103 (sic!) st\u0103rii avansate de \u00eemb\u0103tr\u00e2nire a carosabilului drumurilor din Timi\u015foara \u00a0apar \u00een mod frecvent gropi care produc mari perturb\u0103ri \u00een traficul rutier, iar repara\u0163iile pe suprafe\u0163e mici nu rezolv\u0103 problemele dec\u00e2t pe termen scurt\u201d.<\/p>\n<p>La bilan\u0163ul f\u0103cut dup\u0103 \u015fase luni de mandat, Nicolae Robu s-a declarat extrem de mul\u0163umit de realiz\u0103rile sale, declar\u00e2nd c\u0103 \u015fi-a \u00eendeplinit promisiunile \u00een propor\u0163ie de 500%. Din cele zece angajamente, cele mai multe sunt \u015fi dup\u0103 un an de mandat \u00een faza proiectelor de viitor.<\/p>\n<p>\u00a0<\/p>\n<p>\u00a0<\/p>\n<\/div>\n<footer>\n<div class=\"td-post-source-tags td-pb-padding-side\">\n<ul class=\"td-tags td-post-small-box clearfix\">\n<li><span>ETICHETE<\/span><\/li>\n<li><a href=\"https:\/\/www.pressalert.ro\/tag\/promisiuni\/\">promisiuni<\/a><\/li>\n<li><a href=\"https:\/\/www.pressalert.ro\/tag\/timisoara\/\">Timisoara<\/a><\/li>\n<\/ul>\n<\/div>\n<div class=\"td-post-sharing td-post-sharing-bottom td-pb-padding-side\"><span class=\"td-post-share-title\">DISTRIBUI\u021aI<\/span><\/p>\n<div class=\"td-default-sharing \"><a class=\"td-social-sharing-buttons td-social-facebook\" href=\"http:\/\/www.facebook.com\/sharer.php?u=https%3A%2F%2Fwww.pressalert.ro%2F2013%2F06%2Fnicolae-robu-primarul-care-si-a-daramat-promisiunile-cu-nerealizari-vezi-care-a-fost-singura-exceptie%2F\"><\/p>\n<div class=\"td-social-but-text\">Facebook<\/div>\n<p><\/a><a class=\"td-social-sharing-buttons td-social-twitter\" href=\"https:\/\/twitter.com\/intent\/tweet?text=Nicolae+Robu%2C+primarul+care+%C5%9Fi-a+d%C4%83r%C3%A2mat+promisiunile+cu+nerealiz%C4%83ri.+Vezi+care+a+fost+singura+excep%C5%A3ie&amp;url=https%3A%2F%2Fwww.pressalert.ro%2F2013%2F06%2Fnicolae-robu-primarul-care-si-a-daramat-promisiunile-cu-nerealizari-vezi-care-a-fost-singura-exceptie%2F&amp;via=PRESSALERT.ro\"><\/p>\n<div class=\"td-social-but-text\">Twitter<\/div>\n<p><\/a><\/div>\n<\/div>\n<div class=\"td-block-row td-post-next-prev\">\n<div class=\"td-block-span6 td-post-prev-post\">\n<div class=\"td-post-next-prev-content\"><span>Articolul precedent<\/span><a href=\"https:\/\/www.pressalert.ro\/2013\/06\/interviul-pe-care-primarul-robu-nu-l-a-acordat-pressalert-ro\/\">Interviul pe care primarul Robu NU l-a acordat PRESSALERT.ro<\/a><\/div>\n<\/div>\n<div class=\"td-block-span6 td-post-next-post\">\n<div class=\"td-post-next-prev-content\"><span>Articolul urm\u0103tor<\/span><a href=\"https:\/\/www.pressalert.ro\/2013\/06\/omul-de-sub-platosa\/\">Omul de sub plato\u0219\u0103<\/a><\/div>\n<\/div>\n<\/div>\n<div class=\"author-box-wrap\"><a href=\"https:\/\/www.pressalert.ro\/author\/liana-paun\/\"><img loading=\"lazy\" decoding=\"async\" alt src=\"https:\/\/secure.gravatar.com\/avatar\/e237afe71dbb475f2bb6dffeb603d703?s=96&amp;d=mm&amp;r=g\" class=\"avatar avatar-96 photo\" height=\"96\" width=\"96\"><\/a><\/p>\n<div class=\"desc\">\n<div class=\"td-author-name vcard author\"><span class=\"fn\"><a href=\"https:\/\/www.pressalert.ro\/author\/liana-paun\/\">Liana P\u0103un<\/a><\/span><\/div>\n<div class=\"td-author-url\"><a href=\"http:\/\/www.pressalert.ro\">http:\/\/www.pressalert.ro<\/a><\/div>\n<\/div>\n<\/div>\n<p><span><\/span><span><span><\/span><\/span><span><\/span><\/footer>\n<\/article>\n<p> Source URL: https:\/\/www.pressalert.ro\/2013\/06\/nicolae-robu-primarul-care-si-a-daramat-promisiunile-cu-nerealizari-vezi-care-a-fost-singura-exceptie\/<\/p>\n","protected":false},"excerpt":{"rendered":"<p>Acas\u0103Campanii PRESSALERTNicolae Robu, primarul care \u015fi-a d\u0103r\u00e2mat promisiunile cu nerealiz\u0103ri. Vezi care a&#8230; Campanii PRESSALERT Robu, un an de \u00eenc\u0103lecat Timi\u015foara Nicolae Robu, primarul care \u015fi-a d\u0103r\u00e2mat promisiunile cu nerealiz\u0103ri. Vezi care a fost singura excep\u0163ie De Liana P\u0103un &#8211; iun. 9, 2013 29 DISTRIBUI\u021aI Facebook Twitter \u00cen b\u0103t\u0103lia purtat\u0103 anul trecut pentru c\u00e2\u015ftigarea Prim\u0103riei [&hellip;]<\/p>\n","protected":false},"author":1,"featured_media":0,"comment_status":"open","ping_status":"","sticky":false,"template":"","format":"standard","meta":{"footnotes":""},"categories":[89],"tags":[176],"class_list":["post-1235660","post","type-post","status-publish","format-standard","hentry","category-romania","tag-pressalert-ro"],"_links":{"self":[{"href":"https:\/\/analyse.optim.biz\/index.php?rest_route=\/wp\/v2\/posts\/1235660","targetHints":{"allow":["GET"]}}],"collection":[{"href":"https:\/\/analyse.optim.biz\/index.php?rest_route=\/wp\/v2\/posts"}],"about":[{"href":"https:\/\/analyse.optim.biz\/index.php?rest_route=\/wp\/v2\/types\/post"}],"author":[{"embeddable":true,"href":"https:\/\/analyse.optim.biz\/index.php?rest_route=\/wp\/v2\/users\/1"}],"replies":[{"embeddable":true,"href":"https:\/\/analyse.optim.biz\/index.php?rest_route=%2Fwp%2Fv2%2Fcomments&post=1235660"}],"version-history":[{"count":0,"href":"https:\/\/analyse.optim.biz\/index.php?rest_route=\/wp\/v2\/posts\/1235660\/revisions"}],"wp:attachment":[{"href":"https:\/\/analyse.optim.biz\/index.php?rest_route=%2Fwp%2Fv2%2Fmedia&parent=1235660"}],"wp:term":[{"taxonomy":"category","embeddable":true,"href":"https:\/\/analyse.optim.biz\/index.php?rest_route=%2Fwp%2Fv2%2Fcategories&post=1235660"},{"taxonomy":"post_tag","embeddable":true,"href":"https:\/\/analyse.optim.biz\/index.php?rest_route=%2Fwp%2Fv2%2Ftags&post=1235660"}],"curies":[{"name":"wp","href":"https:\/\/api.w.org\/{rel}","templated":true}]}}