{"id":1235191,"date":"2016-03-27T09:08:11","date_gmt":"2016-03-27T06:08:11","guid":{"rendered":"https:\/\/analyse.optim.biz\/?p=1235191"},"modified":"2016-03-27T09:08:11","modified_gmt":"2016-03-27T06:08:11","slug":"timisoara-uitata-povestea-tragica-a-marelui-tenor-traian-grozavescu-asasinat-de-propria-sotie-ce-cariera-spectaculoasa-a-avut-foto","status":"publish","type":"post","link":"https:\/\/analyse.optim.biz\/?p=1235191","title":{"rendered":"TIMI\u0218OARA UITAT\u0102 Povestea TRAGIC\u0102 a marelui tenor Traian Groz\u0103vescu, asasinat de propria so\u021bie. Ce carier\u0103 spectaculoas\u0103 a avut FOTO"},"content":{"rendered":"<article id=\"post-221527\" class=\"post-221527 post type-post status-publish format-standard has-post-thumbnail hentry category-campanii-pressalert category-timisoara-uitata-campanii-pressalert tag-cariera tag-lugoj tag-metropolitan-opera tag-moarte-tragica tag-roluri tag-studii tag-tenor tag-timisoara tag-timisoara-uitata tag-traian-grozavescu tag-viena\">\n<div class=\"td-post-header td-pb-padding-side\">\n<div class=\"entry-crumbs\"><span><a title class=\"entry-crumb\" href=\"https:\/\/www.pressalert.ro\/\"><span>Acas\u0103<\/span><\/a><\/span><span><a title=\"Vede\u021bi toate articolele \u00een Campanii PRESSALERT\" class=\"entry-crumb\" href=\"https:\/\/www.pressalert.ro\/category\/campanii-pressalert\/\"><span>Campanii PRESSALERT<\/span><\/a><\/span><span class=\"td-bred-no-url-last\">TIMI\u0218OARA UITAT\u0102 Povestea TRAGIC\u0102 a marelui tenor Traian Groz\u0103vescu, asasinat de propria&#8230;<\/span><\/div>\n<ul class=\"td-category\">\n<li class=\"entry-category\"><a href=\"https:\/\/www.pressalert.ro\/category\/campanii-pressalert\/\">Campanii PRESSALERT<\/a><\/li>\n<li class=\"entry-category\"><a href=\"https:\/\/www.pressalert.ro\/category\/campanii-pressalert\/timisoara-uitata-campanii-pressalert\/\">Timi\u0219oara uitat\u0103<\/a><\/li>\n<\/ul>\n<header>\n<h1 class=\"entry-title\">TIMI\u0218OARA UITAT\u0102 Povestea TRAGIC\u0102 a marelui tenor Traian Groz\u0103vescu, asasinat de propria so\u021bie. Ce carier\u0103 spectaculoas\u0103 a avut FOTO<\/h1>\n<div class=\"meta-info\">\n<div class=\"td-post-author-name\">\n<div class=\"td-author-by\">De<\/div>\n<p><a href=\"https:\/\/www.pressalert.ro\/author\/liana-paun\/\">Liana P\u0103un<\/a><\/p>\n<div class=\"td-author-line\"> &#8211; <\/div>\n<\/div>\n<p><span class=\"td-post-date\"><time class=\"entry-date updated td-module-date\" datetime=\"2016-03-27T09:08:11+00:00\">mart. 27, 2016<\/time><\/span><\/p>\n<div class=\"td-post-comments\"><a href=\"https:\/\/www.pressalert.ro\/2016\/03\/timisoara-uitata-povestea-tragica-marelui-tenor-traian-grozavescu-asasinat-de-propria-sotie-ce-cariera-spectaculoasa-avut-foto\/#respond\">0<\/a><\/div>\n<\/div>\n<\/header>\n<\/div>\n<div class=\"td-post-sharing td-post-sharing-top td-pb-padding-side\"><span class=\"td-post-share-title\">DISTRIBUI\u021aI<\/span><\/p>\n<div class=\"td-default-sharing \"><a class=\"td-social-sharing-buttons td-social-facebook\" href=\"http:\/\/www.facebook.com\/sharer.php?u=https%3A%2F%2Fwww.pressalert.ro%2F2016%2F03%2Ftimisoara-uitata-povestea-tragica-marelui-tenor-traian-grozavescu-asasinat-de-propria-sotie-ce-cariera-spectaculoasa-avut-foto%2F\"><\/p>\n<div class=\"td-social-but-text\">Facebook<\/div>\n<p><\/a><a class=\"td-social-sharing-buttons td-social-twitter\" href=\"https:\/\/twitter.com\/intent\/tweet?text=TIMI%C8%98OARA+UITAT%C4%82+Povestea+TRAGIC%C4%82+a+marelui+tenor+Traian+Groz%C4%83vescu%2C+asasinat+de+propria+so%C8%9Bie.+Ce+carier%C4%83+spectaculoas%C4%83+a+avut+FOTO&amp;url=https%3A%2F%2Fwww.pressalert.ro%2F2016%2F03%2Ftimisoara-uitata-povestea-tragica-marelui-tenor-traian-grozavescu-asasinat-de-propria-sotie-ce-cariera-spectaculoasa-avut-foto%2F&amp;via=PRESSALERT.ro\"><\/p>\n<div class=\"td-social-but-text\">Twitter<\/div>\n<p><\/a><\/div>\n<\/div>\n<div class=\"td-post-content td-pb-padding-side\">\n<figure id=\"attachment_221529\" aria-describedby=\"caption-attachment-221529\" class=\"wp-caption aligncenter\"><img decoding=\"async\" loading=\"lazy\" class=\"wp-image-221529 size-full\" src=\"http:\/\/www.pressalert.ro\/wp-content\/uploads\/2016\/03\/2.-traian-grozavescu-si-aca-de-barbu.jpg\" alt=\"2. traian grozavescu si aca de barbu\" width=\"373\" height=\"530\"><figcaption id=\"caption-attachment-221529\" class=\"wp-caption-text\">Traian Groz\u0103vescu \u0219i Aca de Barbu<\/figcaption><\/figure>\n<p>Celebrul tenor <strong>Traian Groz\u0103vescu<\/strong> (1895-1927), aplaudat pe cele mai renumite scene europene, l\u0103udat de critici \u015fi socotit un al doilea Caruso, s-a n\u0103scut la Lugoj, \u00een 21 noiembrie 1895. \u00cen ora\u015ful natal a urmat clasele primare \u015fi liceul. \u00cenzestrat cu un excep\u0163ional talent, remarc\u00e2ndu-se prin aptitudinile sale muzicale \u015fi interesul pentru muzica vocal\u0103 \u00eenc\u0103 din copil\u0103rie, a fost remarcat de Ion Vidu, care l-a ajutat s\u0103-\u015fi perfec\u0163ioneze vocea \u00een corul s\u0103u, iar dup\u0103 absolvirea liceului a urmat studii de canto la academia de muzic\u0103 din Budapesta. A fost nevoit s\u0103-\u015fi \u00eentrerup\u0103 studiile din cauza izbucnirii r\u0103zboiului \u015fi a fost trimis pe frontul italian, unde i-a impresionat pe inamici cu vocea sa. \u015ei-a reluat studiile la sf\u00e2r\u015fitul r\u0103zboiului \u015fi a debutat la opera din Cluj, \u00eenfiin\u0163at\u0103 \u015fi condus\u0103 de Tiberiu Brediceanu.<\/p>\n<p><strong>Tenorul cu \u201eg\u00e2tlejul de aur\u201d<\/strong><\/p>\n<p>\u00cen 1923, Traian Groz\u0103vescu a devenit prim-solist la Volksoper \u015fi apoi la Staatsoper din Viena, unde \u015fi-a perfec\u0163ionat tehnica cu maestrul Franz Steiner. Tenor dramatic prin excelen\u0163\u0103, supranumit c\u00e2nt\u0103re\u0163ul cu \u201eg\u00e2tlejul de aur\u201d, tenorul b\u0103n\u0103\u0163ean a avut succese r\u0103sun\u0103toare cu rolul lui Radames din opera \u201eAida\u201d, dar mai ales cu cel al lui Mario Cavaradossi din \u201eTosca\u201d. Alte roluri care i-au adus celebritatea au fost cele ale locotenentului de marin\u0103 Pinkerton din \u201eMadame Butterfly\u201d, poetul Rodolfo din \u201eBoema\u201d sau comediantul Canio din \u201ePaia\u0163e\u201d, devenind un interpret cunoscut \u00een \u00eentreaga lume. Cu egal talent a interpretat \u015fi lieduri rom\u00e2ne\u015fti compuse de Gheorghe Dima, Tiberiu Brediceanu, Guilelm \u015eorban, Nicolae Bretan, sau pe cele ale compozitorilor romantici Franz Schubert sau Robert Schumann. A c\u00e2ntat pe scenele operelor din Budapesta \u015fi Berlin, precum \u015fi pe alte mari scene din ora\u015fe europene, a efectuat numeroase turnee la Timi\u015foara, Arad \u015fi Bucure\u015fti.<\/p>\n<p><img decoding=\"async\" loading=\"lazy\" class=\"aligncenter wp-image-221528 size-full\" src=\"http:\/\/www.pressalert.ro\/wp-content\/uploads\/2016\/03\/1.-traian-grozavescu.jpg\" alt=\"1. traian grozavescu\" width=\"400\" height=\"594\"><\/p>\n<p>Aflat \u00een turneu la Timi\u015foara, a hot\u0103r\u00e2t, \u00eempreun\u0103 cu partenera lui de scen\u0103, soprana Aca de Barbu, s\u0103 \u00eenfiin\u0163eze aici o oper\u0103 rom\u00e2neasc\u0103 pentru Banat, cu banii pe care aveau s\u0103-i c\u00e2\u015ftige \u00een str\u0103in\u0103tate. Cum via\u0163a lui Traian Groz\u0103vescu avea s\u0103 fie curmat\u0103 mult prea timpuriu, Aca de Barbu a dus \u00een cele din urm\u0103 singur\u0103 la \u00eendeplinire angajamentul comun din tinere\u0163e. Vocea lui Traian Groz\u0103vescu a fost socotit\u0103 drept una excep\u0163ional\u0103 de cunosc\u0103tori iar tehnica interpretativ\u0103 dob\u00e2ndit\u0103 l-a consacrat drept unul din cei mai str\u0103luci\u0163i interpre\u0163i rom\u00e2ni \u015fi nu numai. S-a bucurat de stima \u015fi pre\u0163uirea unor celebri compozitori si dirijori contemporani, precum Richard Strauss \u015fi Arturo Toscanini. Pietro Mascagni s-a num\u0103rat \u015fi el printre cei care i-au adus elogii, dup\u0103 ce l-a auzit c\u00e2nt\u00e2nd \u00een Cavalleria rusticana: \u201eDac\u0103 to\u0163i arti\u015ftii ar fi \u00een\u0163eles ca Groz\u0103vescu compozi\u0163ia mea, ar fi ridicat opera cu mult deasupra valorii sale reale\u201d.<\/p>\n<p><strong>Traian Grozavescu asasinat din gelozie<\/strong><\/p>\n<p>Cel care fusese supranumit \u201eprin\u0163ul operei\u201d a ob\u0163inut un contract de patru ani la Metropolitan Opera din New-York \u015fi \u00een urma unor ne\u00een\u0163elegeri ap\u0103rute la opera din Viena se preg\u0103tea s\u0103 treac\u0103 oceanul. Cariera sa era \u00een plin\u0103 ascensiune, fiind considerat unul dintre cei mai faimo\u015fi tenori din istoria operei, dar avea s\u0103 fie curmat\u0103 de un sf\u00e2r\u015fit tragic.<\/p>\n<p> Era \u00eentr-o sear\u0103 de iarn\u0103 din februarie 1927, \u00een locuin\u0163a sa din Viena, dup\u0103 terminarea unui spectacol cu opera \u201eRigoletto\u201d, \u00een care interpretase rolul Ducelui. A avut loc o ceart\u0103 violent\u0103 cu so\u0163ia sa, Nelly Koveszdy, deoarece refuza s\u0103 o ia cu el la New York, pe motiv c\u0103 nu era ref\u0103cut\u0103 dup\u0103 o na\u015ftere recent\u0103. Orbit\u0103 de furie \u015fi de gelozie, Nelly i-a tras un foc de revolver \u00een ceaf\u0103, care a ie\u015fit prin t\u00e2mpl\u0103, iar moartea a fost instantanee, sub ochii \u00eengrozi\u0163i ai cumnatei sale, Olga. Traian Groz\u0103vescu nu \u00eemplinise 32 de ani. Nelly a sc\u0103pat nepedepsit\u0103, c\u0103ci crima a fost considerat\u0103 una pasional\u0103 \u015fi s-a stabilit c\u0103 \u00een momentul \u00een care a ap\u0103sat pe tr\u0103gaci nu avea discern\u0103m\u00e2nt.<br \/>\nC\u00e2teva zile mai t\u00e2rziu, Traian Groz\u0103vescu avea s\u0103 fie \u00eenmorm\u00e2ntat \u00een cimitirul ortodox din Lugoj, al\u0103turi de alte personalit\u0103\u0163i b\u0103n\u0103\u0163ene. \u00cen 1934, la \u015fapte ani dup\u0103 tragica sa moarte, lugojenii au considerat c\u0103 este de datoria lor s\u0103-i ridice un bust. Acesta a fost \u00een\u0103l\u0163at \u00een fa\u0163a teatrului municipal care-i poart\u0103 numele, pe malul Timi\u015fului, \u00een mijlocul unui parc de trandafiri. Bustul, \u00een care tenorul lugojean este \u00eenf\u0103\u0163i\u015fat \u00een rolul lui Mario Cavaradossi, cu care \u015fi-a cucerit publicul, a fost realizat de sculptorul Radu Moga-M\u00e2nzat, autorul mai multor opere de art\u0103 monumental\u0103 din Lugoj.<br \/>\nSurse foto: radumogamanzat.ro, wowbiz.ro, pompiliumanea.ro<\/p>\n<div id=\"gallery-2\" class=\"gallery galleryid-221527 gallery-columns-3 gallery-size-thumbnail\">\n<figure class=\"gallery-item\">\n<div class=\"gallery-icon portrait\"><a href=\"https:\/\/www.pressalert.ro\/wp-content\/uploads\/2016\/03\/1.-traian-grozavescu.jpg\"><img decoding=\"async\" loading=\"lazy\" width=\"300\" height=\"300\" src=\"https:\/\/www.pressalert.ro\/wp-content\/uploads\/2016\/03\/1.-traian-grozavescu-300x300.jpg\" class=\"attachment-thumbnail size-thumbnail\" alt><\/a><\/div>\n<\/figure>\n<figure class=\"gallery-item\">\n<div class=\"gallery-icon portrait\"><a href=\"https:\/\/www.pressalert.ro\/wp-content\/uploads\/2016\/03\/2.-traian-grozavescu-si-aca-de-barbu.jpg\"><img decoding=\"async\" loading=\"lazy\" width=\"300\" height=\"300\" src=\"https:\/\/www.pressalert.ro\/wp-content\/uploads\/2016\/03\/2.-traian-grozavescu-si-aca-de-barbu-300x300.jpg\" class=\"attachment-thumbnail size-thumbnail\" alt=\"traian grozavescu timisoara\"><\/a><\/div>\n<\/figure>\n<figure class=\"gallery-item\">\n<div class=\"gallery-icon landscape\"><a href=\"https:\/\/www.pressalert.ro\/wp-content\/uploads\/2016\/03\/3.-bust.jpg\"><img decoding=\"async\" loading=\"lazy\" width=\"300\" height=\"300\" src=\"https:\/\/www.pressalert.ro\/wp-content\/uploads\/2016\/03\/3.-bust-300x300.jpg\" class=\"attachment-thumbnail size-thumbnail\" alt><\/a><\/div>\n<\/figure>\n<figure class=\"gallery-item\">\n<div class=\"gallery-icon portrait\"><a href=\"https:\/\/www.pressalert.ro\/wp-content\/uploads\/2016\/03\/4.-placa-Viena.jpg\"><img decoding=\"async\" loading=\"lazy\" width=\"246\" height=\"300\" src=\"https:\/\/www.pressalert.ro\/wp-content\/uploads\/2016\/03\/4.-placa-Viena-246x300.jpg\" class=\"attachment-thumbnail size-thumbnail\" alt><\/a><\/div>\n<\/figure>\n<figure class=\"gallery-item\">\n<div class=\"gallery-icon landscape\"><a href=\"https:\/\/www.pressalert.ro\/wp-content\/uploads\/2016\/03\/5.-mormant-lugoj.jpg\"><img decoding=\"async\" loading=\"lazy\" width=\"300\" height=\"300\" src=\"https:\/\/www.pressalert.ro\/wp-content\/uploads\/2016\/03\/5.-mormant-lugoj-300x300.jpg\" class=\"attachment-thumbnail size-thumbnail\" alt><\/a><\/div>\n<\/figure>\n<figure class=\"gallery-item\">\n<div class=\"gallery-icon portrait\"><a href=\"https:\/\/www.pressalert.ro\/wp-content\/uploads\/2016\/03\/6.-piatra-funerara.jpg\"><img decoding=\"async\" loading=\"lazy\" width=\"295\" height=\"300\" src=\"https:\/\/www.pressalert.ro\/wp-content\/uploads\/2016\/03\/6.-piatra-funerara-295x300.jpg\" class=\"attachment-thumbnail size-thumbnail\" alt><\/a><\/div>\n<\/figure>\n<\/div>\n<\/div>\n<footer>\n<div class=\"td-post-source-tags td-pb-padding-side\">\n<ul class=\"td-tags td-post-small-box clearfix\">\n<li><span>ETICHETE<\/span><\/li>\n<li><a href=\"https:\/\/www.pressalert.ro\/tag\/cariera\/\">cariera<\/a><\/li>\n<li><a href=\"https:\/\/www.pressalert.ro\/tag\/lugoj\/\">lugoj<\/a><\/li>\n<li><a href=\"https:\/\/www.pressalert.ro\/tag\/metropolitan-opera\/\">Metropolitan Opera<\/a><\/li>\n<li><a href=\"https:\/\/www.pressalert.ro\/tag\/moarte-tragica\/\">moarte tragic\u0103<\/a><\/li>\n<li><a href=\"https:\/\/www.pressalert.ro\/tag\/roluri\/\">roluri<\/a><\/li>\n<li><a href=\"https:\/\/www.pressalert.ro\/tag\/studii\/\">studii<\/a><\/li>\n<li><a href=\"https:\/\/www.pressalert.ro\/tag\/tenor\/\">tenor<\/a><\/li>\n<li><a href=\"https:\/\/www.pressalert.ro\/tag\/timisoara\/\">Timisoara<\/a><\/li>\n<li><a href=\"https:\/\/www.pressalert.ro\/tag\/timisoara-uitata\/\">timisoara uitata<\/a><\/li>\n<li><a href=\"https:\/\/www.pressalert.ro\/tag\/traian-grozavescu\/\">Traian Groz\u0103vescu<\/a><\/li>\n<li><a href=\"https:\/\/www.pressalert.ro\/tag\/viena\/\">viena<\/a><\/li>\n<\/ul>\n<\/div>\n<div class=\"td-post-sharing td-post-sharing-bottom td-pb-padding-side\"><span class=\"td-post-share-title\">DISTRIBUI\u021aI<\/span><\/p>\n<div class=\"td-default-sharing \"><a class=\"td-social-sharing-buttons td-social-facebook\" href=\"http:\/\/www.facebook.com\/sharer.php?u=https%3A%2F%2Fwww.pressalert.ro%2F2016%2F03%2Ftimisoara-uitata-povestea-tragica-marelui-tenor-traian-grozavescu-asasinat-de-propria-sotie-ce-cariera-spectaculoasa-avut-foto%2F\"><\/p>\n<div class=\"td-social-but-text\">Facebook<\/div>\n<p><\/a><a class=\"td-social-sharing-buttons td-social-twitter\" href=\"https:\/\/twitter.com\/intent\/tweet?text=TIMI%C8%98OARA+UITAT%C4%82+Povestea+TRAGIC%C4%82+a+marelui+tenor+Traian+Groz%C4%83vescu%2C+asasinat+de+propria+so%C8%9Bie.+Ce+carier%C4%83+spectaculoas%C4%83+a+avut+FOTO&amp;url=https%3A%2F%2Fwww.pressalert.ro%2F2016%2F03%2Ftimisoara-uitata-povestea-tragica-marelui-tenor-traian-grozavescu-asasinat-de-propria-sotie-ce-cariera-spectaculoasa-avut-foto%2F&amp;via=PRESSALERT.ro\"><\/p>\n<div class=\"td-social-but-text\">Twitter<\/div>\n<p><\/a><\/div>\n<\/div>\n<div class=\"td-block-row td-post-next-prev\">\n<div class=\"td-block-span6 td-post-prev-post\">\n<div class=\"td-post-next-prev-content\"><span>Articolul precedent<\/span><a href=\"https:\/\/www.pressalert.ro\/2016\/03\/crestinii-romano-catolici-au-sarbatorit-invierea-lui-hristos-de-ce-s-terminat-mai-repede-slujba-de-la-domul-din-piata-unirii\/\">Cre\u015ftinii romano- catolici au s\u0103rb\u0103torit \u00eenvierea lui Hristos. Vezi cum s-au petrecut lucrurile la Domul din Pia\u0163a Unirii<\/a><\/div>\n<\/div>\n<div class=\"td-block-span6 td-post-next-post\">\n<div class=\"td-post-next-prev-content\"><span>Articolul urm\u0103tor<\/span><a href=\"https:\/\/www.pressalert.ro\/2016\/03\/primul-vaporetto-ajuns-la-timisoara-se-numeste-decebal-cand-va-fi-livrat-burebista-si-cine-e-seful-model-din-primaria-timisoara-care-ar-putea-conduce-primul-vaporas\/\">Primul vaporetto ajuns la Timi\u0219oara se nume\u0219te Decebal. C\u00e2nd va fi livrat Burebista \u0219i cine e \u0219eful model din prim\u0103rie care ar putea conduce primul vapora\u0219<\/a><\/div>\n<\/div>\n<\/div>\n<div class=\"author-box-wrap\"><a href=\"https:\/\/www.pressalert.ro\/author\/liana-paun\/\"><img decoding=\"async\" alt src=\"https:\/\/secure.gravatar.com\/avatar\/e237afe71dbb475f2bb6dffeb603d703?s=96&amp;d=mm&amp;r=g\" class=\"avatar avatar-96 photo\" height=\"96\" width=\"96\" loading=\"lazy\"><\/a><\/p>\n<div class=\"desc\">\n<div class=\"td-author-name vcard author\"><span class=\"fn\"><a href=\"https:\/\/www.pressalert.ro\/author\/liana-paun\/\">Liana P\u0103un<\/a><\/span><\/div>\n<div class=\"td-author-url\"><a href=\"http:\/\/www.pressalert.ro\">http:\/\/www.pressalert.ro<\/a><\/div>\n<\/div>\n<\/div>\n<p><span><\/span><span><span><\/span><\/span><span><\/span><\/footer>\n<\/article>\n<p> Source URL: https:\/\/www.pressalert.ro\/2016\/03\/timisoara-uitata-povestea-tragica-marelui-tenor-traian-grozavescu-asasinat-de-propria-sotie-ce-cariera-spectaculoasa-avut-foto\/<\/p>\n","protected":false},"excerpt":{"rendered":"<p>Acas\u0103Campanii PRESSALERTTIMI\u0218OARA UITAT\u0102 Povestea TRAGIC\u0102 a marelui tenor Traian Groz\u0103vescu, asasinat de propria&#8230; Campanii PRESSALERT Timi\u0219oara uitat\u0103 TIMI\u0218OARA UITAT\u0102 Povestea TRAGIC\u0102 a marelui tenor Traian Groz\u0103vescu, asasinat de propria so\u021bie. Ce carier\u0103 spectaculoas\u0103 a avut FOTO De Liana P\u0103un &#8211; mart. 27, 2016 0 DISTRIBUI\u021aI Facebook Twitter Traian Groz\u0103vescu \u0219i Aca de Barbu Celebrul tenor [&hellip;]<\/p>\n","protected":false},"author":1,"featured_media":0,"comment_status":"open","ping_status":"","sticky":false,"template":"","format":"standard","meta":{"footnotes":""},"categories":[89],"tags":[176],"class_list":["post-1235191","post","type-post","status-publish","format-standard","hentry","category-romania","tag-pressalert-ro"],"_links":{"self":[{"href":"https:\/\/analyse.optim.biz\/index.php?rest_route=\/wp\/v2\/posts\/1235191","targetHints":{"allow":["GET"]}}],"collection":[{"href":"https:\/\/analyse.optim.biz\/index.php?rest_route=\/wp\/v2\/posts"}],"about":[{"href":"https:\/\/analyse.optim.biz\/index.php?rest_route=\/wp\/v2\/types\/post"}],"author":[{"embeddable":true,"href":"https:\/\/analyse.optim.biz\/index.php?rest_route=\/wp\/v2\/users\/1"}],"replies":[{"embeddable":true,"href":"https:\/\/analyse.optim.biz\/index.php?rest_route=%2Fwp%2Fv2%2Fcomments&post=1235191"}],"version-history":[{"count":0,"href":"https:\/\/analyse.optim.biz\/index.php?rest_route=\/wp\/v2\/posts\/1235191\/revisions"}],"wp:attachment":[{"href":"https:\/\/analyse.optim.biz\/index.php?rest_route=%2Fwp%2Fv2%2Fmedia&parent=1235191"}],"wp:term":[{"taxonomy":"category","embeddable":true,"href":"https:\/\/analyse.optim.biz\/index.php?rest_route=%2Fwp%2Fv2%2Fcategories&post=1235191"},{"taxonomy":"post_tag","embeddable":true,"href":"https:\/\/analyse.optim.biz\/index.php?rest_route=%2Fwp%2Fv2%2Ftags&post=1235191"}],"curies":[{"name":"wp","href":"https:\/\/api.w.org\/{rel}","templated":true}]}}