{"id":1235177,"date":"2016-05-01T10:18:21","date_gmt":"2016-05-01T07:18:21","guid":{"rendered":"https:\/\/analyse.optim.biz\/?p=1235177"},"modified":"2016-05-01T10:18:21","modified_gmt":"2016-05-01T07:18:21","slug":"timisoara-uitata-aurel-cosma-jr-avocatul-teolog-care-a-contribuit-la-infiintarea-revistei-urzica-cum-a-fost-prigonit-de-comunisti","status":"publish","type":"post","link":"https:\/\/analyse.optim.biz\/?p=1235177","title":{"rendered":"TIMI\u0218OARA UITAT\u0102 Aurel Cosma jr., avocatul-teolog care a contribuit la \u00eenfiin\u021barea revistei \u201eUrzica\u201d. Cum a fost prigonit de comuni\u0219ti"},"content":{"rendered":"<article id=\"post-226720\" class=\"post-226720 post type-post status-publish format-standard has-post-thumbnail hentry category-campanii-pressalert category-stiri category-timisoara-uitata-campanii-pressalert tag-aurel-cosma tag-aurel-cosma-jr tag-carturar tag-detinut-politic tag-istorie tag-lucrari tag-om-politic tag-studii tag-timisoara tag-timisoara-uitata tag-ziarist\">\n<div class=\"td-post-header td-pb-padding-side\">\n<div class=\"entry-crumbs\"><span><a title class=\"entry-crumb\" href=\"https:\/\/www.pressalert.ro\/\"><span>Acas\u0103<\/span><\/a><\/span><span><a title=\"Vede\u021bi toate articolele \u00een Campanii PRESSALERT\" class=\"entry-crumb\" href=\"https:\/\/www.pressalert.ro\/category\/campanii-pressalert\/\"><span>Campanii PRESSALERT<\/span><\/a><\/span><span class=\"td-bred-no-url-last\">TIMI\u0218OARA UITAT\u0102 Aurel Cosma jr., avocatul-teolog care a contribuit la \u00eenfiin\u021barea revistei&#8230;<\/span><\/div>\n<ul class=\"td-category\">\n<li class=\"entry-category\"><a href=\"https:\/\/www.pressalert.ro\/category\/campanii-pressalert\/\">Campanii PRESSALERT<\/a><\/li>\n<li class=\"entry-category\"><a href=\"https:\/\/www.pressalert.ro\/category\/stiri\/\">\u015etiri<\/a><\/li>\n<li class=\"entry-category\"><a href=\"https:\/\/www.pressalert.ro\/category\/campanii-pressalert\/timisoara-uitata-campanii-pressalert\/\">Timi\u0219oara uitat\u0103<\/a><\/li>\n<\/ul>\n<header>\n<h1 class=\"entry-title\">TIMI\u0218OARA UITAT\u0102 Aurel Cosma jr., avocatul-teolog care a contribuit la \u00eenfiin\u021barea revistei \u201eUrzica\u201d. Cum a fost prigonit de comuni\u0219ti<\/h1>\n<div class=\"meta-info\">\n<div class=\"td-post-author-name\">\n<div class=\"td-author-by\">De<\/div>\n<p><a href=\"https:\/\/www.pressalert.ro\/author\/liana-paun\/\">Liana P\u0103un<\/a><\/p>\n<div class=\"td-author-line\"> &#8211; <\/div>\n<\/div>\n<p><span class=\"td-post-date\"><time class=\"entry-date updated td-module-date\" datetime=\"2016-05-01T10:18:21+00:00\">mai 1, 2016<\/time><\/span><\/p>\n<div class=\"td-post-comments\"><a href=\"https:\/\/www.pressalert.ro\/2016\/05\/timisoara-uitata-aurel-cosma-jr\/#respond\">0<\/a><\/div>\n<\/div>\n<\/header>\n<\/div>\n<div class=\"td-post-sharing td-post-sharing-top td-pb-padding-side\"><span class=\"td-post-share-title\">DISTRIBUI\u021aI<\/span><\/p>\n<div class=\"td-default-sharing \"><a class=\"td-social-sharing-buttons td-social-facebook\" href=\"http:\/\/www.facebook.com\/sharer.php?u=https%3A%2F%2Fwww.pressalert.ro%2F2016%2F05%2Ftimisoara-uitata-aurel-cosma-jr%2F\"><\/p>\n<div class=\"td-social-but-text\">Facebook<\/div>\n<p><\/a><a class=\"td-social-sharing-buttons td-social-twitter\" href=\"https:\/\/twitter.com\/intent\/tweet?text=TIMI%C8%98OARA+UITAT%C4%82+Aurel+Cosma+jr.%2C+avocatul-teolog+care+a+contribuit+la+%C3%AEnfiin%C8%9Barea+revistei+%E2%80%9EUrzica%E2%80%9D.+Cum+a+fost+prigonit+de+comuni%C8%99ti&amp;url=https%3A%2F%2Fwww.pressalert.ro%2F2016%2F05%2Ftimisoara-uitata-aurel-cosma-jr%2F&amp;via=PRESSALERT.ro\"><\/p>\n<div class=\"td-social-but-text\">Twitter<\/div>\n<p><\/a><\/div>\n<\/div>\n<div class=\"td-post-content td-pb-padding-side\">\n<figure id=\"attachment_226725\" aria-describedby=\"caption-attachment-226725\" class=\"wp-caption alignleft\"><img decoding=\"async\" loading=\"lazy\" class=\"wp-image-226725\" src=\"http:\/\/www.pressalert.ro\/wp-content\/uploads\/2016\/05\/4.-carte.jpg\" alt=\"4. carte aurel cosma jr\" width=\"320\" height=\"427\"><figcaption id=\"caption-attachment-226725\" class=\"wp-caption-text\">Aurel Cosma Jr. a fost preocupat de istoria Banatului<\/figcaption><\/figure>\n<p>N\u0103scut la Timi\u015foara \u00een anul 1901, Aurel Cosma jr., remarcabil c\u0103rturar b\u0103n\u0103\u0163ean ai anilor interbelici, apar\u0163inea unei familii care a jucat un rol de seam\u0103 la sf\u00e2r\u015fitul primului r\u0103zboi mondial \u015fi \u00een anii de dup\u0103 unire. Unchiul s\u0103u, <a href=\"http:\/\/www.pressalert.ro\/2015\/12\/timisoara-uitata-aurel-cosma-primul-prefect-roman-si-unul-dintre-cei-mai-ferventi-aparatori-ai-miscarii-nationale-vezi-cum-era-impartit-banatul-la-inceputul-anilor-1900-foto\/\">Aurel Cosma<\/a>, militant de seam\u0103 pentru unirea Banatului cu Rom\u00e2nia \u015fi primul prefect al jude\u0163ului dup\u0103 instaurarea administra\u0163iei rom\u00e2ne\u015fti, \u015fi-a crescut nepotul r\u0103mas orfan de mic copil \u015fi a avut o puternic\u0103 \u00eenr\u00e2urire asupra personalit\u0103\u0163ii sale, insufl\u00e2ndu-i spiritul militant al acelor ani.<\/p>\n<p>Aurel Cosma jr. a f\u0103cut studiile primare, gimnaziale \u015fi liceale la Timi\u015foara, \u00een Fabric, a urmat Institutul Teologic Ortodox din Arad \u015fi apoi a absolvit facultatea de drept din Bucure\u015fti, dup\u0103 care a intrat \u00een baroul de avoca\u0163i din Timi\u015foara. A ob\u0163inut diploma de doctor la Paris, cu o lucrare despre Mica Antant\u0103, tot acolo urm\u00e2nd \u015fi cursuri de jurnalism. Aurel Cosma jr. a fost o personalitate deosebit de complex\u0103. De\u015fi foarte t\u00e2n\u0103r, a participat al\u0103turi de unchiul s\u0103u, \u00een calitate de reprezentant al comandamentului G\u0103rzilor Na\u0163ionale, la Marea Adunare Na\u0163ional\u0103 de la Alba Iulia din 1918, continu\u00e2ndu-\u015fi apoi cariera politic\u0103 \u00een calitate de deputat liberal, \u00een trei legislaturi, \u00een care s-a preocupat mai ales de problema minorit\u0103\u0163ilor \u015fi de politica extern\u0103. \u00cen 1941 a fost numit consilier ministerial pe l\u00e2ng\u0103 ministerul Presei \u015fi Propagandei Na\u0163ionale, coordon\u00e2nd departamentul de pres\u0103 str\u0103in\u0103.<\/p>\n<h3>Preocup\u0103ri pentru cultura b\u0103n\u0103\u0163ean\u0103<\/h3>\n<p>Aurel Cosma jr. a fost nu numai un om politic ci \u015fi un scriitor de seam\u0103, principala sa oper\u0103 fiind elaborat\u0103 \u00een anii interbelici. Este autorul a peste 30 de lucr\u0103ri, ziarist, cercet\u0103tor, semnatar a sute de articole \u015fi studii. \u00cenc\u0103 din 1918 a colaborat la ziarul \u201eRom\u00e2nul\u201d, iar \u00een 1921 a fost unul din fondatorii revistei de satir\u0103 \u015fi umor \u201eUrzica\u201d. O activitate literar\u0103 mai \u00eensemnat\u0103 a fost la ziarul timi\u015forean \u201eN\u0103dejdea\u201d, apoi la \u201eLuceaf\u0103rul\u201d, revist\u0103 literar\u0103 b\u0103n\u0103\u0163ean\u0103 pe care a condus-o \u00eentre anii 1935 \u015fi 1940, \u00een care a publicat cele mai multe articole, dar \u015fi \u00een alte publica\u0163ii locale \u015fi centrale. A acordat o aten\u0163ie special\u0103 Banatului, preocup\u00e2ndu-se \u00eendeaproape de cultura \u015fi literatura b\u0103n\u0103\u0163ean\u0103, de istoria presei b\u0103n\u0103\u0163ene \u015fi de istoria picturii din Banat.<\/p>\n<p>\u00cen volumul \u201ePrin Timi\u015foara de alt\u0103dat\u0103\u201d, publicat \u00een 1977, spre sf\u00e2r\u015fitul vie\u0163ii, Aurel Cosma jr. evoc\u0103 numeroase personalit\u0103\u0163i b\u0103n\u0103\u0163ene, mai mult sau mai pu\u0163in cunoscute, sau altele care au avut leg\u0103turi episodice cu Banatul, oameni pe care i-a cunoscut \u00een mod direct sau despre care a aflat informa\u0163ii de prim\u0103 m\u00e2n\u0103, de la persoane care au tr\u0103it \u00een anturajul acestora. \u00cen paginile c\u0103r\u0163ii se contureaz\u0103, de asemenea, \u00eenf\u0103\u0163i\u015farea de alt\u0103dat\u0103 a ora\u015fului, cu totul diferit\u0103 de cea de ast\u0103zi.<\/p>\n<h3>Aurel Cosma jr., condamnat pentru \u201ecrim\u0103 de dezastru al \u0163\u0103rii\u201d<\/h3>\n<p>Una dintre lucr\u0103rile sale de referin\u0163\u0103 este cea intitulat\u0103 \u201eRom\u00e2nia \u00een noua ordine european\u0103\u201d, publicat\u0103 \u00een 1941, subiectul fiind \u015fi \u00een prezent unul de mare actualitate. Din nefericire, aceast\u0103 lucrare, \u00eempreun\u0103 cu multe altele, a fost distrus\u0103 de regimul comunist care a preluat puterea. Ea a constituit, totodat\u0103, unul din capetele de acuzare \u00een procesul care i s-a intentat \u015fi \u00een care a mai fost \u00eenvinuit pentru faptul de a fi fost consilier \u00een guvernul Antonescu. \u00cen 1945 a fost condamnat pentru \u201ecrim\u0103 de dezastru al \u0163\u0103rii\u201d la munc\u0103 silnic\u0103 pe via\u0163\u0103 \u015fi degradare civic\u0103 pe timp de zece ani, dar p\u00e2n\u0103 \u00een anul 1960 a reu\u015fit s\u0103 se ascund\u0103 prin diferite locuri din \u0163ar\u0103.<\/p>\n<p>Dup\u0103 to\u0163i anii de prigoan\u0103, care n-au fost mai u\u015fori dec\u00e2t cei de deten\u0163ie, a fost arestat \u00een urma dela\u0163iunii unui apropiat colaborator cu care s-a \u00eent\u00e2lnit pe litoralul M\u0103rii Negre.<\/p>\n<p> Prins la Eforie, a f\u0103cut pu\u015fc\u0103rie p\u00e2n\u0103 la amnisitia general\u0103 din 1964, c\u00e2nd s-a \u00eentors la Timi\u015foara. Doi an mai t\u00e2rziu a primit \u00eencuviin\u0163area de a publica din nou \u00een presa b\u0103n\u0103\u0163ean\u0103 \u015fi a publicat numeroase articole \u00een revista \u201eMagazin istoric\u201d. \u00cen 1970, \u00een perioada unei liberaliz\u0103ri a vie\u0163ii culturale, \u00eenaintea celebrelor \u201eTeze de la Mangalia\u201d, a fost primit ca membru \u00een Uniunea Scriitorilor.<\/p>\n<p>S-a stins din via\u0163\u0103 \u00een februarie 1983, la Timi\u015foara, \u015fi a fost \u00eenmorm\u00e2ntat la cimitirul din Calea Buzia\u015fului.<\/p>\n<div id=\"gallery-2\" class=\"gallery galleryid-226720 gallery-columns-8 gallery-size-thumbnail\">\n<figure class=\"gallery-item\">\n<div class=\"gallery-icon portrait\"><a href=\"https:\/\/www.pressalert.ro\/wp-content\/uploads\/2016\/05\/1.-aurel-cosma-unchiul.jpg\"><img decoding=\"async\" loading=\"lazy\" width=\"269\" height=\"300\" src=\"https:\/\/www.pressalert.ro\/wp-content\/uploads\/2016\/05\/1.-aurel-cosma-unchiul-269x300.jpg\" class=\"attachment-thumbnail size-thumbnail\" alt><\/a><\/div>\n<\/figure>\n<figure class=\"gallery-item\">\n<div class=\"gallery-icon landscape\"><a href=\"https:\/\/www.pressalert.ro\/wp-content\/uploads\/2016\/05\/1.-aurel-cosma-jr.-.jpg\"><img decoding=\"async\" loading=\"lazy\" width=\"300\" height=\"221\" src=\"https:\/\/www.pressalert.ro\/wp-content\/uploads\/2016\/05\/1.-aurel-cosma-jr.--300x221.jpg\" class=\"attachment-thumbnail size-thumbnail\" alt><\/a><\/div>\n<\/figure>\n<figure class=\"gallery-item\">\n<div class=\"gallery-icon portrait\"><a href=\"https:\/\/www.pressalert.ro\/wp-content\/uploads\/2016\/05\/2.-aurel-cosma-jr..jpg\"><img decoding=\"async\" loading=\"lazy\" width=\"191\" height=\"264\" src=\"https:\/\/www.pressalert.ro\/wp-content\/uploads\/2016\/05\/2.-aurel-cosma-jr..jpg\" class=\"attachment-thumbnail size-thumbnail\" alt><\/a><\/div>\n<\/figure>\n<figure class=\"gallery-item\">\n<div class=\"gallery-icon portrait\"><a href=\"https:\/\/www.pressalert.ro\/wp-content\/uploads\/2016\/05\/3.-manuscris.jpg\"><img decoding=\"async\" loading=\"lazy\" width=\"300\" height=\"300\" src=\"https:\/\/www.pressalert.ro\/wp-content\/uploads\/2016\/05\/3.-manuscris-300x300.jpg\" class=\"attachment-thumbnail size-thumbnail\" alt><\/a><\/div>\n<\/figure>\n<figure class=\"gallery-item\">\n<div class=\"gallery-icon portrait\"><a href=\"https:\/\/www.pressalert.ro\/wp-content\/uploads\/2016\/05\/4.-carte.jpg\"><img decoding=\"async\" loading=\"lazy\" width=\"300\" height=\"300\" src=\"https:\/\/www.pressalert.ro\/wp-content\/uploads\/2016\/05\/4.-carte-300x300.jpg\" class=\"attachment-thumbnail size-thumbnail\" alt><\/a><\/div>\n<\/figure>\n<figure class=\"gallery-item\">\n<div class=\"gallery-icon landscape\"><a href=\"https:\/\/www.pressalert.ro\/wp-content\/uploads\/2016\/05\/5.-carte.jpg\"><img decoding=\"async\" loading=\"lazy\" width=\"188\" height=\"150\" src=\"https:\/\/www.pressalert.ro\/wp-content\/uploads\/2016\/05\/5.-carte.jpg\" class=\"attachment-thumbnail size-thumbnail\" alt><\/a><\/div>\n<\/figure>\n<figure class=\"gallery-item\">\n<div class=\"gallery-icon landscape\"><a href=\"https:\/\/www.pressalert.ro\/wp-content\/uploads\/2016\/05\/6.-carte.jpg\"><img decoding=\"async\" loading=\"lazy\" width=\"235\" height=\"235\" src=\"https:\/\/www.pressalert.ro\/wp-content\/uploads\/2016\/05\/6.-carte.jpg\" class=\"attachment-thumbnail size-thumbnail\" alt><\/a><\/div>\n<\/figure>\n<figure class=\"gallery-item\">\n<div class=\"gallery-icon portrait\"><a href=\"https:\/\/www.pressalert.ro\/wp-content\/uploads\/2016\/05\/7.-carte.jpg\"><img decoding=\"async\" loading=\"lazy\" width=\"176\" height=\"235\" src=\"https:\/\/www.pressalert.ro\/wp-content\/uploads\/2016\/05\/7.-carte.jpg\" class=\"attachment-thumbnail size-thumbnail\" alt><\/a><\/div>\n<\/figure>\n<\/div>\n<p>Surse foto: orizonturiculturale.ro, vestul.ro, okazii.ro, anticariat-unu.ro, brancusi.org.ro<\/p>\n<\/div>\n<footer>\n<div class=\"td-post-source-tags td-pb-padding-side\">\n<ul class=\"td-tags td-post-small-box clearfix\">\n<li><span>ETICHETE<\/span><\/li>\n<li><a href=\"https:\/\/www.pressalert.ro\/tag\/aurel-cosma\/\">aurel cosma<\/a><\/li>\n<li><a href=\"https:\/\/www.pressalert.ro\/tag\/aurel-cosma-jr\/\">Aurel Cosma jr.<\/a><\/li>\n<li><a href=\"https:\/\/www.pressalert.ro\/tag\/carturar\/\">carturar<\/a><\/li>\n<li><a href=\"https:\/\/www.pressalert.ro\/tag\/detinut-politic\/\">detinut politic<\/a><\/li>\n<li><a href=\"https:\/\/www.pressalert.ro\/tag\/istorie\/\">istorie<\/a><\/li>\n<li><a href=\"https:\/\/www.pressalert.ro\/tag\/lucrari\/\">lucrari<\/a><\/li>\n<li><a href=\"https:\/\/www.pressalert.ro\/tag\/om-politic\/\">om politic<\/a><\/li>\n<li><a href=\"https:\/\/www.pressalert.ro\/tag\/studii\/\">studii<\/a><\/li>\n<li><a href=\"https:\/\/www.pressalert.ro\/tag\/timisoara\/\">Timisoara<\/a><\/li>\n<li><a href=\"https:\/\/www.pressalert.ro\/tag\/timisoara-uitata\/\">timisoara uitata<\/a><\/li>\n<li><a href=\"https:\/\/www.pressalert.ro\/tag\/ziarist\/\">ziarist<\/a><\/li>\n<\/ul>\n<\/div>\n<div class=\"td-post-sharing td-post-sharing-bottom td-pb-padding-side\"><span class=\"td-post-share-title\">DISTRIBUI\u021aI<\/span><\/p>\n<div class=\"td-default-sharing \"><a class=\"td-social-sharing-buttons td-social-facebook\" href=\"http:\/\/www.facebook.com\/sharer.php?u=https%3A%2F%2Fwww.pressalert.ro%2F2016%2F05%2Ftimisoara-uitata-aurel-cosma-jr%2F\"><\/p>\n<div class=\"td-social-but-text\">Facebook<\/div>\n<p><\/a><a class=\"td-social-sharing-buttons td-social-twitter\" href=\"https:\/\/twitter.com\/intent\/tweet?text=TIMI%C8%98OARA+UITAT%C4%82+Aurel+Cosma+jr.%2C+avocatul-teolog+care+a+contribuit+la+%C3%AEnfiin%C8%9Barea+revistei+%E2%80%9EUrzica%E2%80%9D.+Cum+a+fost+prigonit+de+comuni%C8%99ti&amp;url=https%3A%2F%2Fwww.pressalert.ro%2F2016%2F05%2Ftimisoara-uitata-aurel-cosma-jr%2F&amp;via=PRESSALERT.ro\"><\/p>\n<div class=\"td-social-but-text\">Twitter<\/div>\n<p><\/a><\/div>\n<\/div>\n<div class=\"td-block-row td-post-next-prev\">\n<div class=\"td-block-span6 td-post-prev-post\">\n<div class=\"td-post-next-prev-content\"><span>Articolul precedent<\/span><a href=\"https:\/\/www.pressalert.ro\/2016\/05\/ca-n-occident-intr-o-sectie-de-spital-din-timisoara-modernizata-cu-bani-din-donatii-wireless-televizor-si-aer-conditionat-saloanele-de-la-gastroenterologie\/\">Ca-n Occident \u00eentr-o sec\u0163ie de spital din Timi\u015foara, modernizat\u0103 cu bani din dona\u0163ii: wireless, televizor \u015fi aer condi\u0163ionat<\/a><\/div>\n<\/div>\n<div class=\"td-block-span6 td-post-next-post\">\n<div class=\"td-post-next-prev-content\"><span>Articolul urm\u0103tor<\/span><a href=\"https:\/\/www.pressalert.ro\/2016\/05\/borduri-scoase-timisoara-foto\/\">Borduri puse de dou\u0103 zile, scoase \u00een prag de s\u0103rb\u0103tori, la Timi\u0219oara GALERIE FOTO<\/a><\/div>\n<\/div>\n<\/div>\n<div class=\"author-box-wrap\"><a href=\"https:\/\/www.pressalert.ro\/author\/liana-paun\/\"><img decoding=\"async\" alt src=\"https:\/\/secure.gravatar.com\/avatar\/e237afe71dbb475f2bb6dffeb603d703?s=96&amp;d=mm&amp;r=g\" class=\"avatar avatar-96 photo\" height=\"96\" width=\"96\" loading=\"lazy\"><\/a><\/p>\n<div class=\"desc\">\n<div class=\"td-author-name vcard author\"><span class=\"fn\"><a href=\"https:\/\/www.pressalert.ro\/author\/liana-paun\/\">Liana P\u0103un<\/a><\/span><\/div>\n<div class=\"td-author-url\"><a href=\"http:\/\/www.pressalert.ro\">http:\/\/www.pressalert.ro<\/a><\/div>\n<\/div>\n<\/div>\n<p><span><\/span><span><span><\/span><\/span><span><\/span><\/footer>\n<\/article>\n<p> Source URL: https:\/\/www.pressalert.ro\/2016\/05\/timisoara-uitata-aurel-cosma-jr\/<\/p>\n","protected":false},"excerpt":{"rendered":"<p>Acas\u0103Campanii PRESSALERTTIMI\u0218OARA UITAT\u0102 Aurel Cosma jr., avocatul-teolog care a contribuit la \u00eenfiin\u021barea revistei&#8230; Campanii PRESSALERT \u015etiri Timi\u0219oara uitat\u0103 TIMI\u0218OARA UITAT\u0102 Aurel Cosma jr., avocatul-teolog care a contribuit la \u00eenfiin\u021barea revistei \u201eUrzica\u201d. Cum a fost prigonit de comuni\u0219ti De Liana P\u0103un &#8211; mai 1, 2016 0 DISTRIBUI\u021aI Facebook Twitter Aurel Cosma Jr. a fost preocupat de [&hellip;]<\/p>\n","protected":false},"author":1,"featured_media":0,"comment_status":"open","ping_status":"","sticky":false,"template":"","format":"standard","meta":{"footnotes":""},"categories":[89],"tags":[176],"class_list":["post-1235177","post","type-post","status-publish","format-standard","hentry","category-romania","tag-pressalert-ro"],"_links":{"self":[{"href":"https:\/\/analyse.optim.biz\/index.php?rest_route=\/wp\/v2\/posts\/1235177","targetHints":{"allow":["GET"]}}],"collection":[{"href":"https:\/\/analyse.optim.biz\/index.php?rest_route=\/wp\/v2\/posts"}],"about":[{"href":"https:\/\/analyse.optim.biz\/index.php?rest_route=\/wp\/v2\/types\/post"}],"author":[{"embeddable":true,"href":"https:\/\/analyse.optim.biz\/index.php?rest_route=\/wp\/v2\/users\/1"}],"replies":[{"embeddable":true,"href":"https:\/\/analyse.optim.biz\/index.php?rest_route=%2Fwp%2Fv2%2Fcomments&post=1235177"}],"version-history":[{"count":0,"href":"https:\/\/analyse.optim.biz\/index.php?rest_route=\/wp\/v2\/posts\/1235177\/revisions"}],"wp:attachment":[{"href":"https:\/\/analyse.optim.biz\/index.php?rest_route=%2Fwp%2Fv2%2Fmedia&parent=1235177"}],"wp:term":[{"taxonomy":"category","embeddable":true,"href":"https:\/\/analyse.optim.biz\/index.php?rest_route=%2Fwp%2Fv2%2Fcategories&post=1235177"},{"taxonomy":"post_tag","embeddable":true,"href":"https:\/\/analyse.optim.biz\/index.php?rest_route=%2Fwp%2Fv2%2Ftags&post=1235177"}],"curies":[{"name":"wp","href":"https:\/\/api.w.org\/{rel}","templated":true}]}}