{"id":1235171,"date":"2013-03-02T08:08:19","date_gmt":"2013-03-02T05:08:19","guid":{"rendered":"https:\/\/analyse.optim.biz\/?p=1235171"},"modified":"2013-03-02T08:08:19","modified_gmt":"2013-03-02T05:08:19","slug":"politici-anti-somaj-pentru-tineret-garantiile-pentru-tineret","status":"publish","type":"post","link":"https:\/\/analyse.optim.biz\/?p=1235171","title":{"rendered":"Politici anti-somaj pentru tineret \u2013 Garantiile pentru tineret"},"content":{"rendered":"<div class=\"entry-content\">\n<p>\u00cenc\u0103 din 2005, la nivel european s-a pus problema reducerii \u0219omajului \u00een r\u00e2ndul tinerilor \u0219i de sprijin al acestora \u00een tranzi\u021bia de la \u00eenv\u0103\u021b\u0103m\u00e2nt la un loc de munc\u0103, consider\u00e2ndu-se c\u0103 politicile fiec\u0103rui stat ar trebui s\u0103 asigure \u201e\u0219ansa unui nou \u00eenceput \u00eenainte de sf\u00e2r\u0219itul primelor \u0219ase luni de \u0219omaj \u00een cazul tinerilor\u201d, perioad\u0103 redus\u0103, \u00een 2008, la \u201ecel mult patru luni\u201d pentru tinerii care nu \u00ee\u0219i mai continu\u0103 studiile.<\/p>\n<p>\u00cen 2010, at\u00e2t Parlamentul European, c\u00e2t \u0219i Forumul European al Tineretului, datorit\u0103 \u00eent\u00e2rzierii aplic\u0103rii acestor politici, au sus\u021binut \u00eenfiin\u021barea de garan\u021bii pentru tineret la nivelul UE \u0219i punerea \u00een aplicare a unei astfel de m\u0103suri la nivelul \u00eentregii UE.<\/p>\n<p>\u00cen perioada 2010-2012, Comisia European\u0103 a cerut statelor membre s\u0103 creeze premizele pentru ca tinerii s\u0103 \u00ee\u0219i continue studiile sau s\u0103 se angajeze \u00een termen de patru luni de la momentul \u00een care nu \u00ee\u0219i mai continu\u0103 studiile \u0219i s\u0103 ofere aceasta ca o \u201egaran\u021bie pentru tineret\u201d prin m\u0103suri care pot fi sprijinite din Fondul Social European iar \u00een Analiza Anual\u0103 a Cre\u0219terii pentru 2013 s-a accentuat faptul fiecare t\u00e2n\u0103r cu v\u00e2rst\u0103 mai mic\u0103 de 25 de ani s\u0103 primeasc\u0103 o ofert\u0103 de angajare, de continuare a educa\u021biei, de intrare \u00een ucenicie sau de efectuare a unui stagiu, \u00een termen de patru luni de la momentul \u00een care nu mai particip\u0103 la activit\u0103\u021bi de \u00eenv\u0103\u021b\u0103m\u00e2nt formal sau de la momentul \u00een care a devenit \u0219omer.<\/p>\n<p>M\u0103surile g\u00e2ndite se bazeaz\u0103 pe \u0219ase axe \u2013 stabilirea unor parteneriate puternice cu toate p\u0103r\u021bile interesate, asigurarea interven\u021biei \u0219i activ\u0103rii timpurii pentru a evita ca tinerii s\u0103 devin\u0103 NEETs, luarea de m\u0103suri de sprijin care s\u0103 permit\u0103 integrarea pe pia\u021ba muncii, utilizarea deplin\u0103 a finan\u021b\u0103rilor din partea UE \u00een acest scop, evaluarea \u0219i \u00eembun\u0103t\u0103\u021birea continu\u0103 a sistemelor de garan\u021bie pentru tineret, precum \u0219i punerea rapid\u0103 \u00een aplicare a sistemelor.<\/p>\n<p>Plec\u00e2nd de la mai multe argumente, printre care \u201egaran\u021bia pentru tineri ar contribui la atingerea a trei obiective ale Strategiei Europa 2020, adic\u0103 angajarea \u00een c\u00e2mpul muncii a 75 % din popula\u021bia cuprins\u0103 \u00eentre 20 \u0219i 64 de ani, sc\u0103derea sub 10 % a ratei abandonului \u0219colar timpuriu \u0219i ie\u0219irea din s\u0103r\u0103cie \u0219i excluziune social\u0103 a cel pu\u021bin 20 de milioane de oameni\u201d \u0219i \u201ecostul inac\u021biunii UE \u00een privin\u021ba tinerilor f\u0103r\u0103 loc de munc\u0103, educa\u021bie sau formare este estimat la aproximativ 153 de miliarde EUR, adic\u0103 \u00een jur de 1,2 % din PIB-ul UE \u0219i \u00eentruc\u00e2t exist\u0103 \u00een prezent 7,5 milioane de tineri sub 25 de ani \u00een aceast\u0103 situa\u021bie\u201d, Parlamentul European, la 16 ianuarie 2013, a emis o rezolu\u021bie referitoare la \u00eenfiin\u021barea unei garan\u021bii pentru tineret prin care \u201esolicit\u0103 ministerelor muncii \u0219i afacerilor sociale din statele membre s\u0103 pun\u0103 \u00een aplicare sisteme de garan\u021bie pentru tineret, aceasta nefiind o garan\u021bie pentru ob\u021binerea unui loc de munc\u0103, ci un instrument care garanteaz\u0103 c\u0103 to\u021bi tinerii sub 25 de ani \u0219i proaspe\u021bii absolven\u021bi sub 30 de ani primesc o ofert\u0103 de angajare de bun\u0103 calitate ori \u00ee\u0219i continu\u0103 educa\u021bia sau ucenicia \u00een termen de patru luni de c\u00e2nd devin \u0219omeri sau \u00ee\u0219i termin\u0103 studiile \u0219i care s\u0103 fie eligibile pentru forme specifice de finan\u021bare european\u0103, \u00een special \u00een statele membre cu cele mai mari rate ale \u0219omajului\u201d.<\/p>\n<p>\u0218i reprezentan\u0163ii locali \u015fi regionali, \u00eentruni\u021bi la Bruxelles cu ocazia celei de-a 99-a sesiuni plenare a Comitetului Regiunilor (CoR), au solicitat mini\u015ftrilor din UE s\u0103 aprobe \u00een cel mai scurt timp planurile menite s\u0103 le garanteze tuturor tinerilor p\u00e2n\u0103 \u00een 30 de ani oportunit\u0103\u0163i de munc\u0103, educa\u0163ie \u015fi formare profesional\u0103 de calitate, \u00een vederea stimul\u0103rii cre\u015fterii \u015fi evitarea apari\u0163iei unei \u201egenera\u0163ii pierdute\u201d.<\/p>\n<p>Prin faptul c\u0103 ora\u015fele \u015fi regiunile sunt cel mai bine pozi\u0163ionate pentru a evalua pia\u0163a for\u0163ei de munc\u0103 la nivel local, CoR consider\u0103 c\u0103 acestea trebuie s\u0103 fie pe deplin implicate \u00een a concepe programe adaptate tinerilor<\/p>\n<p>\u00cen contextul \u00een care, prin adoptarea unei rezolu\u0163ii, \u0219i CoR salut\u0103 aceste planuri, care se constituie \u00eentr-un factor important pentru realizarea obiectivelor Strategiei Europa 2020 \u015fi \u00een eforturile de dep\u0103\u015fire a crizei econimice, Prim-vicepre\u015fedinta CoR, Mercedes Bresso, a subliniat c\u0103 \u201eo astfel de garan\u0163ie \u015fi-a dovedit deja utilitatea \u00een mai multe state membre ale UE \u015fi, prin urmare, nu avem niciun motiv s\u0103 \u00eent\u00e2rziem punerea sa \u00een aplicare \u00een toat\u0103 Europa. CoR sprijin\u0103 pe deplin introducerea acestui proiect, nutrind convingerea ferm\u0103 c\u0103 el va constitui un instrument eficient de stimulare a ocup\u0103rii for\u0163ei de munc\u0103 \u00een r\u00e2ndul tinerilor \u015fi de relansare a cre\u015fterii\u201d.<\/p>\n<\/div>\n<div class=\"entry-content\">\n                    \tCircula\u021bia rutier\u0103 prin Pasajul Solventul a fost deschis\u0103, a anun\u021bat, la orele pr\u00e2nzului, primarul Dominic Fritz. Aceast\u0103 deschidere va oferi o nou\u0103 conexiune \u00eentre cele dou\u0103 p\u0103r\u021bi ale ora\u0219ului, alternativ\u0103 la Pasajul Jiul, care, p\u00e2n\u0103 acum, era singura disponibil\u0103 \u00een zona respectiv\u0103. \u201dEste unul dintre proiectele strategice ale Timi\u0219oarei \u0219i un pas important pentru conectarea&#8230;                    \t<br \/><a href=\"https:\/\/debanat.ro\/2025\/12\/s-a-deschis-circulatia-rutiera-prin-pasajul-solventul-foto_459652.html\" class=\"read_more\" title=\"Permanent Link to S-a deschis circula\u021bia rutier\u0103 prin Pasajul Solventul\/FOTO\">Cite\u015fte tot articolul<\/a><img decoding=\"async\" alt=\"Citeste articolul S-a deschis circula\u021bia rutier\u0103 prin Pasajul Solventul\/FOTO\" src=\"https:\/\/cdn.debanat.ro\/wp-content\/themes\/debanat\/images\/arr_red.png\"><\/div>\n<div class=\"entry-content\">\n                    \tProiectul privind desfiin\u0163area Direc\u021biei Proiecte \u0219i Lucr\u0103ri Municipale pentru Sport \u0219i Transport Feroviar (PLMSTF) a c\u0103zut joi seara, la un singur vot. USR a adunat 13 voturi, av\u00e2nd nevoie de 14 pentru ca proiectul s\u0103 treac\u0103. \u00a0Au votat contra comsilierii PSD, PNL \u015fi AUR, care astfel l-au salvat pe \u201cnemuritorul\u201d Culi\u0163\u0103 Chi\u015f, \u015feful Direc\u021biei PLMSTF&#8230;.                    \t<br \/><a href=\"https:\/\/debanat.ro\/2025\/12\/viceprimarii-paula-romocean-si-ruben-latcau-reactii-dure-la-adresa-psd-si-pnl-dupa-salvarea-lui-culita-chis_459426.html\" class=\"read_more\" title=\"Permanent Link to Viceprimarii Paula Romocean \u015fi Ruben La\u0163c\u0103u, reac\u0163ii dure la adresa PSD \u015fi PNL dup\u0103 \u201csalvarea\u201d lui Culi\u0163\u0103 Chi\u015f\">Cite\u015fte tot articolul<\/a><img decoding=\"async\" alt=\"Citeste articolul Viceprimarii Paula Romocean \u015fi Ruben La\u0163c\u0103u, reac\u0163ii dure la adresa PSD \u015fi PNL dup\u0103 \u201csalvarea\u201d lui Culi\u0163\u0103 Chi\u015f\" src=\"https:\/\/cdn.debanat.ro\/wp-content\/themes\/debanat\/images\/arr_red.png\"><\/div>\n<div class=\"entry-content\">\n                    \t\u00centr-un scenariu deja obi\u0219nuit, la fiecare trofeu major c\u00e2\u0219tigat de echipa de rugby a ora\u0219ului, acesta este prezentat timi\u0219orenilor. Duminic\u0103 seara, sportivii dela SCM USV au urcat pe scen\u0103 \u00een centrul ora\u0219ului \u0219i au fost aplauda\u021bi la scen\u0103 deschis\u0103 de cei prezen\u021bi. Echipa de rugby este cea mai bun\u0103 forma\u021bie din Timi\u0219oara din acest mileniu&#8230;                    \t<br \/><a href=\"https:\/\/debanat.ro\/2025\/12\/scm-usv-a-prezentat-cupa-romaniei-timisorenilor_459613.html\" class=\"read_more\" title=\"Permanent Link to SCM USV a prezentat Cupa Rom\u00e2niei timi\u0219orenilor\">Cite\u015fte tot articolul<\/a><img decoding=\"async\" alt=\"Citeste articolul SCM USV a prezentat Cupa Rom\u00e2niei timi\u0219orenilor\" src=\"https:\/\/cdn.debanat.ro\/wp-content\/themes\/debanat\/images\/arr_red.png\"><\/div>\n<div class=\"entry-content\">\n                    \tIncident pe calea ferat\u0103! Un \u0219ofer neatent nu a v\u0103zut c\u0103 vine trenul, dar a sc\u0103pat la limit\u0103. Cu siguran\u021b\u0103 va \u201ec\u0103sca\u201d ochii atunci c\u00e2nd va mai vedea o linie de tren. \u00cen jurul orei 13:30, ISU Timi\u0219 a fost solicitat s\u0103 intervin\u0103 la un accident feroviar la trecerea de nivel de cale ferat\u0103 \u00een&#8230;                    \t<br \/><a href=\"https:\/\/debanat.ro\/2025\/12\/a-scapat-ca-printre-urechile-acului-o-masina-a-intrat-pe-linia-de-tren-si-a-fost-lovita-de-un-automotor_459667.html\" class=\"read_more\" title=\"Permanent Link to A sc\u0103pat ca printre urechile acului! O ma\u0219in\u0103 a intrat pe linia de tren \u0219i a fost lovit\u0103 de un automotor\">Cite\u015fte tot articolul<\/a><img decoding=\"async\" alt=\"Citeste articolul A sc\u0103pat ca printre urechile acului! O ma\u0219in\u0103 a intrat pe linia de tren \u0219i a fost lovit\u0103 de un automotor\" src=\"https:\/\/cdn.debanat.ro\/wp-content\/themes\/debanat\/images\/arr_red.png\"><\/div>\n<div class=\"entry-content\">\n                    \tAstfel, programul calendaristic pentru efectuarea principalelor opera\u0163iuni de \u00eencheiere a exerci\u0163iului bugetar al anului 2025 prin unit\u0103\u0163ile trezoreriei statului va fi unul special. Iat\u0103 care este calendarul opera\u021biunilor Opera\u0163iuni \u00een numerar 1. Ridicarea sumelor \u00een numerar din conturile institu\u0163iilor publice deschise la unit\u0103\u0163ile Trezoreriei Statului. Autoritatea de Investiga\u0163ii \u015fi Analiz\u0103 pentru Siguran\u0163a Avia\u0163iei Civile poate&#8230;                    \t<br \/><a href=\"https:\/\/debanat.ro\/2025\/12\/anaf-a-anuntat-programul-special-al-operatiunilor-pentru-finalul-de-an_459544.html\" class=\"read_more\" title=\"Permanent Link to ANAF a anun\u021bat programul special al opera\u021biunilor pentru finalul de an\">Cite\u015fte tot articolul<\/a><img decoding=\"async\" alt=\"Citeste articolul ANAF a anun\u021bat programul special al opera\u021biunilor pentru finalul de an\" src=\"https:\/\/cdn.debanat.ro\/wp-content\/themes\/debanat\/images\/arr_red.png\"><\/div>\n<div class=\"entry-content full_img\">\n                    \tIncident pe calea ferat\u0103! Un \u0219ofer neatent nu a v\u0103zut c\u0103 vine trenul, dar a sc\u0103pat la limit\u0103. Cu siguran\u021b\u0103 va \u201ec\u0103sca\u201d ochii atunci c\u00e2nd va mai vedea o linie de tren. \u00cen jurul orei 13:30, ISU Timi\u0219 a fost solicitat s\u0103 intervin\u0103 la un accident feroviar la trecerea de nivel de cale ferat\u0103 \u00een&#8230;                    \t<a href=\"https:\/\/debanat.ro\/2025\/12\/a-scapat-ca-printre-urechile-acului-o-masina-a-intrat-pe-linia-de-tren-si-a-fost-lovita-de-un-automotor_459667.html\" class=\"read_more\" title=\"Permanent Link to A sc\u0103pat ca printre urechile acului! O ma\u0219in\u0103 a intrat pe linia de tren \u0219i a fost lovit\u0103 de un automotor\">Cite\u015fte tot articolul<\/a><img decoding=\"async\" alt=\"Citeste articolul A sc\u0103pat ca printre urechile acului! O ma\u0219in\u0103 a intrat pe linia de tren \u0219i a fost lovit\u0103 de un automotor\" src=\"https:\/\/cdn.debanat.ro\/wp-content\/themes\/debanat\/images\/arr_red.png\"><\/div>\n<div class=\"entry-content full_img\">\n                    \tCircula\u021bia rutier\u0103 prin Pasajul Solventul a fost deschis\u0103, a anun\u021bat, la orele pr\u00e2nzului, primarul Dominic Fritz. Aceast\u0103 deschidere va oferi o nou\u0103 conexiune \u00eentre cele dou\u0103 p\u0103r\u021bi ale ora\u0219ului, alternativ\u0103 la Pasajul Jiul, care, p\u00e2n\u0103 acum, era singura disponibil\u0103 \u00een zona respectiv\u0103. \u201dEste unul dintre proiectele strategice ale Timi\u0219oarei \u0219i un pas important pentru conectarea&#8230;                    \t<a href=\"https:\/\/debanat.ro\/2025\/12\/s-a-deschis-circulatia-rutiera-prin-pasajul-solventul-foto_459652.html\" class=\"read_more\" title=\"Permanent Link to S-a deschis circula\u021bia rutier\u0103 prin Pasajul Solventul\/FOTO\">Cite\u015fte tot articolul<\/a><img decoding=\"async\" alt=\"Citeste articolul S-a deschis circula\u021bia rutier\u0103 prin Pasajul Solventul\/FOTO\" src=\"https:\/\/cdn.debanat.ro\/wp-content\/themes\/debanat\/images\/arr_red.png\"><\/div>\n<div class=\"entry-content full_img\">\n                    \tAdministra\u021bia timi\u0219orean\u0103 a finalizat documenta\u021bia tehnic\u0103 necesar\u0103 pentru modernizarea cl\u0103dirii principale a Liceului Tehnologic Electrotimi\u0219, campusul situat \u00een Ciarda Ro\u0219ie. Unitatea de \u00eenv\u0103\u021b\u0103m\u00e2nt func\u021bioneaz\u0103 \u00eentr-un ansamblu de cl\u0103diri construite \u00een anii \u201970, astfel c\u0103 sunt necesare interven\u021bii complexe de modernizare, de la refacerea acoperi\u0219ului, a instala\u021biilor \u0219i a finisajelor, p\u00e2n\u0103 la izolarea termic\u0103 a pere\u021bilor&#8230;.                    \t<a href=\"https:\/\/debanat.ro\/2025\/12\/administratia-timisoreana-vrea-sa-modernizeze-liceul-electrotimis_459649.html\" class=\"read_more\" title=\"Permanent Link to Administra\u021bia timi\u0219orean\u0103 vrea s\u0103 modernizeze Liceul Electrotimi\u0219\">Cite\u015fte tot articolul<\/a><img decoding=\"async\" alt=\"Citeste articolul Administra\u021bia timi\u0219orean\u0103 vrea s\u0103 modernizeze Liceul Electrotimi\u0219\" src=\"https:\/\/cdn.debanat.ro\/wp-content\/themes\/debanat\/images\/arr_red.png\"><\/div>\n<div class=\"entry-content full_img\">\n                    \tCele mai scumpe cartiere din Rom\u00e2nia pentru cei care \u0219i-au dorit s\u0103-\u0219i cumpere propria locuin\u021b\u0103 \u00een 2025 se g\u0103sesc \u00een Bucure\u0219ti, Cluj-Napoca \u0219i \u00een Bra\u0219ov. Doar \u00een aceste ora\u0219e \u00eent\u00e2lnim zone \u00een care apartamentele au fost scoase la v\u00e2nzare cu pre\u021buri medii ce au dep\u0103\u0219it pragul de 3.000 euro\/mp util \u0219i au ajuns s\u0103 se&#8230;                    \t<a href=\"https:\/\/debanat.ro\/2025\/12\/timisoara-ramane-in-afara-topului-celor-mai-scumpe-apartamente-din-romania-si-in-2025_459638.html\" class=\"read_more\" title=\"Permanent Link to Timi\u0219oara r\u0103m\u00e2ne \u00een afara topului celor mai scumpe apartamente din Rom\u00e2nia \u0219i \u00een 2025\">Cite\u015fte tot articolul<\/a><img decoding=\"async\" alt=\"Citeste articolul Timi\u0219oara r\u0103m\u00e2ne \u00een afara topului celor mai scumpe apartamente din Rom\u00e2nia \u0219i \u00een 2025\" src=\"https:\/\/cdn.debanat.ro\/wp-content\/themes\/debanat\/images\/arr_red.png\"><\/div>\n<div class=\"entry-content full_img\">\n                    \tCu doar o zi \u00eenainte de Ajunul Cr\u0103ciunului, Prim\u0103ria Timi\u0219oara organizeaz\u0103 mar\u021bi dezbaterea public\u0103 necesar\u0103, av\u00e2nd ca tem\u0103 Proiectul de hot\u0103r\u00e2re stabilirea impozitelor \u0219i taxelor locale \u00een Municipiul Timi\u0219oara pentru anul 2026. Aceasta va avea loc de la ora 16:00 \u00een sala de Consiliu a Prim\u0103riei Timi\u0219oara. Proiectul de hot\u0103r\u00e2re poate fi consultat online: https:\/\/www.primariatm.ro\/proiecte-hcl\/0418d960-2450-43c8-9a22-73455cf66020&#8230;                    \t<a href=\"https:\/\/debanat.ro\/2025\/12\/primaria-timisoara-organizeaza-dezbaterea-publica-obligatorie-pe-tema-noilor-taxe-si-impozite-in-data-de-23-decembrie_459635.html\" class=\"read_more\" title=\"Permanent Link to Prim\u0103ria Timi\u0219oara organizeaz\u0103 dezbaterea public\u0103 obligatorie, pe tema noilor taxe \u0219i \u00eempozite, \u00een data de 23 decembrie\">Cite\u015fte tot articolul<\/a><img decoding=\"async\" alt=\"Citeste articolul Prim\u0103ria Timi\u0219oara organizeaz\u0103 dezbaterea public\u0103 obligatorie, pe tema noilor taxe \u0219i \u00eempozite, \u00een data de 23 decembrie\" src=\"https:\/\/cdn.debanat.ro\/wp-content\/themes\/debanat\/images\/arr_red.png\"><\/div>\n<div class=\"entry-content full_img\">\n                    \tAutorit\u0103\u021bile cu responsabilit\u0103\u021bi de control \u00ee\u0219i sporesc activitatea \u00eenaintea s\u0103rb\u0103torilor de iarn\u0103, pentru a se evita apari\u021bia de probleme. La fel a fost \u0219i \u00een acest an, iar controalele au scos la iveal\u0103 numeroase probleme. \u00cen cadrul Colegiului Prefectural din aceast\u0103 lun\u0103, reprezentan\u021bii Direc\u021biei Sanitar-Veterinar\u0103 \u0219i pentru Siguran\u021ba Alimentelor au anun\u021bat rezultatele verific\u0103rilor efectuate \u00een&#8230;                    \t<a href=\"https:\/\/debanat.ro\/2025\/12\/controale-sporite-pentru-siguranta-cetatenilor-au-fost-date-amenzi-importante-si-efectuate-confiscari-de-produse_459626.html\" class=\"read_more\" title=\"Permanent Link to Controale sporite pentru siguran\u021ba cet\u0103\u021benilor. Au fost date amenzi importante \u0219i efectuate confisc\u0103ri de produse\">Cite\u015fte tot articolul<\/a><img decoding=\"async\" alt=\"Citeste articolul Controale sporite pentru siguran\u021ba cet\u0103\u021benilor. Au fost date amenzi importante \u0219i efectuate confisc\u0103ri de produse\" src=\"https:\/\/cdn.debanat.ro\/wp-content\/themes\/debanat\/images\/arr_red.png\"><\/div>\n<div class=\"entry-content full_img\">\n                    \tIncident nea\u0219teptat \u00een parcarea unui supermarket, acolo unde un t\u00e2n\u0103r a vrut s\u0103 arate c\u0103 este un as al volanului, dar a demonstrat exact contrariul. Acum e bun de plat\u0103! Azi-noapte, \u00een jurul orei 00:30, poli\u021bi\u0219tii au fost sesiza\u021bi cu privire la producerea unui incident rutier \u00een municipiul Lugoj. Din verific\u0103rile efectuate a rezultat faptul&#8230;                    \t<a href=\"https:\/\/debanat.ro\/2025\/12\/a-fost-asa-de-smecher-incat-a-ajuns-cu-masina-in-magazin_459618.html\" class=\"read_more\" title=\"Permanent Link to A fost a\u0219a de \u0219mecher \u00eenc\u00e2t a ajuns cu ma\u0219ina \u00een magazin\">Cite\u015fte tot articolul<\/a><img decoding=\"async\" alt=\"Citeste articolul A fost a\u0219a de \u0219mecher \u00eenc\u00e2t a ajuns cu ma\u0219ina \u00een magazin\" src=\"https:\/\/cdn.debanat.ro\/wp-content\/themes\/debanat\/images\/arr_red.png\"><\/div>\n<div class=\"entry-content full_img\">\n                    \t\u00centr-un scenariu deja obi\u0219nuit, la fiecare trofeu major c\u00e2\u0219tigat de echipa de rugby a ora\u0219ului, acesta este prezentat timi\u0219orenilor. Duminic\u0103 seara, sportivii dela SCM USV au urcat pe scen\u0103 \u00een centrul ora\u0219ului \u0219i au fost aplauda\u021bi la scen\u0103 deschis\u0103 de cei prezen\u021bi. Echipa de rugby este cea mai bun\u0103 forma\u021bie din Timi\u0219oara din acest mileniu&#8230;                    \t<a href=\"https:\/\/debanat.ro\/2025\/12\/scm-usv-a-prezentat-cupa-romaniei-timisorenilor_459613.html\" class=\"read_more\" title=\"Permanent Link to SCM USV a prezentat Cupa Rom\u00e2niei timi\u0219orenilor\">Cite\u015fte tot articolul<\/a><img decoding=\"async\" alt=\"Citeste articolul SCM USV a prezentat Cupa Rom\u00e2niei timi\u0219orenilor\" src=\"https:\/\/cdn.debanat.ro\/wp-content\/themes\/debanat\/images\/arr_red.png\"><\/div>\n<div class=\"entry-content full_img\">\n                    \tC\u0103minul Cultural din Pi\u0219chia a g\u0103zduit prima edi\u021bie a Festivalului de Cultur\u0103 B\u0103n\u0103\u021bean\u0103 \u201eIonel Iacob-Bencei\u201d, dedicat valorilor culturale b\u0103n\u0103\u021bene \u0219i memoriei scriitorului Ionel Iacob-Bencei, marc\u00e2nd un debut pentru un proiect cultural care \u00ee\u0219i propune s\u0103 devin\u0103 tradi\u021bie. Evenimentul a atras un public numeros, care a umplut sala p\u00e2n\u0103 la refuz. Festivalul a fost ini\u021biat de&#8230;                    \t<a href=\"https:\/\/debanat.ro\/2025\/12\/la-pischia-a-fost-prima-editie-festivalul-de-cultura-banateana-ionel-iacob-bencei_459598.html\" class=\"read_more\" title=\"Permanent Link to La Pi\u0219chia a fost prima edi\u021bie Festivalul de Cultur\u0103 B\u0103n\u0103\u021bean\u0103 \u201eIonel Iacob-Bencei\u201d\">Cite\u015fte tot articolul<\/a><img decoding=\"async\" alt=\"Citeste articolul La Pi\u0219chia a fost prima edi\u021bie Festivalul de Cultur\u0103 B\u0103n\u0103\u021bean\u0103 \u201eIonel Iacob-Bencei\u201d\" src=\"https:\/\/cdn.debanat.ro\/wp-content\/themes\/debanat\/images\/arr_red.png\"><\/div>\n<div class=\"entry-content full_img\">\n                    \tPentru al optulea an consecutiv, \u00a0Departamentul de Sociologie\u00a0din cadrul Facult\u0103\u021bii de Sociologie \u0219i Asisten\u021b\u0103 Social\u0103 \u0219i studen\u021bii voluntari din cadrul Universit\u0103\u021bii de Vest din Timi\u0219oara \u0219i-au unit eforturile \u0219i au invitat comunitatea academic\u0103 \u0219i publicul larg la \u201eSocio Claus\u201d,\u00a0campania lunii decembrie la UVT, prin care sunt promovate incluziunea, solidaritatea, acceptarea, empatia \u0219i sus\u021binerea fa\u021b\u0103 de&#8230;                    \t<a href=\"https:\/\/debanat.ro\/2025\/12\/socio-claus-a-fost-si-in-acest-an-la-universitatea-de-vest-timisoara_459591.html\" class=\"read_more\" title=\"Permanent Link to Socio Claus a fost \u0219i \u00een acest an la Universitatea de Vest Timi\u0219oara\">Cite\u015fte tot articolul<\/a><img decoding=\"async\" alt=\"Citeste articolul Socio Claus a fost \u0219i \u00een acest an la Universitatea de Vest Timi\u0219oara\" src=\"https:\/\/cdn.debanat.ro\/wp-content\/themes\/debanat\/images\/arr_red.png\"><\/div>\n<p> Source URL: https:\/\/debanat.ro\/2013\/03\/politici-anti-somaj-pentru-tineret-garantiile-pentru-tineret_48908.html<\/p>\n","protected":false},"excerpt":{"rendered":"<p>\u00cenc\u0103 din 2005, la nivel european s-a pus problema reducerii \u0219omajului \u00een r\u00e2ndul tinerilor \u0219i de sprijin al acestora \u00een tranzi\u021bia de la \u00eenv\u0103\u021b\u0103m\u00e2nt la un loc de munc\u0103, consider\u00e2ndu-se c\u0103 politicile fiec\u0103rui stat ar trebui s\u0103 asigure \u201e\u0219ansa unui nou \u00eenceput \u00eenainte de sf\u00e2r\u0219itul primelor \u0219ase luni de \u0219omaj \u00een cazul tinerilor\u201d, perioad\u0103 redus\u0103, [&hellip;]<\/p>\n","protected":false},"author":1,"featured_media":0,"comment_status":"open","ping_status":"","sticky":false,"template":"","format":"standard","meta":{"footnotes":""},"categories":[89],"tags":[192],"class_list":["post-1235171","post","type-post","status-publish","format-standard","hentry","category-romania","tag-debanat-ro"],"_links":{"self":[{"href":"https:\/\/analyse.optim.biz\/index.php?rest_route=\/wp\/v2\/posts\/1235171","targetHints":{"allow":["GET"]}}],"collection":[{"href":"https:\/\/analyse.optim.biz\/index.php?rest_route=\/wp\/v2\/posts"}],"about":[{"href":"https:\/\/analyse.optim.biz\/index.php?rest_route=\/wp\/v2\/types\/post"}],"author":[{"embeddable":true,"href":"https:\/\/analyse.optim.biz\/index.php?rest_route=\/wp\/v2\/users\/1"}],"replies":[{"embeddable":true,"href":"https:\/\/analyse.optim.biz\/index.php?rest_route=%2Fwp%2Fv2%2Fcomments&post=1235171"}],"version-history":[{"count":0,"href":"https:\/\/analyse.optim.biz\/index.php?rest_route=\/wp\/v2\/posts\/1235171\/revisions"}],"wp:attachment":[{"href":"https:\/\/analyse.optim.biz\/index.php?rest_route=%2Fwp%2Fv2%2Fmedia&parent=1235171"}],"wp:term":[{"taxonomy":"category","embeddable":true,"href":"https:\/\/analyse.optim.biz\/index.php?rest_route=%2Fwp%2Fv2%2Fcategories&post=1235171"},{"taxonomy":"post_tag","embeddable":true,"href":"https:\/\/analyse.optim.biz\/index.php?rest_route=%2Fwp%2Fv2%2Ftags&post=1235171"}],"curies":[{"name":"wp","href":"https:\/\/api.w.org\/{rel}","templated":true}]}}