{"id":1235164,"date":"2013-03-30T17:14:09","date_gmt":"2013-03-30T14:14:09","guid":{"rendered":"https:\/\/analyse.optim.biz\/?p=1235164"},"modified":"2013-03-30T17:14:09","modified_gmt":"2013-03-30T14:14:09","slug":"mfeur-lanseaza-ultimele-19-apeluri-de-proiecte-din-acest-ciclu-financiar-pe-posdru","status":"publish","type":"post","link":"https:\/\/analyse.optim.biz\/?p=1235164","title":{"rendered":"MFEur lanseaza ultimele 19 apeluri de proiecte din acest ciclu financiar pe POSDRU"},"content":{"rendered":"<div class=\"entry-content\">\n<p>Ministerul Fondurilor Europene a anun\u021bat programele opera\u021bionale care mai au fonduri disponibile din ciclul financiar 2007-2013 \u0219i liniile de finan\u021bare ce se vor deschide \u00een acest an.<\/p>\n<p>\u00cen cadrul Programului Opera\u021bional Sectorial Dezvoltarea Resurselor Umane, proasp\u0103t deblocat de c\u0103tre CE, ar urma s\u0103 se lanseze 19 linii de finan\u021bare, de\u0219i calendarul orientativ, pe luni, nu a fost \u00eenc\u0103 anun\u021bat.<\/p>\n<p>Astfel, pentru 2013, sunt anun\u021bate urm\u0103toarele apeluri de proiecte, pe axe prioritare tematice \u0219i domenii majore de interven\u021bie:<\/p>\n<p>AXA 1: Educa\u021bia \u0219i formarea profesional\u0103 \u00een sprijinul cre\u0219terii economice \u0219i dezvolt\u0103rii societ\u0103\u021bii bazate pe cunoa\u0219tere<br \/>\nDMI 1.1 \u2013 Acces la educa\u021bie \u0219i formare profesional\u0103 ini\u021bial\u0103 de calitate (strategice)<br \/>\nDMI 1.2 \u2013 Calitate \u00een \u00eenv\u0103\u021b\u0103m\u00e2ntul superior (granturi)<br \/>\nDMI 1.3 \u2013 Dezvoltarea resurselor umane \u00een educa\u021bie \u0219i formare profesional\u0103 (strategice)<br \/>\nDMI 1.4 \u2013 Calitate \u00een formarea profesional\u0103 continu\u0103 (strategice)<br \/>\nDMI 1.5 \u2013 Programe doctorale \u0219i postdoctorale \u00een sprijinul cercet\u0103rii (strategice)<\/p>\n<p>AXA PRIORITARA 2 Corelarea \u00eenva\u021b\u0103rii pe tot parcursul vie\u021bii cu pia\u021ba muncii<br \/>\nDMI 2.1 \u2013 Tranzi\u021bia de la \u0219coal\u0103 la via\u021ba activ\u0103 (strategice \u0219i granturi)<br \/>\nDMI 2.2 \u2013 Prevenirea \u0219i corectarea p\u0103r\u0103sirii timpurii a \u0219colii (granturi)<br \/>\nDMI 2.3 \u2013 Acces \u0219i participare la FPC (strategice \u0219i granturi)<\/p>\n<p>AXA PRIORITARA 5 Promovarea m\u0103surilor active de ocupare<br \/>\nDMI 5.1 \u2013 Dezvoltarea \u0219i implementarea m\u0103surilor active de ocupare (strategice \u0219i granturi)<br \/>\nDMI 5.2 \u2013 Promovarea sustenabilit\u0103\u021bii pe termen lung a zonelor rurale \u00een ceea ce priveste dezvoltarea resurselor umane \u0219i ocuparea for\u021bei de munc\u0103 (strategice \u0219i granturi)<\/p>\n<p>AXA PRIORITARA 6 Promovarea incluziunii sociale<br \/>\nDMI 6.1 \u2013 Dezvoltarea economiei sociale (strategice \u0219i granturi)<br \/>\nDMI 6.3 \u2013 Promovarea egalit\u0103\u021bii de \u0219anse pe pia\u021ba muncii (strategice \u0219i granturi)<br \/>\nDMI 6.4 \u2013 Initiative trans-na\u021bionale pentru o pia\u021b\u0103 incluziv\u0103 a muncii (strategice)<\/p>\n<p>Proiectele de tip grant acoper\u0103, \u00een implementare, o zon\u0103 din cadrul unei regiuni cu un buget maxim de p\u00e2n\u0103 \u00een 500.000 reuro, costuri eligibile, iar cele de tip strategic acoper\u0103 dou\u0103 sau mai multe regiuni, cu o valoare maxim\u0103 a costurilor eligibile de 5.000.000 euro.<\/p>\n<\/div>\n<div class=\"entry-content\">\n                    \tSRL-ul \u00eenfiin\u021bat de Prim\u0103ria Timi\u0219oara caut\u0103 furnizori pentru produse de igien\u0103 \u0219i cur\u0103\u021benie. Firma a lansat pe SEAP licita\u021bia pentru \u201dAchizi\u021bia \u00een sistem centralizat de produse de \u00eengrijire \u0219i cur\u0103\u021bare a cl\u0103dirilor\/facilit\u0103\u021bilor, inclusiv articole igienico-sanitare din h\u00e2rtie MC-3\u201d. Suma alocat\u0103 este \u00eentre 3,9 \u0219i 4,7 milioane de lei. Achizi\u021bia e \u00eemp\u0103r\u021bit\u0103 pe dou\u0103 loturi: Lot&#8230;                    \t<br \/><a href=\"https:\/\/debanat.ro\/2025\/12\/detergenti-hartie-igienica-sau-produse-biocide-de-aproape-cinci-milioane-de-lei-agentia-de-achizitii-publice-timisoara-iese-la-cumparaturi_459587.html\" class=\"read_more\" title=\"Permanent Link to Detergen\u021bi, h\u00e2rtie igienic\u0103 sau produse biocide, de aproape cinci milioane de lei. Agen\u021bia de Achizi\u021bii Publice Timi\u0219oara iese la cump\u0103r\u0103turi\">Cite\u015fte tot articolul<\/a><img decoding=\"async\" alt=\"Citeste articolul Detergen\u021bi, h\u00e2rtie igienic\u0103 sau produse biocide, de aproape cinci milioane de lei. Agen\u021bia de Achizi\u021bii Publice Timi\u0219oara iese la cump\u0103r\u0103turi\" src=\"https:\/\/cdn.debanat.ro\/wp-content\/themes\/debanat\/images\/arr_red.png\"><\/div>\n<div class=\"entry-content\">\n                    \tProiectul privind desfiin\u0163area Direc\u021biei Proiecte \u0219i Lucr\u0103ri Municipale pentru Sport \u0219i Transport Feroviar (PLMSTF) a c\u0103zut joi seara, la un singur vot. USR a adunat 13 voturi, av\u00e2nd nevoie de 14 pentru ca proiectul s\u0103 treac\u0103. \u00a0Au votat contra comsilierii PSD, PNL \u015fi AUR, care astfel l-au salvat pe \u201cnemuritorul\u201d Culi\u0163\u0103 Chi\u015f, \u015feful Direc\u021biei PLMSTF&#8230;.                    \t<br \/><a href=\"https:\/\/debanat.ro\/2025\/12\/viceprimarii-paula-romocean-si-ruben-latcau-reactii-dure-la-adresa-psd-si-pnl-dupa-salvarea-lui-culita-chis_459426.html\" class=\"read_more\" title=\"Permanent Link to Viceprimarii Paula Romocean \u015fi Ruben La\u0163c\u0103u, reac\u0163ii dure la adresa PSD \u015fi PNL dup\u0103 \u201csalvarea\u201d lui Culi\u0163\u0103 Chi\u015f\">Cite\u015fte tot articolul<\/a><img decoding=\"async\" alt=\"Citeste articolul Viceprimarii Paula Romocean \u015fi Ruben La\u0163c\u0103u, reac\u0163ii dure la adresa PSD \u015fi PNL dup\u0103 \u201csalvarea\u201d lui Culi\u0163\u0103 Chi\u015f\" src=\"https:\/\/cdn.debanat.ro\/wp-content\/themes\/debanat\/images\/arr_red.png\"><\/div>\n<div class=\"entry-content\">\n                    \tPrim-divizionara de baschet SCM Politehnica Timi\u0219oara a ob\u021binut un succes spectaculos \u0219i important \u00een fa\u021ba unei vecine de clasament, CSM Corona Bra\u0219ov, 107-94, iar acum cele dou\u0103 combatante au aceea\u0219i linie de clasament, 6 victorii, 6 \u00eenfr\u00e2ngeri. Meciul a \u00eenceput direct, f\u0103r\u0103 tatonare, cu execu\u021bii precise \u0219i spectaculoase, bine\u00een\u021beles cu un plus pentru b\u0103n\u0103\u021beni care&#8230;                    \t<br \/><a href=\"https:\/\/debanat.ro\/2025\/12\/spectacol-ofensiv-scm-politehnica-a-depasit-suta-in-meciul-cu-brasovul_459568.html\" class=\"read_more\" title=\"Permanent Link to Spectacol ofensiv! SCM Politehnica a dep\u0103\u0219it suta \u00een meciul cu Bra\u0219ovul\">Cite\u015fte tot articolul<\/a><img decoding=\"async\" alt=\"Citeste articolul Spectacol ofensiv! SCM Politehnica a dep\u0103\u0219it suta \u00een meciul cu Bra\u0219ovul\" src=\"https:\/\/cdn.debanat.ro\/wp-content\/themes\/debanat\/images\/arr_red.png\"><\/div>\n<div class=\"entry-content\">\n                    \tPentru al optulea an consecutiv, \u00a0Departamentul de Sociologie\u00a0din cadrul Facult\u0103\u021bii de Sociologie \u0219i Asisten\u021b\u0103 Social\u0103 \u0219i studen\u021bii voluntari din cadrul Universit\u0103\u021bii de Vest din Timi\u0219oara \u0219i-au unit eforturile \u0219i au invitat comunitatea academic\u0103 \u0219i publicul larg la \u201eSocio Claus\u201d,\u00a0campania lunii decembrie la UVT, prin care sunt promovate incluziunea, solidaritatea, acceptarea, empatia \u0219i sus\u021binerea fa\u021b\u0103 de&#8230;                    \t<br \/><a href=\"https:\/\/debanat.ro\/2025\/12\/socio-claus-a-fost-si-in-acest-an-la-universitatea-de-vest-timisoara_459591.html\" class=\"read_more\" title=\"Permanent Link to Socio Claus a fost \u0219i \u00een acest an la Universitatea de Vest Timi\u0219oara\">Cite\u015fte tot articolul<\/a><img decoding=\"async\" alt=\"Citeste articolul Socio Claus a fost \u0219i \u00een acest an la Universitatea de Vest Timi\u0219oara\" src=\"https:\/\/cdn.debanat.ro\/wp-content\/themes\/debanat\/images\/arr_red.png\"><\/div>\n<div class=\"entry-content\">\n                    \tAstfel, programul calendaristic pentru efectuarea principalelor opera\u0163iuni de \u00eencheiere a exerci\u0163iului bugetar al anului 2025 prin unit\u0103\u0163ile trezoreriei statului va fi unul special. Iat\u0103 care este calendarul opera\u021biunilor Opera\u0163iuni \u00een numerar 1. Ridicarea sumelor \u00een numerar din conturile institu\u0163iilor publice deschise la unit\u0103\u0163ile Trezoreriei Statului. Autoritatea de Investiga\u0163ii \u015fi Analiz\u0103 pentru Siguran\u0163a Avia\u0163iei Civile poate&#8230;                    \t<br \/><a href=\"https:\/\/debanat.ro\/2025\/12\/anaf-a-anuntat-programul-special-al-operatiunilor-pentru-finalul-de-an_459544.html\" class=\"read_more\" title=\"Permanent Link to ANAF a anun\u021bat programul special al opera\u021biunilor pentru finalul de an\">Cite\u015fte tot articolul<\/a><img decoding=\"async\" alt=\"Citeste articolul ANAF a anun\u021bat programul special al opera\u021biunilor pentru finalul de an\" src=\"https:\/\/cdn.debanat.ro\/wp-content\/themes\/debanat\/images\/arr_red.png\"><\/div>\n<div class=\"entry-content full_img\">\n                    \tC\u0103minul Cultural din Pi\u0219chia a g\u0103zduit prima edi\u021bie a Festivalului de Cultur\u0103 B\u0103n\u0103\u021bean\u0103 \u201eIonel Iacob-Bencei\u201d, dedicat valorilor culturale b\u0103n\u0103\u021bene \u0219i memoriei scriitorului Ionel Iacob-Bencei, marc\u00e2nd un debut pentru un proiect cultural care \u00ee\u0219i propune s\u0103 devin\u0103 tradi\u021bie. Evenimentul a atras un public numeros, care a umplut sala p\u00e2n\u0103 la refuz. Festivalul a fost ini\u021biat de&#8230;                    \t<a href=\"https:\/\/debanat.ro\/2025\/12\/la-pischia-a-fost-prima-editie-festivalul-de-cultura-banateana-ionel-iacob-bencei_459598.html\" class=\"read_more\" title=\"Permanent Link to La Pi\u0219chia a fost prima edi\u021bie Festivalul de Cultur\u0103 B\u0103n\u0103\u021bean\u0103 \u201eIonel Iacob-Bencei\u201d\">Cite\u015fte tot articolul<\/a><img decoding=\"async\" alt=\"Citeste articolul La Pi\u0219chia a fost prima edi\u021bie Festivalul de Cultur\u0103 B\u0103n\u0103\u021bean\u0103 \u201eIonel Iacob-Bencei\u201d\" src=\"https:\/\/cdn.debanat.ro\/wp-content\/themes\/debanat\/images\/arr_red.png\"><\/div>\n<div class=\"entry-content full_img\">\n                    \tPentru al optulea an consecutiv, \u00a0Departamentul de Sociologie\u00a0din cadrul Facult\u0103\u021bii de Sociologie \u0219i Asisten\u021b\u0103 Social\u0103 \u0219i studen\u021bii voluntari din cadrul Universit\u0103\u021bii de Vest din Timi\u0219oara \u0219i-au unit eforturile \u0219i au invitat comunitatea academic\u0103 \u0219i publicul larg la \u201eSocio Claus\u201d,\u00a0campania lunii decembrie la UVT, prin care sunt promovate incluziunea, solidaritatea, acceptarea, empatia \u0219i sus\u021binerea fa\u021b\u0103 de&#8230;                    \t<a href=\"https:\/\/debanat.ro\/2025\/12\/socio-claus-a-fost-si-in-acest-an-la-universitatea-de-vest-timisoara_459591.html\" class=\"read_more\" title=\"Permanent Link to Socio Claus a fost \u0219i \u00een acest an la Universitatea de Vest Timi\u0219oara\">Cite\u015fte tot articolul<\/a><img decoding=\"async\" alt=\"Citeste articolul Socio Claus a fost \u0219i \u00een acest an la Universitatea de Vest Timi\u0219oara\" src=\"https:\/\/cdn.debanat.ro\/wp-content\/themes\/debanat\/images\/arr_red.png\"><\/div>\n<div class=\"entry-content full_img\">\n                    \tSRL-ul \u00eenfiin\u021bat de Prim\u0103ria Timi\u0219oara caut\u0103 furnizori pentru produse de igien\u0103 \u0219i cur\u0103\u021benie. Firma a lansat pe SEAP licita\u021bia pentru \u201dAchizi\u021bia \u00een sistem centralizat de produse de \u00eengrijire \u0219i cur\u0103\u021bare a cl\u0103dirilor\/facilit\u0103\u021bilor, inclusiv articole igienico-sanitare din h\u00e2rtie MC-3\u201d. Suma alocat\u0103 este \u00eentre 3,9 \u0219i 4,7 milioane de lei. Achizi\u021bia e \u00eemp\u0103r\u021bit\u0103 pe dou\u0103 loturi: Lot&#8230;                    \t<a href=\"https:\/\/debanat.ro\/2025\/12\/detergenti-hartie-igienica-sau-produse-biocide-de-aproape-cinci-milioane-de-lei-agentia-de-achizitii-publice-timisoara-iese-la-cumparaturi_459587.html\" class=\"read_more\" title=\"Permanent Link to Detergen\u021bi, h\u00e2rtie igienic\u0103 sau produse biocide, de aproape cinci milioane de lei. Agen\u021bia de Achizi\u021bii Publice Timi\u0219oara iese la cump\u0103r\u0103turi\">Cite\u015fte tot articolul<\/a><img decoding=\"async\" alt=\"Citeste articolul Detergen\u021bi, h\u00e2rtie igienic\u0103 sau produse biocide, de aproape cinci milioane de lei. Agen\u021bia de Achizi\u021bii Publice Timi\u0219oara iese la cump\u0103r\u0103turi\" src=\"https:\/\/cdn.debanat.ro\/wp-content\/themes\/debanat\/images\/arr_red.png\"><\/div>\n<div class=\"entry-content full_img\">\n                    \tDuminic\u0103 diminea\u021ba la ora 10, un telefon la 112 anun\u021ba un eveniment rutier nefericit \u00een localitatea Ictar Budin\u021b, astfel c\u0103 ISU Banat a reac\u021bionat imediat. \u00cen accidentul rutier sunt implicate dou\u0103 autoturisme \u00een care se aflau trei persoane. Dintre acestea, dou\u0103 victime au r\u0103mas \u00eencarcerate. Toate persoanele implicate sunt con\u0219tiente, cooperante. La locul evenimentului intervin&#8230;                    \t<a href=\"https:\/\/debanat.ro\/2025\/12\/accident-grav-la-ictar-budint-trei-victime-doua-persoane-incarcerate_459573.html\" class=\"read_more\" title=\"Permanent Link to Accident grav la Ictar Budin\u021b! Trei victime, dou\u0103 persoane \u00eencarcerate\">Cite\u015fte tot articolul<\/a><img decoding=\"async\" alt=\"Citeste articolul Accident grav la Ictar Budin\u021b! Trei victime, dou\u0103 persoane \u00eencarcerate\" src=\"https:\/\/cdn.debanat.ro\/wp-content\/themes\/debanat\/images\/arr_red.png\"><\/div>\n<div class=\"entry-content full_img\">\n                    \t\u00centr-un ritm de via\u021b\u0103 tot mai alert, \u00een care timpul, aten\u021bia \u0219i resursele pentru copii par adesea insuficiente, exist\u0103 ini\u021biative care aleg s\u0103 pun\u0103 copil\u0103ria pe primul loc. Asocia\u021bia Piticii Monei este una dintre acele organiza\u021bii care demonstreaz\u0103 c\u0103 educa\u021bia poate fi construit\u0103 cu r\u0103bdare, consecven\u021b\u0103 \u0219i mult\u0103 implicare comunitar\u0103. Aici, copiii nu sunt doar&#8230;                    \t<a href=\"https:\/\/debanat.ro\/2025\/12\/asociatia-piticii-monei-un-loc-unde-copilaria-este-respectata-iar-educatia-devine-o-experienta-vie_459488.html\" class=\"read_more\" title=\"Permanent Link to Asocia\u021bia Piticii Monei \u2013 un loc unde copil\u0103ria este respectat\u0103, iar educa\u021bia devine o experien\u021b\u0103 vie\">Cite\u015fte tot articolul<\/a><img decoding=\"async\" alt=\"Citeste articolul Asocia\u021bia Piticii Monei \u2013 un loc unde copil\u0103ria este respectat\u0103, iar educa\u021bia devine o experien\u021b\u0103 vie\" src=\"https:\/\/cdn.debanat.ro\/wp-content\/themes\/debanat\/images\/arr_red.png\"><\/div>\n<div class=\"entry-content full_img\">\n                    \tPrim-divizionara de baschet SCM Politehnica Timi\u0219oara a ob\u021binut un succes spectaculos \u0219i important \u00een fa\u021ba unei vecine de clasament, CSM Corona Bra\u0219ov, 107-94, iar acum cele dou\u0103 combatante au aceea\u0219i linie de clasament, 6 victorii, 6 \u00eenfr\u00e2ngeri. Meciul a \u00eenceput direct, f\u0103r\u0103 tatonare, cu execu\u021bii precise \u0219i spectaculoase, bine\u00een\u021beles cu un plus pentru b\u0103n\u0103\u021beni care&#8230;                    \t<a href=\"https:\/\/debanat.ro\/2025\/12\/spectacol-ofensiv-scm-politehnica-a-depasit-suta-in-meciul-cu-brasovul_459568.html\" class=\"read_more\" title=\"Permanent Link to Spectacol ofensiv! SCM Politehnica a dep\u0103\u0219it suta \u00een meciul cu Bra\u0219ovul\">Cite\u015fte tot articolul<\/a><img decoding=\"async\" alt=\"Citeste articolul Spectacol ofensiv! SCM Politehnica a dep\u0103\u0219it suta \u00een meciul cu Bra\u0219ovul\" src=\"https:\/\/cdn.debanat.ro\/wp-content\/themes\/debanat\/images\/arr_red.png\"><\/div>\n<div class=\"entry-content full_img\">\n                    \tUn num\u0103r de 11 noi arbori au fost planta\u021bi pe malul Beg\u0103i, pe Aleea Libert\u0103\u021bii, de l\u00e2ng\u0103 Podul Decebal, fiecare \u00een memoria unui revolu\u021bionar. Este al doilea an c\u00e2nd se desf\u0103\u0219oar\u0103 un astfel de eveniment, organizat de Prim\u0103ria Timi\u015foara \u015fi SC Horticultura. Au participat viceprimarul Timi\u0219oarei, Paula Romocean, precum \u0219i revolu\u021bionari \u0219i cet\u0103\u021beni de onoare&#8230;                    \t<a href=\"https:\/\/debanat.ro\/2025\/12\/pe-aleea-libertatii-au-fost-plantati-11-noi-arbori-dedicati-revolutionarilor-timisoreni-foto_459556.html\" class=\"read_more\" title=\"Permanent Link to Pe Aleea Libert\u0103\u021bii au fost planta\u021bi 11 noi arbori, dedica\u021bi revolu\u021bionarilor timi\u0219oreni\/FOTO\">Cite\u015fte tot articolul<\/a><img decoding=\"async\" alt=\"Citeste articolul Pe Aleea Libert\u0103\u021bii au fost planta\u021bi 11 noi arbori, dedica\u021bi revolu\u021bionarilor timi\u0219oreni\/FOTO\" src=\"https:\/\/cdn.debanat.ro\/wp-content\/themes\/debanat\/images\/arr_red.png\"><\/div>\n<div class=\"entry-content full_img\">\n                    \t\u00a0 Cupa Rom\u00e2niei vine \u00een Banat! Acolo unde \u00eei este \u0219i locul! Dup\u0103 patru e\u0219ecuri \u00een acest 2025 \u00een fa\u021ba echipei din Baia Mare, una \u00een finala campionatului, iat\u0103 c\u0103 a venit \u0219i izb\u0103virea, \u00eentr-o dat\u0103 simbol pentru Timi\u0219oara, 20 decembrie! A fost 18-11 pentru gruparea b\u0103n\u0103\u021bean\u0103, care c\u00e2\u0219tig\u0103 trofeul pentru a \u0219asea oar\u0103, a&#8230;                    \t<a href=\"https:\/\/debanat.ro\/2025\/12\/6-vine-cupa-scm-usv-timisoara-se-razbuna-in-ultimul-meci-al-sezonului-pe-csm-baia-mare_459550.html\" class=\"read_more\" title=\"Permanent Link to 6, vine Cupa! SCM USV Timi\u0219oara se r\u0103zbun\u0103 \u00een ultimul meci al sezonului pe CSM Baia Mare\">Cite\u015fte tot articolul<\/a><img decoding=\"async\" alt=\"Citeste articolul 6, vine Cupa! SCM USV Timi\u0219oara se r\u0103zbun\u0103 \u00een ultimul meci al sezonului pe CSM Baia Mare\" src=\"https:\/\/cdn.debanat.ro\/wp-content\/themes\/debanat\/images\/arr_red.png\"><\/div>\n<div class=\"entry-content full_img\">\n                    \tCarambol cu opt vehicule implicate pe A1, km 470, Iosifal\u0103u, sensul Timi\u015foara \u2013 Lugoj. Se circul\u0103 pe benzile 1 \u0219i 2. Vehiculele avariate se afl\u0103 pe banda de urgen\u021b\u0103. \u201e\u00cen urma evenimentului, traficul rutier se desf\u0103\u0219oar\u0103 cu dificultate, fiind format\u0103 o coloan\u0103 de aproximativ 4 kilometri. Poli\u021bi\u0219tii recomand\u0103 conduc\u0103torilor auto s\u0103 p\u0103streze o distan\u021b\u0103 corespunz\u0103toare&#8230;                    \t<a href=\"https:\/\/debanat.ro\/2025\/12\/carambol-pe-a1-opt-masini-implicate-din-fericire-fara-victime_459547.html\" class=\"read_more\" title=\"Permanent Link to Carambol pe A1! Opt ma\u0219ini implicate, din fericire, f\u0103r\u0103 victime\">Cite\u015fte tot articolul<\/a><img decoding=\"async\" alt=\"Citeste articolul Carambol pe A1! Opt ma\u0219ini implicate, din fericire, f\u0103r\u0103 victime\" src=\"https:\/\/cdn.debanat.ro\/wp-content\/themes\/debanat\/images\/arr_red.png\"><\/div>\n<div class=\"entry-content full_img\">\n                    \tAstfel, programul calendaristic pentru efectuarea principalelor opera\u0163iuni de \u00eencheiere a exerci\u0163iului bugetar al anului 2025 prin unit\u0103\u0163ile trezoreriei statului va fi unul special. Iat\u0103 care este calendarul opera\u021biunilor Opera\u0163iuni \u00een numerar 1. Ridicarea sumelor \u00een numerar din conturile institu\u0163iilor publice deschise la unit\u0103\u0163ile Trezoreriei Statului. Autoritatea de Investiga\u0163ii \u015fi Analiz\u0103 pentru Siguran\u0163a Avia\u0163iei Civile poate&#8230;                    \t<a href=\"https:\/\/debanat.ro\/2025\/12\/anaf-a-anuntat-programul-special-al-operatiunilor-pentru-finalul-de-an_459544.html\" class=\"read_more\" title=\"Permanent Link to ANAF a anun\u021bat programul special al opera\u021biunilor pentru finalul de an\">Cite\u015fte tot articolul<\/a><img decoding=\"async\" alt=\"Citeste articolul ANAF a anun\u021bat programul special al opera\u021biunilor pentru finalul de an\" src=\"https:\/\/cdn.debanat.ro\/wp-content\/themes\/debanat\/images\/arr_red.png\"><\/div>\n<p> Source URL: https:\/\/debanat.ro\/2013\/03\/mfeur-lanseaza-ultimele-19-apeluri-de-proiecte-din-acest-ciclu-financiar-pe-posdru_50474.html<\/p>\n","protected":false},"excerpt":{"rendered":"<p>Ministerul Fondurilor Europene a anun\u021bat programele opera\u021bionale care mai au fonduri disponibile din ciclul financiar 2007-2013 \u0219i liniile de finan\u021bare ce se vor deschide \u00een acest an. \u00cen cadrul Programului Opera\u021bional Sectorial Dezvoltarea Resurselor Umane, proasp\u0103t deblocat de c\u0103tre CE, ar urma s\u0103 se lanseze 19 linii de finan\u021bare, de\u0219i calendarul orientativ, pe luni, nu [&hellip;]<\/p>\n","protected":false},"author":1,"featured_media":0,"comment_status":"open","ping_status":"","sticky":false,"template":"","format":"standard","meta":{"footnotes":""},"categories":[89],"tags":[192],"class_list":["post-1235164","post","type-post","status-publish","format-standard","hentry","category-romania","tag-debanat-ro"],"_links":{"self":[{"href":"https:\/\/analyse.optim.biz\/index.php?rest_route=\/wp\/v2\/posts\/1235164","targetHints":{"allow":["GET"]}}],"collection":[{"href":"https:\/\/analyse.optim.biz\/index.php?rest_route=\/wp\/v2\/posts"}],"about":[{"href":"https:\/\/analyse.optim.biz\/index.php?rest_route=\/wp\/v2\/types\/post"}],"author":[{"embeddable":true,"href":"https:\/\/analyse.optim.biz\/index.php?rest_route=\/wp\/v2\/users\/1"}],"replies":[{"embeddable":true,"href":"https:\/\/analyse.optim.biz\/index.php?rest_route=%2Fwp%2Fv2%2Fcomments&post=1235164"}],"version-history":[{"count":0,"href":"https:\/\/analyse.optim.biz\/index.php?rest_route=\/wp\/v2\/posts\/1235164\/revisions"}],"wp:attachment":[{"href":"https:\/\/analyse.optim.biz\/index.php?rest_route=%2Fwp%2Fv2%2Fmedia&parent=1235164"}],"wp:term":[{"taxonomy":"category","embeddable":true,"href":"https:\/\/analyse.optim.biz\/index.php?rest_route=%2Fwp%2Fv2%2Fcategories&post=1235164"},{"taxonomy":"post_tag","embeddable":true,"href":"https:\/\/analyse.optim.biz\/index.php?rest_route=%2Fwp%2Fv2%2Ftags&post=1235164"}],"curies":[{"name":"wp","href":"https:\/\/api.w.org\/{rel}","templated":true}]}}