{"id":1234673,"date":"2016-06-19T08:30:35","date_gmt":"2016-06-19T05:30:35","guid":{"rendered":"https:\/\/analyse.optim.biz\/?p=1234673"},"modified":"2016-06-19T08:30:35","modified_gmt":"2016-06-19T05:30:35","slug":"timisoara-uitata-petre-stoica-autorul-care-scria-poezii-in-grai-banatean-de-la-varsta-de-12-ani-si-a-infiintat-un-muzeu-unic-in-tara-foto","status":"publish","type":"post","link":"https:\/\/analyse.optim.biz\/?p=1234673","title":{"rendered":"TIMI\u0218OARA UITAT\u0102 Petre Stoica, autorul care scria poezii \u00een grai b\u0103n\u0103\u021bean de la v\u00e2rsta de 12 ani \u0219i a \u00eenfiin\u021bat un muzeu unic \u00een \u021bar\u0103 FOTO"},"content":{"rendered":"<article id=\"post-233584\" class=\"post-233584 post type-post status-publish format-standard has-post-thumbnail hentry category-campanii-pressalert category-stiri category-timisoara-uitata-campanii-pressalert tag-cafeneaua-literara-apunake tag-colectii tag-fundatia-culturala-petre-stoica tag-gazetarie tag-jimbolia tag-muzeul-presei tag-peciu-nou tag-petre-stoica tag-premii tag-raritati tag-scriitor tag-timisoara-uitata tag-volume\">\n<div class=\"td-post-header td-pb-padding-side\">\n<div class=\"entry-crumbs\"><span><a title class=\"entry-crumb\" href=\"https:\/\/www.pressalert.ro\/\"><span>Acas\u0103<\/span><\/a><\/span><span><a title=\"Vede\u021bi toate articolele \u00een Campanii PRESSALERT\" class=\"entry-crumb\" href=\"https:\/\/www.pressalert.ro\/category\/campanii-pressalert\/\"><span>Campanii PRESSALERT<\/span><\/a><\/span><span class=\"td-bred-no-url-last\">TIMI\u0218OARA UITAT\u0102 Petre Stoica, autorul care scria poezii \u00een grai b\u0103n\u0103\u021bean de&#8230;<\/span><\/div>\n<ul class=\"td-category\">\n<li class=\"entry-category\"><a href=\"https:\/\/www.pressalert.ro\/category\/campanii-pressalert\/\">Campanii PRESSALERT<\/a><\/li>\n<li class=\"entry-category\"><a href=\"https:\/\/www.pressalert.ro\/category\/stiri\/\">\u015etiri<\/a><\/li>\n<li class=\"entry-category\"><a href=\"https:\/\/www.pressalert.ro\/category\/campanii-pressalert\/timisoara-uitata-campanii-pressalert\/\">Timi\u0219oara uitat\u0103<\/a><\/li>\n<\/ul>\n<header>\n<h1 class=\"entry-title\">TIMI\u0218OARA UITAT\u0102 Petre Stoica, autorul care scria poezii \u00een grai b\u0103n\u0103\u021bean de la v\u00e2rsta de 12 ani \u0219i a \u00eenfiin\u021bat un muzeu unic \u00een \u021bar\u0103 FOTO<\/h1>\n<div class=\"meta-info\">\n<div class=\"td-post-author-name\">\n<div class=\"td-author-by\">De<\/div>\n<p><a href=\"https:\/\/www.pressalert.ro\/author\/liana-paun\/\">Liana P\u0103un<\/a><\/p>\n<div class=\"td-author-line\"> &#8211; <\/div>\n<\/div>\n<p><span class=\"td-post-date\"><time class=\"entry-date updated td-module-date\" datetime=\"2016-06-19T08:30:35+00:00\">iun. 19, 2016<\/time><\/span><\/p>\n<div class=\"td-post-comments\"><a href=\"https:\/\/www.pressalert.ro\/2016\/06\/timisoara-uitata-petre-stoica-jimbolia-peciu-nou\/#comments\">1<\/a><\/div>\n<\/div>\n<\/header>\n<\/div>\n<div class=\"td-post-sharing td-post-sharing-top td-pb-padding-side\"><span class=\"td-post-share-title\">DISTRIBUI\u021aI<\/span><\/p>\n<div class=\"td-default-sharing \"><a class=\"td-social-sharing-buttons td-social-facebook\" href=\"http:\/\/www.facebook.com\/sharer.php?u=https%3A%2F%2Fwww.pressalert.ro%2F2016%2F06%2Ftimisoara-uitata-petre-stoica-jimbolia-peciu-nou%2F\"><\/p>\n<div class=\"td-social-but-text\">Facebook<\/div>\n<p><\/a><a class=\"td-social-sharing-buttons td-social-twitter\" href=\"https:\/\/twitter.com\/intent\/tweet?text=TIMI%C8%98OARA+UITAT%C4%82+Petre+Stoica%2C+autorul+care+scria+poezii+%C3%AEn+grai+b%C4%83n%C4%83%C8%9Bean+de+la+v%C3%A2rsta+de+12+ani+%C8%99i+a+%C3%AEnfiin%C8%9Bat+un+muzeu+unic+%C3%AEn+%C8%9Bar%C4%83+FOTO&amp;url=https%3A%2F%2Fwww.pressalert.ro%2F2016%2F06%2Ftimisoara-uitata-petre-stoica-jimbolia-peciu-nou%2F&amp;via=PRESSALERT.ro\"><\/p>\n<div class=\"td-social-but-text\">Twitter<\/div>\n<p><\/a><\/div>\n<\/div>\n<div class=\"td-post-content td-pb-padding-side\">\n<figure id=\"attachment_233586\" aria-describedby=\"caption-attachment-233586\" class=\"wp-caption aligncenter\"><img decoding=\"async\" loading=\"lazy\" class=\"wp-image-233586 size-thumbnail\" src=\"http:\/\/www.pressalert.ro\/wp-content\/uploads\/2016\/06\/2.-petre-stoica-300x300.jpg\" alt=\"2. petre stoica\" width=\"300\" height=\"300\"><figcaption id=\"caption-attachment-233586\" class=\"wp-caption-text\">Petre Stoica<\/figcaption><\/figure>\n<p>N\u0103scut la Peciu Nou \u00een februarie 1931, Petre Stoica a urmat liceul \u201eC.D. Loga\u201d din Timi\u015foara \u015fi a absolvit facultatea de filologie din Bucure\u015fti. \u00centre timp, familia sa fusese deportat\u0103 \u00een B\u0103r\u0103gan, astfel \u00eenc\u00e2t dup\u0103 absolvirea facult\u0103\u0163ii a r\u0103mas \u00een Bucure\u015fti. A fost corector la E.S.P.L.A., apoi redactor la prestigioasa revist\u0103 de cultur\u0103 \u201eSecolul XX\u201d, ulterior devenind liber-profesionist \u015fi tr\u0103ind numai din scris.<\/p>\n<h3>Volume \u015fi premii<\/h3>\n<p>La v\u00e2rsta de 12 ani, Petre Stoica scria poezii \u00een grai b\u0103n\u0103\u0163ean, iar \u00een 1957 debuta cu o plachet\u0103 de versuri, intitulat\u0103 \u201ePoeme\u201d. Dup\u0103 acest prim volum, a publicat peste 40 de volume de versuri, proz\u0103, memorialistic\u0103, publicistic\u0103 \u015fi traduceri din lirica universal\u0103, mai ales cea german\u0103. Opera sa a fost distins\u0103 cu mai multe premii literare, printre care cel al Uniunii Scriitorilor pentru volumul de versuri \u201eIepuri \u015fi anotimpuri\u201d \u015fi premiul na\u0163ional de poezie \u201eMihai Eminescu\u201d. \u00cen primii ani postdecembri\u015fti, la fel ca majoritatea scriitorilor, a intrat \u00een gazet\u0103rie, a fost o vreme redactor-\u015fef al ziarului PN\u0162CD \u201eDreptatea\u201d \u015fi a \u00eenfiin\u0163at \u201eDreptatea literar\u0103\u201d, la care, \u00een aproape cele o sut\u0103 de numere editate, a avut colaboratori de mare prestigiu.<\/p>\n<h3>Funda\u0163ia Petre Stoica<\/h3>\n<p>\u00cen 1995, Petre Stoica a decis s\u0103 lase Bucure\u015ftiul pentru a se re\u00eentoarce \u00een Banatul natal, \u015fi a ales s\u0103 se stabileasc\u0103 \u00een or\u0103\u015felul Jimbolia, supranumit odinioar\u0103 \u201emicul Weimar al \u015fvabilor din Rom\u00e2nia\u201d. \u015ei-a adus de la Bucure\u015fti impresionanta bibliotec\u0103 alc\u0103tuit\u0103 din aproape 15.000 de volume \u015fi colec\u0163iile de tablouri, ex-libris-uri, filatelie, cartofilie, icoane rom\u00e2ne\u015fti, medalistic\u0103, adunate cu migal\u0103 de-a lungul anilor. Decora\u0163ii, r\u00e2\u015fni\u0163e de cafea, c\u00e2ntare, clepsidre, ceasuri vechi, sticle de sifon sunt alte obiecte din colec\u0163ia sa, pe care a completat-o cu obiecte vechi pe care le-a mai g\u0103sit la Jimbolia. Multe dintre obiectele aflate \u00een colec\u0163iile poetului sunt adev\u0103rate rarit\u0103\u0163i.<\/p>\n<p>Germanist de forma\u0163ie, Petre Stoica a \u00eenfiin\u0163at la Jimbolia o funda\u0163ie cultural\u0103 rom\u00e2no-german\u0103 care i-a purtat numele \u015fi a organizat o serie de expozi\u0163ii \u015fi manifest\u0103ri culturale de \u0163inut\u0103 european\u0103, s-a ocupat cu descoperirea \u015fi studierea documentelor legate de existen\u0163a a\u015fez\u0103rii. A reu\u015fit s\u0103 recupereze o cantitate impresionant\u0103 de manuscrise, fotografii sau documente, obiecte care pot reconstitui, m\u0103car \u00een parte, istoria ora\u015fului. A descoperit, printre altele, arhiva fostei fabrici de p\u0103l\u0103rii, un sigiliu al familiei Csekonics, care devenise proprietara p\u0103m\u00e2nturilor din jurul vechii a\u015fez\u0103ri \u00eenc\u0103 de la sf\u00e2r\u015fitul secolului al XVIII-lea, un certificat de me\u015fter asem\u0103n\u0103tor celor din capitalele Europei sau c\u0103r\u0163i vechi de o remarcabil\u0103 valoare. Memorabile sunt \u015fi pozele de epoc\u0103 din gara Jimbolia, printre care poze ale Regelui Mihai \u00een gar\u0103, a\u015ftept\u00e2nd-o pe regina-mam\u0103 Elena la re\u00eentoarcerea din exilul impus de Carol al II-lea.<\/p>\n<h3>Cafeneaua literar\u0103 \u201eApunake\u201d<\/h3>\n<p>\u00cen 1999, scriitorul a inaugurat, la Jimbolia, cafeneaua literar\u0103 \u201eApunake\u201d, personaj al scriitorului Grigore Cugler, un \u00eendr\u0103git autor de texte absurde \u015fi suprarealiste din anii interbelici, din care recita cu mult\u0103 pl\u0103cere \u00een anii studen\u0163iei. Cafeneaua a devenit \u00een scurt timp un punct de atrac\u0163ie al ora\u015fului. Aici se organizau lans\u0103ri de carte, expozi\u0163ii, cenacluri literare. Ambientul, de un gust des\u0103v\u00e2r\u015fit, a fost opera exclusiv\u0103 a lui Petre Stoica, multe din obiectele expuse aici fiind din colec\u0163ia sa personal\u0103.<\/p>\n<p>Printre oaspe\u0163ii de vaz\u0103 ai cafenelei s-au num\u0103rat consulul Germaniei la Timi\u015foara, directorul Centrului Cultural Francez, poetul Mircea Dinescu, numeroase oficialit\u0103\u0163i. Tot la casa de cultur\u0103, unde a deschis cafeneaua, Petre Stoica a \u00eencropit \u015fi o mic\u0103 libr\u0103rie, unde a v\u00e2ndut numeroase c\u0103r\u0163i.<\/p>\n<h3>Muzeul presei, unic \u00een Rom\u00e2nia<\/h3>\n<p>Petre Stoica a fost, deopotriv\u0103, un pasionat colec\u0163ionar de ziare vechi.<\/p>\n<p> Printre acestea se num\u0103r\u0103 exemplare din ziarul \u201eTimpul\u201d \u00een care semna Mihai Eminescu, toate numerele publica\u0163iei \u201eCurier de ambe sexe\u201d, editat\u0103 de Ion Heliade R\u0103dulescu care au ap\u0103rut \u00eentre 1836 \u015fi 1838 \u015fi au fost legate \u00een 1862. Colec\u0163ia adus\u0103 de la Bucure\u015fti a fost completat\u0103 cu ziare jimboliene de la sf\u00e2r\u015fitul secolului al XIX-lea \u015fi \u00eenceputul secolului XX, dintre care unele \u00een mai multe limbi.<\/p>\n<p>\u00cen colec\u0163ia sa se g\u0103se\u015fte \u015fi publica\u0163ia \u201eVl\u0103starul\u201d, revist\u0103 a liceului \u201eSf. Sava, \u00een care a fost publicat articolul de debut al lui Mircea Eliade, iar exemplarele din ziarul \u201eDiminea\u0163a\u201d arat\u0103 c\u0103 policromia \u00een pres\u0103 era folosit\u0103 \u015fi la 1912. El a reu\u015fit, \u00een ultimii ani de via\u0163\u0103, s\u0103 \u00eenfiin\u0163eze la Jimbolia un muzeu al presei, unic \u00een Rom\u00e2nia \u015fi al doilea din Europa, \u00een care sunt expuse valoroasele exemplare din colec\u0163iile sale, pe care le-a donat ora\u015fului.<\/p>\n<p>S-a stins din via\u0163\u0103 la 78 de ani, \u00een prima diminea\u0163\u0103 de prim\u0103var\u0103 a anului 2009, la Jimbolia, vechea a\u015fezare \u015fv\u0103beasc\u0103 pe care a transformat-o \u00eentr-un ora\u015f al culturii.<\/p>\n<div id=\"gallery-2\" class=\"gallery galleryid-233584 gallery-columns-7 gallery-size-thumbnail\">\n<figure class=\"gallery-item\">\n<div class=\"gallery-icon portrait\"><a href=\"https:\/\/www.pressalert.ro\/wp-content\/uploads\/2016\/06\/7.-ultimul-spectacol.jpg\"><img decoding=\"async\" loading=\"lazy\" width=\"300\" height=\"300\" src=\"https:\/\/www.pressalert.ro\/wp-content\/uploads\/2016\/06\/7.-ultimul-spectacol-300x300.jpg\" class=\"attachment-thumbnail size-thumbnail\" alt><\/a><\/div>\n<\/figure>\n<figure class=\"gallery-item\">\n<div class=\"gallery-icon portrait\"><a href=\"https:\/\/www.pressalert.ro\/wp-content\/uploads\/2016\/06\/6.-viata-mea-la-tara.jpg\"><img decoding=\"async\" loading=\"lazy\" width=\"300\" height=\"300\" src=\"https:\/\/www.pressalert.ro\/wp-content\/uploads\/2016\/06\/6.-viata-mea-la-tara-300x300.jpg\" class=\"attachment-thumbnail size-thumbnail\" alt><\/a><\/div>\n<\/figure>\n<figure class=\"gallery-item\">\n<div class=\"gallery-icon portrait\"><a href=\"https:\/\/www.pressalert.ro\/wp-content\/uploads\/2016\/06\/5.-cele-mai-frumoase-poezii.jpg\"><img decoding=\"async\" loading=\"lazy\" width=\"191\" height=\"279\" src=\"https:\/\/www.pressalert.ro\/wp-content\/uploads\/2016\/06\/5.-cele-mai-frumoase-poezii.jpg\" class=\"attachment-thumbnail size-thumbnail\" alt><\/a><\/div>\n<\/figure>\n<figure class=\"gallery-item\">\n<div class=\"gallery-icon portrait\"><a href=\"https:\/\/www.pressalert.ro\/wp-content\/uploads\/2016\/06\/4.-iepuri-si-anotimpuri.jpg\"><img decoding=\"async\" loading=\"lazy\" width=\"243\" height=\"300\" src=\"https:\/\/www.pressalert.ro\/wp-content\/uploads\/2016\/06\/4.-iepuri-si-anotimpuri-243x300.jpg\" class=\"attachment-thumbnail size-thumbnail\" alt><\/a><\/div>\n<\/figure>\n<figure class=\"gallery-item\">\n<div class=\"gallery-icon landscape\"><a href=\"https:\/\/www.pressalert.ro\/wp-content\/uploads\/2016\/06\/3.-petre-stoica.jpg\"><img decoding=\"async\" loading=\"lazy\" width=\"300\" height=\"300\" src=\"https:\/\/www.pressalert.ro\/wp-content\/uploads\/2016\/06\/3.-petre-stoica-300x300.jpg\" class=\"attachment-thumbnail size-thumbnail\" alt><\/a><\/div>\n<\/figure>\n<figure class=\"gallery-item\">\n<div class=\"gallery-icon landscape\"><a href=\"https:\/\/www.pressalert.ro\/wp-content\/uploads\/2016\/06\/2.-petre-stoica.jpg\"><img decoding=\"async\" loading=\"lazy\" width=\"300\" height=\"300\" src=\"https:\/\/www.pressalert.ro\/wp-content\/uploads\/2016\/06\/2.-petre-stoica-300x300.jpg\" class=\"attachment-thumbnail size-thumbnail\" alt><\/a><\/div>\n<\/figure>\n<figure class=\"gallery-item\">\n<div class=\"gallery-icon portrait\"><a href=\"https:\/\/www.pressalert.ro\/wp-content\/uploads\/2016\/06\/1.-petre-stoica.jpg\"><img decoding=\"async\" loading=\"lazy\" width=\"300\" height=\"300\" src=\"https:\/\/www.pressalert.ro\/wp-content\/uploads\/2016\/06\/1.-petre-stoica-300x300.jpg\" class=\"attachment-thumbnail size-thumbnail\" alt><\/a><\/div>\n<\/figure>\n<\/div>\n<p>Surse foto: stiri.botosani.ro, romanianliterature.wikia.com, poezie.ro<\/p>\n<\/div>\n<footer>\n<div class=\"td-post-source-tags td-pb-padding-side\">\n<ul class=\"td-tags td-post-small-box clearfix\">\n<li><span>ETICHETE<\/span><\/li>\n<li><a href=\"https:\/\/www.pressalert.ro\/tag\/cafeneaua-literara-apunake\/\">cafeneaua literar\u0103 \u201eApunake\u201d<\/a><\/li>\n<li><a href=\"https:\/\/www.pressalert.ro\/tag\/colectii\/\">colectii<\/a><\/li>\n<li><a href=\"https:\/\/www.pressalert.ro\/tag\/fundatia-culturala-petre-stoica\/\">funda\u0163ia cultural\u0103 \u201ePetre Stoica\u201d<\/a><\/li>\n<li><a href=\"https:\/\/www.pressalert.ro\/tag\/gazetarie\/\">gazet\u0103rie<\/a><\/li>\n<li><a href=\"https:\/\/www.pressalert.ro\/tag\/jimbolia\/\">jimbolia<\/a><\/li>\n<li><a href=\"https:\/\/www.pressalert.ro\/tag\/muzeul-presei\/\">muzeul presei<\/a><\/li>\n<li><a href=\"https:\/\/www.pressalert.ro\/tag\/peciu-nou\/\">peciu nou<\/a><\/li>\n<li><a href=\"https:\/\/www.pressalert.ro\/tag\/petre-stoica\/\">Petre Stoica<\/a><\/li>\n<li><a href=\"https:\/\/www.pressalert.ro\/tag\/premii\/\">premii<\/a><\/li>\n<li><a href=\"https:\/\/www.pressalert.ro\/tag\/raritati\/\">rarit\u0103\u0163i<\/a><\/li>\n<li><a href=\"https:\/\/www.pressalert.ro\/tag\/scriitor\/\">scriitor<\/a><\/li>\n<li><a href=\"https:\/\/www.pressalert.ro\/tag\/timisoara-uitata\/\">timisoara uitata<\/a><\/li>\n<li><a href=\"https:\/\/www.pressalert.ro\/tag\/volume\/\">volume<\/a><\/li>\n<\/ul>\n<\/div>\n<div class=\"td-post-sharing td-post-sharing-bottom td-pb-padding-side\"><span class=\"td-post-share-title\">DISTRIBUI\u021aI<\/span><\/p>\n<div class=\"td-default-sharing \"><a class=\"td-social-sharing-buttons td-social-facebook\" href=\"http:\/\/www.facebook.com\/sharer.php?u=https%3A%2F%2Fwww.pressalert.ro%2F2016%2F06%2Ftimisoara-uitata-petre-stoica-jimbolia-peciu-nou%2F\"><\/p>\n<div class=\"td-social-but-text\">Facebook<\/div>\n<p><\/a><a class=\"td-social-sharing-buttons td-social-twitter\" href=\"https:\/\/twitter.com\/intent\/tweet?text=TIMI%C8%98OARA+UITAT%C4%82+Petre+Stoica%2C+autorul+care+scria+poezii+%C3%AEn+grai+b%C4%83n%C4%83%C8%9Bean+de+la+v%C3%A2rsta+de+12+ani+%C8%99i+a+%C3%AEnfiin%C8%9Bat+un+muzeu+unic+%C3%AEn+%C8%9Bar%C4%83+FOTO&amp;url=https%3A%2F%2Fwww.pressalert.ro%2F2016%2F06%2Ftimisoara-uitata-petre-stoica-jimbolia-peciu-nou%2F&amp;via=PRESSALERT.ro\"><\/p>\n<div class=\"td-social-but-text\">Twitter<\/div>\n<p><\/a><\/div>\n<\/div>\n<div class=\"td-block-row td-post-next-prev\">\n<div class=\"td-block-span6 td-post-prev-post\">\n<div class=\"td-post-next-prev-content\"><span>Articolul precedent<\/span><a href=\"https:\/\/www.pressalert.ro\/2016\/06\/mutare-la-inaltime-pentru-bc-timisoara-ce-fost-rival-din-lupta-pentru-supravietuire-devenit-leu\/\">Mutare \u201dla \u00een\u0103l\u021bime\u201d pentru BC Timi\u0219oara. Ce fost rival din lupta pentru supravie\u021buire a devenit \u201dleu\u201d<\/a><\/div>\n<\/div>\n<div class=\"td-block-span6 td-post-next-post\">\n<div class=\"td-post-next-prev-content\"><span>Articolul urm\u0103tor<\/span><a href=\"https:\/\/www.pressalert.ro\/2016\/06\/piata-imobiliara-timisoara-preturi\/\">Timi\u0219oara, contra curentului pe pia\u021ba imobiliar\u0103. Cu c\u00e2t au SC\u0102ZUT pre\u021burile apartamentelor \u00een luna mai<\/a><\/div>\n<\/div>\n<\/div>\n<div class=\"author-box-wrap\"><a href=\"https:\/\/www.pressalert.ro\/author\/liana-paun\/\"><img decoding=\"async\" alt src=\"https:\/\/secure.gravatar.com\/avatar\/e237afe71dbb475f2bb6dffeb603d703?s=96&amp;d=mm&amp;r=g\" class=\"avatar avatar-96 photo\" height=\"96\" width=\"96\" loading=\"lazy\"><\/a><\/p>\n<div class=\"desc\">\n<div class=\"td-author-name vcard author\"><span class=\"fn\"><a href=\"https:\/\/www.pressalert.ro\/author\/liana-paun\/\">Liana P\u0103un<\/a><\/span><\/div>\n<div class=\"td-author-url\"><a href=\"http:\/\/www.pressalert.ro\">http:\/\/www.pressalert.ro<\/a><\/div>\n<\/div>\n<\/div>\n<p><span><\/span><span><span><\/span><\/span><span><\/span><\/footer>\n<\/article>\n<p> Source URL: https:\/\/www.pressalert.ro\/2016\/06\/timisoara-uitata-petre-stoica-jimbolia-peciu-nou\/<\/p>\n","protected":false},"excerpt":{"rendered":"<p>Acas\u0103Campanii PRESSALERTTIMI\u0218OARA UITAT\u0102 Petre Stoica, autorul care scria poezii \u00een grai b\u0103n\u0103\u021bean de&#8230; Campanii PRESSALERT \u015etiri Timi\u0219oara uitat\u0103 TIMI\u0218OARA UITAT\u0102 Petre Stoica, autorul care scria poezii \u00een grai b\u0103n\u0103\u021bean de la v\u00e2rsta de 12 ani \u0219i a \u00eenfiin\u021bat un muzeu unic \u00een \u021bar\u0103 FOTO De Liana P\u0103un &#8211; iun. 19, 2016 1 DISTRIBUI\u021aI Facebook Twitter [&hellip;]<\/p>\n","protected":false},"author":1,"featured_media":0,"comment_status":"open","ping_status":"","sticky":false,"template":"","format":"standard","meta":{"footnotes":""},"categories":[89],"tags":[176],"class_list":["post-1234673","post","type-post","status-publish","format-standard","hentry","category-romania","tag-pressalert-ro"],"_links":{"self":[{"href":"https:\/\/analyse.optim.biz\/index.php?rest_route=\/wp\/v2\/posts\/1234673","targetHints":{"allow":["GET"]}}],"collection":[{"href":"https:\/\/analyse.optim.biz\/index.php?rest_route=\/wp\/v2\/posts"}],"about":[{"href":"https:\/\/analyse.optim.biz\/index.php?rest_route=\/wp\/v2\/types\/post"}],"author":[{"embeddable":true,"href":"https:\/\/analyse.optim.biz\/index.php?rest_route=\/wp\/v2\/users\/1"}],"replies":[{"embeddable":true,"href":"https:\/\/analyse.optim.biz\/index.php?rest_route=%2Fwp%2Fv2%2Fcomments&post=1234673"}],"version-history":[{"count":0,"href":"https:\/\/analyse.optim.biz\/index.php?rest_route=\/wp\/v2\/posts\/1234673\/revisions"}],"wp:attachment":[{"href":"https:\/\/analyse.optim.biz\/index.php?rest_route=%2Fwp%2Fv2%2Fmedia&parent=1234673"}],"wp:term":[{"taxonomy":"category","embeddable":true,"href":"https:\/\/analyse.optim.biz\/index.php?rest_route=%2Fwp%2Fv2%2Fcategories&post=1234673"},{"taxonomy":"post_tag","embeddable":true,"href":"https:\/\/analyse.optim.biz\/index.php?rest_route=%2Fwp%2Fv2%2Ftags&post=1234673"}],"curies":[{"name":"wp","href":"https:\/\/api.w.org\/{rel}","templated":true}]}}