{"id":1234671,"date":"2016-06-26T08:30:03","date_gmt":"2016-06-26T05:30:03","guid":{"rendered":"https:\/\/analyse.optim.biz\/?p=1234671"},"modified":"2016-06-26T08:30:03","modified_gmt":"2016-06-26T05:30:03","slug":"timisoara-uitata-sorin-titel-scriitorul-exmatriculat-de-comunisti-din-facultate-pentru-solidarizarea-cu-revolutia-din-ungaria","status":"publish","type":"post","link":"https:\/\/analyse.optim.biz\/?p=1234671","title":{"rendered":"TIMI\u0218OARA UITAT\u0102 Sorin Titel, scriitorul exmatriculat de comuni\u0219ti din facultate pentru solidarizarea cu Revolu\u021bia din Ungaria"},"content":{"rendered":"<article id=\"post-234528\" class=\"post-234528 post type-post status-publish format-standard has-post-thumbnail hentry category-campanii-pressalert category-timisoara-uitata-campanii-pressalert tag-margina tag-opera tag-scriitor tag-sorin-titel tag-studii tag-timisoara-uitata\">\n<div class=\"td-post-header td-pb-padding-side\">\n<div class=\"entry-crumbs\"><span><a title class=\"entry-crumb\" href=\"https:\/\/www.pressalert.ro\/\"><span>Acas\u0103<\/span><\/a><\/span><span><a title=\"Vede\u021bi toate articolele \u00een Campanii PRESSALERT\" class=\"entry-crumb\" href=\"https:\/\/www.pressalert.ro\/category\/campanii-pressalert\/\"><span>Campanii PRESSALERT<\/span><\/a><\/span><span class=\"td-bred-no-url-last\">TIMI\u0218OARA UITAT\u0102 Sorin Titel, scriitorul exmatriculat de comuni\u0219ti din facultate pentru solidarizarea&#8230;<\/span><\/div>\n<ul class=\"td-category\">\n<li class=\"entry-category\"><a href=\"https:\/\/www.pressalert.ro\/category\/campanii-pressalert\/\">Campanii PRESSALERT<\/a><\/li>\n<li class=\"entry-category\"><a href=\"https:\/\/www.pressalert.ro\/category\/campanii-pressalert\/timisoara-uitata-campanii-pressalert\/\">Timi\u0219oara uitat\u0103<\/a><\/li>\n<\/ul>\n<header>\n<h1 class=\"entry-title\">TIMI\u0218OARA UITAT\u0102 Sorin Titel, scriitorul exmatriculat de comuni\u0219ti din facultate pentru solidarizarea cu Revolu\u021bia din Ungaria<\/h1>\n<div class=\"meta-info\">\n<div class=\"td-post-author-name\">\n<div class=\"td-author-by\">De<\/div>\n<p><a href=\"https:\/\/www.pressalert.ro\/author\/liana-paun\/\">Liana P\u0103un<\/a><\/p>\n<div class=\"td-author-line\"> &#8211; <\/div>\n<\/div>\n<p><span class=\"td-post-date\"><time class=\"entry-date updated td-module-date\" datetime=\"2016-06-26T08:30:03+00:00\">iun. 26, 2016<\/time><\/span><\/p>\n<div class=\"td-post-comments\"><a href=\"https:\/\/www.pressalert.ro\/2016\/06\/timisoara-uitata-sorin-titel-scriitorul-exmatriculat-de-comunisti-din-facultate-pentru-solidarizarea-cu-revolutia-din-ungaria\/#respond\">0<\/a><\/div>\n<\/div>\n<\/header>\n<\/div>\n<div class=\"td-post-sharing td-post-sharing-top td-pb-padding-side\"><span class=\"td-post-share-title\">DISTRIBUI\u021aI<\/span><\/p>\n<div class=\"td-default-sharing \"><a class=\"td-social-sharing-buttons td-social-facebook\" href=\"http:\/\/www.facebook.com\/sharer.php?u=https%3A%2F%2Fwww.pressalert.ro%2F2016%2F06%2Ftimisoara-uitata-sorin-titel-scriitorul-exmatriculat-de-comunisti-din-facultate-pentru-solidarizarea-cu-revolutia-din-ungaria%2F\"><\/p>\n<div class=\"td-social-but-text\">Facebook<\/div>\n<p><\/a><a class=\"td-social-sharing-buttons td-social-twitter\" href=\"https:\/\/twitter.com\/intent\/tweet?text=TIMI%C8%98OARA+UITAT%C4%82+Sorin+Titel%2C+scriitorul+exmatriculat+de+comuni%C8%99ti+din+facultate+pentru+solidarizarea+cu+Revolu%C8%9Bia+din+Ungaria&amp;url=https%3A%2F%2Fwww.pressalert.ro%2F2016%2F06%2Ftimisoara-uitata-sorin-titel-scriitorul-exmatriculat-de-comunisti-din-facultate-pentru-solidarizarea-cu-revolutia-din-ungaria%2F&amp;via=PRESSALERT.ro\"><\/p>\n<div class=\"td-social-but-text\">Twitter<\/div>\n<p><\/a><\/div>\n<\/div>\n<div class=\"td-post-content td-pb-padding-side\">\n<p><img decoding=\"async\" loading=\"lazy\" class=\"size-full wp-image-234529 alignleft\" src=\"http:\/\/www.pressalert.ro\/wp-content\/uploads\/2016\/06\/1.-sorin-titel.jpg\" alt=\"1. sorin titel\" width=\"254\" height=\"338\">Cunoscutul romancier Sorin Titel s-a n\u0103scut \u00een decembrie 1935, \u00een comuna timi\u015fean\u0103 Margina. Tat\u0103l s\u0103u, Iosif Titel, era licen\u0163iat \u00een drept \u015fi notar \u015fi s-a \u00eengrijit s\u0103 dea fiului s\u0103u o educa\u0163ie c\u00e2t mai bun\u0103. Sorin Titel a urmat cursurile preuniversitare la Lugoj \u015fi Caransebe\u015f, iar dup\u0103 absolvirea acestora a fost admis la facultatea de cinematografie din Bucure\u015fti, sec\u0163ia regie.<\/p>\n<p><strong>Exmatriculat pentru solidarizarea cu revolu\u0163ia din Ungaria<\/strong><\/p>\n<p>S-a transferat dup\u0103 primul an la facultatea de filologie, dar a fost exmatriculat \u00een 1956, deoarece se solidarizase cu revolu\u0163ia din Ungaria. Un an mai t\u00e2rziu a reu\u015fit s\u0103 se \u00eenscrie la facultatea din Cluj, \u00eens\u0103 numai pentru o lun\u0103. \u00cen acela\u015fi an a debutat cu schi\u0163a \u201eDrumul\u201d, \u00een revista \u201eT\u00e2n\u0103rul scriitor\u201d, iar \u00een 1963 a publicat primul volum de schi\u0163e, \u201eCopacul\u201d.<\/p>\n<p>Din 1958 a fost, timp de \u015fase ani, profesor suplinitor de limba rom\u00e2n\u0103 la Caransebe\u015f, perioad\u0103 \u00een care \u015fi-a terminat \u015fi studiile superioare, la sec\u0163ia f\u0103r\u0103 frecven\u0163\u0103. Dup\u0103 absolvirea facult\u0103\u0163ii, din 1964 p\u00e2n\u0103 \u00een 1971, a fost redactor la revista timi\u015forean\u0103 \u201eScrisul b\u0103n\u0103\u0163ean\u201d, devenit\u0103 ulterior \u201eOrizont\u201d. \u00cen aceast\u0103 perioad\u0103 a publicat mai multe romane \u015fi a devenit membru al Uniunii Scriitorilor. Ulterior s-a mutat la Bucure\u015fti, devenind redactor la revista \u201eRom\u00e2nia literar\u0103\u201d.<\/p>\n<p><strong>Scriitor reprezentativ al literaturii rom\u00e2ne postbelice<\/strong><\/p>\n<p>A fost un autor prolific, public\u00e2nd mai multe romane, volume de povestiri, nuvele \u015fi eseuri, a realizat scenariul filmului \u201eIarba verde de acas\u0103\u201d, regizat de Stere Gulea, iar editura \u201eMarineasa\u201d i-a publicat, postum, mai multe scenarii cinematografice. Tot postum a ap\u0103rut o biografie a scriitorului scris\u0103 de tat\u0103l s\u0103u \u015fi mai multe eseuri monografice.<\/p>\n<p>Criticii literari au considerat c\u0103 proza sa apar\u0163ine \u201eromanului nou\u201d<img decoding=\"async\" loading=\"lazy\" class=\"size-full wp-image-234531 alignright\" src=\"http:\/\/www.pressalert.ro\/wp-content\/uploads\/2016\/06\/3.-sorin-titel.jpg\" alt=\"3. sorin titel\" width=\"300\" height=\"367\"> care a caracterizat opera scriitorilor \u015faizeci\u015fti \u015fi care se impusese \u00een literatur\u0103 \u00een anii \u00een care Sorin Titel \u015fi-a scris romanele, chiar dac\u0103, \u00een timpul vie\u0163ii, c\u0103r\u0163ile sale au fost oarecum marginalizate, el nefiind printre cei care s-au aflat \u00een prim-planul genera\u0163iei sale.<\/p>\n<p> Ulterior, s-a vorbit de \u201espiritul cehovian\u201d al operei sale dar \u015fi de o apropiere de Kafka.<\/p>\n<p>C\u0103r\u0163ile sale surprind \u015fi evolu\u0163ia sa spiritual\u0103, \u00een ultimele sale romane remarc\u00e2ndu-se \u015fi o tent\u0103 autobiografic\u0103, cu accente nostalgice, legate de \u0163inutul natal. \u00cen ansamblul ei, opera lui Sorin Titel este una reprezentativ\u0103 pentru literatura rom\u00e2n\u0103 contemporan\u0103, mai ales prin originalitatea ei, fiind considerat unul dintre cei mai importan\u0163i scriitori b\u0103n\u0103\u0163eni ai literaturii rom\u00e2ne postbelice. A fost distins cu premiul Asocia\u0163iei Scriitorilor din Bucure\u015fti, premiul Academiei Rom\u00e2ne \u015fi cel al Uniunii Scriitorilor.<\/p>\n<p>O boal\u0103 necru\u0163\u0103toare l-a r\u0103pus prematur \u015fi a \u00eencetat din via\u0163\u0103 \u00een ianuarie 1985, la nici 50 de ani, fiind \u00eenmorm\u00e2ntat la cimitirul Bellu din Bucure\u015fti.<\/p>\n<div id=\"gallery-2\" class=\"gallery galleryid-234528 gallery-columns-4 gallery-size-thumbnail\">\n<figure class=\"gallery-item\">\n<div class=\"gallery-icon portrait\"><a href=\"https:\/\/www.pressalert.ro\/wp-content\/uploads\/2016\/06\/1.-sorin-titel.jpg\"><img decoding=\"async\" loading=\"lazy\" width=\"254\" height=\"300\" src=\"https:\/\/www.pressalert.ro\/wp-content\/uploads\/2016\/06\/1.-sorin-titel-254x300.jpg\" class=\"attachment-thumbnail size-thumbnail\" alt><\/a><\/div>\n<\/figure>\n<figure class=\"gallery-item\">\n<div class=\"gallery-icon portrait\"><a href=\"https:\/\/www.pressalert.ro\/wp-content\/uploads\/2016\/06\/2.-sorin-titel.jpg\"><img decoding=\"async\" loading=\"lazy\" width=\"170\" height=\"282\" src=\"https:\/\/www.pressalert.ro\/wp-content\/uploads\/2016\/06\/2.-sorin-titel.jpg\" class=\"attachment-thumbnail size-thumbnail\" alt><\/a><\/div>\n<\/figure>\n<figure class=\"gallery-item\">\n<div class=\"gallery-icon portrait\"><a href=\"https:\/\/www.pressalert.ro\/wp-content\/uploads\/2016\/06\/3.-sorin-titel.jpg\"><img decoding=\"async\" loading=\"lazy\" width=\"300\" height=\"300\" src=\"https:\/\/www.pressalert.ro\/wp-content\/uploads\/2016\/06\/3.-sorin-titel-300x300.jpg\" class=\"attachment-thumbnail size-thumbnail\" alt><\/a><\/div>\n<\/figure>\n<figure class=\"gallery-item\">\n<div class=\"gallery-icon portrait\"><a href=\"https:\/\/www.pressalert.ro\/wp-content\/uploads\/2016\/06\/4.-sorin-titel.jpg\"><img decoding=\"async\" loading=\"lazy\" width=\"187\" height=\"300\" src=\"https:\/\/www.pressalert.ro\/wp-content\/uploads\/2016\/06\/4.-sorin-titel-187x300.jpg\" class=\"attachment-thumbnail size-thumbnail\" alt><\/a><\/div>\n<\/figure>\n<\/div>\n<p>Surse foto: costintuchila.files.woedpress.com, negrupealb.ning.com<\/p>\n<\/div>\n<footer>\n<div class=\"td-post-source-tags td-pb-padding-side\">\n<ul class=\"td-tags td-post-small-box clearfix\">\n<li><span>ETICHETE<\/span><\/li>\n<li><a href=\"https:\/\/www.pressalert.ro\/tag\/margina\/\">margina<\/a><\/li>\n<li><a href=\"https:\/\/www.pressalert.ro\/tag\/opera\/\">opera<\/a><\/li>\n<li><a href=\"https:\/\/www.pressalert.ro\/tag\/scriitor\/\">scriitor<\/a><\/li>\n<li><a href=\"https:\/\/www.pressalert.ro\/tag\/sorin-titel\/\">sorin titel<\/a><\/li>\n<li><a href=\"https:\/\/www.pressalert.ro\/tag\/studii\/\">studii<\/a><\/li>\n<li><a href=\"https:\/\/www.pressalert.ro\/tag\/timisoara-uitata\/\">timisoara uitata<\/a><\/li>\n<\/ul>\n<\/div>\n<div class=\"td-post-sharing td-post-sharing-bottom td-pb-padding-side\"><span class=\"td-post-share-title\">DISTRIBUI\u021aI<\/span><\/p>\n<div class=\"td-default-sharing \"><a class=\"td-social-sharing-buttons td-social-facebook\" href=\"http:\/\/www.facebook.com\/sharer.php?u=https%3A%2F%2Fwww.pressalert.ro%2F2016%2F06%2Ftimisoara-uitata-sorin-titel-scriitorul-exmatriculat-de-comunisti-din-facultate-pentru-solidarizarea-cu-revolutia-din-ungaria%2F\"><\/p>\n<div class=\"td-social-but-text\">Facebook<\/div>\n<p><\/a><a class=\"td-social-sharing-buttons td-social-twitter\" href=\"https:\/\/twitter.com\/intent\/tweet?text=TIMI%C8%98OARA+UITAT%C4%82+Sorin+Titel%2C+scriitorul+exmatriculat+de+comuni%C8%99ti+din+facultate+pentru+solidarizarea+cu+Revolu%C8%9Bia+din+Ungaria&amp;url=https%3A%2F%2Fwww.pressalert.ro%2F2016%2F06%2Ftimisoara-uitata-sorin-titel-scriitorul-exmatriculat-de-comunisti-din-facultate-pentru-solidarizarea-cu-revolutia-din-ungaria%2F&amp;via=PRESSALERT.ro\"><\/p>\n<div class=\"td-social-but-text\">Twitter<\/div>\n<p><\/a><\/div>\n<\/div>\n<div class=\"td-block-row td-post-next-prev\">\n<div class=\"td-block-span6 td-post-prev-post\">\n<div class=\"td-post-next-prev-content\"><span>Articolul precedent<\/span><a href=\"https:\/\/www.pressalert.ro\/2016\/06\/ripensia-promovare-lupeni-liga-3\/\">FORMALITATE Ripensia Timi\u0219oara a promovat la pas \u00een Liga a III-a. Reac\u021bia tehnicianului Remus Steop dup\u0103 returul barajului cu Hercules Lupeni<\/a><\/div>\n<\/div>\n<div class=\"td-block-span6 td-post-next-post\">\n<div class=\"td-post-next-prev-content\"><span>Articolul urm\u0103tor<\/span><a href=\"https:\/\/www.pressalert.ro\/2016\/06\/ilie-stepan-si-horea-crisovan-au-cantat-cadrul-medalionului-eduard-pamfil-foto\/\">Ilie Stepan \u015fi Horea Cri\u015fovan au c\u00e2ntat \u00een cadrul \u201emedalionului Eduard Pamfil\u201d FOTO<\/a><\/div>\n<\/div>\n<\/div>\n<div class=\"author-box-wrap\"><a href=\"https:\/\/www.pressalert.ro\/author\/liana-paun\/\"><img decoding=\"async\" alt src=\"https:\/\/secure.gravatar.com\/avatar\/e237afe71dbb475f2bb6dffeb603d703?s=96&amp;d=mm&amp;r=g\" class=\"avatar avatar-96 photo\" height=\"96\" width=\"96\" loading=\"lazy\"><\/a><\/p>\n<div class=\"desc\">\n<div class=\"td-author-name vcard author\"><span class=\"fn\"><a href=\"https:\/\/www.pressalert.ro\/author\/liana-paun\/\">Liana P\u0103un<\/a><\/span><\/div>\n<div class=\"td-author-url\"><a href=\"http:\/\/www.pressalert.ro\">http:\/\/www.pressalert.ro<\/a><\/div>\n<\/div>\n<\/div>\n<p><span><\/span><span><span><\/span><\/span><span><\/span><\/footer>\n<\/article>\n<p> Source URL: https:\/\/www.pressalert.ro\/2016\/06\/timisoara-uitata-sorin-titel-scriitorul-exmatriculat-de-comunisti-din-facultate-pentru-solidarizarea-cu-revolutia-din-ungaria\/<\/p>\n","protected":false},"excerpt":{"rendered":"<p>Acas\u0103Campanii PRESSALERTTIMI\u0218OARA UITAT\u0102 Sorin Titel, scriitorul exmatriculat de comuni\u0219ti din facultate pentru solidarizarea&#8230; Campanii PRESSALERT Timi\u0219oara uitat\u0103 TIMI\u0218OARA UITAT\u0102 Sorin Titel, scriitorul exmatriculat de comuni\u0219ti din facultate pentru solidarizarea cu Revolu\u021bia din Ungaria De Liana P\u0103un &#8211; iun. 26, 2016 0 DISTRIBUI\u021aI Facebook Twitter Cunoscutul romancier Sorin Titel s-a n\u0103scut \u00een decembrie 1935, \u00een comuna [&hellip;]<\/p>\n","protected":false},"author":1,"featured_media":0,"comment_status":"open","ping_status":"","sticky":false,"template":"","format":"standard","meta":{"footnotes":""},"categories":[89],"tags":[176],"class_list":["post-1234671","post","type-post","status-publish","format-standard","hentry","category-romania","tag-pressalert-ro"],"_links":{"self":[{"href":"https:\/\/analyse.optim.biz\/index.php?rest_route=\/wp\/v2\/posts\/1234671","targetHints":{"allow":["GET"]}}],"collection":[{"href":"https:\/\/analyse.optim.biz\/index.php?rest_route=\/wp\/v2\/posts"}],"about":[{"href":"https:\/\/analyse.optim.biz\/index.php?rest_route=\/wp\/v2\/types\/post"}],"author":[{"embeddable":true,"href":"https:\/\/analyse.optim.biz\/index.php?rest_route=\/wp\/v2\/users\/1"}],"replies":[{"embeddable":true,"href":"https:\/\/analyse.optim.biz\/index.php?rest_route=%2Fwp%2Fv2%2Fcomments&post=1234671"}],"version-history":[{"count":0,"href":"https:\/\/analyse.optim.biz\/index.php?rest_route=\/wp\/v2\/posts\/1234671\/revisions"}],"wp:attachment":[{"href":"https:\/\/analyse.optim.biz\/index.php?rest_route=%2Fwp%2Fv2%2Fmedia&parent=1234671"}],"wp:term":[{"taxonomy":"category","embeddable":true,"href":"https:\/\/analyse.optim.biz\/index.php?rest_route=%2Fwp%2Fv2%2Fcategories&post=1234671"},{"taxonomy":"post_tag","embeddable":true,"href":"https:\/\/analyse.optim.biz\/index.php?rest_route=%2Fwp%2Fv2%2Ftags&post=1234671"}],"curies":[{"name":"wp","href":"https:\/\/api.w.org\/{rel}","templated":true}]}}